{"id":1512097,"date":"2022-10-25T12:58:34","date_gmt":"2022-10-25T10:58:34","guid":{"rendered":"https:\/\/www.varesenews.it\/?p=1512097"},"modified":"2022-10-25T12:58:34","modified_gmt":"2022-10-25T10:58:34","slug":"la-nuova-piazza-mercato-cuveglio-arrivera-lestate","status":"publish","type":"post","link":"https:\/\/staging.varesenews.it\/2022\/10\/la-nuova-piazza-mercato-cuveglio-arrivera-lestate\/1512097\/","title":{"rendered":"La nuova \u201cpiazza Mercato\u201d di Cuveglio arriver\u00e0 con l\u2019estate"},"content":{"rendered":"<p>\u00ab<strong>Far evolvere uno spazio, che attualmente \u00e8 un \u201cnon luogo\u201c<\/strong>, per trasformarlo in uno spazio flessibile, attraente e stimolante. Questa sar\u00e0 la nuova piazza del paese\u00bb. Lo ha spiegato il sindaco di <strong>Cuveglio<\/strong> <strong>Francesco Paglia<\/strong> durante la presentazione della nuova <strong>piazza Mercato<\/strong>, quel grande slargo che si incontra all\u2019incrocio fra la provinciale che arriva da Cuvio e la statale 394, all\u2019altezza dei semafori.<br \/>\n<strong>Nel 2020, con la nuova maggioranza, l\u2019idea della sistemazione \u00e8 stata una delle prime iniziative lanciate alla cittadinanza<\/strong> per capire come avrebbero visto i cittadini il progetto di ridefinizione di questo ampio parcheggio.<br \/>\n<strong>Indicazioni finite in un \u201cmetaprogetto\u201d<\/strong> rimasto fermo fino al 2021 quando Regione Lombardia emise un bando di riqualificazione urbana a cui il comune di Cuveglio ha aderito. Cos\u00ec marted\u00ec 25 ottobre \u00e8 stata presentata la nuova piazza di Cuveglio: come sar\u00e0 e come \u00e8 stata concepita.<\/p>\n<p><iframe loading=\"lazy\" title=\"YouTube video player\" src=\"https:\/\/www.youtube.com\/embed\/7kDA2jtB-64\" width=\"600\" height=\"330\" frameborder=\"0\" allowfullscreen=\"allowfullscreen\"><span data-mce-type=\"bookmark\" style=\"display: inline-block; width: 0px; overflow: hidden; line-height: 0;\" class=\"mce_SELRES_start\">\ufeff<\/span><\/iframe><\/p>\n<p><strong>L&#8217;IDEA E L&#8217;ITER &#8211; Spiega <\/strong>il sindaco Francesco<strong> Paglia<\/strong>: \u00abL\u2019<strong>obiettivo ora \u00e8 informare su ci\u00f2 che si prefigge il progetto<\/strong> sia sul piano formale, sia sul piano tecnico, ma soprattutto sui riflessi che avr\u00e0 dal punto di vista della vita dei cittadini. Oggi siamo qui con Digit, la societ\u00e0 che ha sviluppato il progetto, per illustrare tutti questi aspetti\u00bb.<br \/>\n<strong>Ci sono voluti 8 mesi per avere una risposta da Regione Lombardia, spiega il sindaco<\/strong>, \u00abpoi abbiamo aperto un dibattito con la popolazione: una prima ipotesi era quella di realizzare un piano interrato per 20 posti auto, ma non \u00e8 risultato un percorso fattibile, non \u00e8 stato gradito. Eppure uno degli elementi di forza stava proprio nell&#8217;idea di creare nuovi posti auto fruibili in concomitanza col mercato, e vi abbiamo difatti dato seguito, con una soluzione diversa. Un\u2019altra criticit\u00e0 era costituita dall\u2019abbattimento dei tigli presenti sulla piazza e che &#8211; voglio specificarlo &#8211; , era la proposta di alcuni cittadini\u00bb, aggiunge Paglia.<\/p>\n<p><strong>LE ACQUE &#8211; Il progetto ha un valore di 800 mila euro<\/strong> di cui 300 mila a carico del Comune e 500 mila euro da Regione Lombardia. Grande attenzione al concetto di <strong>&#8220;invarianza idraulica\u201d<\/strong>: \u00e8 prevista la totale permeabilit\u00e0 della piazza (2 mila metri quadrati che disperderanno in 48 ore oltre 150 metri cubi d\u2019acqua accumulata) <strong>per evitare problemi di dissesto idrogeologico e allagamenti<\/strong>.<\/p>\n<p><strong>LE AUTO &#8211;<\/strong> I <strong>posti auto passano dai 50 attuali a 64<\/strong> (44 nella piazza e 20 in spazi ricavati nelle vicinanze cos\u00ec da poter venir utilizzati anche nei giorni di mercato) con colonnine per la ricarica delle auto e cicli, e ci sar\u00e0 un nuovo impianto di illuminazione.\u00a0L\u2019acqua meteorica raccolta dalla piazza verr\u00e0 impiegata per il lavaggio della pizza e l\u2019irrigazione nei periodi siccitosi.<\/p>\n<p><strong>GLI ALBERI &#8211;<\/strong> <a href=\"https:\/\/www.varesenews.it\/2022\/10\/nuova-piazza-italia-nostra-scrive-al-sindaco-cuveglio\/1508435\/\">E i cinque tigli per i quali sono state raccolte migliaia di firme?<\/a> \u00abVorrei essere chiaro: non ci risulta esista alcun comitato, le firme non ci risulta siano state raccolte in maniera corretta. Recepiamo il problema, ma l\u2019ultimo progetto non prevede il taglio di tutti gli alberi, ma solo dei 5 tigli verso la fermata dell\u2019autobus. Le piante verranno sostituite con altri togli alto gi\u00e0 4 metri. Verranno invece mantenuti gli altri tigli presenti sulla pizza\u00bb, ha aggiunto Paglia.<\/p>\n<p><strong>NUOVO NOME &#8211;<\/strong> La piazza probabilmente avr\u00e0 un nome diverso da quello &#8211; informale, appunto \u201cPiazza Mercato\u201d &#8211; di oggi, e potrebbe venir deciso con una sorta di consultazione popolare che seguir\u00e0 una serie di incontri conoscitivi con la popolazione. Nella pratica il progetto prevede diversi tipi di pavimentazioni drenanti e alcuni gradoni che consentiranno alle persone di sedersi e condividere momenti di socialit\u00e0, oltre ad una pergola con tavoli che verranno posizionati al centro della pizza per consentire ai cittadini di sostare e chiacchierare. Nella giornata di mercato sar\u00e0 possibile accedere alla pizza attraverso il posizionamento di colonnine \u201cpilomat\u201d telecomandate cos\u00ec da poter rendere gli spazi pi\u00f9 fruibili.<\/p>\n<p><strong>QUANDO &#8211;<\/strong> L\u2019intervento durer\u00e0 circa 4 mesi, dopo la realizzazione dei 20 parcheggi a 70 metri dalla piazza. La nuova pizza potrebbe arrivare gi\u00e0 nella prossima estate 2023, con lavori che potrebbero partire gi\u00e0 a dicembre. Durante i lavori il mercato di Cuveglio verr\u00e0 spostato nella pizza antistante il municipio.<\/p>\n","protected":false},"excerpt":{"rendered":"<p>Nuovo nome, aumento dei posti auto e recupero delle acque. Lavori finiti in pochi mesi con passaggi pedonali e pi\u00f9 alberi, anche se i 5 tigli verranno abbattuti<\/p>\n","protected":false},"author":34,"featured_media":0,"comment_status":"open","ping_status":"open","sticky":false,"template":"","format":"standard","meta":{"footnotes":""},"categories":[2],"tags":[125194],"acf":[],"yoast_head":"<!-- This site is optimized with the Yoast SEO plugin v20.1 - https:\/\/yoast.com\/wordpress\/plugins\/seo\/ -->\n<title>La nuova \u201cpiazza Mercato\u201d di Cuveglio arriver\u00e0 con l\u2019estate<\/title>\n<meta name=\"description\" content=\"Nuovo nome, aumento dei posti auto e recupero delle acque. Lavori finiti in pochi mesi con passaggi pedonali e pi\u00f9 alberi, anche se i 5 tigli verranno abbattuti\" \/>\n<meta name=\"robots\" content=\"noindex, follow, max-snippet:-1, max-image-preview:large, max-video-preview:-1\" \/>\n<meta property=\"og:locale\" content=\"it_IT\" \/>\n<meta property=\"og:type\" content=\"article\" \/>\n<meta property=\"og:title\" content=\"La nuova \u201cpiazza Mercato\u201d di Cuveglio arriver\u00e0 con l\u2019estate\" \/>\n<meta property=\"og:description\" content=\"Nuovo nome, aumento dei posti auto e recupero delle acque. Lavori finiti in pochi mesi con passaggi pedonali e pi\u00f9 alberi, anche se i 5 tigli verranno abbattuti\" \/>\n<meta property=\"og:url\" content=\"https:\/\/www.varesenews.it\/2022\/10\/la-nuova-piazza-mercato-cuveglio-arrivera-lestate\/1512097\/\" \/>\n<meta property=\"og:site_name\" content=\"VareseNews\" \/>\n<meta property=\"article:publisher\" content=\"https:\/\/www.facebook.com\/varesenews\" \/>\n<meta property=\"article:author\" content=\"https:\/\/www.facebook.com\/andrea.camurani?fref=photo\" \/>\n<meta property=\"article:published_time\" content=\"2022-10-25T10:58:34+00:00\" \/>\n<meta name=\"author\" content=\"Andrea Camurani\" \/>\n<meta name=\"twitter:card\" content=\"summary_large_image\" \/>\n<meta name=\"twitter:creator\" content=\"@AndreaCamurani\" \/>\n<meta name=\"twitter:site\" content=\"@varesenews\" \/>\n<meta name=\"twitter:label1\" content=\"Scritto da\" \/>\n\t<meta name=\"twitter:data1\" content=\"Andrea Camurani\" \/>\n\t<meta name=\"twitter:label2\" content=\"Tempo di lettura stimato\" \/>\n\t<meta name=\"twitter:data2\" content=\"3 minuti\" \/>\n<script type=\"application\/ld+json\" class=\"yoast-schema-graph\">{\"@context\":\"https:\/\/schema.org\",\"@graph\":[{\"@type\":\"WebPage\",\"@id\":\"https:\/\/www.varesenews.it\/2022\/10\/la-nuova-piazza-mercato-cuveglio-arrivera-lestate\/1512097\/\",\"url\":\"https:\/\/www.varesenews.it\/2022\/10\/la-nuova-piazza-mercato-cuveglio-arrivera-lestate\/1512097\/\",\"name\":\"La nuova \u201cpiazza Mercato\u201d di Cuveglio arriver\u00e0 con l\u2019estate\",\"isPartOf\":{\"@id\":\"https:\/\/staging.varesenews.it\/#website\"},\"datePublished\":\"2022-10-25T10:58:34+00:00\",\"dateModified\":\"2022-10-25T10:58:34+00:00\",\"author\":{\"@id\":\"https:\/\/staging.varesenews.it\/#\/schema\/person\/3eb5832c6beae763de8d9596fdbe8c49\"},\"description\":\"Nuovo nome, aumento dei posti auto e recupero delle acque. Lavori finiti in pochi mesi con passaggi pedonali e pi\u00f9 alberi, anche se i 5 tigli verranno abbattuti\",\"breadcrumb\":{\"@id\":\"https:\/\/www.varesenews.it\/2022\/10\/la-nuova-piazza-mercato-cuveglio-arrivera-lestate\/1512097\/#breadcrumb\"},\"inLanguage\":\"it-IT\",\"potentialAction\":[{\"@type\":\"ReadAction\",\"target\":[\"https:\/\/www.varesenews.it\/2022\/10\/la-nuova-piazza-mercato-cuveglio-arrivera-lestate\/1512097\/\"]}]},{\"@type\":\"BreadcrumbList\",\"@id\":\"https:\/\/www.varesenews.it\/2022\/10\/la-nuova-piazza-mercato-cuveglio-arrivera-lestate\/1512097\/#breadcrumb\",\"itemListElement\":[{\"@type\":\"ListItem\",\"position\":1,\"name\":\"Home\",\"item\":\"https:\/\/www.varesenews.it\/\"},{\"@type\":\"ListItem\",\"position\":2,\"name\":\"La nuova \u201cpiazza Mercato\u201d di Cuveglio arriver\u00e0 con l\u2019estate\"}]},{\"@type\":\"WebSite\",\"@id\":\"https:\/\/staging.varesenews.it\/#website\",\"url\":\"https:\/\/staging.varesenews.it\/\",\"name\":\"VareseNews\",\"description\":\"\",\"potentialAction\":[{\"@type\":\"SearchAction\",\"target\":{\"@type\":\"EntryPoint\",\"urlTemplate\":\"https:\/\/staging.varesenews.it\/?s={search_term_string}\"},\"query-input\":\"required name=search_term_string\"}],\"inLanguage\":\"it-IT\"},{\"@type\":\"Person\",\"@id\":\"https:\/\/staging.varesenews.it\/#\/schema\/person\/3eb5832c6beae763de8d9596fdbe8c49\",\"name\":\"Andrea Camurani\",\"image\":{\"@type\":\"ImageObject\",\"inLanguage\":\"it-IT\",\"@id\":\"https:\/\/staging.varesenews.it\/#\/schema\/person\/image\/\",\"url\":\"https:\/\/staging.varesenews.it\/wp-content\/uploads\/2020\/12\/andrea_camurani_colori_500.jpg\",\"contentUrl\":\"https:\/\/staging.varesenews.it\/wp-content\/uploads\/2020\/12\/andrea_camurani_colori_500.jpg\",\"caption\":\"Andrea Camurani\"},\"description\":\"Sono figlio degli anni Settanta e di Milano, dove ho imparato a riconoscere buoni e cattivi. Laurea in scienze politiche, lavoro a VareseNews dal 2000. Racconto quel che trovo quando incontro chi vuole lasciare al mondo un pezzetto di vita, che si chiama cronaca. &ldquo;...perch&eacute; &egrave; la gente il pi&ugrave; grande spettacolo del mondo. E non si paga il biglietto...&rdquo; (Charles Bukowsky)\",\"sameAs\":[\"https:\/\/www.facebook.com\/andrea.camurani?fref=photo\",\"andreacamurani\",\"https:\/\/www.linkedin.com\/hp\/?dnr=A9a84RfzsLdo9xg4NcGV4dLiMknoc9ms4WM\",\"https:\/\/twitter.com\/AndreaCamurani\"],\"url\":\"https:\/\/staging.varesenews.it\/persona\/andrea_camurani\/\"}]}<\/script>\n<!-- \/ Yoast SEO plugin. -->","yoast_head_json":{"title":"La nuova \u201cpiazza Mercato\u201d di Cuveglio arriver\u00e0 con l\u2019estate","description":"Nuovo nome, aumento dei posti auto e recupero delle acque. Lavori finiti in pochi mesi con passaggi pedonali e pi\u00f9 alberi, anche se i 5 tigli verranno abbattuti","robots":{"index":"noindex","follow":"follow","max-snippet":"max-snippet:-1","max-image-preview":"max-image-preview:large","max-video-preview":"max-video-preview:-1"},"og_locale":"it_IT","og_type":"article","og_title":"La nuova \u201cpiazza Mercato\u201d di Cuveglio arriver\u00e0 con l\u2019estate","og_description":"Nuovo nome, aumento dei posti auto e recupero delle acque. Lavori finiti in pochi mesi con passaggi pedonali e pi\u00f9 alberi, anche se i 5 tigli verranno abbattuti","og_url":"https:\/\/www.varesenews.it\/2022\/10\/la-nuova-piazza-mercato-cuveglio-arrivera-lestate\/1512097\/","og_site_name":"VareseNews","article_publisher":"https:\/\/www.facebook.com\/varesenews","article_author":"https:\/\/www.facebook.com\/andrea.camurani?fref=photo","article_published_time":"2022-10-25T10:58:34+00:00","author":"Andrea Camurani","twitter_card":"summary_large_image","twitter_creator":"@AndreaCamurani","twitter_site":"@varesenews","twitter_misc":{"Scritto da":"Andrea Camurani","Tempo di lettura stimato":"3 minuti"},"schema":{"@context":"https:\/\/schema.org","@graph":[{"@type":"WebPage","@id":"https:\/\/www.varesenews.it\/2022\/10\/la-nuova-piazza-mercato-cuveglio-arrivera-lestate\/1512097\/","url":"https:\/\/www.varesenews.it\/2022\/10\/la-nuova-piazza-mercato-cuveglio-arrivera-lestate\/1512097\/","name":"La nuova \u201cpiazza Mercato\u201d di Cuveglio arriver\u00e0 con l\u2019estate","isPartOf":{"@id":"https:\/\/staging.varesenews.it\/#website"},"datePublished":"2022-10-25T10:58:34+00:00","dateModified":"2022-10-25T10:58:34+00:00","author":{"@id":"https:\/\/staging.varesenews.it\/#\/schema\/person\/3eb5832c6beae763de8d9596fdbe8c49"},"description":"Nuovo nome, aumento dei posti auto e recupero delle acque. Lavori finiti in pochi mesi con passaggi pedonali e pi\u00f9 alberi, anche se i 5 tigli verranno abbattuti","breadcrumb":{"@id":"https:\/\/www.varesenews.it\/2022\/10\/la-nuova-piazza-mercato-cuveglio-arrivera-lestate\/1512097\/#breadcrumb"},"inLanguage":"it-IT","potentialAction":[{"@type":"ReadAction","target":["https:\/\/www.varesenews.it\/2022\/10\/la-nuova-piazza-mercato-cuveglio-arrivera-lestate\/1512097\/"]}]},{"@type":"BreadcrumbList","@id":"https:\/\/www.varesenews.it\/2022\/10\/la-nuova-piazza-mercato-cuveglio-arrivera-lestate\/1512097\/#breadcrumb","itemListElement":[{"@type":"ListItem","position":1,"name":"Home","item":"https:\/\/www.varesenews.it\/"},{"@type":"ListItem","position":2,"name":"La nuova \u201cpiazza Mercato\u201d di Cuveglio arriver\u00e0 con l\u2019estate"}]},{"@type":"WebSite","@id":"https:\/\/staging.varesenews.it\/#website","url":"https:\/\/staging.varesenews.it\/","name":"VareseNews","description":"","potentialAction":[{"@type":"SearchAction","target":{"@type":"EntryPoint","urlTemplate":"https:\/\/staging.varesenews.it\/?s={search_term_string}"},"query-input":"required name=search_term_string"}],"inLanguage":"it-IT"},{"@type":"Person","@id":"https:\/\/staging.varesenews.it\/#\/schema\/person\/3eb5832c6beae763de8d9596fdbe8c49","name":"Andrea Camurani","image":{"@type":"ImageObject","inLanguage":"it-IT","@id":"https:\/\/staging.varesenews.it\/#\/schema\/person\/image\/","url":"https:\/\/staging.varesenews.it\/wp-content\/uploads\/2020\/12\/andrea_camurani_colori_500.jpg","contentUrl":"https:\/\/staging.varesenews.it\/wp-content\/uploads\/2020\/12\/andrea_camurani_colori_500.jpg","caption":"Andrea Camurani"},"description":"Sono figlio degli anni Settanta e di Milano, dove ho imparato a riconoscere buoni e cattivi. Laurea in scienze politiche, lavoro a VareseNews dal 2000. Racconto quel che trovo quando incontro chi vuole lasciare al mondo un pezzetto di vita, che si chiama cronaca. &ldquo;...perch&eacute; &egrave; la gente il pi&ugrave; grande spettacolo del mondo. E non si paga il biglietto...&rdquo; (Charles Bukowsky)","sameAs":["https:\/\/www.facebook.com\/andrea.camurani?fref=photo","andreacamurani","https:\/\/www.linkedin.com\/hp\/?dnr=A9a84RfzsLdo9xg4NcGV4dLiMknoc9ms4WM","https:\/\/twitter.com\/AndreaCamurani"],"url":"https:\/\/staging.varesenews.it\/persona\/andrea_camurani\/"}]}},"post_meta":{"content-image-gallery":"","_edit_lock":"1666695378:34","_edit_last":"34","_category_permalink":"a:1:{s:8:\"category\";s:0:\"\";}","foto":"1347205","id_leggi_anche":"1475986,1467174,1465480,1456132,1435073,1517279","id_link_fotogallery":"1512093","_yoast_wpseo_focuskw_text_input":"piazza mercato cuveglio","_yoast_wpseo_focuskw":"piazza mercato cuveglio","_yoast_wpseo_linkdex":"61","_yoast_wpseo_content_score":"30","_jd_tweet_this":"yes","_encloseme":"1","ratings_users":"0","ratings_score":"0","ratings_average":"0","argomento":"Cuveglio","_wpt_short_url":"https:\/\/www.varesenews.it\/2022\/10\/la-nuova-piazza-mercato-cuveglio-arrivera-lestate\/1512097\/","_wp_jd_target":"https:\/\/www.varesenews.it\/2022\/10\/la-nuova-piazza-mercato-cuveglio-arrivera-lestate\/1512097\/","_jd_wp_twitter":"a:1:{i:0;s:160:\"La nuova \u201cpiazza Mercato\u201d di Cuveglio arriver\u00e0 con l\u2019estate https:\/\/www.varesenews.it\/2022\/10\/la-nuova-piazza-mercato-cuveglio-arrivera-lestate\/1512097\/ \";}","_wpt_status_message":"Tweet inviato con successo."},"photos":[{"original":"https:\/\/staging.varesenews.it\/photogallery_new\/images\/2022\/10\/caricamento-temporaneo-per-contributo-1666693165sd0tj3m7iqz7fyes-1347205.jpg","full":"https:\/\/staging.varesenews.it\/photogallery_new\/images\/2022\/10\/caricamento-temporaneo-per-contributo-1666693165sd0tj3m7iqz7fyes-1347205.1024x768.jpg","large":"https:\/\/staging.varesenews.it\/photogallery_new\/images\/2022\/10\/caricamento-temporaneo-per-contributo-1666693165sd0tj3m7iqz7fyes-1347205.610x431.jpg"}],"_links":{"self":[{"href":"https:\/\/staging.varesenews.it\/swgapi\/v1\/wp\/v2\/posts\/1512097"}],"collection":[{"href":"https:\/\/staging.varesenews.it\/swgapi\/v1\/wp\/v2\/posts"}],"about":[{"href":"https:\/\/staging.varesenews.it\/swgapi\/v1\/wp\/v2\/types\/post"}],"author":[{"embeddable":true,"href":"https:\/\/staging.varesenews.it\/swgapi\/v1\/wp\/v2\/users\/34"}],"replies":[{"embeddable":true,"href":"https:\/\/staging.varesenews.it\/swgapi\/v1\/wp\/v2\/comments?post=1512097"}],"version-history":[{"count":0,"href":"https:\/\/staging.varesenews.it\/swgapi\/v1\/wp\/v2\/posts\/1512097\/revisions"}],"wp:attachment":[{"href":"https:\/\/staging.varesenews.it\/swgapi\/v1\/wp\/v2\/media?parent=1512097"}],"wp:term":[{"taxonomy":"category","embeddable":true,"href":"https:\/\/staging.varesenews.it\/swgapi\/v1\/wp\/v2\/categories?post=1512097"},{"taxonomy":"post_tag","embeddable":true,"href":"https:\/\/staging.varesenews.it\/swgapi\/v1\/wp\/v2\/tags?post=1512097"}],"curies":[{"name":"wp","href":"https:\/\/api.w.org\/{rel}","templated":true}]}}