{"id":1515121,"date":"2022-11-03T09:38:25","date_gmt":"2022-11-03T08:38:25","guid":{"rendered":"https:\/\/www.varesenews.it\/?p=1515121"},"modified":"2022-11-03T10:38:32","modified_gmt":"2022-11-03T09:38:32","slug":"1972-debuttano-gli-steely-dan","status":"publish","type":"post","link":"https:\/\/staging.varesenews.it\/2022\/11\/1972-debuttano-gli-steely-dan\/1515121\/","title":{"rendered":"1972: debuttano gli Steely Dan"},"content":{"rendered":"<p>E nel novembre 1972 debutta su disco una band formidabile, che godr\u00e0 di un seguito e di un successo che durano tuttora, nonostante la scomparsa nel 2017 di Becker. Gli Steely Dan sono il gruppo del tastierista Donald Fagen e del bassista Walter Becker, partiti da New York ma approdati a Los Angeles per iniziare la loro carriera che piano piano, come vedremo, li vedr\u00e0 diventare un open group con i due come unici membri fissi. In questa primissima formazione c\u2019\u00e8 addirittura un cantante, David Palmer, che si alterna con Fagen dato che quest\u2019ultimo era restio a cantare dal vivo: durer\u00e0 solo per un disco visto che riuscirono poi a convincerlo che era pi\u00f9 che capace. La musica \u00e8 eseguita con tale perizia da non far credere si tratti di un debutto, e parlando di genere musicale (coi soliti limiti) non sbaglia forse chi parla di soft rock: anche se qui e l\u00e0 si vedono interessanti spunti jazz, sar\u00e0 coi dischi successivi che la fusione tra i due generi prender\u00e0 forma pi\u00f9 compiuta. Ma \u00e8 comunque un ottimo disco e contiene un paio di hit da primi posti in classifica che permisero ai due di proseguire tranquillamente.<\/p>\n<p><strong>Curiosit\u00e0:<\/strong> con un titolo che dice che non si compra un\u2019emozione &#8211; \u00e8 preso da una famosa canzone di Dylan &#8211; si accorda bene in copertina una foto di prostitute in fila in un quartiere a luci rosse, che pare sia stata scatta a Rouen. Sebbene del tutto casta visivamente, nella Spagna franchista non fu gradita e sostituita da una foto del gruppo: dato che c\u2019erano, tolsero anche Dirty work che parla di adulterio.<\/p>\n<div class=\"responsive-video\"><iframe loading=\"lazy\" width=\"500\" height=\"281\" src=\"https:\/\/www.youtube.com\/embed\/videoseries?list=OLAK5uy_lJtzWulWcVEVGLTLpXxmZw6kE3pHlyGoc\" frameborder=\"0\" allow=\"accelerometer; autoplay; clipboard-write; encrypted-media; gyroscope; picture-in-picture\" allowfullscreen><\/iframe><\/div>\n","protected":false},"excerpt":{"rendered":"<p>Saranno un gruppo di grande successo per decenni.<\/p>\n","protected":false},"author":32,"featured_media":0,"comment_status":"open","ping_status":"open","sticky":false,"template":"","format":"standard","meta":{"footnotes":""},"categories":[9,20],"tags":[97049],"acf":[],"yoast_head":"<!-- This site is optimized with the Yoast SEO plugin v20.1 - https:\/\/yoast.com\/wordpress\/plugins\/seo\/ -->\n<title>1972: debuttano gli Steely Dan<\/title>\n<meta name=\"description\" content=\"Saranno un gruppo di grande successo per decenni.\" \/>\n<meta name=\"robots\" content=\"noindex, follow, max-snippet:-1, max-image-preview:large, max-video-preview:-1\" \/>\n<meta property=\"og:locale\" content=\"it_IT\" \/>\n<meta property=\"og:type\" content=\"article\" \/>\n<meta property=\"og:title\" content=\"1972: debuttano gli Steely Dan\" \/>\n<meta property=\"og:description\" content=\"Saranno un gruppo di grande successo per decenni.\" \/>\n<meta property=\"og:url\" content=\"https:\/\/staging.varesenews.it\/2022\/11\/1972-debuttano-gli-steely-dan\/1515121\/\" \/>\n<meta property=\"og:site_name\" content=\"VareseNews\" \/>\n<meta property=\"article:publisher\" content=\"https:\/\/www.facebook.com\/varesenews\" \/>\n<meta property=\"article:published_time\" content=\"2022-11-03T08:38:25+00:00\" \/>\n<meta property=\"article:modified_time\" content=\"2022-11-03T09:38:32+00:00\" \/>\n<meta name=\"author\" content=\"Adelia Brigo\" \/>\n<meta name=\"twitter:card\" content=\"summary_large_image\" \/>\n<meta name=\"twitter:creator\" content=\"@AdeliaBrigo\" \/>\n<meta name=\"twitter:site\" content=\"@varesenews\" \/>\n<meta name=\"twitter:label1\" content=\"Scritto da\" \/>\n\t<meta name=\"twitter:data1\" content=\"Adelia Brigo\" \/>\n\t<meta name=\"twitter:label2\" content=\"Tempo di lettura stimato\" \/>\n\t<meta name=\"twitter:data2\" content=\"1 minuto\" \/>\n<script type=\"application\/ld+json\" class=\"yoast-schema-graph\">{\"@context\":\"https:\/\/schema.org\",\"@graph\":[{\"@type\":\"WebPage\",\"@id\":\"https:\/\/staging.varesenews.it\/2022\/11\/1972-debuttano-gli-steely-dan\/1515121\/\",\"url\":\"https:\/\/staging.varesenews.it\/2022\/11\/1972-debuttano-gli-steely-dan\/1515121\/\",\"name\":\"1972: debuttano gli Steely Dan\",\"isPartOf\":{\"@id\":\"https:\/\/staging.varesenews.it\/#website\"},\"datePublished\":\"2022-11-03T08:38:25+00:00\",\"dateModified\":\"2022-11-03T09:38:32+00:00\",\"author\":{\"@id\":\"https:\/\/staging.varesenews.it\/#\/schema\/person\/272ac0f5b2dbfd572218c2d86e013f1a\"},\"description\":\"Saranno un gruppo di grande successo per decenni.\",\"breadcrumb\":{\"@id\":\"https:\/\/staging.varesenews.it\/2022\/11\/1972-debuttano-gli-steely-dan\/1515121\/#breadcrumb\"},\"inLanguage\":\"it-IT\",\"potentialAction\":[{\"@type\":\"ReadAction\",\"target\":[\"https:\/\/staging.varesenews.it\/2022\/11\/1972-debuttano-gli-steely-dan\/1515121\/\"]}]},{\"@type\":\"BreadcrumbList\",\"@id\":\"https:\/\/staging.varesenews.it\/2022\/11\/1972-debuttano-gli-steely-dan\/1515121\/#breadcrumb\",\"itemListElement\":[{\"@type\":\"ListItem\",\"position\":1,\"name\":\"Home\",\"item\":\"https:\/\/www.varesenews.it\/\"},{\"@type\":\"ListItem\",\"position\":2,\"name\":\"1972: debuttano gli Steely Dan\"}]},{\"@type\":\"WebSite\",\"@id\":\"https:\/\/staging.varesenews.it\/#website\",\"url\":\"https:\/\/staging.varesenews.it\/\",\"name\":\"VareseNews\",\"description\":\"\",\"potentialAction\":[{\"@type\":\"SearchAction\",\"target\":{\"@type\":\"EntryPoint\",\"urlTemplate\":\"https:\/\/staging.varesenews.it\/?s={search_term_string}\"},\"query-input\":\"required name=search_term_string\"}],\"inLanguage\":\"it-IT\"},{\"@type\":\"Person\",\"@id\":\"https:\/\/staging.varesenews.it\/#\/schema\/person\/272ac0f5b2dbfd572218c2d86e013f1a\",\"name\":\"Adelia Brigo\",\"image\":{\"@type\":\"ImageObject\",\"inLanguage\":\"it-IT\",\"@id\":\"https:\/\/staging.varesenews.it\/#\/schema\/person\/image\/\",\"url\":\"https:\/\/staging.varesenews.it\/wp-content\/uploads\/2020\/12\/adelia_brigo_colori_500.jpg\",\"contentUrl\":\"https:\/\/staging.varesenews.it\/wp-content\/uploads\/2020\/12\/adelia_brigo_colori_500.jpg\",\"caption\":\"Adelia Brigo\"},\"description\":\"Giornalista pubblicista, lavoro a VareseNews dal 2007 e mi occupo di cronaca locale e del settore dedicato alla cultura. In questi anni ho seguito diversi progetti di comunicazione, amo sperimentare strategie per i Social Network e raccontare storie. Varesina, classe 1984, sono laureata in Scienze della Comunicazione.&nbsp;\",\"sameAs\":[\"AdeliaBrigo\",\"https:\/\/twitter.com\/AdeliaBrigo\"],\"url\":\"https:\/\/staging.varesenews.it\/persona\/adelia_brigo\/\"}]}<\/script>\n<!-- \/ Yoast SEO plugin. -->","yoast_head_json":{"title":"1972: debuttano gli Steely Dan","description":"Saranno un gruppo di grande successo per decenni.","robots":{"index":"noindex","follow":"follow","max-snippet":"max-snippet:-1","max-image-preview":"max-image-preview:large","max-video-preview":"max-video-preview:-1"},"og_locale":"it_IT","og_type":"article","og_title":"1972: debuttano gli Steely Dan","og_description":"Saranno un gruppo di grande successo per decenni.","og_url":"https:\/\/staging.varesenews.it\/2022\/11\/1972-debuttano-gli-steely-dan\/1515121\/","og_site_name":"VareseNews","article_publisher":"https:\/\/www.facebook.com\/varesenews","article_published_time":"2022-11-03T08:38:25+00:00","article_modified_time":"2022-11-03T09:38:32+00:00","author":"Adelia Brigo","twitter_card":"summary_large_image","twitter_creator":"@AdeliaBrigo","twitter_site":"@varesenews","twitter_misc":{"Scritto da":"Adelia Brigo","Tempo di lettura stimato":"1 minuto"},"schema":{"@context":"https:\/\/schema.org","@graph":[{"@type":"WebPage","@id":"https:\/\/staging.varesenews.it\/2022\/11\/1972-debuttano-gli-steely-dan\/1515121\/","url":"https:\/\/staging.varesenews.it\/2022\/11\/1972-debuttano-gli-steely-dan\/1515121\/","name":"1972: debuttano gli Steely Dan","isPartOf":{"@id":"https:\/\/staging.varesenews.it\/#website"},"datePublished":"2022-11-03T08:38:25+00:00","dateModified":"2022-11-03T09:38:32+00:00","author":{"@id":"https:\/\/staging.varesenews.it\/#\/schema\/person\/272ac0f5b2dbfd572218c2d86e013f1a"},"description":"Saranno un gruppo di grande successo per decenni.","breadcrumb":{"@id":"https:\/\/staging.varesenews.it\/2022\/11\/1972-debuttano-gli-steely-dan\/1515121\/#breadcrumb"},"inLanguage":"it-IT","potentialAction":[{"@type":"ReadAction","target":["https:\/\/staging.varesenews.it\/2022\/11\/1972-debuttano-gli-steely-dan\/1515121\/"]}]},{"@type":"BreadcrumbList","@id":"https:\/\/staging.varesenews.it\/2022\/11\/1972-debuttano-gli-steely-dan\/1515121\/#breadcrumb","itemListElement":[{"@type":"ListItem","position":1,"name":"Home","item":"https:\/\/www.varesenews.it\/"},{"@type":"ListItem","position":2,"name":"1972: debuttano gli Steely Dan"}]},{"@type":"WebSite","@id":"https:\/\/staging.varesenews.it\/#website","url":"https:\/\/staging.varesenews.it\/","name":"VareseNews","description":"","potentialAction":[{"@type":"SearchAction","target":{"@type":"EntryPoint","urlTemplate":"https:\/\/staging.varesenews.it\/?s={search_term_string}"},"query-input":"required name=search_term_string"}],"inLanguage":"it-IT"},{"@type":"Person","@id":"https:\/\/staging.varesenews.it\/#\/schema\/person\/272ac0f5b2dbfd572218c2d86e013f1a","name":"Adelia Brigo","image":{"@type":"ImageObject","inLanguage":"it-IT","@id":"https:\/\/staging.varesenews.it\/#\/schema\/person\/image\/","url":"https:\/\/staging.varesenews.it\/wp-content\/uploads\/2020\/12\/adelia_brigo_colori_500.jpg","contentUrl":"https:\/\/staging.varesenews.it\/wp-content\/uploads\/2020\/12\/adelia_brigo_colori_500.jpg","caption":"Adelia Brigo"},"description":"Giornalista pubblicista, lavoro a VareseNews dal 2007 e mi occupo di cronaca locale e del settore dedicato alla cultura. In questi anni ho seguito diversi progetti di comunicazione, amo sperimentare strategie per i Social Network e raccontare storie. Varesina, classe 1984, sono laureata in Scienze della Comunicazione.&nbsp;","sameAs":["AdeliaBrigo","https:\/\/twitter.com\/AdeliaBrigo"],"url":"https:\/\/staging.varesenews.it\/persona\/adelia_brigo\/"}]}},"post_meta":{"content-image-gallery":"","_edit_lock":"1667468240:32","_edit_last":"32","_category_permalink":"a:1:{s:8:\"category\";s:2:\"20\";}","_encloseme":"1","ratings_users":"0","ratings_score":"0","ratings_average":"0","foto":"1349159","firma-personalizzata":"G.P.","argomento":"50 anni fa la musica - 160","_yoast_wpseo_focuskw_text_input":"50 anni fa la musica","_yoast_wpseo_focuskw":"50 anni fa la musica","_yoast_wpseo_linkdex":"50","_yoast_wpseo_content_score":"30","_jd_tweet_this":"yes","_oembed_0b9d3042a282c161bc0cfdbb6ac53d4e":"<iframe width=\"500\" height=\"281\" src=\"https:\/\/www.youtube.com\/embed\/videoseries?list=OLAK5uy_lJtzWulWcVEVGLTLpXxmZw6kE3pHlyGoc\" frameborder=\"0\" allow=\"accelerometer; autoplay; clipboard-write; encrypted-media; gyroscope; picture-in-picture\" allowfullscreen><\/iframe>","_oembed_time_0b9d3042a282c161bc0cfdbb6ac53d4e":"1667464706","_wpt_short_url":"https:\/\/www.varesenews.it\/2022\/11\/1972-debuttano-gli-steely-dan\/1515121\/","_wp_jd_target":"https:\/\/www.varesenews.it\/2022\/11\/1972-debuttano-gli-steely-dan\/1515121\/","_jd_wp_twitter":"a:1:{i:0;s:104:\"1972: debuttano gli Steely Dan https:\/\/www.varesenews.it\/2022\/11\/1972-debuttano-gli-steely-dan\/1515121\/ \";}","_wpt_status_message":"Tweet inviato con successo.","_oembed_522a2354f23e789fde48d94cd3defcd5":"<iframe width=\"984\" height=\"554\" src=\"https:\/\/www.youtube.com\/embed\/videoseries?list=OLAK5uy_lJtzWulWcVEVGLTLpXxmZw6kE3pHlyGoc\" frameborder=\"0\" allow=\"accelerometer; autoplay; clipboard-write; encrypted-media; gyroscope; picture-in-picture\" allowfullscreen><\/iframe>","_oembed_time_522a2354f23e789fde48d94cd3defcd5":"1667464710","_oembed_16e2dcb690807537de9b35ac0a3ec899":"<blockquote class=\"wp-embedded-content\" data-secret=\"NoB2zDpjDs\"><a href=\"https:\/\/www.varesenews.it\/2021\/08\/passeggiata-fotografa-paesino-montagna-la-invitano-alla-pizzata-paese\/1372187\/\">Fa una passeggiata e fotografa il paesino di montagna, la invitano alla pizzata di paese<\/a><\/blockquote><iframe class=\"wp-embedded-content\" sandbox=\"allow-scripts\" security=\"restricted\" style=\"position: absolute; clip: rect(1px, 1px, 1px, 1px);\" src=\"https:\/\/www.varesenews.it\/2021\/08\/passeggiata-fotografa-paesino-montagna-la-invitano-alla-pizzata-paese\/1372187\/embed\/#?secret=NoB2zDpjDs\" data-secret=\"NoB2zDpjDs\" width=\"500\" height=\"282\" title=\"&#8220;Fa una passeggiata e fotografa il paesino di montagna, la invitano alla pizzata di paese&#8221; &#8212; VareseNews\" frameborder=\"0\" marginwidth=\"0\" marginheight=\"0\" scrolling=\"no\"><\/iframe>","_oembed_time_16e2dcb690807537de9b35ac0a3ec899":"1667464880","_oembed_fd31a7e9178ef6bed47493dc2440d9cd":"<blockquote class=\"wp-embedded-content\" data-secret=\"QLxxNNMZB8\"><a href=\"https:\/\/www.varesenews.it\/2022\/10\/bambini-piero-scuola-sulle-strade-sassi-muoverci-nella-natura-non-ci-spaventa\/1509252\/\">I bambini di Piero a scuola sulle strade di sassi, &#8220;muoverci nella natura non ci spaventa&#8221;<\/a><\/blockquote><iframe class=\"wp-embedded-content\" sandbox=\"allow-scripts\" security=\"restricted\" style=\"position: absolute; clip: rect(1px, 1px, 1px, 1px);\" src=\"https:\/\/www.varesenews.it\/2022\/10\/bambini-piero-scuola-sulle-strade-sassi-muoverci-nella-natura-non-ci-spaventa\/1509252\/embed\/#?secret=QLxxNNMZB8\" data-secret=\"QLxxNNMZB8\" width=\"500\" height=\"282\" title=\"&#8220;I bambini di Piero a scuola sulle strade di sassi, &#8220;muoverci nella natura non ci spaventa&#8221;&#8221; &#8212; VareseNews\" frameborder=\"0\" marginwidth=\"0\" marginheight=\"0\" scrolling=\"no\"><\/iframe>","_oembed_time_fd31a7e9178ef6bed47493dc2440d9cd":"1667464880","_oembed_9a57d4311ebef3fa1e7043d27ab878b3":"<blockquote class=\"wp-embedded-content\" data-secret=\"5ISmdQNOsJ\"><a href=\"https:\/\/www.varesenews.it\/2021\/11\/fermato-gazzada-schianno-83-chili-marijuana-140-hashish-nascosti-un-vecchio-trattore\/1403555\/\">Fermato a Gazzada Schianno con 83 chili di marijuana e 140 di hashish nascosti sotto un vecchio trattore<\/a><\/blockquote><iframe class=\"wp-embedded-content\" sandbox=\"allow-scripts\" security=\"restricted\" style=\"position: absolute; clip: rect(1px, 1px, 1px, 1px);\" src=\"https:\/\/www.varesenews.it\/2021\/11\/fermato-gazzada-schianno-83-chili-marijuana-140-hashish-nascosti-un-vecchio-trattore\/1403555\/embed\/#?secret=5ISmdQNOsJ\" data-secret=\"5ISmdQNOsJ\" width=\"500\" height=\"282\" title=\"&#8220;Fermato a Gazzada Schianno con 83 chili di marijuana e 140 di hashish nascosti sotto un vecchio trattore&#8221; &#8212; VareseNews\" frameborder=\"0\" marginwidth=\"0\" marginheight=\"0\" scrolling=\"no\"><\/iframe>","_oembed_time_9a57d4311ebef3fa1e7043d27ab878b3":"1667464880","_oembed_872e5eca6d1f3cfdfefd4472b686f02c":"{{unknown}}","_oembed_74899e1d6fe7ba7339f957ca60f2015d":"<blockquote class=\"wp-embedded-content\" data-secret=\"ieIY3kGUcZ\"><a href=\"https:\/\/www.varesenews.it\/2022\/11\/uno-pro-patria-stremata-alza-bandiera-bianca-ai-supplementari-lalessandria-si-aggiudica-turno\/1515040\/\">Uno Pro Patria stremata alza bandiera bianca ai supplementari: l&#8217;Alessandria si aggiudica il turno<\/a><\/blockquote><iframe class=\"wp-embedded-content\" sandbox=\"allow-scripts\" security=\"restricted\" style=\"position: absolute; clip: rect(1px, 1px, 1px, 1px);\" src=\"https:\/\/www.varesenews.it\/2022\/11\/uno-pro-patria-stremata-alza-bandiera-bianca-ai-supplementari-lalessandria-si-aggiudica-turno\/1515040\/embed\/#?secret=ieIY3kGUcZ\" data-secret=\"ieIY3kGUcZ\" width=\"500\" height=\"282\" title=\"&#8220;Uno Pro Patria stremata alza bandiera bianca ai supplementari: l&#8217;Alessandria si aggiudica il turno&#8221; &#8212; VareseNews\" frameborder=\"0\" marginwidth=\"0\" marginheight=\"0\" scrolling=\"no\"><\/iframe>","_oembed_time_74899e1d6fe7ba7339f957ca60f2015d":"1667465013","_oembed_cc3788f062489aa13da4574238c095a8":"<blockquote class=\"wp-embedded-content\" data-secret=\"uCckRlJ1nO\"><a href=\"https:\/\/www.varesenews.it\/2022\/11\/vargas-commenta-leliminazione-coppa-italia-punito-disattenzione-dai-piu-giovani-un-bel-segnale\/1515052\/\">Vargas commenta l&#8217;eliminazione in Coppa Italia: &#8220;Puniti su una disattenzione. Dai pi\u00f9 giovani un bel segnale&#8221;<\/a><\/blockquote><iframe class=\"wp-embedded-content\" sandbox=\"allow-scripts\" security=\"restricted\" style=\"position: absolute; clip: rect(1px, 1px, 1px, 1px);\" src=\"https:\/\/www.varesenews.it\/2022\/11\/vargas-commenta-leliminazione-coppa-italia-punito-disattenzione-dai-piu-giovani-un-bel-segnale\/1515052\/embed\/#?secret=uCckRlJ1nO\" data-secret=\"uCckRlJ1nO\" width=\"500\" height=\"282\" title=\"&#8220;Vargas commenta l&#8217;eliminazione in Coppa Italia: &#8220;Puniti su una disattenzione. Dai pi\u00f9 giovani un bel segnale&#8221;&#8221; &#8212; VareseNews\" frameborder=\"0\" marginwidth=\"0\" marginheight=\"0\" scrolling=\"no\"><\/iframe>","_oembed_time_cc3788f062489aa13da4574238c095a8":"1667465013","_oembed_2b5edc5da562a6e306225a14ccceb656":"<iframe width=\"803\" height=\"452\" src=\"https:\/\/www.youtube.com\/embed\/videoseries?list=OLAK5uy_lJtzWulWcVEVGLTLpXxmZw6kE3pHlyGoc\" frameborder=\"0\" allow=\"accelerometer; autoplay; clipboard-write; encrypted-media; gyroscope; picture-in-picture\" allowfullscreen><\/iframe>","_oembed_time_2b5edc5da562a6e306225a14ccceb656":"1667468252"},"photos":[{"original":"https:\/\/staging.varesenews.it\/photogallery_new\/images\/2022\/11\/50-anni-fa-la-musica-1349159.jpg","full":"https:\/\/staging.varesenews.it\/photogallery_new\/images\/2022\/11\/50-anni-fa-la-musica-1349159.1024x768.jpg","large":"https:\/\/staging.varesenews.it\/photogallery_new\/images\/2022\/11\/50-anni-fa-la-musica-1349159.610x431.jpg"}],"_links":{"self":[{"href":"https:\/\/staging.varesenews.it\/swgapi\/v1\/wp\/v2\/posts\/1515121"}],"collection":[{"href":"https:\/\/staging.varesenews.it\/swgapi\/v1\/wp\/v2\/posts"}],"about":[{"href":"https:\/\/staging.varesenews.it\/swgapi\/v1\/wp\/v2\/types\/post"}],"author":[{"embeddable":true,"href":"https:\/\/staging.varesenews.it\/swgapi\/v1\/wp\/v2\/users\/32"}],"replies":[{"embeddable":true,"href":"https:\/\/staging.varesenews.it\/swgapi\/v1\/wp\/v2\/comments?post=1515121"}],"version-history":[{"count":0,"href":"https:\/\/staging.varesenews.it\/swgapi\/v1\/wp\/v2\/posts\/1515121\/revisions"}],"wp:attachment":[{"href":"https:\/\/staging.varesenews.it\/swgapi\/v1\/wp\/v2\/media?parent=1515121"}],"wp:term":[{"taxonomy":"category","embeddable":true,"href":"https:\/\/staging.varesenews.it\/swgapi\/v1\/wp\/v2\/categories?post=1515121"},{"taxonomy":"post_tag","embeddable":true,"href":"https:\/\/staging.varesenews.it\/swgapi\/v1\/wp\/v2\/tags?post=1515121"}],"curies":[{"name":"wp","href":"https:\/\/api.w.org\/{rel}","templated":true}]}}