{"id":1515519,"date":"2022-11-04T11:14:16","date_gmt":"2022-11-04T10:14:16","guid":{"rendered":"https:\/\/www.varesenews.it\/?p=1515519"},"modified":"2022-11-04T11:14:32","modified_gmt":"2022-11-04T10:14:32","slug":"gemonio-arrivano-le-colonnine-le-auto-elettriche-nel-parcheggio-accanto-alla-statale","status":"publish","type":"post","link":"https:\/\/staging.varesenews.it\/2022\/11\/gemonio-arrivano-le-colonnine-le-auto-elettriche-nel-parcheggio-accanto-alla-statale\/1515519\/","title":{"rendered":"A Gemonio arrivano le colonnine per le auto elettriche nel parcheggio accanto alla statale"},"content":{"rendered":"<p>Dalle prossime settimane sar\u00e0 possibile effettuare la\u00a0<strong>ricarica alle batterie dell&#8217;auto elettrica anche a Gemonio.<\/strong> \u00c8 stata infatti posizionata la prima colonnina con la possibilit\u00e0 di <strong>collegare due vetture<\/strong> in contemporanea e a breve ne verr\u00e0 installata una seconda per un totale di<strong> quattro stalli dedicati:<\/strong> il luogo prescelto \u00e8 il <strong>parcheggio\u00a0pubblico di via Francesco Rosaspina,<\/strong> proprio accanto alla statale 394 che collega Laveno e Varese e che qui si chiama via Verdi.<\/p>\n<p>\u00abUna<strong> scelta studiata insieme all&#8217;azienda<\/strong> con cui il Comune ha stipulato la <strong>convenzione<\/strong> per questo tipo di servizio\u00bb spiega il vicesindaco <strong>Luca Magnani<\/strong>. \u00abAbbiamo ipotizzato quattro diversi punti; la richiesta per\u00f2 era quella di un luogo <strong>vicino alla viabilit\u00e0 principale<\/strong> nei pressi di alcune <strong>attivit\u00e0 commerciali<\/strong> &#8220;a stazionamento medio&#8221; (quindi dove le persone si fermano per un tempo n\u00e9 breve n\u00e9 troppo lungo ndr) e dove fosse gi\u00e0 presente o vicino un <strong>allacciamento alla rete<\/strong> elettrica adatto per questo genere di impianto\u00bb.<\/p>\n<p>\u00c8 stata quindi prescelta via Rosaspina visto che nei dintorni si trovano <strong>un bar, un pub, un panificio, uno studio dentistico<\/strong> e, a poche decine di metri, alcune attivit\u00e0 commerciali e il <strong>cimitero<\/strong>. \u00abI punti di ricarica sono i primi in paese e sono, come detto, assegnati per convenzione <strong>senza alcuna spesa per le casse comunali<\/strong> ma l&#8217;intenzione \u00e8 di posizionare <strong>altre due colonnine.<\/strong> L&#8217;idea \u00e8, in quel caso di una gestione diretta da parte del Comune e stiamo valutando posizioni diverse tra cui il piazzale della stazione e il polo scolastico-sportivo di via Curti: opere non ancora finanziate per le quali stiamo cercando di ottenere i fondi\u00bb.<\/p>\n<p>Le due colonnine di via Rosaspina, come detto, saranno collegate e attive a breve. Sono &#8211; spiegano dall&#8217;ufficio tecnico comunale &#8211; <strong>differenti tra loro per potenza erogata e tempi di ricarica<\/strong>: una \u00e8 denominata &#8220;Quick&#8221; ed \u00e8 quella con tempistiche maggiori mentre la &#8220;Fast&#8221; sar\u00e0 quella pi\u00f9 rapida. La societ\u00e0 che ha stipulato la convenzione \u00e8 la <strong>Eni BeCharge<\/strong>; funzionamento e metodi di pagamento saranno possibili attraverso le apposite <em>app<\/em>, segnalate sulle colonnine stesse.<\/p>\n","protected":false},"excerpt":{"rendered":"<p>Grazie a una convenzione tra il Comune e una societ\u00e0 privata saranno attivati a breve quattro stalli nel posteggio pubblico di via Rosaspina, non lontano dal cimitero. In futuro si pensa a due colonnine in paese<\/p>\n","protected":false},"author":38,"featured_media":0,"comment_status":"open","ping_status":"open","sticky":false,"template":"","format":"standard","meta":{"footnotes":""},"categories":[113031,2],"tags":[109838,90913,114795],"acf":[],"yoast_head":"<!-- This site is optimized with the Yoast SEO plugin v20.1 - https:\/\/yoast.com\/wordpress\/plugins\/seo\/ -->\n<title>A Gemonio arrivano le colonnine per le auto elettriche nel parcheggio accanto alla statale<\/title>\n<meta name=\"description\" content=\"Grazie a una convenzione tra il Comune e una societ\u00e0 privata saranno attivati a breve quattro stalli nel posteggio pubblico di via Rosaspina, non lontano dal cimitero. In futuro si pensa a due colonnine in paese\" \/>\n<meta name=\"robots\" content=\"noindex, follow, max-snippet:-1, max-image-preview:large, max-video-preview:-1\" \/>\n<meta property=\"og:locale\" content=\"it_IT\" \/>\n<meta property=\"og:type\" content=\"article\" \/>\n<meta property=\"og:title\" content=\"A Gemonio arrivano le colonnine per le auto elettriche nel parcheggio accanto alla statale\" \/>\n<meta property=\"og:description\" content=\"Grazie a una convenzione tra il Comune e una societ\u00e0 privata saranno attivati a breve quattro stalli nel posteggio pubblico di via Rosaspina, non lontano dal cimitero. In futuro si pensa a due colonnine in paese\" \/>\n<meta property=\"og:url\" content=\"https:\/\/staging.varesenews.it\/2022\/11\/gemonio-arrivano-le-colonnine-le-auto-elettriche-nel-parcheggio-accanto-alla-statale\/1515519\/\" \/>\n<meta property=\"og:site_name\" content=\"VareseNews\" \/>\n<meta property=\"article:publisher\" content=\"https:\/\/www.facebook.com\/varesenews\" \/>\n<meta property=\"article:published_time\" content=\"2022-11-04T10:14:16+00:00\" \/>\n<meta property=\"article:modified_time\" content=\"2022-11-04T10:14:32+00:00\" \/>\n<meta name=\"author\" content=\"Damiano Franzetti\" \/>\n<meta name=\"twitter:card\" content=\"summary_large_image\" \/>\n<meta name=\"twitter:creator\" content=\"@damianofranz\" \/>\n<meta name=\"twitter:site\" content=\"@varesenews\" \/>\n<meta name=\"twitter:label1\" content=\"Scritto da\" \/>\n\t<meta name=\"twitter:data1\" content=\"Damiano Franzetti\" \/>\n\t<meta name=\"twitter:label2\" content=\"Tempo di lettura stimato\" \/>\n\t<meta name=\"twitter:data2\" content=\"2 minuti\" \/>\n<script type=\"application\/ld+json\" class=\"yoast-schema-graph\">{\"@context\":\"https:\/\/schema.org\",\"@graph\":[{\"@type\":\"WebPage\",\"@id\":\"https:\/\/staging.varesenews.it\/2022\/11\/gemonio-arrivano-le-colonnine-le-auto-elettriche-nel-parcheggio-accanto-alla-statale\/1515519\/\",\"url\":\"https:\/\/staging.varesenews.it\/2022\/11\/gemonio-arrivano-le-colonnine-le-auto-elettriche-nel-parcheggio-accanto-alla-statale\/1515519\/\",\"name\":\"A Gemonio arrivano le colonnine per le auto elettriche nel parcheggio accanto alla statale\",\"isPartOf\":{\"@id\":\"https:\/\/staging.varesenews.it\/#website\"},\"datePublished\":\"2022-11-04T10:14:16+00:00\",\"dateModified\":\"2022-11-04T10:14:32+00:00\",\"author\":{\"@id\":\"https:\/\/staging.varesenews.it\/#\/schema\/person\/709ae3769f6b4dbde8ec332baede8a5b\"},\"description\":\"Grazie a una convenzione tra il Comune e una societ\u00e0 privata saranno attivati a breve quattro stalli nel posteggio pubblico di via Rosaspina, non lontano dal cimitero. In futuro si pensa a due colonnine in paese\",\"breadcrumb\":{\"@id\":\"https:\/\/staging.varesenews.it\/2022\/11\/gemonio-arrivano-le-colonnine-le-auto-elettriche-nel-parcheggio-accanto-alla-statale\/1515519\/#breadcrumb\"},\"inLanguage\":\"it-IT\",\"potentialAction\":[{\"@type\":\"ReadAction\",\"target\":[\"https:\/\/staging.varesenews.it\/2022\/11\/gemonio-arrivano-le-colonnine-le-auto-elettriche-nel-parcheggio-accanto-alla-statale\/1515519\/\"]}]},{\"@type\":\"BreadcrumbList\",\"@id\":\"https:\/\/staging.varesenews.it\/2022\/11\/gemonio-arrivano-le-colonnine-le-auto-elettriche-nel-parcheggio-accanto-alla-statale\/1515519\/#breadcrumb\",\"itemListElement\":[{\"@type\":\"ListItem\",\"position\":1,\"name\":\"Home\",\"item\":\"https:\/\/www.varesenews.it\/\"},{\"@type\":\"ListItem\",\"position\":2,\"name\":\"A Gemonio arrivano le colonnine per le auto elettriche nel parcheggio accanto alla statale\"}]},{\"@type\":\"WebSite\",\"@id\":\"https:\/\/staging.varesenews.it\/#website\",\"url\":\"https:\/\/staging.varesenews.it\/\",\"name\":\"VareseNews\",\"description\":\"\",\"potentialAction\":[{\"@type\":\"SearchAction\",\"target\":{\"@type\":\"EntryPoint\",\"urlTemplate\":\"https:\/\/staging.varesenews.it\/?s={search_term_string}\"},\"query-input\":\"required name=search_term_string\"}],\"inLanguage\":\"it-IT\"},{\"@type\":\"Person\",\"@id\":\"https:\/\/staging.varesenews.it\/#\/schema\/person\/709ae3769f6b4dbde8ec332baede8a5b\",\"name\":\"Damiano Franzetti\",\"image\":{\"@type\":\"ImageObject\",\"inLanguage\":\"it-IT\",\"@id\":\"https:\/\/staging.varesenews.it\/#\/schema\/person\/image\/\",\"url\":\"https:\/\/staging.varesenews.it\/wp-content\/uploads\/2020\/12\/damiano_franzetti_colori_500.jpg\",\"contentUrl\":\"https:\/\/staging.varesenews.it\/wp-content\/uploads\/2020\/12\/damiano_franzetti_colori_500.jpg\",\"caption\":\"Damiano Franzetti\"},\"description\":\"Classe 1976, una laurea (nel cassetto) in scienze e tecnologie alimentari; sono giornalista professionista dal 2009 nato e cresciuto con VareseNews dove mi occupo soprattutto di sport ormai da vent&rsquo;anni. Inviato sui campi (sulle piste, sulle strade...), intervistatore, coordinatore e responsabile delle pagine sportive, mi ritaglio volentieri lo spazio per scrivere di birra sul blog Malto Gradimento. Ho seguito innumerevoli campionati di Serie A di basket, di serie B di calcio, due Mondiali di ciclismo, qualche Giro d&rsquo;;Italia e tanto altro ancora. Collaboro con Tuttosport e altre testate, mi diletto di social. Ho una moglie, un figlio, vivo nella mia Gemonio e ho purtroppo smesso con il basket giocato. &nbsp;\",\"sameAs\":[\"damianofranz\",\"https:\/\/www.linkedin.com\/profile\/view?id=241597124&trk=nav_responsive_tab_profile\",\"https:\/\/twitter.com\/damianofranz\"],\"url\":\"https:\/\/staging.varesenews.it\/persona\/damiano_franzetti-2\/\"}]}<\/script>\n<!-- \/ Yoast SEO plugin. -->","yoast_head_json":{"title":"A Gemonio arrivano le colonnine per le auto elettriche nel parcheggio accanto alla statale","description":"Grazie a una convenzione tra il Comune e una societ\u00e0 privata saranno attivati a breve quattro stalli nel posteggio pubblico di via Rosaspina, non lontano dal cimitero. In futuro si pensa a due colonnine in paese","robots":{"index":"noindex","follow":"follow","max-snippet":"max-snippet:-1","max-image-preview":"max-image-preview:large","max-video-preview":"max-video-preview:-1"},"og_locale":"it_IT","og_type":"article","og_title":"A Gemonio arrivano le colonnine per le auto elettriche nel parcheggio accanto alla statale","og_description":"Grazie a una convenzione tra il Comune e una societ\u00e0 privata saranno attivati a breve quattro stalli nel posteggio pubblico di via Rosaspina, non lontano dal cimitero. In futuro si pensa a due colonnine in paese","og_url":"https:\/\/staging.varesenews.it\/2022\/11\/gemonio-arrivano-le-colonnine-le-auto-elettriche-nel-parcheggio-accanto-alla-statale\/1515519\/","og_site_name":"VareseNews","article_publisher":"https:\/\/www.facebook.com\/varesenews","article_published_time":"2022-11-04T10:14:16+00:00","article_modified_time":"2022-11-04T10:14:32+00:00","author":"Damiano Franzetti","twitter_card":"summary_large_image","twitter_creator":"@damianofranz","twitter_site":"@varesenews","twitter_misc":{"Scritto da":"Damiano Franzetti","Tempo di lettura stimato":"2 minuti"},"schema":{"@context":"https:\/\/schema.org","@graph":[{"@type":"WebPage","@id":"https:\/\/staging.varesenews.it\/2022\/11\/gemonio-arrivano-le-colonnine-le-auto-elettriche-nel-parcheggio-accanto-alla-statale\/1515519\/","url":"https:\/\/staging.varesenews.it\/2022\/11\/gemonio-arrivano-le-colonnine-le-auto-elettriche-nel-parcheggio-accanto-alla-statale\/1515519\/","name":"A Gemonio arrivano le colonnine per le auto elettriche nel parcheggio accanto alla statale","isPartOf":{"@id":"https:\/\/staging.varesenews.it\/#website"},"datePublished":"2022-11-04T10:14:16+00:00","dateModified":"2022-11-04T10:14:32+00:00","author":{"@id":"https:\/\/staging.varesenews.it\/#\/schema\/person\/709ae3769f6b4dbde8ec332baede8a5b"},"description":"Grazie a una convenzione tra il Comune e una societ\u00e0 privata saranno attivati a breve quattro stalli nel posteggio pubblico di via Rosaspina, non lontano dal cimitero. In futuro si pensa a due colonnine in paese","breadcrumb":{"@id":"https:\/\/staging.varesenews.it\/2022\/11\/gemonio-arrivano-le-colonnine-le-auto-elettriche-nel-parcheggio-accanto-alla-statale\/1515519\/#breadcrumb"},"inLanguage":"it-IT","potentialAction":[{"@type":"ReadAction","target":["https:\/\/staging.varesenews.it\/2022\/11\/gemonio-arrivano-le-colonnine-le-auto-elettriche-nel-parcheggio-accanto-alla-statale\/1515519\/"]}]},{"@type":"BreadcrumbList","@id":"https:\/\/staging.varesenews.it\/2022\/11\/gemonio-arrivano-le-colonnine-le-auto-elettriche-nel-parcheggio-accanto-alla-statale\/1515519\/#breadcrumb","itemListElement":[{"@type":"ListItem","position":1,"name":"Home","item":"https:\/\/www.varesenews.it\/"},{"@type":"ListItem","position":2,"name":"A Gemonio arrivano le colonnine per le auto elettriche nel parcheggio accanto alla statale"}]},{"@type":"WebSite","@id":"https:\/\/staging.varesenews.it\/#website","url":"https:\/\/staging.varesenews.it\/","name":"VareseNews","description":"","potentialAction":[{"@type":"SearchAction","target":{"@type":"EntryPoint","urlTemplate":"https:\/\/staging.varesenews.it\/?s={search_term_string}"},"query-input":"required name=search_term_string"}],"inLanguage":"it-IT"},{"@type":"Person","@id":"https:\/\/staging.varesenews.it\/#\/schema\/person\/709ae3769f6b4dbde8ec332baede8a5b","name":"Damiano Franzetti","image":{"@type":"ImageObject","inLanguage":"it-IT","@id":"https:\/\/staging.varesenews.it\/#\/schema\/person\/image\/","url":"https:\/\/staging.varesenews.it\/wp-content\/uploads\/2020\/12\/damiano_franzetti_colori_500.jpg","contentUrl":"https:\/\/staging.varesenews.it\/wp-content\/uploads\/2020\/12\/damiano_franzetti_colori_500.jpg","caption":"Damiano Franzetti"},"description":"Classe 1976, una laurea (nel cassetto) in scienze e tecnologie alimentari; sono giornalista professionista dal 2009 nato e cresciuto con VareseNews dove mi occupo soprattutto di sport ormai da vent&rsquo;anni. Inviato sui campi (sulle piste, sulle strade...), intervistatore, coordinatore e responsabile delle pagine sportive, mi ritaglio volentieri lo spazio per scrivere di birra sul blog Malto Gradimento. Ho seguito innumerevoli campionati di Serie A di basket, di serie B di calcio, due Mondiali di ciclismo, qualche Giro d&rsquo;;Italia e tanto altro ancora. Collaboro con Tuttosport e altre testate, mi diletto di social. Ho una moglie, un figlio, vivo nella mia Gemonio e ho purtroppo smesso con il basket giocato. &nbsp;","sameAs":["damianofranz","https:\/\/www.linkedin.com\/profile\/view?id=241597124&trk=nav_responsive_tab_profile","https:\/\/twitter.com\/damianofranz"],"url":"https:\/\/staging.varesenews.it\/persona\/damiano_franzetti-2\/"}]}},"post_meta":{"content-image-gallery":"","_edit_lock":"1667558963:38","_edit_last":"38","_category_permalink":"a:1:{s:8:\"category\";s:1:\"2\";}","foto":"1349336","argomento":"Gemonio","_yoast_wpseo_focuskw_text_input":"Colonnine","_yoast_wpseo_focuskw":"Colonnine","_yoast_wpseo_linkdex":"65","_yoast_wpseo_content_score":"30","_jd_tweet_this":"yes","_encloseme":"1","ratings_users":"0","ratings_score":"0","ratings_average":"0","_wpt_short_url":"https:\/\/www.varesenews.it\/2022\/11\/gemonio-arrivano-le-colonnine-le-auto-elettriche-nel-parcheggio-accanto-alla-statale\/1515519\/","_wp_jd_target":"https:\/\/www.varesenews.it\/2022\/11\/gemonio-arrivano-le-colonnine-le-auto-elettriche-nel-parcheggio-accanto-alla-statale\/1515519\/","_jd_wp_twitter":"a:1:{i:0;s:235:\"A Gemonio arrivano le colonnine per le auto elettriche nel parcheggio accanto alla statale https:\/\/www.varesenews.it\/2022\/11\/gemonio-arrivano-le-colonnine-le-auto-elettriche-nel-parcheggio-accanto-alla-statale\/1515519\/ #comunedigemonio\";}","_wpt_status_message":"Tweet inviato con successo."},"photos":[{"original":"https:\/\/staging.varesenews.it\/photogallery_new\/images\/2022\/11\/colonnine-ricarica-elettrica-gemonio-1349336.jpg","full":"https:\/\/staging.varesenews.it\/photogallery_new\/images\/2022\/11\/colonnine-ricarica-elettrica-gemonio-1349336.1024x768.jpg","large":"https:\/\/staging.varesenews.it\/photogallery_new\/images\/2022\/11\/colonnine-ricarica-elettrica-gemonio-1349336.610x431.jpg"}],"_links":{"self":[{"href":"https:\/\/staging.varesenews.it\/swgapi\/v1\/wp\/v2\/posts\/1515519"}],"collection":[{"href":"https:\/\/staging.varesenews.it\/swgapi\/v1\/wp\/v2\/posts"}],"about":[{"href":"https:\/\/staging.varesenews.it\/swgapi\/v1\/wp\/v2\/types\/post"}],"author":[{"embeddable":true,"href":"https:\/\/staging.varesenews.it\/swgapi\/v1\/wp\/v2\/users\/38"}],"replies":[{"embeddable":true,"href":"https:\/\/staging.varesenews.it\/swgapi\/v1\/wp\/v2\/comments?post=1515519"}],"version-history":[{"count":0,"href":"https:\/\/staging.varesenews.it\/swgapi\/v1\/wp\/v2\/posts\/1515519\/revisions"}],"wp:attachment":[{"href":"https:\/\/staging.varesenews.it\/swgapi\/v1\/wp\/v2\/media?parent=1515519"}],"wp:term":[{"taxonomy":"category","embeddable":true,"href":"https:\/\/staging.varesenews.it\/swgapi\/v1\/wp\/v2\/categories?post=1515519"},{"taxonomy":"post_tag","embeddable":true,"href":"https:\/\/staging.varesenews.it\/swgapi\/v1\/wp\/v2\/tags?post=1515519"}],"curies":[{"name":"wp","href":"https:\/\/api.w.org\/{rel}","templated":true}]}}