{"id":152395,"date":"2010-03-23T00:00:00","date_gmt":"2010-03-23T00:00:00","guid":{"rendered":""},"modified":"2010-03-23T00:00:00","modified_gmt":"2010-03-23T00:00:00","slug":"locarno-e-la-citta-delle-camelie","status":"publish","type":"post","link":"https:\/\/staging.varesenews.it\/2010\/03\/locarno-e-la-citta-delle-camelie\/152395\/","title":{"rendered":"Locarno \u00e8 la citt\u00e0 delle camelie"},"content":{"rendered":"<div><span><font size=\"3\"><img loading=\"lazy\" decoding=\"async\" width=\"200\" height=\"267\" vspace=\"5\" hspace=\"5\" border=\"1\" align=\"left\" alt=\"\" src=\"https:\/\/www3.varesenews.it\/immagini_articoli\/201003\/camellie_somma_lombardo_02.jpg\" \/>Locarno, sulla riva svizzera del Lago Maggiore, &egrave; sempre pi&ugrave; la citt&agrave; delle camelie. Con l&rsquo;arrivo della bella stagione il rito si rinnova:&nbsp;<span>dal&nbsp;<b>24 al 28 marzo 2010&nbsp;<\/b>la citt&agrave; celebra, per il tredicesimo anno, il festival <b>Locarno Camelie<\/b>, un evento organizzata dalla Societ&agrave; Svizzera delle Camelia, in collaborazione con l&rsquo;Ente Turistico Lago Maggiore e la Citt&agrave; di Locarno, il cui debutto risale addirittura alle lontana Festa delle camelie e delle mimose del 1924.<\/span><\/font><\/span><\/div>\n<div><font size=\"3\">&nbsp;<\/font><\/div>\n<div><b><font size=\"3\">L&rsquo;ORIGINALIT&Agrave; DEL FESTIVAL LOCARNESE<\/font><\/b><\/div>\n<div><font size=\"3\">Locarno Camelie &nbsp;<span>&egrave; un omaggio floreale alla primavera. La manifestazione &egrave; da considerarsi la pi&ugrave; importante esposizione europea dedicata a questo meraviglioso fiore di origine orientale, che proprio&nbsp;in questi anni sta conoscendo, grazie alle numerose iniziative promosse&nbsp;<span>&nbsp;&nbsp;anche nella parte italiana del Lago Maggiore, momenti di grande interesse e di studio nei cinque Continenti.<\/span><\/span><\/font><\/div>\n<div><font size=\"3\">&nbsp;<\/font><\/div>\n<div><font size=\"3\">Il festival,&nbsp;che si svolge in quella che si pu&ograve; considerare la sua sede naturale, l&#8217;omonimo Parco delle Camelie di Locarno, attira ogni anno&nbsp;<span>&nbsp;&nbsp;migliaia di appassionati e studiosi dalla Svizzera, dall&rsquo;Italia e da altri paesi d&rsquo;Europa.<\/span><\/font><\/div>\n<div><font size=\"3\">&nbsp;<\/font><\/div>\n<div><font size=\"3\">La particolarit&agrave; della rassegna locarnese &egrave; di abbinare una ricchissima esposizione scientifica&nbsp;<span>&nbsp;&nbsp;di camelie recise con la possibilit&agrave; per il pubblico di visitare l&rsquo;adiacente parco, e dunque di ammirare le camelie nel loro contesto originale.<\/span><\/font><\/div>\n<div><font size=\"3\">&nbsp;<\/font><\/div>\n<div><font size=\"3\">Situato nella parte pi&ugrave; incantevole di Locarno (proprio in riva al lago, in una zona naturalistica di grande pregio,&nbsp;<span>&nbsp;&nbsp;nelle vicinanze del nuovissimo Lido di Locarno), il Parco delle Camelie &egrave; sicuramente uno fra i pi&ugrave; ricchi e vasti del nostro continente. Inaugurato nel 2005, in occasione del Congresso Mondiale della camelie tenutasi in citt&agrave;, e poi ampliato negli anni seguenti, il parco ospita oggi su una superficie di oltre 10&#8217;000 metri quadrati poco meno di mille diverse variet&agrave; di camelie.&nbsp;&nbsp;&nbsp;Due laghetti con giochi d&rsquo;acqua e un nuovo e moderno padiglione didattico contano fra le principali realizzazioni.&nbsp;&nbsp;<\/span><\/font><\/div>\n<div><font size=\"3\">&nbsp;<\/font><\/div>\n<div><b><font size=\"3\">UNA REGIONE DI PARCHI E GIARDINI<\/font><\/b><\/div>\n<div><font size=\"3\">Il Parco delle camelie di Locarno &egrave; solo l&rsquo;ultima realizzazione che permette alla regione di Locarno di profilarsi sempre pi&ugrave; come meta turistica per&nbsp;<span>&nbsp;&nbsp;gli amanti dei giardini, dei fiori e della botanica.<\/span><\/font><\/div>\n<div><font size=\"3\">Esso si affianca a importanti strutture gi&agrave; esistenti come il Parco botanico del Gambarogno (dedicato a camelie e magnolie), il Parco botanico delle Isole di Brissago (dove si pu&ograve; ammirare una lussureggiante vegetazione subtropicale), e il Parco del t&egrave;, con piantagione e laboratorio del t&egrave; verde,&nbsp;<span>&nbsp;&nbsp;realizzato al Monte Verit&agrave; di Ascona (il Monte dell&rsquo;Utopia, tanto amato da filosofi, artisti e naturisti).<\/span><\/font><\/div>\n<div><font size=\"3\">Queste strutture, fra l&rsquo;altro,&nbsp;<span>&nbsp;&nbsp;completano l&rsquo;offerta di parchi e giardini della sponda italiana del lago, che conta su attrazioni come le Isole Borromee e i Giardini di Villa Taranto.<\/span><\/font><\/div>\n<div><b><font size=\"3\">&nbsp;<\/font><\/b><\/div>\n<div><b><font size=\"3\">L&rsquo;ESPOSIZIONE SCIENTIFICA E LE ATTIVIT&Agrave; COLLATERALI<\/font><\/b><\/div>\n<div><font size=\"3\">Di grande interesse botanico, ma anche suggestivamente messa in scena nella cornice di&nbsp;<span>una tensostruttura abbellita da mille decorazioni floreali, la mostra scientifica presenta oltre 300 variet&agrave; di camelie, suddivise in diverse specie (&nbsp;<i>japonica, reticultata&nbsp;<\/i>, ecc), ibridi e cultivar. I fiori provengono da vari parchi della regione.&nbsp;&nbsp;<\/span><\/font><\/div>\n<div>\n<font size=\"3\">Una serie di attivit&agrave; collaterali completeranno l&rsquo;offerta. Segnaliamo fra l&rsquo;altro, lo stand di consulenze del Dottor Camelia (al quale il pubblico potr&agrave; rivolgersi per utili consigli sulla cura delle piante),&nbsp;<\/font><font size=\"3\">una ricca ed originale mostra di bonsai, un&rsquo;&nbsp;esposizione di foto d&#8217;epoca (1928 -1930) dedicata alla vecchia Feste delle Camelie, e una mostra didattica dedicata alla&nbsp;<span>&nbsp;&nbsp;crescita da seme o da talea.<\/span><\/font><\/div>\n<div><font size=\"3\">&nbsp;<\/font><\/div>\n<div><font size=\"3\">Oltre a una sezione dedicata alla vendita di piante&nbsp;<span>&nbsp;&nbsp;e altri prodotti tipici e gadget a tema, la rassegna ospiter&agrave; anche vari stand informativi.&nbsp;&nbsp;&nbsp;Seguendo i dettami della filosofia giapponese, il il Parco del t&egrave; del Monte Verit&agrave; di Ascona proporr&agrave; al pubblico un percorso alla scoperta dell&rsquo; affascinante mondo della cultura del t&egrave;. Fra l&rsquo;altro, proprio il t&egrave; verde prodotto al Monte Verit&agrave; (una vera rarit&agrave;) potr&agrave; essere degustato nel Tea &amp; Coffee House, il punto di ristoro ufficiale del festival.&nbsp;&nbsp;&nbsp;<\/span><\/font><\/div>\n<div><font size=\"3\">&nbsp;<\/font><\/div>\n<div><font size=\"3\">Come sempre, la manifestazione offrir&agrave; anche momenti di intrattenimento e in particolare&nbsp;<span>&nbsp;&nbsp;il<i>Concerto delle camelie&nbsp;<\/i>, che si terr&agrave;&nbsp;nella splendida cornice del salone della Societ&agrave; Elettrica Sopracenerina, in Piazza Grande a Locarno. L&rsquo;appuntamento con la musica da camera&nbsp;&egrave; per giove&nbsp;d&igrave; 25 marzo (entrata 28 franchi;&nbsp;<span>&nbsp;&nbsp;12 franchi per gli studenti).<\/span><\/span><\/font><\/div>\n<div><font size=\"3\">&nbsp;<\/font><\/div>\n<div><b><font size=\"3\">INFORMAZIONI PRATICHE<\/font><\/b><\/div>\n<div><font size=\"3\">Il festival Locarno Camelie si tiene al Parco delle Camelie di Locarno (sul lungolago, in viale Respini),&nbsp;<span>&nbsp;&nbsp;da 24 mercoled&igrave; a domenica 28 marzo 2010.<\/span><\/font><\/div>\n<div><font size=\"3\">&nbsp;<\/font><\/div>\n<div><font size=\"3\">La mostra rimarr&agrave; aperta nei seguenti&nbsp;<i>orari&nbsp;<\/i>: mercoled&igrave; &ndash; domenica dalle ore 9.30 alle ore 18.00.<\/font><\/div>\n<div><font size=\"3\">&nbsp;<\/font><\/div>\n<div><font size=\"3\"><i>Costo del biglietto&nbsp;<\/i>: adulti 10 franchi, pensionati 8 franchi. Sconto del 20% per gruppi di almeno 10 persone. Ingresso gratuito per bambini e ragazzi fino a 16 anni.<\/font><\/div>\n<div><font size=\"3\">&nbsp;<\/font><\/div>\n<div><font size=\"3\">Il Parco delle Camelie &egrave; raggiungibile con&nbsp;<i>servizio autobus FART gratuito&nbsp;<\/i>&ndash; Fermata del bus di fronte alla stazione delle Ferrovie Federali, davanti alla biglietteria FART e in Via della Pace.<\/font><\/div>\n<div><font size=\"3\">&nbsp;<\/font><\/div>\n<div><font size=\"3\"><i>Offerte speciali&nbsp;<\/i>. La pi&ugrave; interessante prevede l&#8217; entrata alla rassegna, la trasferta con un battello della Navigazione Lago Maggiore e la visita alle Isole di Brissago ad un costo di 32 franchi.<\/font><\/div>\n<div><font size=\"3\">&nbsp;<\/font><\/div>\n<div><font size=\"3\">Altri sconti sono offerti sul biglietto della funicolare Locarno-Madonna del Sasso-Orselina (50%) sul biglietto della funivia Orselina &ndash; Cardada e della seggiovia Cardada Cimetta (50%)<\/font><\/div>\n<div><font size=\"3\">&nbsp;<\/font><\/div>\n<div><font size=\"3\">Biglietto combinato con riduzione del 20% da tutte le stazione delle Ferrovie Federali Svizzere.<\/font><\/div>\n<div><font size=\"3\">&nbsp;<\/font><\/div>\n<div><b><font size=\"3\">Per informazioni al pubblico telefonare all&rsquo;Ente Turistico Lago Maggiore<\/font><\/b><\/div>\n<p><span class=\"Apple-style-span\" style=\"font-weight: bold; \">0041 91 791 00 91. Sito Internet&nbsp;<a target=\"_blank\" href=\"http:\/\/www.ascona-locarno.com\/\">www.ascona-locarno.com<\/a><\/span>&nbsp;<\/p>\n","protected":false},"excerpt":{"rendered":"<p>Dal 24 al 28 marzo la citt\u00e0 celebra, per il tredicesimo anno, il festival dedicato al primo fiore di primavera. Tutte le iniziative in programma <\/p>\n","protected":false},"author":10,"featured_media":0,"comment_status":"open","ping_status":"open","sticky":false,"template":"","format":"standard","meta":{"footnotes":""},"categories":[8,46],"tags":[8617,1074,2229],"acf":[],"yoast_head":"<!-- This site is optimized with the Yoast SEO plugin v20.1 - https:\/\/yoast.com\/wordpress\/plugins\/seo\/ -->\n<title>Locarno \u00e8 la citt\u00e0 delle camelie<\/title>\n<meta name=\"description\" content=\"Dal 24 al 28 marzo la citt\u00e0 celebra, per il tredicesimo anno, il festival dedicato al primo fiore di primavera. Tutte le iniziative in programma\" \/>\n<meta name=\"robots\" content=\"noindex, follow, max-snippet:-1, max-image-preview:large, max-video-preview:-1\" \/>\n<meta property=\"og:locale\" content=\"it_IT\" \/>\n<meta property=\"og:type\" content=\"article\" \/>\n<meta property=\"og:title\" content=\"Locarno \u00e8 la citt\u00e0 delle camelie\" \/>\n<meta property=\"og:description\" content=\"Dal 24 al 28 marzo la citt\u00e0 celebra, per il tredicesimo anno, il festival dedicato al primo fiore di primavera. Tutte le iniziative in programma\" \/>\n<meta property=\"og:url\" content=\"https:\/\/staging.varesenews.it\/2010\/03\/locarno-e-la-citta-delle-camelie\/152395\/\" \/>\n<meta property=\"og:site_name\" content=\"VareseNews\" \/>\n<meta property=\"article:publisher\" content=\"https:\/\/www.facebook.com\/varesenews\" \/>\n<meta property=\"article:published_time\" content=\"2010-03-23T00:00:00+00:00\" \/>\n<meta property=\"og:image\" content=\"https:\/\/www3.varesenews.it\/immagini_articoli\/201003\/camellie_somma_lombardo_02.jpg\" \/>\n<meta name=\"author\" content=\"Redazione VareseNews\" \/>\n<meta name=\"twitter:card\" content=\"summary_large_image\" \/>\n<meta name=\"twitter:creator\" content=\"@varesenews\" \/>\n<meta name=\"twitter:site\" content=\"@varesenews\" \/>\n<meta name=\"twitter:label1\" content=\"Scritto da\" \/>\n\t<meta name=\"twitter:data1\" content=\"Redazione VareseNews\" \/>\n\t<meta name=\"twitter:label2\" content=\"Tempo di lettura stimato\" \/>\n\t<meta name=\"twitter:data2\" content=\"5 minuti\" \/>\n<script type=\"application\/ld+json\" class=\"yoast-schema-graph\">{\"@context\":\"https:\/\/schema.org\",\"@graph\":[{\"@type\":\"WebPage\",\"@id\":\"https:\/\/staging.varesenews.it\/2010\/03\/locarno-e-la-citta-delle-camelie\/152395\/\",\"url\":\"https:\/\/staging.varesenews.it\/2010\/03\/locarno-e-la-citta-delle-camelie\/152395\/\",\"name\":\"Locarno \u00e8 la citt\u00e0 delle camelie\",\"isPartOf\":{\"@id\":\"https:\/\/staging.varesenews.it\/#website\"},\"datePublished\":\"2010-03-23T00:00:00+00:00\",\"dateModified\":\"2010-03-23T00:00:00+00:00\",\"author\":{\"@id\":\"https:\/\/staging.varesenews.it\/#\/schema\/person\/fb20c4da0b7b16c291707a20db73e169\"},\"description\":\"Dal 24 al 28 marzo la citt\u00e0 celebra, per il tredicesimo anno, il festival dedicato al primo fiore di primavera. Tutte le iniziative in programma\",\"breadcrumb\":{\"@id\":\"https:\/\/staging.varesenews.it\/2010\/03\/locarno-e-la-citta-delle-camelie\/152395\/#breadcrumb\"},\"inLanguage\":\"it-IT\",\"potentialAction\":[{\"@type\":\"ReadAction\",\"target\":[\"https:\/\/staging.varesenews.it\/2010\/03\/locarno-e-la-citta-delle-camelie\/152395\/\"]}]},{\"@type\":\"BreadcrumbList\",\"@id\":\"https:\/\/staging.varesenews.it\/2010\/03\/locarno-e-la-citta-delle-camelie\/152395\/#breadcrumb\",\"itemListElement\":[{\"@type\":\"ListItem\",\"position\":1,\"name\":\"Home\",\"item\":\"https:\/\/www.varesenews.it\/\"},{\"@type\":\"ListItem\",\"position\":2,\"name\":\"Locarno \u00e8 la citt\u00e0 delle camelie\"}]},{\"@type\":\"WebSite\",\"@id\":\"https:\/\/staging.varesenews.it\/#website\",\"url\":\"https:\/\/staging.varesenews.it\/\",\"name\":\"VareseNews\",\"description\":\"\",\"potentialAction\":[{\"@type\":\"SearchAction\",\"target\":{\"@type\":\"EntryPoint\",\"urlTemplate\":\"https:\/\/staging.varesenews.it\/?s={search_term_string}\"},\"query-input\":\"required name=search_term_string\"}],\"inLanguage\":\"it-IT\"},{\"@type\":\"Person\",\"@id\":\"https:\/\/staging.varesenews.it\/#\/schema\/person\/fb20c4da0b7b16c291707a20db73e169\",\"name\":\"Redazione VareseNews\",\"image\":{\"@type\":\"ImageObject\",\"inLanguage\":\"it-IT\",\"@id\":\"https:\/\/staging.varesenews.it\/#\/schema\/person\/image\/\",\"url\":\"https:\/\/staging.varesenews.it\/wp-content\/uploads\/2020\/12\/logo_VN_colori_500.png\",\"contentUrl\":\"https:\/\/staging.varesenews.it\/wp-content\/uploads\/2020\/12\/logo_VN_colori_500.png\",\"caption\":\"Redazione VareseNews\"},\"url\":\"https:\/\/staging.varesenews.it\/persona\/redazione1\/\"}]}<\/script>\n<!-- \/ Yoast SEO plugin. -->","yoast_head_json":{"title":"Locarno \u00e8 la citt\u00e0 delle camelie","description":"Dal 24 al 28 marzo la citt\u00e0 celebra, per il tredicesimo anno, il festival dedicato al primo fiore di primavera. Tutte le iniziative in programma","robots":{"index":"noindex","follow":"follow","max-snippet":"max-snippet:-1","max-image-preview":"max-image-preview:large","max-video-preview":"max-video-preview:-1"},"og_locale":"it_IT","og_type":"article","og_title":"Locarno \u00e8 la citt\u00e0 delle camelie","og_description":"Dal 24 al 28 marzo la citt\u00e0 celebra, per il tredicesimo anno, il festival dedicato al primo fiore di primavera. Tutte le iniziative in programma","og_url":"https:\/\/staging.varesenews.it\/2010\/03\/locarno-e-la-citta-delle-camelie\/152395\/","og_site_name":"VareseNews","article_publisher":"https:\/\/www.facebook.com\/varesenews","article_published_time":"2010-03-23T00:00:00+00:00","og_image":[{"url":"https:\/\/www3.varesenews.it\/immagini_articoli\/201003\/camellie_somma_lombardo_02.jpg"}],"author":"Redazione VareseNews","twitter_card":"summary_large_image","twitter_creator":"@varesenews","twitter_site":"@varesenews","twitter_misc":{"Scritto da":"Redazione VareseNews","Tempo di lettura stimato":"5 minuti"},"schema":{"@context":"https:\/\/schema.org","@graph":[{"@type":"WebPage","@id":"https:\/\/staging.varesenews.it\/2010\/03\/locarno-e-la-citta-delle-camelie\/152395\/","url":"https:\/\/staging.varesenews.it\/2010\/03\/locarno-e-la-citta-delle-camelie\/152395\/","name":"Locarno \u00e8 la citt\u00e0 delle camelie","isPartOf":{"@id":"https:\/\/staging.varesenews.it\/#website"},"datePublished":"2010-03-23T00:00:00+00:00","dateModified":"2010-03-23T00:00:00+00:00","author":{"@id":"https:\/\/staging.varesenews.it\/#\/schema\/person\/fb20c4da0b7b16c291707a20db73e169"},"description":"Dal 24 al 28 marzo la citt\u00e0 celebra, per il tredicesimo anno, il festival dedicato al primo fiore di primavera. Tutte le iniziative in programma","breadcrumb":{"@id":"https:\/\/staging.varesenews.it\/2010\/03\/locarno-e-la-citta-delle-camelie\/152395\/#breadcrumb"},"inLanguage":"it-IT","potentialAction":[{"@type":"ReadAction","target":["https:\/\/staging.varesenews.it\/2010\/03\/locarno-e-la-citta-delle-camelie\/152395\/"]}]},{"@type":"BreadcrumbList","@id":"https:\/\/staging.varesenews.it\/2010\/03\/locarno-e-la-citta-delle-camelie\/152395\/#breadcrumb","itemListElement":[{"@type":"ListItem","position":1,"name":"Home","item":"https:\/\/www.varesenews.it\/"},{"@type":"ListItem","position":2,"name":"Locarno \u00e8 la citt\u00e0 delle camelie"}]},{"@type":"WebSite","@id":"https:\/\/staging.varesenews.it\/#website","url":"https:\/\/staging.varesenews.it\/","name":"VareseNews","description":"","potentialAction":[{"@type":"SearchAction","target":{"@type":"EntryPoint","urlTemplate":"https:\/\/staging.varesenews.it\/?s={search_term_string}"},"query-input":"required name=search_term_string"}],"inLanguage":"it-IT"},{"@type":"Person","@id":"https:\/\/staging.varesenews.it\/#\/schema\/person\/fb20c4da0b7b16c291707a20db73e169","name":"Redazione VareseNews","image":{"@type":"ImageObject","inLanguage":"it-IT","@id":"https:\/\/staging.varesenews.it\/#\/schema\/person\/image\/","url":"https:\/\/staging.varesenews.it\/wp-content\/uploads\/2020\/12\/logo_VN_colori_500.png","contentUrl":"https:\/\/staging.varesenews.it\/wp-content\/uploads\/2020\/12\/logo_VN_colori_500.png","caption":"Redazione VareseNews"},"url":"https:\/\/staging.varesenews.it\/persona\/redazione1\/"}]}},"post_meta":{"id_old":"168394","argomento":"Svizzera"},"photos":[],"_links":{"self":[{"href":"https:\/\/staging.varesenews.it\/swgapi\/v1\/wp\/v2\/posts\/152395"}],"collection":[{"href":"https:\/\/staging.varesenews.it\/swgapi\/v1\/wp\/v2\/posts"}],"about":[{"href":"https:\/\/staging.varesenews.it\/swgapi\/v1\/wp\/v2\/types\/post"}],"author":[{"embeddable":true,"href":"https:\/\/staging.varesenews.it\/swgapi\/v1\/wp\/v2\/users\/10"}],"replies":[{"embeddable":true,"href":"https:\/\/staging.varesenews.it\/swgapi\/v1\/wp\/v2\/comments?post=152395"}],"version-history":[{"count":0,"href":"https:\/\/staging.varesenews.it\/swgapi\/v1\/wp\/v2\/posts\/152395\/revisions"}],"wp:attachment":[{"href":"https:\/\/staging.varesenews.it\/swgapi\/v1\/wp\/v2\/media?parent=152395"}],"wp:term":[{"taxonomy":"category","embeddable":true,"href":"https:\/\/staging.varesenews.it\/swgapi\/v1\/wp\/v2\/categories?post=152395"},{"taxonomy":"post_tag","embeddable":true,"href":"https:\/\/staging.varesenews.it\/swgapi\/v1\/wp\/v2\/tags?post=152395"}],"curies":[{"name":"wp","href":"https:\/\/api.w.org\/{rel}","templated":true}]}}