{"id":1530602,"date":"2022-12-16T18:05:21","date_gmt":"2022-12-16T17:05:21","guid":{"rendered":"https:\/\/www.varesenews.it\/?p=1530602"},"modified":"2022-12-16T18:05:21","modified_gmt":"2022-12-16T17:05:21","slug":"giardino-dincanto-discutere-varesini","status":"publish","type":"post","link":"https:\/\/staging.varesenews.it\/2022\/12\/giardino-dincanto-discutere-varesini\/1530602\/","title":{"rendered":"Il giardino d\u2019Incanto fa discutere i varesini"},"content":{"rendered":"<p>Il giardino d\u2019Incanto, l&#8217;insieme di installazioni di luci e videoproiezioni accese dall&#8217;8 dicembre ai Giardini estensi di Varese, fa discutere i varesini: da quando sono state accese, le luminarie ideate dallo studio Festi hanno fatto parlare molto i varesini, fin da questa prima settimana di presenza.<\/p>\n<h3 id=\"LE \u201cCRITICHE ECCELLENTI\u201d\">LE \u201cCRITICHE ECCELLENTI\u201d<\/h3>\n<p>Il pur scenografico &#8220;giardino d&#8217;incanto&#8221; ha\u00a0 infatti suscitato diverse critiche, anche eccellenti: tra le principali voci in questo senso ci sono quelle dell&#8217;ex vicesindaco &#8211; e agronomo &#8211;\u00a0<strong>Daniele Zanzi<\/strong> che ha innanzitutto criticato il fatto che si tratti di luci che non valorizzano i Giardini Estensi ma nascondono la loro magnificenza, ha messo in dubbio l'&#8221;ispirazione Estense&#8221; iniziale, che vedeva l&#8217;idea del tunnel di luci risalire a un matrimonio Estense, e ha infine\u00a0segnalato le possibili conseguenze future al\u00a0 patrimonio storico dei giardini, con la scelta di\u00a0non svuotare la fontana settecentesca per permettere alle lucine di riflettersi nelle acque. \u00abTutto lo specchio oggi sta ghiacciando &#8211; afferma &#8211; e ci\u00f2 esporr\u00e0 la struttura alla rottura delle impermeabilizzazioni\u00bb.<\/p>\n<p>Altra voce critica \u00e8 quella di <strong>Mauro Gregori<\/strong>, gi\u00e0 candidato alle elezioni con Volt-Radicali, che ha denunciato \u00abPoca accortezza nel creare una galleria di luminarie all\u2019interno dei Giardini Estensi.\u00a0Si e\u2019 pensato &#8211; ha spiegato &#8211;\u00a0Di trasportare cio\u2019 che viene utilizzato altrove non di certo per illuminare giardini storici, all\u2019interno di una realt\u00e0 che meriterebbe rispetto e capacita\u2019 di rendere l\u2019ambiente incantato ed allo stesso tempo spettacolare.\u00a0 Invece lo sguardo si concentra sul camminamento centrale ed arriva solo fino alla fontana, il resto dei giardini scompare al cospetto di cotante luminarie. Belle\u2026 ci mancherebbe. Ma nulla a che vedere con la valorizzazione dei Giardini Estensi di Varese\u00bb.<\/p>\n<p>Ne parla anche l&#8217;ex consigliere comunale\u00a0<strong>Agostino de Troia<\/strong>, pugliese di nascita, che commenta ironico: \u00abOgni anno per la festa del patrono del mio paese, che cade il 15 agosto, cerco sempre di esserci anche per godermi tutta la citt\u00e0 illuminata da luminarie molto simili, anzi uguali, a quelle viste ieri ai giardini estensi, pertanto ho gi\u00e0 deciso che il prossimo 15 agosto sar\u00f2 a Las Palmas perch\u00e9 le luminarie del mio paese le ho gi\u00e0 viste a Varese\u00bb.<\/p>\n<p>Altre critiche sono di tipo pi\u00f9 squisitamente culturale. La spiegazione che le installazioni luminose sono ispirate dal \u2018<b>Magnifico Apparato\u2019<\/b> costruito dai <b>Duchi estensi a Modena<\/b>, in occasione delle nozze di Francesco d\u2019Este e Lucrezia Barberini,\u00a0 desta perplessit\u00e0 allo storico varesino <strong>Matteo Bollini<\/strong>, secondo ci\u00f2 che scrive sui social: \u00abHo ritrovato la descrizione delle \u201callegrezze\u201d in occasione delle nozze di Francesco d\u2019Este e Lucrezia Barberini, cui si sarebbero ispirati gli ideatori delle luminarie natalizie ai giardini estensi di Varese (<a href=\"https:\/\/babel.hathitrust.org\/cgi\/pt?id=gri.ark:\/13960\/t23b6jm34&amp;view=2up&amp;seq=4\">Bollini fornisce il link alla copia digitale del libro, ndr<\/a>). Non riesco a ritrovarmi, rispetto ai dettagli forniti dalle testate varesine. Non vorrei dire, ma secondo me siete stati gabbati. In ogni modo, tutta la struttura narrativa della festa fu a carico della Comunit\u00e0, che vi spese ben 35.101 ducati\u00bb.<\/p>\n<p>Per molti il problema invece \u00e8 lo <strong>spreco energetico<\/strong>: un tale sfarzo di luci non pu\u00f2 che essere il risultato di una spesa immensa. A questo per\u00f2 <strong>proveremo subito a dare una risposta<\/strong>.<\/p>\n<h3 id=\"I COSTI\">I &#8220;CONTI IN TASCA&#8221; AL GIARDINO D&#8217;INCANTO<\/h3>\n<p>Se la voce &#8220;costi&#8221; \u00e8 una delle pi\u00f9 criticate, ma anche una di quelle pi\u00f9 ballerine, vediamo dunque di provare a chiarire qualche numero. Innanzitutto, <strong>il costo degli archi di luce ai Giardini \u00e8 di 100mila euro<\/strong>: la stessa spesa che \u00e8 stata effettuata per l&#8217;affitto delle luci dell\u2019anno scorso. Cos\u00ec ha spiegato<strong> Ivana Perusin<\/strong> nella commissione che ha spiegato le voci di spesa del Natale, e cos\u00ec ci ha confermato pochi giorni fa, aggiungendo \u00ab<strong>I 100mila euro di costo erano la tariffa dell&#8217;anno scorso<\/strong> per le luci che avevamo: <strong>quest&#8217;anno\u00a0lo stesso allestimento sarebbe costato almeno il 40% in pi\u00f9<\/strong>\u00bb.<\/p>\n<p>Ad esse per\u00f2 va aggiunto il <strong>costo del videomapping, che \u00e8 di 70mila euro<\/strong>, che per\u00f2 pare abbia anche delle sponsorizzazioni che ne abbassano la spesa effettiva: \u00abIl video mapping parzialmente sar\u00e0 sponsorizzato, ma non abbiamo ancora le cifre finali\u00bb ci ha detto infatti l&#8217;assessore.<\/p>\n<p><strong>I 200mila euro di spesa per le luci di Natale in comune vengono raggiunti dalle luci nelle vie<\/strong>, che costano 30mila euro: 15mila euro in meno del 2021, anno in cui ne sono costate circa 45mila.<\/p>\n<p>Interessante invece il <strong>dato del consumo delle luci<\/strong>: \u00abPer tutta l&#8217;installazione, cio\u00e8 archi pi\u00f9 videomapping, \u00e8 stato utilizzato un <strong>contatore da 9 kilowattora<\/strong>. Il consumo effettivo \u00e8 per\u00f2\u00a0 di <strong>8.8 kwh<\/strong>\u00bb. Ai costi attuali (una media di 0,50 euro al KWH, secondo le tariffe di dicembre 2022) si tratterebbe di una spesa di <strong>4,4 euro all&#8217;ora che, moltiplicato per le 5 ore di media in cui resta acceso tutto l&#8217;apparato, risulta essere di circa 22 euro al giorno<\/strong>.<\/p>\n<h3 id=\"\u201cPER ME \u00c8 SI\u201d\">\u201cPER ME \u00c8 SI\u201d<\/h3>\n<p>Non tutti per\u00f2 sono critici: in primis, i commercianti, che parlano gi\u00e0 di &#8220;annata buona&#8221;per le presenze a Varese in questi giorni di spese prenatalizie.<\/p>\n<p>Ma anche\u00a0navigando tra i famigerati social: e se molti si limitano a mettere migliaia di &#8220;mi piace&#8221; alle foto che stanno circolando in questi giorni, alcuni per\u00f2 argomentano molto di pi\u00f9 la questione, come l&#8217;ex varesino\u00a0<strong>Marco Cerini<\/strong> su facebook.\u00a0 \u00abLo dico subito: PER ME \u00c8\u2026SI\u2026non voglio fare il \u201cgiudice\u201d ma anche se non sto pi\u00f9 a Varese \u00e8 la mia citt\u00e0 natale e mi \u00e8 piaciuto questo inedito spettacolo grandioso di luci. Ho letto molte polemiche, a chi piace a chi no. Ci sta. Ma due riflessioni le faccio. Se volevano portare tanta gente a Varese in centro e far felici i commercianti ci sono riusciti. Se volevano provocare un ooooh di stupore in tanti ci sono riusciti. Non sar\u00e0 in tema natalizio solito? Sicuramente\u2026ma forse Varese sta cominciando a capire che se non vuole vivere di ricordi, rendite degli anni d\u2019oro ed essere una citt\u00e0 dormitorio deve scuotersi e trovare forme di attrattivit\u00e0. Il grande turismo \u00e8 stata una vocazione della Varese di un secolo e oltre fa e se guardiamo allo stile della bella epoque ci troviamo l\u2019ardire di certe forme. C\u2019\u00e8 anche un po\u2019 di esotico \u00e8 vero, qualcuno dice di meridionale, io ci ho visto un misto indo-mex. E quindi? \u00c8 una installazione temporanea non definitiva. Nei giardini si mette l\u2019arte di ogni tipo e per me Studio Festi ha fatto un\u2019opera artistica, ovvero che ti emoziona e ti lascia un ooooh nello sguardo\u2026 e di oooh ne ho visti tanti. Per me \u00e8\u2026Si\u00bb<\/p>\n","protected":false},"excerpt":{"rendered":"<p>Da quando sono state accese, le luminarie ideate dallo studio Festi hanno fatto parlare molto i varesini: ecco le principali critiche e le spese delle installazioni<\/p>\n","protected":false},"author":48,"featured_media":0,"comment_status":"open","ping_status":"open","sticky":false,"template":"","format":"standard","meta":{"footnotes":""},"categories":[26,2],"tags":[1272],"acf":[],"yoast_head":"<!-- This site is optimized with the Yoast SEO plugin v20.1 - https:\/\/yoast.com\/wordpress\/plugins\/seo\/ -->\n<title>Il giardino d\u2019Incanto fa discutere i varesini<\/title>\n<meta name=\"description\" content=\"Da quando sono state accese, le luminarie ideate dallo studio Festi hanno fatto parlare molto i varesini: ecco le principali critiche e le spese delle installazioni\" \/>\n<meta name=\"robots\" content=\"noindex, follow, max-snippet:-1, max-image-preview:large, max-video-preview:-1\" \/>\n<meta property=\"og:locale\" content=\"it_IT\" \/>\n<meta property=\"og:type\" content=\"article\" \/>\n<meta property=\"og:title\" content=\"Il giardino d\u2019Incanto fa discutere i varesini\" \/>\n<meta property=\"og:description\" content=\"Da quando sono state accese, le luminarie ideate dallo studio Festi hanno fatto parlare molto i varesini: ecco le principali critiche e le spese delle installazioni\" \/>\n<meta property=\"og:url\" content=\"https:\/\/www.varesenews.it\/2022\/12\/giardino-dincanto-discutere-varesini\/1530602\/\" \/>\n<meta property=\"og:site_name\" content=\"VareseNews\" \/>\n<meta property=\"article:publisher\" content=\"https:\/\/www.facebook.com\/varesenews\" \/>\n<meta property=\"article:author\" content=\"https:\/\/www.facebook.com\/stefaniaradman\" \/>\n<meta property=\"article:published_time\" content=\"2022-12-16T17:05:21+00:00\" \/>\n<meta name=\"author\" content=\"Stefania Radman\" \/>\n<meta name=\"twitter:card\" content=\"summary_large_image\" \/>\n<meta name=\"twitter:creator\" content=\"@LaRadman\" \/>\n<meta name=\"twitter:site\" content=\"@varesenews\" \/>\n<meta name=\"twitter:label1\" content=\"Scritto da\" \/>\n\t<meta name=\"twitter:data1\" content=\"Stefania Radman\" \/>\n\t<meta name=\"twitter:label2\" content=\"Tempo di lettura stimato\" \/>\n\t<meta name=\"twitter:data2\" content=\"5 minuti\" \/>\n<script type=\"application\/ld+json\" class=\"yoast-schema-graph\">{\"@context\":\"https:\/\/schema.org\",\"@graph\":[{\"@type\":\"WebPage\",\"@id\":\"https:\/\/www.varesenews.it\/2022\/12\/giardino-dincanto-discutere-varesini\/1530602\/\",\"url\":\"https:\/\/www.varesenews.it\/2022\/12\/giardino-dincanto-discutere-varesini\/1530602\/\",\"name\":\"Il giardino d\u2019Incanto fa discutere i varesini\",\"isPartOf\":{\"@id\":\"https:\/\/staging.varesenews.it\/#website\"},\"datePublished\":\"2022-12-16T17:05:21+00:00\",\"dateModified\":\"2022-12-16T17:05:21+00:00\",\"author\":{\"@id\":\"https:\/\/staging.varesenews.it\/#\/schema\/person\/995d2e6a31c67237a9a1bc1f0079f3aa\"},\"description\":\"Da quando sono state accese, le luminarie ideate dallo studio Festi hanno fatto parlare molto i varesini: ecco le principali critiche e le spese delle installazioni\",\"breadcrumb\":{\"@id\":\"https:\/\/www.varesenews.it\/2022\/12\/giardino-dincanto-discutere-varesini\/1530602\/#breadcrumb\"},\"inLanguage\":\"it-IT\",\"potentialAction\":[{\"@type\":\"ReadAction\",\"target\":[\"https:\/\/www.varesenews.it\/2022\/12\/giardino-dincanto-discutere-varesini\/1530602\/\"]}]},{\"@type\":\"BreadcrumbList\",\"@id\":\"https:\/\/www.varesenews.it\/2022\/12\/giardino-dincanto-discutere-varesini\/1530602\/#breadcrumb\",\"itemListElement\":[{\"@type\":\"ListItem\",\"position\":1,\"name\":\"Home\",\"item\":\"https:\/\/www.varesenews.it\/\"},{\"@type\":\"ListItem\",\"position\":2,\"name\":\"Il giardino d\u2019Incanto fa discutere i varesini\"}]},{\"@type\":\"WebSite\",\"@id\":\"https:\/\/staging.varesenews.it\/#website\",\"url\":\"https:\/\/staging.varesenews.it\/\",\"name\":\"VareseNews\",\"description\":\"\",\"potentialAction\":[{\"@type\":\"SearchAction\",\"target\":{\"@type\":\"EntryPoint\",\"urlTemplate\":\"https:\/\/staging.varesenews.it\/?s={search_term_string}\"},\"query-input\":\"required name=search_term_string\"}],\"inLanguage\":\"it-IT\"},{\"@type\":\"Person\",\"@id\":\"https:\/\/staging.varesenews.it\/#\/schema\/person\/995d2e6a31c67237a9a1bc1f0079f3aa\",\"name\":\"Stefania Radman\",\"image\":{\"@type\":\"ImageObject\",\"inLanguage\":\"it-IT\",\"@id\":\"https:\/\/staging.varesenews.it\/#\/schema\/person\/image\/\",\"url\":\"https:\/\/staging.varesenews.it\/wp-content\/uploads\/2020\/12\/stefania_radman_colori_500.jpg\",\"contentUrl\":\"https:\/\/staging.varesenews.it\/wp-content\/uploads\/2020\/12\/stefania_radman_colori_500.jpg\",\"caption\":\"Stefania Radman\"},\"description\":\"Varesina dal 1991, lavoro dal 2000 per Varesenews.it, prima come responsabile della pagina dell&rsquo;economia, poi della pagina life, ora della citt&agrave; di Varese.Ma sono (e sono stata) anche altro: per esempio, agli albori delle radio private ero dj in una radio milanese, Onda Radio. Da 20 anni sono corrispondente da Varese di Radio Popolare e ho collaborato con Espresso, Repubblica, Diario della Settimana, Italia Oggi. &ldquo;Smanettona&rdquo; da sempre, ho aperto il mio primo sito personale con Geocities nei primi anni novanta (chi se lo ricorda?) e i miei primi blog in Splinder all&rsquo;inizio del 2000. Ora sono sui social: qui quasi sempre sono semplicemente \\\"LaRadman&rdquo;.\",\"sameAs\":[\"http:\/\/laradman.blogspot.it\",\"https:\/\/www.facebook.com\/stefaniaradman\",\"@LaRadman\",\"https:\/\/www.linkedin.com\/in\/stefaniaradman\",\"https:\/\/twitter.com\/LaRadman\"],\"url\":\"https:\/\/staging.varesenews.it\/persona\/stefania-radman1\/\"}]}<\/script>\n<!-- \/ Yoast SEO plugin. -->","yoast_head_json":{"title":"Il giardino d\u2019Incanto fa discutere i varesini","description":"Da quando sono state accese, le luminarie ideate dallo studio Festi hanno fatto parlare molto i varesini: ecco le principali critiche e le spese delle installazioni","robots":{"index":"noindex","follow":"follow","max-snippet":"max-snippet:-1","max-image-preview":"max-image-preview:large","max-video-preview":"max-video-preview:-1"},"og_locale":"it_IT","og_type":"article","og_title":"Il giardino d\u2019Incanto fa discutere i varesini","og_description":"Da quando sono state accese, le luminarie ideate dallo studio Festi hanno fatto parlare molto i varesini: ecco le principali critiche e le spese delle installazioni","og_url":"https:\/\/www.varesenews.it\/2022\/12\/giardino-dincanto-discutere-varesini\/1530602\/","og_site_name":"VareseNews","article_publisher":"https:\/\/www.facebook.com\/varesenews","article_author":"https:\/\/www.facebook.com\/stefaniaradman","article_published_time":"2022-12-16T17:05:21+00:00","author":"Stefania Radman","twitter_card":"summary_large_image","twitter_creator":"@LaRadman","twitter_site":"@varesenews","twitter_misc":{"Scritto da":"Stefania Radman","Tempo di lettura stimato":"5 minuti"},"schema":{"@context":"https:\/\/schema.org","@graph":[{"@type":"WebPage","@id":"https:\/\/www.varesenews.it\/2022\/12\/giardino-dincanto-discutere-varesini\/1530602\/","url":"https:\/\/www.varesenews.it\/2022\/12\/giardino-dincanto-discutere-varesini\/1530602\/","name":"Il giardino d\u2019Incanto fa discutere i varesini","isPartOf":{"@id":"https:\/\/staging.varesenews.it\/#website"},"datePublished":"2022-12-16T17:05:21+00:00","dateModified":"2022-12-16T17:05:21+00:00","author":{"@id":"https:\/\/staging.varesenews.it\/#\/schema\/person\/995d2e6a31c67237a9a1bc1f0079f3aa"},"description":"Da quando sono state accese, le luminarie ideate dallo studio Festi hanno fatto parlare molto i varesini: ecco le principali critiche e le spese delle installazioni","breadcrumb":{"@id":"https:\/\/www.varesenews.it\/2022\/12\/giardino-dincanto-discutere-varesini\/1530602\/#breadcrumb"},"inLanguage":"it-IT","potentialAction":[{"@type":"ReadAction","target":["https:\/\/www.varesenews.it\/2022\/12\/giardino-dincanto-discutere-varesini\/1530602\/"]}]},{"@type":"BreadcrumbList","@id":"https:\/\/www.varesenews.it\/2022\/12\/giardino-dincanto-discutere-varesini\/1530602\/#breadcrumb","itemListElement":[{"@type":"ListItem","position":1,"name":"Home","item":"https:\/\/www.varesenews.it\/"},{"@type":"ListItem","position":2,"name":"Il giardino d\u2019Incanto fa discutere i varesini"}]},{"@type":"WebSite","@id":"https:\/\/staging.varesenews.it\/#website","url":"https:\/\/staging.varesenews.it\/","name":"VareseNews","description":"","potentialAction":[{"@type":"SearchAction","target":{"@type":"EntryPoint","urlTemplate":"https:\/\/staging.varesenews.it\/?s={search_term_string}"},"query-input":"required name=search_term_string"}],"inLanguage":"it-IT"},{"@type":"Person","@id":"https:\/\/staging.varesenews.it\/#\/schema\/person\/995d2e6a31c67237a9a1bc1f0079f3aa","name":"Stefania Radman","image":{"@type":"ImageObject","inLanguage":"it-IT","@id":"https:\/\/staging.varesenews.it\/#\/schema\/person\/image\/","url":"https:\/\/staging.varesenews.it\/wp-content\/uploads\/2020\/12\/stefania_radman_colori_500.jpg","contentUrl":"https:\/\/staging.varesenews.it\/wp-content\/uploads\/2020\/12\/stefania_radman_colori_500.jpg","caption":"Stefania Radman"},"description":"Varesina dal 1991, lavoro dal 2000 per Varesenews.it, prima come responsabile della pagina dell&rsquo;economia, poi della pagina life, ora della citt&agrave; di Varese.Ma sono (e sono stata) anche altro: per esempio, agli albori delle radio private ero dj in una radio milanese, Onda Radio. Da 20 anni sono corrispondente da Varese di Radio Popolare e ho collaborato con Espresso, Repubblica, Diario della Settimana, Italia Oggi. &ldquo;Smanettona&rdquo; da sempre, ho aperto il mio primo sito personale con Geocities nei primi anni novanta (chi se lo ricorda?) e i miei primi blog in Splinder all&rsquo;inizio del 2000. Ora sono sui social: qui quasi sempre sono semplicemente \"LaRadman&rdquo;.","sameAs":["http:\/\/laradman.blogspot.it","https:\/\/www.facebook.com\/stefaniaradman","@LaRadman","https:\/\/www.linkedin.com\/in\/stefaniaradman","https:\/\/twitter.com\/LaRadman"],"url":"https:\/\/staging.varesenews.it\/persona\/stefania-radman1\/"}]}},"post_meta":{"content-image-gallery":"","_edit_lock":"1671210215:48","_edit_last":"48","_category_permalink":"a:1:{s:8:\"category\";s:1:\"2\";}","argomento":"Varese","_yoast_wpseo_focuskw_text_input":"il giardino d'incanto","_yoast_wpseo_focuskw":"il giardino d'incanto","_yoast_wpseo_linkdex":"61","_yoast_wpseo_content_score":"30","_jd_tweet_this":"yes","foto":"1358555","_encloseme":"1","ratings_users":"0","ratings_score":"0","ratings_average":"0","_wpt_short_url":"https:\/\/www.varesenews.it\/2022\/12\/giardino-dincanto-discutere-varesini\/1530602\/","_wp_jd_target":"https:\/\/www.varesenews.it\/2022\/12\/giardino-dincanto-discutere-varesini\/1530602\/","_jd_wp_twitter":"a:1:{i:0;s:143:\"Il giardino d\u2019Incanto fa discutere i varesini https:\/\/www.varesenews.it\/2022\/12\/giardino-dincanto-discutere-varesini\/1530602\/ #comunedivarese\";}","_wpt_status_message":"Tweet inviato con successo.","_oembed_9e0805beae5cd2f0d11bf34035ccfeb9":"<blockquote class=\"wp-embedded-content\" data-secret=\"hKgKm6RMkv\"><a href=\"https:\/\/www.varesenews.it\/2022\/11\/la-societa-francesca-schiavone-pole-position-gestire-tennis-club-le-bettole-varese\/1520338\/\">La societ\u00e0 di Francesca Schiavone in pole position per gestire il Tennis Club Le Bettole di Varese<\/a><\/blockquote><iframe class=\"wp-embedded-content\" sandbox=\"allow-scripts\" security=\"restricted\" style=\"position: absolute; clip: rect(1px, 1px, 1px, 1px);\" src=\"https:\/\/www.varesenews.it\/2022\/11\/la-societa-francesca-schiavone-pole-position-gestire-tennis-club-le-bettole-varese\/1520338\/embed\/#?secret=hKgKm6RMkv\" data-secret=\"hKgKm6RMkv\" width=\"500\" height=\"282\" title=\"&#8220;La societ\u00e0 di Francesca Schiavone in pole position per gestire il Tennis Club Le Bettole di Varese&#8221; &#8212; VareseNews\" frameborder=\"0\" marginwidth=\"0\" marginheight=\"0\" scrolling=\"no\"><\/iframe>","_oembed_time_9e0805beae5cd2f0d11bf34035ccfeb9":"1671210388","id_leggi_anche":"1539418"},"photos":[{"original":"https:\/\/staging.varesenews.it\/photogallery_new\/images\/2022\/12\/luci-giardini-estenso-varese-1358555.jpg","full":"https:\/\/staging.varesenews.it\/photogallery_new\/images\/2022\/12\/luci-giardini-estenso-varese-1358555.1024x768.jpg","large":"https:\/\/staging.varesenews.it\/photogallery_new\/images\/2022\/12\/luci-giardini-estenso-varese-1358555.610x431.jpg"}],"_links":{"self":[{"href":"https:\/\/staging.varesenews.it\/swgapi\/v1\/wp\/v2\/posts\/1530602"}],"collection":[{"href":"https:\/\/staging.varesenews.it\/swgapi\/v1\/wp\/v2\/posts"}],"about":[{"href":"https:\/\/staging.varesenews.it\/swgapi\/v1\/wp\/v2\/types\/post"}],"author":[{"embeddable":true,"href":"https:\/\/staging.varesenews.it\/swgapi\/v1\/wp\/v2\/users\/48"}],"replies":[{"embeddable":true,"href":"https:\/\/staging.varesenews.it\/swgapi\/v1\/wp\/v2\/comments?post=1530602"}],"version-history":[{"count":0,"href":"https:\/\/staging.varesenews.it\/swgapi\/v1\/wp\/v2\/posts\/1530602\/revisions"}],"wp:attachment":[{"href":"https:\/\/staging.varesenews.it\/swgapi\/v1\/wp\/v2\/media?parent=1530602"}],"wp:term":[{"taxonomy":"category","embeddable":true,"href":"https:\/\/staging.varesenews.it\/swgapi\/v1\/wp\/v2\/categories?post=1530602"},{"taxonomy":"post_tag","embeddable":true,"href":"https:\/\/staging.varesenews.it\/swgapi\/v1\/wp\/v2\/tags?post=1530602"}],"curies":[{"name":"wp","href":"https:\/\/api.w.org\/{rel}","templated":true}]}}