{"id":1533786,"date":"2022-12-28T13:25:21","date_gmt":"2022-12-28T12:25:21","guid":{"rendered":"https:\/\/www.varesenews.it\/?p=1533786"},"modified":"2022-12-28T17:30:14","modified_gmt":"2022-12-28T16:30:14","slug":"masterchef-2022-giovedi-29-la-puntata-della-masterclass-due-varesini","status":"publish","type":"post","link":"https:\/\/staging.varesenews.it\/2022\/12\/masterchef-2022-giovedi-29-la-puntata-della-masterclass-due-varesini\/1533786\/","title":{"rendered":"Masterchef 2022,\u00a0gioved\u00ec 29 due varesini alla prima puntata della masterclass"},"content":{"rendered":"<p>Comincia <strong>gioved\u00ec 29 dicembre<\/strong> l&#8217;avventura dei 20 aspiranti chef della dodicesima edizione di <strong>Masterchef Italia<\/strong>, il popolare programma in onda su Sky Uno.<\/p>\n<p>Nella prima puntata nella masterclass, dopo le prime selezioni che hanno portato alla scelta dei 20 concorrenti di quest&#8217;anno, protagonisti saranno anche due varesini: <a href=\"https:\/\/www.varesenews.it\/2022\/12\/francesca-rancio-valcuvia-la-concorrente-mastechef\/1530210\/\">Francesca, da Rancio Valcuvia, ed Edoardo da Varese<\/a>, tutti e due entrati con il grembiule bianco, cio\u00e8 con il si di tutti e tre i giudici <strong>Bruno Barbieri<\/strong>, <strong>Antonino Cannavacciuolo<\/strong>, <strong>Giorgio Locatelli<\/strong>.<\/p>\n<p>Edoardo si \u00e8 fatto notare anche per la sua capacit\u00e0 di &#8220;motivatore&#8221; durante le selezioni dei grembiuli grigi, i concorrenti che avevano ricevuto solo due si: un comportamento da &#8220;agitatore&#8221; che gi\u00e0 fa presagire di avere tra noi un protagonista di quest&#8217;ultima edizione&#8230; Da gioved\u00ec sera per\u00f2 si fa sul serio, tra mistery box e invention tests: noi qui si tifa, comunque, varesino.<\/p>\n","protected":false},"excerpt":{"rendered":"<p>Comincia gioved\u00ec 29 dicembre l&#8217;avventura dei 20 aspiranti chef della dodicesima edizione di Masterchef Italia: tra loro anche Francesca da Rancio Valcuvia e Edoardo da Varese<\/p>\n","protected":false},"author":48,"featured_media":0,"comment_status":"open","ping_status":"open","sticky":false,"template":"","format":"standard","meta":{"footnotes":""},"categories":[26,2],"tags":[3945,57558],"acf":[],"yoast_head":"<!-- This site is optimized with the Yoast SEO plugin v20.1 - https:\/\/yoast.com\/wordpress\/plugins\/seo\/ -->\n<title>Masterchef 2022,\u00a0gioved\u00ec 29 due varesini alla prima puntata della masterclass<\/title>\n<meta name=\"description\" content=\"Comincia gioved\u00ec 29 dicembre l&#039;avventura dei 20 aspiranti chef della dodicesima edizione di Masterchef Italia: tra loro anche Francesca da Rancio Valcuvia e Edoardo da Varese\" \/>\n<meta name=\"robots\" content=\"noindex, follow, max-snippet:-1, max-image-preview:large, max-video-preview:-1\" \/>\n<meta property=\"og:locale\" content=\"it_IT\" \/>\n<meta property=\"og:type\" content=\"article\" \/>\n<meta property=\"og:title\" content=\"Masterchef 2022,\u00a0gioved\u00ec 29 due varesini alla prima puntata della masterclass\" \/>\n<meta property=\"og:description\" content=\"Comincia gioved\u00ec 29 dicembre l&#039;avventura dei 20 aspiranti chef della dodicesima edizione di Masterchef Italia: tra loro anche Francesca da Rancio Valcuvia e Edoardo da Varese\" \/>\n<meta property=\"og:url\" content=\"https:\/\/www.varesenews.it\/2022\/12\/masterchef-2022-giovedi-29-la-puntata-della-masterclass-due-varesini\/1533786\/\" \/>\n<meta property=\"og:site_name\" content=\"VareseNews\" \/>\n<meta property=\"article:publisher\" content=\"https:\/\/www.facebook.com\/varesenews\" \/>\n<meta property=\"article:author\" content=\"https:\/\/www.facebook.com\/stefaniaradman\" \/>\n<meta property=\"article:published_time\" content=\"2022-12-28T12:25:21+00:00\" \/>\n<meta property=\"article:modified_time\" content=\"2022-12-28T16:30:14+00:00\" \/>\n<meta name=\"author\" content=\"Stefania Radman\" \/>\n<meta name=\"twitter:card\" content=\"summary_large_image\" \/>\n<meta name=\"twitter:creator\" content=\"@LaRadman\" \/>\n<meta name=\"twitter:site\" content=\"@varesenews\" \/>\n<meta name=\"twitter:label1\" content=\"Scritto da\" \/>\n\t<meta name=\"twitter:data1\" content=\"Stefania Radman\" \/>\n\t<meta name=\"twitter:label2\" content=\"Tempo di lettura stimato\" \/>\n\t<meta name=\"twitter:data2\" content=\"1 minuto\" \/>\n<script type=\"application\/ld+json\" class=\"yoast-schema-graph\">{\"@context\":\"https:\/\/schema.org\",\"@graph\":[{\"@type\":\"WebPage\",\"@id\":\"https:\/\/www.varesenews.it\/2022\/12\/masterchef-2022-giovedi-29-la-puntata-della-masterclass-due-varesini\/1533786\/\",\"url\":\"https:\/\/www.varesenews.it\/2022\/12\/masterchef-2022-giovedi-29-la-puntata-della-masterclass-due-varesini\/1533786\/\",\"name\":\"Masterchef 2022,\u00a0gioved\u00ec 29 due varesini alla prima puntata della masterclass\",\"isPartOf\":{\"@id\":\"https:\/\/staging.varesenews.it\/#website\"},\"datePublished\":\"2022-12-28T12:25:21+00:00\",\"dateModified\":\"2022-12-28T16:30:14+00:00\",\"author\":{\"@id\":\"https:\/\/staging.varesenews.it\/#\/schema\/person\/995d2e6a31c67237a9a1bc1f0079f3aa\"},\"description\":\"Comincia gioved\u00ec 29 dicembre l'avventura dei 20 aspiranti chef della dodicesima edizione di Masterchef Italia: tra loro anche Francesca da Rancio Valcuvia e Edoardo da Varese\",\"breadcrumb\":{\"@id\":\"https:\/\/www.varesenews.it\/2022\/12\/masterchef-2022-giovedi-29-la-puntata-della-masterclass-due-varesini\/1533786\/#breadcrumb\"},\"inLanguage\":\"it-IT\",\"potentialAction\":[{\"@type\":\"ReadAction\",\"target\":[\"https:\/\/www.varesenews.it\/2022\/12\/masterchef-2022-giovedi-29-la-puntata-della-masterclass-due-varesini\/1533786\/\"]}]},{\"@type\":\"BreadcrumbList\",\"@id\":\"https:\/\/www.varesenews.it\/2022\/12\/masterchef-2022-giovedi-29-la-puntata-della-masterclass-due-varesini\/1533786\/#breadcrumb\",\"itemListElement\":[{\"@type\":\"ListItem\",\"position\":1,\"name\":\"Home\",\"item\":\"https:\/\/www.varesenews.it\/\"},{\"@type\":\"ListItem\",\"position\":2,\"name\":\"Masterchef 2022,\u00a0gioved\u00ec 29 due varesini alla prima puntata della masterclass\"}]},{\"@type\":\"WebSite\",\"@id\":\"https:\/\/staging.varesenews.it\/#website\",\"url\":\"https:\/\/staging.varesenews.it\/\",\"name\":\"VareseNews\",\"description\":\"\",\"potentialAction\":[{\"@type\":\"SearchAction\",\"target\":{\"@type\":\"EntryPoint\",\"urlTemplate\":\"https:\/\/staging.varesenews.it\/?s={search_term_string}\"},\"query-input\":\"required name=search_term_string\"}],\"inLanguage\":\"it-IT\"},{\"@type\":\"Person\",\"@id\":\"https:\/\/staging.varesenews.it\/#\/schema\/person\/995d2e6a31c67237a9a1bc1f0079f3aa\",\"name\":\"Stefania Radman\",\"image\":{\"@type\":\"ImageObject\",\"inLanguage\":\"it-IT\",\"@id\":\"https:\/\/staging.varesenews.it\/#\/schema\/person\/image\/\",\"url\":\"https:\/\/staging.varesenews.it\/wp-content\/uploads\/2020\/12\/stefania_radman_colori_500.jpg\",\"contentUrl\":\"https:\/\/staging.varesenews.it\/wp-content\/uploads\/2020\/12\/stefania_radman_colori_500.jpg\",\"caption\":\"Stefania Radman\"},\"description\":\"Varesina dal 1991, lavoro dal 2000 per Varesenews.it, prima come responsabile della pagina dell&rsquo;economia, poi della pagina life, ora della citt&agrave; di Varese.Ma sono (e sono stata) anche altro: per esempio, agli albori delle radio private ero dj in una radio milanese, Onda Radio. Da 20 anni sono corrispondente da Varese di Radio Popolare e ho collaborato con Espresso, Repubblica, Diario della Settimana, Italia Oggi. &ldquo;Smanettona&rdquo; da sempre, ho aperto il mio primo sito personale con Geocities nei primi anni novanta (chi se lo ricorda?) e i miei primi blog in Splinder all&rsquo;inizio del 2000. Ora sono sui social: qui quasi sempre sono semplicemente \\\"LaRadman&rdquo;.\",\"sameAs\":[\"http:\/\/laradman.blogspot.it\",\"https:\/\/www.facebook.com\/stefaniaradman\",\"@LaRadman\",\"https:\/\/www.linkedin.com\/in\/stefaniaradman\",\"https:\/\/twitter.com\/LaRadman\"],\"url\":\"https:\/\/staging.varesenews.it\/persona\/stefania-radman1\/\"}]}<\/script>\n<!-- \/ Yoast SEO plugin. -->","yoast_head_json":{"title":"Masterchef 2022,\u00a0gioved\u00ec 29 due varesini alla prima puntata della masterclass","description":"Comincia gioved\u00ec 29 dicembre l'avventura dei 20 aspiranti chef della dodicesima edizione di Masterchef Italia: tra loro anche Francesca da Rancio Valcuvia e Edoardo da Varese","robots":{"index":"noindex","follow":"follow","max-snippet":"max-snippet:-1","max-image-preview":"max-image-preview:large","max-video-preview":"max-video-preview:-1"},"og_locale":"it_IT","og_type":"article","og_title":"Masterchef 2022,\u00a0gioved\u00ec 29 due varesini alla prima puntata della masterclass","og_description":"Comincia gioved\u00ec 29 dicembre l'avventura dei 20 aspiranti chef della dodicesima edizione di Masterchef Italia: tra loro anche Francesca da Rancio Valcuvia e Edoardo da Varese","og_url":"https:\/\/www.varesenews.it\/2022\/12\/masterchef-2022-giovedi-29-la-puntata-della-masterclass-due-varesini\/1533786\/","og_site_name":"VareseNews","article_publisher":"https:\/\/www.facebook.com\/varesenews","article_author":"https:\/\/www.facebook.com\/stefaniaradman","article_published_time":"2022-12-28T12:25:21+00:00","article_modified_time":"2022-12-28T16:30:14+00:00","author":"Stefania Radman","twitter_card":"summary_large_image","twitter_creator":"@LaRadman","twitter_site":"@varesenews","twitter_misc":{"Scritto da":"Stefania Radman","Tempo di lettura stimato":"1 minuto"},"schema":{"@context":"https:\/\/schema.org","@graph":[{"@type":"WebPage","@id":"https:\/\/www.varesenews.it\/2022\/12\/masterchef-2022-giovedi-29-la-puntata-della-masterclass-due-varesini\/1533786\/","url":"https:\/\/www.varesenews.it\/2022\/12\/masterchef-2022-giovedi-29-la-puntata-della-masterclass-due-varesini\/1533786\/","name":"Masterchef 2022,\u00a0gioved\u00ec 29 due varesini alla prima puntata della masterclass","isPartOf":{"@id":"https:\/\/staging.varesenews.it\/#website"},"datePublished":"2022-12-28T12:25:21+00:00","dateModified":"2022-12-28T16:30:14+00:00","author":{"@id":"https:\/\/staging.varesenews.it\/#\/schema\/person\/995d2e6a31c67237a9a1bc1f0079f3aa"},"description":"Comincia gioved\u00ec 29 dicembre l'avventura dei 20 aspiranti chef della dodicesima edizione di Masterchef Italia: tra loro anche Francesca da Rancio Valcuvia e Edoardo da Varese","breadcrumb":{"@id":"https:\/\/www.varesenews.it\/2022\/12\/masterchef-2022-giovedi-29-la-puntata-della-masterclass-due-varesini\/1533786\/#breadcrumb"},"inLanguage":"it-IT","potentialAction":[{"@type":"ReadAction","target":["https:\/\/www.varesenews.it\/2022\/12\/masterchef-2022-giovedi-29-la-puntata-della-masterclass-due-varesini\/1533786\/"]}]},{"@type":"BreadcrumbList","@id":"https:\/\/www.varesenews.it\/2022\/12\/masterchef-2022-giovedi-29-la-puntata-della-masterclass-due-varesini\/1533786\/#breadcrumb","itemListElement":[{"@type":"ListItem","position":1,"name":"Home","item":"https:\/\/www.varesenews.it\/"},{"@type":"ListItem","position":2,"name":"Masterchef 2022,\u00a0gioved\u00ec 29 due varesini alla prima puntata della masterclass"}]},{"@type":"WebSite","@id":"https:\/\/staging.varesenews.it\/#website","url":"https:\/\/staging.varesenews.it\/","name":"VareseNews","description":"","potentialAction":[{"@type":"SearchAction","target":{"@type":"EntryPoint","urlTemplate":"https:\/\/staging.varesenews.it\/?s={search_term_string}"},"query-input":"required name=search_term_string"}],"inLanguage":"it-IT"},{"@type":"Person","@id":"https:\/\/staging.varesenews.it\/#\/schema\/person\/995d2e6a31c67237a9a1bc1f0079f3aa","name":"Stefania Radman","image":{"@type":"ImageObject","inLanguage":"it-IT","@id":"https:\/\/staging.varesenews.it\/#\/schema\/person\/image\/","url":"https:\/\/staging.varesenews.it\/wp-content\/uploads\/2020\/12\/stefania_radman_colori_500.jpg","contentUrl":"https:\/\/staging.varesenews.it\/wp-content\/uploads\/2020\/12\/stefania_radman_colori_500.jpg","caption":"Stefania Radman"},"description":"Varesina dal 1991, lavoro dal 2000 per Varesenews.it, prima come responsabile della pagina dell&rsquo;economia, poi della pagina life, ora della citt&agrave; di Varese.Ma sono (e sono stata) anche altro: per esempio, agli albori delle radio private ero dj in una radio milanese, Onda Radio. Da 20 anni sono corrispondente da Varese di Radio Popolare e ho collaborato con Espresso, Repubblica, Diario della Settimana, Italia Oggi. &ldquo;Smanettona&rdquo; da sempre, ho aperto il mio primo sito personale con Geocities nei primi anni novanta (chi se lo ricorda?) e i miei primi blog in Splinder all&rsquo;inizio del 2000. Ora sono sui social: qui quasi sempre sono semplicemente \"LaRadman&rdquo;.","sameAs":["http:\/\/laradman.blogspot.it","https:\/\/www.facebook.com\/stefaniaradman","@LaRadman","https:\/\/www.linkedin.com\/in\/stefaniaradman","https:\/\/twitter.com\/LaRadman"],"url":"https:\/\/staging.varesenews.it\/persona\/stefania-radman1\/"}]}},"post_meta":{"content-image-gallery":"","_edit_lock":"1672247328:48","_edit_last":"48","_category_permalink":"a:1:{s:8:\"category\";s:0:\"\";}","id_leggi_anche":"1530210,1538210","id_link_fotogallery":"1530237,1530209","argomento":"Televisione","_yoast_wpseo_focuskw_text_input":"masterchef","_yoast_wpseo_focuskw":"masterchef","_yoast_wpseo_linkdex":"63","_yoast_wpseo_content_score":"30","_jd_tweet_this":"yes","_encloseme":"1","ratings_users":"0","ratings_score":"0","ratings_average":"0","foto":"1362863","_wpt_short_url":"https:\/\/www.varesenews.it\/2022\/12\/masterchef-2022-giovedi-29-la-puntata-della-masterclass-due-varesini\/1533786\/","_wp_jd_target":"https:\/\/www.varesenews.it\/2022\/12\/masterchef-2022-giovedi-29-la-puntata-della-masterclass-due-varesini\/1533786\/","_jd_wp_twitter":"a:1:{i:0;s:219:\"Masterchef 2022: gioved\u00ec 29 la prima puntata della masterclass, con due varesini https:\/\/www.varesenews.it\/2022\/12\/masterchef-2022-giovedi-29-la-puntata-della-masterclass-due-varesini\/1533786\/ #masterchef #masterchefit\";}","_wpt_status_message":"Tweet inviato con successo.","firma-personalizzata":"sr","_oembed_25bdbaf063c49cb895ef6a361e0db2e3":"<blockquote class=\"wp-embedded-content\" data-secret=\"Bdgjgkwu1H\"><a href=\"https:\/\/www.varesenews.it\/2017\/06\/addio-ad-adamo-per-tutti-wandamo-il-re-del-jeans\/627874\/\">Addio ad Adamo, per tutti &#8220;Wandamo il re del jeans&#8221;<\/a><\/blockquote><iframe class=\"wp-embedded-content\" sandbox=\"allow-scripts\" security=\"restricted\" style=\"position: absolute; clip: rect(1px, 1px, 1px, 1px);\" src=\"https:\/\/www.varesenews.it\/2017\/06\/addio-ad-adamo-per-tutti-wandamo-il-re-del-jeans\/627874\/embed\/#?secret=Bdgjgkwu1H\" data-secret=\"Bdgjgkwu1H\" width=\"500\" height=\"282\" title=\"&#8220;Addio ad Adamo, per tutti &#8220;Wandamo il re del jeans&#8221;&#8221; &#8212; VareseNews\" frameborder=\"0\" marginwidth=\"0\" marginheight=\"0\" scrolling=\"no\"><\/iframe>","_oembed_time_25bdbaf063c49cb895ef6a361e0db2e3":"1672230425","_oembed_d179fc4ed2b1f11d23c0a1f26d6fc5bf":"<blockquote class=\"wp-embedded-content\" data-secret=\"HRhrfLmRRh\"><a href=\"https:\/\/www.legnanonews.com\/politica\/2022\/12\/27\/elezioni-regionali-tutti-i-candidati-nelle-liste-del-pd-delle-province-lombarde\/1053342\/\">Elezioni regionali, tutti i candidati nelle liste del Pd delle province lombarde<\/a><\/blockquote><iframe class=\"wp-embedded-content\" sandbox=\"allow-scripts\" security=\"restricted\" style=\"position: absolute; clip: rect(1px, 1px, 1px, 1px);\" src=\"https:\/\/www.legnanonews.com\/politica\/2022\/12\/27\/elezioni-regionali-tutti-i-candidati-nelle-liste-del-pd-delle-province-lombarde\/1053342\/embed\/#?secret=HRhrfLmRRh\" data-secret=\"HRhrfLmRRh\" width=\"500\" height=\"282\" title=\"&#8220;Elezioni regionali, tutti i candidati nelle liste del Pd delle province lombarde&#8221; &#8212; LegnanoNews\" frameborder=\"0\" marginwidth=\"0\" marginheight=\"0\" scrolling=\"no\"><\/iframe>","_oembed_time_d179fc4ed2b1f11d23c0a1f26d6fc5bf":"1672230425","_oembed_9c153d99998b7004eb05d667b5578ee5":"<blockquote class=\"wp-embedded-content\" data-secret=\"Ubp8SYkO4F\"><a href=\"https:\/\/www.varesenews.it\/2022\/12\/nuove-dimissioni-ad-angera-finisce-lamministrazione-del-sindaco-molgora\/1533735\/\">Dimissioni dei consiglieri ad Angera, finisce il mandato del sindaco Molgora<\/a><\/blockquote><iframe class=\"wp-embedded-content\" sandbox=\"allow-scripts\" security=\"restricted\" style=\"position: absolute; clip: rect(1px, 1px, 1px, 1px);\" src=\"https:\/\/www.varesenews.it\/2022\/12\/nuove-dimissioni-ad-angera-finisce-lamministrazione-del-sindaco-molgora\/1533735\/embed\/#?secret=Ubp8SYkO4F\" data-secret=\"Ubp8SYkO4F\" width=\"500\" height=\"282\" title=\"&#8220;Dimissioni dei consiglieri ad Angera, finisce il mandato del sindaco Molgora&#8221; &#8212; VareseNews\" frameborder=\"0\" marginwidth=\"0\" marginheight=\"0\" scrolling=\"no\"><\/iframe>","_oembed_time_9c153d99998b7004eb05d667b5578ee5":"1672230425","_oembed_6a9ec59709996206ee2dc147339f2290":"<blockquote class=\"wp-embedded-content\" data-secret=\"JceJSbUAQ2\"><a href=\"https:\/\/www.varesenews.it\/2022\/12\/dimissioni-massa-ad-angera-la-lega-scelta-irresponsabile\/1533747\/\">Dimissioni in massa ad Angera, per la Lega &#8220;scelta irresponsabile&#8221;<\/a><\/blockquote><iframe class=\"wp-embedded-content\" sandbox=\"allow-scripts\" security=\"restricted\" style=\"position: absolute; clip: rect(1px, 1px, 1px, 1px);\" src=\"https:\/\/www.varesenews.it\/2022\/12\/dimissioni-massa-ad-angera-la-lega-scelta-irresponsabile\/1533747\/embed\/#?secret=JceJSbUAQ2\" data-secret=\"JceJSbUAQ2\" width=\"500\" height=\"282\" title=\"&#8220;Dimissioni in massa ad Angera, per la Lega &#8220;scelta irresponsabile&#8221;&#8221; &#8212; VareseNews\" frameborder=\"0\" marginwidth=\"0\" marginheight=\"0\" scrolling=\"no\"><\/iframe>","_oembed_time_6a9ec59709996206ee2dc147339f2290":"1672230425","_oembed_a0e2c8fd00d2b1614ccd6d82128cd84a":"<blockquote class=\"wp-embedded-content\" data-secret=\"w5hPEYiSFS\"><a href=\"https:\/\/www.varesenews.it\/2022\/12\/cose-ballo-mercoledi-sta-spopolando-tiktok\/1525500\/\">Che cos&#8217;\u00e8 il &#8220;ballo di Mercoled\u00ec&#8221; che sta spopolando su Tiktok<\/a><\/blockquote><iframe class=\"wp-embedded-content\" sandbox=\"allow-scripts\" security=\"restricted\" style=\"position: absolute; clip: rect(1px, 1px, 1px, 1px);\" src=\"https:\/\/www.varesenews.it\/2022\/12\/cose-ballo-mercoledi-sta-spopolando-tiktok\/1525500\/embed\/#?secret=w5hPEYiSFS\" data-secret=\"w5hPEYiSFS\" width=\"500\" height=\"282\" title=\"&#8220;Che cos&#8217;\u00e8 il &#8220;ballo di Mercoled\u00ec&#8221; che sta spopolando su Tiktok&#8221; &#8212; VareseNews\" frameborder=\"0\" marginwidth=\"0\" marginheight=\"0\" scrolling=\"no\"><\/iframe>","_oembed_time_a0e2c8fd00d2b1614ccd6d82128cd84a":"1672230425","_oembed_b081d7b62e219417ff341244340f8a49":"<blockquote class=\"wp-embedded-content\" data-secret=\"3c3xfeIq9Y\"><a href=\"https:\/\/www.varesenews.it\/2022\/12\/la-legge-bilancio-approda-senato-lapprovazione-definitiva\/1533433\/\">La legge di Bilancio approda in Senato per l&#8217;approvazione definitiva<\/a><\/blockquote><iframe class=\"wp-embedded-content\" sandbox=\"allow-scripts\" security=\"restricted\" style=\"position: absolute; clip: rect(1px, 1px, 1px, 1px);\" src=\"https:\/\/www.varesenews.it\/2022\/12\/la-legge-bilancio-approda-senato-lapprovazione-definitiva\/1533433\/embed\/#?secret=3c3xfeIq9Y\" data-secret=\"3c3xfeIq9Y\" width=\"500\" height=\"282\" title=\"&#8220;La legge di Bilancio approda in Senato per l&#8217;approvazione definitiva&#8221; &#8212; VareseNews\" frameborder=\"0\" marginwidth=\"0\" marginheight=\"0\" scrolling=\"no\"><\/iframe>","_oembed_time_b081d7b62e219417ff341244340f8a49":"1672230425","_oembed_eda93b61621108dbb350a8d1ba3c6f88":"<iframe width=\"500\" height=\"281\" src=\"https:\/\/www.youtube.com\/embed\/8LwKPlwik2E?feature=oembed\" frameborder=\"0\" allow=\"accelerometer; autoplay; clipboard-write; encrypted-media; gyroscope; picture-in-picture\" allowfullscreen title=\"A Natale l&#39;attesa \u00e8 la vera magia - Il video dei lettori\"><\/iframe>","_oembed_time_eda93b61621108dbb350a8d1ba3c6f88":"1672230495","_oembed_edd9e2b97a177f942783f15c27d71f3a":"<blockquote class=\"wp-embedded-content\" data-secret=\"vCUAjOx7mX\"><a href=\"https:\/\/www.varesenews.it\/2022\/12\/aria-natale-la-magia-dellattesa-raccontata-dai-lettori\/1524773\/\">Il Natale dei lettori, il vostro racconto della magia dell&#8217;attesa<\/a><\/blockquote><iframe class=\"wp-embedded-content\" sandbox=\"allow-scripts\" security=\"restricted\" style=\"position: absolute; clip: rect(1px, 1px, 1px, 1px);\" src=\"https:\/\/www.varesenews.it\/2022\/12\/aria-natale-la-magia-dellattesa-raccontata-dai-lettori\/1524773\/embed\/#?secret=vCUAjOx7mX\" data-secret=\"vCUAjOx7mX\" width=\"500\" height=\"282\" title=\"&#8220;Il Natale dei lettori, il vostro racconto della magia dell&#8217;attesa&#8221; &#8212; VareseNews\" frameborder=\"0\" marginwidth=\"0\" marginheight=\"0\" scrolling=\"no\"><\/iframe>","_oembed_time_edd9e2b97a177f942783f15c27d71f3a":"1672230495","_oembed_27cc2894038754b795534e1f77e553b0":"<blockquote class=\"wp-embedded-content\" data-secret=\"NBUIdnzOhJ\"><a href=\"https:\/\/www.varesenews.it\/2022\/12\/la-magia-delle-lucine-natale-2022-ammirarle-varese-provincia\/1532835\/\">La magia delle lucine di Natale 2022: dove ammirarle tra Varese e provincia<\/a><\/blockquote><iframe class=\"wp-embedded-content\" sandbox=\"allow-scripts\" security=\"restricted\" style=\"position: absolute; clip: rect(1px, 1px, 1px, 1px);\" src=\"https:\/\/www.varesenews.it\/2022\/12\/la-magia-delle-lucine-natale-2022-ammirarle-varese-provincia\/1532835\/embed\/#?secret=NBUIdnzOhJ\" data-secret=\"NBUIdnzOhJ\" width=\"500\" height=\"282\" title=\"&#8220;La magia delle lucine di Natale 2022: dove ammirarle tra Varese e provincia&#8221; &#8212; VareseNews\" frameborder=\"0\" marginwidth=\"0\" marginheight=\"0\" scrolling=\"no\"><\/iframe>","_oembed_time_27cc2894038754b795534e1f77e553b0":"1672230496","_oembed_427c2ddcc90158994134ea7b290795a9":"<blockquote class=\"wp-embedded-content\" data-secret=\"apvNdtllt6\"><a href=\"https:\/\/www.varesenews.it\/2022\/12\/pattinare-sul-ghiaccio-le-feste-natalizie-varese-provincia\/1532598\/\">Dove pattinare sul ghiaccio durante le Feste Natalizie tra Varese e provincia<\/a><\/blockquote><iframe class=\"wp-embedded-content\" sandbox=\"allow-scripts\" security=\"restricted\" style=\"position: absolute; clip: rect(1px, 1px, 1px, 1px);\" src=\"https:\/\/www.varesenews.it\/2022\/12\/pattinare-sul-ghiaccio-le-feste-natalizie-varese-provincia\/1532598\/embed\/#?secret=apvNdtllt6\" data-secret=\"apvNdtllt6\" width=\"500\" height=\"282\" title=\"&#8220;Dove pattinare sul ghiaccio durante le Feste Natalizie tra Varese e provincia&#8221; &#8212; VareseNews\" frameborder=\"0\" marginwidth=\"0\" marginheight=\"0\" scrolling=\"no\"><\/iframe>","_oembed_time_427c2ddcc90158994134ea7b290795a9":"1672230496","_oembed_d75ab755110eb2da7adf2fce8b79dffe":"<blockquote class=\"wp-embedded-content\" data-secret=\"Pj7qByfHLG\"><a href=\"https:\/\/www.varesenews.it\/2022\/12\/eventi-bambini-nel-weekend-natale-del-23-24-25-26-dicembre-varese-provincia\/1532838\/\">Eventi per bambini nel weekend di Natale del 23, 24, 25 e 26 dicembre tra Varese e provincia<\/a><\/blockquote><iframe class=\"wp-embedded-content\" sandbox=\"allow-scripts\" security=\"restricted\" style=\"position: absolute; clip: rect(1px, 1px, 1px, 1px);\" src=\"https:\/\/www.varesenews.it\/2022\/12\/eventi-bambini-nel-weekend-natale-del-23-24-25-26-dicembre-varese-provincia\/1532838\/embed\/#?secret=Pj7qByfHLG\" data-secret=\"Pj7qByfHLG\" width=\"500\" height=\"282\" title=\"&#8220;Eventi per bambini nel weekend di Natale del 23, 24, 25 e 26 dicembre tra Varese e provincia&#8221; &#8212; VareseNews\" frameborder=\"0\" marginwidth=\"0\" marginheight=\"0\" scrolling=\"no\"><\/iframe>","_oembed_time_d75ab755110eb2da7adf2fce8b79dffe":"1672230496","_oembed_9f4defa08c1b3fb804679144f8dc2e5e":"<blockquote class=\"wp-embedded-content\" data-secret=\"j7vTPfjuBe\"><a href=\"https:\/\/www.varesenews.it\/2022\/12\/morto-monsignor-luigi-stucchi-fu-parroco-tradate-vescovo-ausiliario-varese\/1531523\/\">\u00c8 morto monsignor Luigi Stucchi, fu parroco di Tradate e vescovo ausiliario a Varese<\/a><\/blockquote><iframe class=\"wp-embedded-content\" sandbox=\"allow-scripts\" security=\"restricted\" style=\"position: absolute; clip: rect(1px, 1px, 1px, 1px);\" src=\"https:\/\/www.varesenews.it\/2022\/12\/morto-monsignor-luigi-stucchi-fu-parroco-tradate-vescovo-ausiliario-varese\/1531523\/embed\/#?secret=j7vTPfjuBe\" data-secret=\"j7vTPfjuBe\" width=\"500\" height=\"282\" title=\"&#8220;\u00c8 morto monsignor Luigi Stucchi, fu parroco di Tradate e vescovo ausiliario a Varese&#8221; &#8212; VareseNews\" frameborder=\"0\" marginwidth=\"0\" marginheight=\"0\" scrolling=\"no\"><\/iframe>","_oembed_time_9f4defa08c1b3fb804679144f8dc2e5e":"1672230496","_oembed_b0ef17cd4805310198d3e22903fe71ed":"<blockquote class=\"wp-embedded-content\" data-secret=\"7nynnfi4sh\"><a href=\"https:\/\/www.varesenews.it\/2022\/12\/prime-donazioni-la-cena-natale-solidale-busto-arsizio-23-dicembre-vi-aspettiamo-cibi-pronti\/1531209\/\">Prime donazioni per la cena di Natale solidale di Busto Arsizio: &#8220;Il 23 dicembre vi aspettiamo con i cibi pronti&#8221;<\/a><\/blockquote><iframe class=\"wp-embedded-content\" sandbox=\"allow-scripts\" security=\"restricted\" style=\"position: absolute; clip: rect(1px, 1px, 1px, 1px);\" src=\"https:\/\/www.varesenews.it\/2022\/12\/prime-donazioni-la-cena-natale-solidale-busto-arsizio-23-dicembre-vi-aspettiamo-cibi-pronti\/1531209\/embed\/#?secret=7nynnfi4sh\" data-secret=\"7nynnfi4sh\" width=\"500\" height=\"282\" title=\"&#8220;Prime donazioni per la cena di Natale solidale di Busto Arsizio: &#8220;Il 23 dicembre vi aspettiamo con i cibi pronti&#8221;&#8221; &#8212; VareseNews\" frameborder=\"0\" marginwidth=\"0\" marginheight=\"0\" scrolling=\"no\"><\/iframe>","_oembed_time_b0ef17cd4805310198d3e22903fe71ed":"1672230496","_oembed_f8e36983f5e669eea7a793dd1fa9e516":"<blockquote class=\"wp-embedded-content\" data-secret=\"3TALOv0y4K\"><a href=\"https:\/\/www.varesenews.it\/2021\/07\/bandi-europei-nasce-motore-ricerca-aiuta-ad-usare-miliardi-delleuropa\/1361623\/\">Bandi europei, nasce il motore di ricerca che aiuta ad usare i miliardi dell&#8217;Europa<\/a><\/blockquote><iframe class=\"wp-embedded-content\" sandbox=\"allow-scripts\" security=\"restricted\" style=\"position: absolute; clip: rect(1px, 1px, 1px, 1px);\" src=\"https:\/\/www.varesenews.it\/2021\/07\/bandi-europei-nasce-motore-ricerca-aiuta-ad-usare-miliardi-delleuropa\/1361623\/embed\/#?secret=3TALOv0y4K\" data-secret=\"3TALOv0y4K\" width=\"500\" height=\"282\" title=\"&#8220;Bandi europei, nasce il motore di ricerca che aiuta ad usare i miliardi dell&#8217;Europa&#8221; &#8212; VareseNews\" frameborder=\"0\" marginwidth=\"0\" marginheight=\"0\" scrolling=\"no\"><\/iframe>","_oembed_time_f8e36983f5e669eea7a793dd1fa9e516":"1672230496","_oembed_e811f6a2b5810f452b470ee04b299f47":"<blockquote class=\"wp-embedded-content\" data-secret=\"kHgImfKJ4K\"><a href=\"https:\/\/www.varesenews.it\/2020\/12\/cinquanta-vaccinazioni-allospedale-varese-partita-la-campagna-covid\/1290594\/\">Cinquanta vaccinazioni: all&#8217;ospedale di Varese \u00e8 partita la campagna contro il Covid<\/a><\/blockquote><iframe class=\"wp-embedded-content\" sandbox=\"allow-scripts\" security=\"restricted\" style=\"position: absolute; clip: rect(1px, 1px, 1px, 1px);\" src=\"https:\/\/www.varesenews.it\/2020\/12\/cinquanta-vaccinazioni-allospedale-varese-partita-la-campagna-covid\/1290594\/embed\/#?secret=kHgImfKJ4K\" data-secret=\"kHgImfKJ4K\" width=\"500\" height=\"282\" title=\"&#8220;Cinquanta vaccinazioni: all&#8217;ospedale di Varese \u00e8 partita la campagna contro il Covid&#8221; &#8212; VareseNews\" frameborder=\"0\" marginwidth=\"0\" marginheight=\"0\" scrolling=\"no\"><\/iframe>","_oembed_time_e811f6a2b5810f452b470ee04b299f47":"1672231044","_oembed_6f53a39dd018926f7fc06dc354c05003":"<blockquote class=\"wp-embedded-content\" data-secret=\"Cri9rgGAyH\"><a href=\"https:\/\/www.varesenews.it\/2020\/10\/viaggio-sul-campo-dei-fiori-devastato-dal-vento-non-sara-piu-lo-ricordiamo\/968527\/\">Viaggio sul Campo dei Fiori devastato dal vento: \u201cNon sar\u00e0 pi\u00f9 come lo ricordiamo\u201d<\/a><\/blockquote><iframe class=\"wp-embedded-content\" sandbox=\"allow-scripts\" security=\"restricted\" style=\"position: absolute; clip: rect(1px, 1px, 1px, 1px);\" src=\"https:\/\/www.varesenews.it\/2020\/10\/viaggio-sul-campo-dei-fiori-devastato-dal-vento-non-sara-piu-lo-ricordiamo\/968527\/embed\/#?secret=Cri9rgGAyH\" data-secret=\"Cri9rgGAyH\" width=\"500\" height=\"282\" title=\"&#8220;Viaggio sul Campo dei Fiori devastato dal vento: \u201cNon sar\u00e0 pi\u00f9 come lo ricordiamo\u201d&#8221; &#8212; VareseNews\" frameborder=\"0\" marginwidth=\"0\" marginheight=\"0\" scrolling=\"no\"><\/iframe>","_oembed_time_6f53a39dd018926f7fc06dc354c05003":"1672231044","_oembed_abea50da986e33089a9dc1005468f7dd":"<blockquote class=\"wp-embedded-content\" data-secret=\"okC2LDVk93\"><a href=\"https:\/\/www.verbanonews.it\/aree-geografiche\/piemonte\/2022\/12\/27\/capodanno-in-piazza-a-verbania-con-i-dj-di-radio-105\/950451\/\">Capodanno in piazza a Verbania con i dj di Radio 105<\/a><\/blockquote><iframe class=\"wp-embedded-content\" sandbox=\"allow-scripts\" security=\"restricted\" style=\"position: absolute; clip: rect(1px, 1px, 1px, 1px);\" src=\"https:\/\/www.verbanonews.it\/aree-geografiche\/piemonte\/2022\/12\/27\/capodanno-in-piazza-a-verbania-con-i-dj-di-radio-105\/950451\/embed\/#?secret=okC2LDVk93\" data-secret=\"okC2LDVk93\" width=\"500\" height=\"282\" title=\"&#8220;Capodanno in piazza a Verbania con i dj di Radio 105&#8221; &#8212; VerbanoNews\" frameborder=\"0\" marginwidth=\"0\" marginheight=\"0\" scrolling=\"no\"><\/iframe>","_oembed_time_abea50da986e33089a9dc1005468f7dd":"1672231699","_oembed_17a26f74b22e7b67ff0dc590d3930ae9":"<blockquote class=\"wp-embedded-content\" data-secret=\"wXRcK5DtJ3\"><a href=\"https:\/\/www.varesenews.it\/2022\/12\/eventi-bambini-nel-weekend-del-1617-18-dicembre-varese-provincia\/1530427\/\">Eventi per bambini nel weekend del 16,17 e 18 dicembre tra Varese e provincia<\/a><\/blockquote><iframe class=\"wp-embedded-content\" sandbox=\"allow-scripts\" security=\"restricted\" style=\"position: absolute; clip: rect(1px, 1px, 1px, 1px);\" src=\"https:\/\/www.varesenews.it\/2022\/12\/eventi-bambini-nel-weekend-del-1617-18-dicembre-varese-provincia\/1530427\/embed\/#?secret=wXRcK5DtJ3\" data-secret=\"wXRcK5DtJ3\" width=\"500\" height=\"282\" title=\"&#8220;Eventi per bambini nel weekend del 16,17 e 18 dicembre tra Varese e provincia&#8221; &#8212; VareseNews\" frameborder=\"0\" marginwidth=\"0\" marginheight=\"0\" scrolling=\"no\"><\/iframe>","_oembed_time_17a26f74b22e7b67ff0dc590d3930ae9":"1672231699","_oembed_e97bd14bfb09614357109e9284e392f5":"<iframe width=\"500\" height=\"281\" src=\"https:\/\/www.youtube.com\/embed\/k55Wgde2WIM?feature=oembed\" frameborder=\"0\" allow=\"accelerometer; autoplay; clipboard-write; encrypted-media; gyroscope; picture-in-picture\" allowfullscreen title=\"Natale 2022: l&#39;attesa \u00e8 la vera magia -  #1 Sarah Maestri\"><\/iframe>","_oembed_time_e97bd14bfb09614357109e9284e392f5":"1672231699","_oembed_579809fa24212681bf339a5cb420f0ac":"<iframe width=\"500\" height=\"281\" src=\"https:\/\/www.youtube.com\/embed\/9zuX96s7gEY?feature=oembed\" frameborder=\"0\" allow=\"accelerometer; autoplay; clipboard-write; encrypted-media; gyroscope; picture-in-picture\" allowfullscreen title=\"Natale 2022: l&#39;attesa \u00e8 la vera magia -  #2 Massimiliano Babila Cagelli\"><\/iframe>","_oembed_time_579809fa24212681bf339a5cb420f0ac":"1672231699","_oembed_86401edb2d7b917010b4949ca3b26f02":"<iframe width=\"500\" height=\"281\" src=\"https:\/\/www.youtube.com\/embed\/ayTqzRn4cuQ?feature=oembed\" frameborder=\"0\" allow=\"accelerometer; autoplay; clipboard-write; encrypted-media; gyroscope; picture-in-picture\" allowfullscreen title=\"Natale 2022: l&#39;attesa \u00e8 la vera magia -  #3 Ginevra Negrello\"><\/iframe>","_oembed_time_86401edb2d7b917010b4949ca3b26f02":"1672231700","_oembed_a0d6f41cfafd2eee2482aee7b2f342d4":"<iframe width=\"500\" height=\"281\" src=\"https:\/\/www.youtube.com\/embed\/IQLddayJyUo?feature=oembed\" frameborder=\"0\" allow=\"accelerometer; autoplay; clipboard-write; encrypted-media; gyroscope; picture-in-picture\" allowfullscreen title=\"Natale 2022: l&#39;attesa \u00e8 la vera magia -  #4 Eleonora Martinelli\"><\/iframe>","_oembed_time_a0d6f41cfafd2eee2482aee7b2f342d4":"1672231700","_oembed_5c34e68979a42506f7a5202e34f90f88":"<iframe width=\"500\" height=\"281\" src=\"https:\/\/www.youtube.com\/embed\/f_aOOWE1sv0?feature=oembed\" frameborder=\"0\" allow=\"accelerometer; autoplay; clipboard-write; encrypted-media; gyroscope; picture-in-picture\" allowfullscreen title=\"Natale 2022: l&#39;attesa \u00e8 la vera magia -  #5 Marta Campiotti\"><\/iframe>","_oembed_time_5c34e68979a42506f7a5202e34f90f88":"1672231700","_oembed_14e36cd04277862ffee1a58eb6661cb1":"<iframe width=\"500\" height=\"281\" src=\"https:\/\/www.youtube.com\/embed\/b3QFIYLXPJE?feature=oembed\" frameborder=\"0\" allow=\"accelerometer; autoplay; clipboard-write; encrypted-media; gyroscope; picture-in-picture\" allowfullscreen title=\"Natale 2022: l&#39;attesa \u00e8 la vera magia -  #6 Francesca Poletti\"><\/iframe>","_oembed_time_14e36cd04277862ffee1a58eb6661cb1":"1672231700","_oembed_08f56f5c2d683aa277155eeed13f3799":"<blockquote class=\"wp-embedded-content\" data-secret=\"u0vgBM91Ka\"><a href=\"https:\/\/www.varesenews.it\/2022\/12\/punto-la-ratifica-dellaccordo-sui-lavoratori-frontalieri\/1525071\/\">A che punto \u00e8 la ratifica dell&#8217;accordo sui lavoratori frontalieri<\/a><\/blockquote><iframe class=\"wp-embedded-content\" sandbox=\"allow-scripts\" security=\"restricted\" style=\"position: absolute; clip: rect(1px, 1px, 1px, 1px);\" src=\"https:\/\/www.varesenews.it\/2022\/12\/punto-la-ratifica-dellaccordo-sui-lavoratori-frontalieri\/1525071\/embed\/#?secret=u0vgBM91Ka\" data-secret=\"u0vgBM91Ka\" width=\"500\" height=\"282\" title=\"&#8220;A che punto \u00e8 la ratifica dell&#8217;accordo sui lavoratori frontalieri&#8221; &#8212; VareseNews\" frameborder=\"0\" marginwidth=\"0\" marginheight=\"0\" scrolling=\"no\"><\/iframe>","_oembed_time_08f56f5c2d683aa277155eeed13f3799":"1672231700","_oembed_506b97907384c0b61b91c41f4caef291":"<blockquote class=\"wp-embedded-content\" data-secret=\"cbBG0UQU2s\"><a href=\"https:\/\/www.varesenews.it\/2022\/10\/accordi-privati-nuovi-pozzi-lacqua-cosi-varese-si-prepara-alle-prossime-siccita\/1513898\/\">Accordi con i privati e nuovi pozzi per l&#8217;acqua: cos\u00ec Varese si prepara alle prossime siccit\u00e0<\/a><\/blockquote><iframe class=\"wp-embedded-content\" sandbox=\"allow-scripts\" security=\"restricted\" style=\"position: absolute; clip: rect(1px, 1px, 1px, 1px);\" src=\"https:\/\/www.varesenews.it\/2022\/10\/accordi-privati-nuovi-pozzi-lacqua-cosi-varese-si-prepara-alle-prossime-siccita\/1513898\/embed\/#?secret=cbBG0UQU2s\" data-secret=\"cbBG0UQU2s\" width=\"500\" height=\"282\" title=\"&#8220;Accordi con i privati e nuovi pozzi per l&#8217;acqua: cos\u00ec Varese si prepara alle prossime siccit\u00e0&#8221; &#8212; VareseNews\" frameborder=\"0\" marginwidth=\"0\" marginheight=\"0\" scrolling=\"no\"><\/iframe>","_oembed_time_506b97907384c0b61b91c41f4caef291":"1672231700","_oembed_9b959977cee8f6023bd034a40134e2d9":"<blockquote class=\"wp-embedded-content\" data-secret=\"n1rfx6HI3i\"><a href=\"https:\/\/www.varesenews.it\/2022\/12\/derby-insipido-varese-senza-due-stranieri-facile-milano\/1533352\/\">Derby insipido per una Varese senza due stranieri. Tutto facile per Milano<\/a><\/blockquote><iframe class=\"wp-embedded-content\" sandbox=\"allow-scripts\" security=\"restricted\" style=\"position: absolute; clip: rect(1px, 1px, 1px, 1px);\" src=\"https:\/\/www.varesenews.it\/2022\/12\/derby-insipido-varese-senza-due-stranieri-facile-milano\/1533352\/embed\/#?secret=n1rfx6HI3i\" data-secret=\"n1rfx6HI3i\" width=\"500\" height=\"282\" title=\"&#8220;Derby insipido per una Varese senza due stranieri. Tutto facile per Milano&#8221; &#8212; VareseNews\" frameborder=\"0\" marginwidth=\"0\" marginheight=\"0\" scrolling=\"no\"><\/iframe>","_oembed_time_9b959977cee8f6023bd034a40134e2d9":"1672232540","_oembed_548ebf4fd4c516b76c9cc9ebf8f49963":"<blockquote class=\"wp-embedded-content\" data-secret=\"2BcHYjkFgU\"><a href=\"https:\/\/www.varesenews.it\/2022\/12\/brase-faticato-unavversaria-forte-bravi-non-mollare\/1533409\/\">Brase: &#8220;Faticato contro un&#8217;avversaria forte. Bravi a non mollare&#8221;<\/a><\/blockquote><iframe class=\"wp-embedded-content\" sandbox=\"allow-scripts\" security=\"restricted\" style=\"position: absolute; clip: rect(1px, 1px, 1px, 1px);\" src=\"https:\/\/www.varesenews.it\/2022\/12\/brase-faticato-unavversaria-forte-bravi-non-mollare\/1533409\/embed\/#?secret=2BcHYjkFgU\" data-secret=\"2BcHYjkFgU\" width=\"500\" height=\"282\" title=\"&#8220;Brase: &#8220;Faticato contro un&#8217;avversaria forte. Bravi a non mollare&#8221;&#8221; &#8212; VareseNews\" frameborder=\"0\" marginwidth=\"0\" marginheight=\"0\" scrolling=\"no\"><\/iframe>","_oembed_time_548ebf4fd4c516b76c9cc9ebf8f49963":"1672232540","_oembed_013eb39108d9297b0ce0479277f6b4f5":"<blockquote class=\"wp-embedded-content\" data-secret=\"3EnnbRc0UN\"><a href=\"https:\/\/www.varesenews.it\/2022\/12\/ea7-armani-milano-openjobmetis-varese-la-partita-diretta\/1532945\/\">EA7 Armani Milano &#8211; Openjobmetis Varese, la partita in diretta<\/a><\/blockquote><iframe class=\"wp-embedded-content\" sandbox=\"allow-scripts\" security=\"restricted\" style=\"position: absolute; clip: rect(1px, 1px, 1px, 1px);\" src=\"https:\/\/www.varesenews.it\/2022\/12\/ea7-armani-milano-openjobmetis-varese-la-partita-diretta\/1532945\/embed\/#?secret=3EnnbRc0UN\" data-secret=\"3EnnbRc0UN\" width=\"500\" height=\"282\" title=\"&#8220;EA7 Armani Milano &#8211; Openjobmetis Varese, la partita in diretta&#8221; &#8212; VareseNews\" frameborder=\"0\" marginwidth=\"0\" marginheight=\"0\" scrolling=\"no\"><\/iframe>","_oembed_time_013eb39108d9297b0ce0479277f6b4f5":"1672232540","_oembed_f257e57a9524954a69922915ca7111e9":"<blockquote class=\"wp-embedded-content\" data-secret=\"DHTmM0Jkzx\"><a href=\"https:\/\/www.verbanonews.it\/canali-tematici\/tempo-libero\/2015\/09\/22\/pane-fresco-ricetta-millenaria\/403454\/\">Pane fresco, ricetta millenaria<\/a><\/blockquote><iframe class=\"wp-embedded-content\" sandbox=\"allow-scripts\" security=\"restricted\" style=\"position: absolute; clip: rect(1px, 1px, 1px, 1px);\" src=\"https:\/\/www.verbanonews.it\/canali-tematici\/tempo-libero\/2015\/09\/22\/pane-fresco-ricetta-millenaria\/403454\/embed\/#?secret=DHTmM0Jkzx\" data-secret=\"DHTmM0Jkzx\" width=\"500\" height=\"282\" title=\"&#8220;Pane fresco, ricetta millenaria&#8221; &#8212; VerbanoNews\" frameborder=\"0\" marginwidth=\"0\" marginheight=\"0\" scrolling=\"no\"><\/iframe>","_oembed_time_f257e57a9524954a69922915ca7111e9":"1672232541","_oembed_d84bc3de9b15a8a61ffe6d4072593642":"<blockquote class=\"wp-embedded-content\" data-secret=\"BjyowON2d9\"><a href=\"https:\/\/www.varesenews.it\/2022\/12\/ottavio-missioni-porta-varese-alla-dakar-2023-emozione-ansia-corono-un-sogno\/1531425\/\">Ottavio Missoni porta Varese alla Dakar 2023: &#8220;Emozione e ansia: corono un sogno&#8221;<\/a><\/blockquote><iframe class=\"wp-embedded-content\" sandbox=\"allow-scripts\" security=\"restricted\" style=\"position: absolute; clip: rect(1px, 1px, 1px, 1px);\" src=\"https:\/\/www.varesenews.it\/2022\/12\/ottavio-missioni-porta-varese-alla-dakar-2023-emozione-ansia-corono-un-sogno\/1531425\/embed\/#?secret=BjyowON2d9\" data-secret=\"BjyowON2d9\" width=\"500\" height=\"282\" title=\"&#8220;Ottavio Missoni porta Varese alla Dakar 2023: &#8220;Emozione e ansia: corono un sogno&#8221;&#8221; &#8212; VareseNews\" frameborder=\"0\" marginwidth=\"0\" marginheight=\"0\" scrolling=\"no\"><\/iframe>","_oembed_time_d84bc3de9b15a8a61ffe6d4072593642":"1672233037","_oembed_1266064692e05c8c8b5def504ce47086":"<iframe width=\"500\" height=\"281\" src=\"https:\/\/www.youtube.com\/embed\/ANR98GS6sRo?feature=oembed\" frameborder=\"0\" allow=\"accelerometer; autoplay; clipboard-write; encrypted-media; gyroscope; picture-in-picture\" allowfullscreen title=\"Horacio Casteglione&#39;s &quot;Milonga Del Gwdih\u0175&quot; by Xeno M\u00fcller II 2003 Manuel Contreras II &quot;Double Top&quot;\"><\/iframe>","_oembed_time_1266064692e05c8c8b5def504ce47086":"1672233037","_oembed_9f7cd1dacc18714632b12c466458975a":"<blockquote class=\"wp-embedded-content\" data-secret=\"zIyI98Brmf\"><a href=\"https:\/\/www.varesenews.it\/2020\/04\/racconto-del-partigiano-non-ce-nulla-valga-quanto-la-liberta\/922988\/\">Il racconto del partigiano: &#8220;Non c\u2019\u00e8 nulla che valga quanto la libert\u00e0\u201d<\/a><\/blockquote><iframe class=\"wp-embedded-content\" sandbox=\"allow-scripts\" security=\"restricted\" style=\"position: absolute; clip: rect(1px, 1px, 1px, 1px);\" src=\"https:\/\/www.varesenews.it\/2020\/04\/racconto-del-partigiano-non-ce-nulla-valga-quanto-la-liberta\/922988\/embed\/#?secret=zIyI98Brmf\" data-secret=\"zIyI98Brmf\" width=\"500\" height=\"282\" title=\"&#8220;Il racconto del partigiano: &#8220;Non c\u2019\u00e8 nulla che valga quanto la libert\u00e0\u201d&#8221; &#8212; VareseNews\" frameborder=\"0\" marginwidth=\"0\" marginheight=\"0\" scrolling=\"no\"><\/iframe>","_oembed_time_9f7cd1dacc18714632b12c466458975a":"1672233732","_oembed_0fda4c796aa62b1008a2263dd1fa1033":"<blockquote class=\"wp-embedded-content\" data-secret=\"QdaaEzIt3b\"><a href=\"https:\/\/www.varesenews.it\/2022\/12\/pagelle-top-direttori-delle-due-asst-nel-varesotto-98-bonelli-97-porfido\/1532176\/\">Pagelle top per i direttori delle due Asst nel Varesotto: 98 a Bonelli e 97 a Porfido<\/a><\/blockquote><iframe class=\"wp-embedded-content\" sandbox=\"allow-scripts\" security=\"restricted\" style=\"position: absolute; clip: rect(1px, 1px, 1px, 1px);\" src=\"https:\/\/www.varesenews.it\/2022\/12\/pagelle-top-direttori-delle-due-asst-nel-varesotto-98-bonelli-97-porfido\/1532176\/embed\/#?secret=QdaaEzIt3b\" data-secret=\"QdaaEzIt3b\" width=\"500\" height=\"282\" title=\"&#8220;Pagelle top per i direttori delle due Asst nel Varesotto: 98 a Bonelli e 97 a Porfido&#8221; &#8212; VareseNews\" frameborder=\"0\" marginwidth=\"0\" marginheight=\"0\" scrolling=\"no\"><\/iframe>","_oembed_time_0fda4c796aa62b1008a2263dd1fa1033":"1672233732","_oembed_2f8287b988c4c4070c48efd21a57d7fc":"<blockquote class=\"wp-embedded-content\" data-secret=\"zfBVzy4pHD\"><a href=\"https:\/\/www.varesenews.it\/2022\/12\/donate-cuciniamo-riparte-la-raccolta-la-cena-natale-solidale-busto-arsizio\/1527717\/\">\u201cVoi donate, noi cuciniamo\u201d. Riparte la raccolta per la cena di Natale solidale di Busto Arsizio<\/a><\/blockquote><iframe class=\"wp-embedded-content\" sandbox=\"allow-scripts\" security=\"restricted\" style=\"position: absolute; clip: rect(1px, 1px, 1px, 1px);\" src=\"https:\/\/www.varesenews.it\/2022\/12\/donate-cuciniamo-riparte-la-raccolta-la-cena-natale-solidale-busto-arsizio\/1527717\/embed\/#?secret=zfBVzy4pHD\" data-secret=\"zfBVzy4pHD\" width=\"500\" height=\"282\" title=\"&#8220;\u201cVoi donate, noi cuciniamo\u201d. Riparte la raccolta per la cena di Natale solidale di Busto Arsizio&#8221; &#8212; VareseNews\" frameborder=\"0\" marginwidth=\"0\" marginheight=\"0\" scrolling=\"no\"><\/iframe>","_oembed_time_2f8287b988c4c4070c48efd21a57d7fc":"1672233733"},"photos":[{"original":"https:\/\/staging.varesenews.it\/photogallery_new\/images\/2022\/12\/masterchef-2022-generiche-1362863.jpg","full":"https:\/\/staging.varesenews.it\/photogallery_new\/images\/2022\/12\/masterchef-2022-generiche-1362863.1024x768.jpg","large":"https:\/\/staging.varesenews.it\/photogallery_new\/images\/2022\/12\/masterchef-2022-generiche-1362863.610x431.jpg"}],"_links":{"self":[{"href":"https:\/\/staging.varesenews.it\/swgapi\/v1\/wp\/v2\/posts\/1533786"}],"collection":[{"href":"https:\/\/staging.varesenews.it\/swgapi\/v1\/wp\/v2\/posts"}],"about":[{"href":"https:\/\/staging.varesenews.it\/swgapi\/v1\/wp\/v2\/types\/post"}],"author":[{"embeddable":true,"href":"https:\/\/staging.varesenews.it\/swgapi\/v1\/wp\/v2\/users\/48"}],"replies":[{"embeddable":true,"href":"https:\/\/staging.varesenews.it\/swgapi\/v1\/wp\/v2\/comments?post=1533786"}],"version-history":[{"count":0,"href":"https:\/\/staging.varesenews.it\/swgapi\/v1\/wp\/v2\/posts\/1533786\/revisions"}],"wp:attachment":[{"href":"https:\/\/staging.varesenews.it\/swgapi\/v1\/wp\/v2\/media?parent=1533786"}],"wp:term":[{"taxonomy":"category","embeddable":true,"href":"https:\/\/staging.varesenews.it\/swgapi\/v1\/wp\/v2\/categories?post=1533786"},{"taxonomy":"post_tag","embeddable":true,"href":"https:\/\/staging.varesenews.it\/swgapi\/v1\/wp\/v2\/tags?post=1533786"}],"curies":[{"name":"wp","href":"https:\/\/api.w.org\/{rel}","templated":true}]}}