{"id":1537232,"date":"2023-01-11T18:17:55","date_gmt":"2023-01-11T17:17:55","guid":{"rendered":"https:\/\/www.varesenews.it\/?p=1537232"},"modified":"2023-01-11T18:18:55","modified_gmt":"2023-01-11T17:18:55","slug":"fratelli-ditalia-piazza-lonate-la-campagna-elettorale","status":"publish","type":"post","link":"https:\/\/staging.varesenews.it\/2023\/01\/fratelli-ditalia-piazza-lonate-la-campagna-elettorale\/1537232\/","title":{"rendered":"Fratelli d&#8217;Italia in piazza a Lonate per la campagna elettorale"},"content":{"rendered":"<p>Il <strong>Circolo di Fratelli d&#8217;Italia<\/strong> di <strong>Lonate Pozzolo in piazza<\/strong> S. Ambrogio per tre domeniche, per la campagna elettorale per le regionali.<\/p>\n<p>I militanti saranno in piazza domenica 22, domenica 29 gennaio e domenica 5 febbraio, \u00abper sostenere il nostro partito in vista delle prossime elezioni regionali che si terranno il 12 e 13 febbraio. Invitiamo tutti i sostenitori ad unirsi a noi per dimostrare il nostro forte impegno a difendere i nostri valori e a rappresentare la nostra comunita\u0300 in regione\u00bb.<\/p>\n<p>Il presidente <strong>Francesco Carbone<\/strong> aggiunge che \u00abavere rappresentanti di qualita\u0300 in regione e\u0300 importante per Lonate Pozzolo perche\u0301 essi rappresentano gli interessi della comunita\u0300 a livello regionale. In questo modo possono assicurare che le politiche e le decisioni prese a livello regionale siano in linea con le esigenze e le priorita\u0300 della comunita\u0300\u00bb.<\/p>\n<p>\u00abI rappresentanti possono anche fungere da intermediari tra la comunita\u0300 e le autorita\u0300 regionali, aiutando a risolvere i problemi e a ottenere i servizi di cui la comunita\u0300 ha bisogno. Inoltre, essi possono promuovere la crescita economica e sociale della regione attraverso politiche e progetti mirati. Insomma avere rappresentanti validi in regione significa che la comunita\u0300 viene rappresentata al meglio a livello decisionale e che puo\u0300 essere attiva nel chiedere maggiore attenzione per le proprie esigenze. Nelle tre domeniche, ci saranno anche rappresentanti del partito per rispondere alle domande e discutere le nostre proposte\u00bb.<\/p>\n","protected":false},"excerpt":{"rendered":"<p>Tre le giornate di mobilitazione in vista delle regionali<\/p>\n","protected":false},"author":46,"featured_media":0,"comment_status":"open","ping_status":"open","sticky":false,"template":"","format":"standard","meta":{"footnotes":""},"categories":[3],"tags":[355],"acf":[],"yoast_head":"<!-- This site is optimized with the Yoast SEO plugin v20.1 - https:\/\/yoast.com\/wordpress\/plugins\/seo\/ -->\n<title>Fratelli d&#039;Italia in piazza a Lonate per la campagna elettorale<\/title>\n<meta name=\"description\" content=\"Tre le giornate di mobilitazione in vista delle regionali\" \/>\n<meta name=\"robots\" content=\"noindex, follow, max-snippet:-1, max-image-preview:large, max-video-preview:-1\" \/>\n<meta property=\"og:locale\" content=\"it_IT\" \/>\n<meta property=\"og:type\" content=\"article\" \/>\n<meta property=\"og:title\" content=\"Fratelli d&#039;Italia in piazza a Lonate per la campagna elettorale\" \/>\n<meta property=\"og:description\" content=\"Tre le giornate di mobilitazione in vista delle regionali\" \/>\n<meta property=\"og:url\" content=\"https:\/\/staging.varesenews.it\/2023\/01\/fratelli-ditalia-piazza-lonate-la-campagna-elettorale\/1537232\/\" \/>\n<meta property=\"og:site_name\" content=\"VareseNews\" \/>\n<meta property=\"article:publisher\" content=\"https:\/\/www.facebook.com\/varesenews\" \/>\n<meta property=\"article:published_time\" content=\"2023-01-11T17:17:55+00:00\" \/>\n<meta property=\"article:modified_time\" content=\"2023-01-11T17:18:55+00:00\" \/>\n<meta name=\"author\" content=\"Roberto Morandi\" \/>\n<meta name=\"twitter:card\" content=\"summary_large_image\" \/>\n<meta name=\"twitter:creator\" content=\"@ilmorands\" \/>\n<meta name=\"twitter:site\" content=\"@varesenews\" \/>\n<meta name=\"twitter:label1\" content=\"Scritto da\" \/>\n\t<meta name=\"twitter:data1\" content=\"Roberto Morandi\" \/>\n\t<meta name=\"twitter:label2\" content=\"Tempo di lettura stimato\" \/>\n\t<meta name=\"twitter:data2\" content=\"1 minuto\" \/>\n<script type=\"application\/ld+json\" class=\"yoast-schema-graph\">{\"@context\":\"https:\/\/schema.org\",\"@graph\":[{\"@type\":\"WebPage\",\"@id\":\"https:\/\/staging.varesenews.it\/2023\/01\/fratelli-ditalia-piazza-lonate-la-campagna-elettorale\/1537232\/\",\"url\":\"https:\/\/staging.varesenews.it\/2023\/01\/fratelli-ditalia-piazza-lonate-la-campagna-elettorale\/1537232\/\",\"name\":\"Fratelli d'Italia in piazza a Lonate per la campagna elettorale\",\"isPartOf\":{\"@id\":\"https:\/\/staging.varesenews.it\/#website\"},\"datePublished\":\"2023-01-11T17:17:55+00:00\",\"dateModified\":\"2023-01-11T17:18:55+00:00\",\"author\":{\"@id\":\"https:\/\/staging.varesenews.it\/#\/schema\/person\/efe592ae4c76536b551f89d8b6674bc3\"},\"description\":\"Tre le giornate di mobilitazione in vista delle regionali\",\"breadcrumb\":{\"@id\":\"https:\/\/staging.varesenews.it\/2023\/01\/fratelli-ditalia-piazza-lonate-la-campagna-elettorale\/1537232\/#breadcrumb\"},\"inLanguage\":\"it-IT\",\"potentialAction\":[{\"@type\":\"ReadAction\",\"target\":[\"https:\/\/staging.varesenews.it\/2023\/01\/fratelli-ditalia-piazza-lonate-la-campagna-elettorale\/1537232\/\"]}]},{\"@type\":\"BreadcrumbList\",\"@id\":\"https:\/\/staging.varesenews.it\/2023\/01\/fratelli-ditalia-piazza-lonate-la-campagna-elettorale\/1537232\/#breadcrumb\",\"itemListElement\":[{\"@type\":\"ListItem\",\"position\":1,\"name\":\"Home\",\"item\":\"https:\/\/www.varesenews.it\/\"},{\"@type\":\"ListItem\",\"position\":2,\"name\":\"Fratelli d&#8217;Italia in piazza a Lonate per la campagna elettorale\"}]},{\"@type\":\"WebSite\",\"@id\":\"https:\/\/staging.varesenews.it\/#website\",\"url\":\"https:\/\/staging.varesenews.it\/\",\"name\":\"VareseNews\",\"description\":\"\",\"potentialAction\":[{\"@type\":\"SearchAction\",\"target\":{\"@type\":\"EntryPoint\",\"urlTemplate\":\"https:\/\/staging.varesenews.it\/?s={search_term_string}\"},\"query-input\":\"required name=search_term_string\"}],\"inLanguage\":\"it-IT\"},{\"@type\":\"Person\",\"@id\":\"https:\/\/staging.varesenews.it\/#\/schema\/person\/efe592ae4c76536b551f89d8b6674bc3\",\"name\":\"Roberto Morandi\",\"image\":{\"@type\":\"ImageObject\",\"inLanguage\":\"it-IT\",\"@id\":\"https:\/\/staging.varesenews.it\/#\/schema\/person\/image\/\",\"url\":\"https:\/\/staging.varesenews.it\/wp-content\/uploads\/2020\/12\/roberto_morandi_colori_500.jpg\",\"contentUrl\":\"https:\/\/staging.varesenews.it\/wp-content\/uploads\/2020\/12\/roberto_morandi_colori_500.jpg\",\"caption\":\"Roberto Morandi\"},\"description\":\"Classe 1980, laureato in storia, mi occupo dell&rsquo;area di Gallarate e di Malpensa, di trasporti e mobilit&agrave;. Amo molto la dimensione della citt&agrave;, come luogo d&rsquo;incontro di persone diverse e come organismo che si trasforma costantemente. Mi piace anche raccontare le piccole e grandi vicende, anche locali, che compongono la Storia con la S maiuscola. Appassionato di bicicletta: la macchina perfetta per muoversi in citt&agrave; e per viaggiare.\",\"sameAs\":[\"https:\/\/twitter.com\/ilmorands\"],\"url\":\"https:\/\/staging.varesenews.it\/persona\/roberto-morandi1\/\"}]}<\/script>\n<!-- \/ Yoast SEO plugin. -->","yoast_head_json":{"title":"Fratelli d'Italia in piazza a Lonate per la campagna elettorale","description":"Tre le giornate di mobilitazione in vista delle regionali","robots":{"index":"noindex","follow":"follow","max-snippet":"max-snippet:-1","max-image-preview":"max-image-preview:large","max-video-preview":"max-video-preview:-1"},"og_locale":"it_IT","og_type":"article","og_title":"Fratelli d'Italia in piazza a Lonate per la campagna elettorale","og_description":"Tre le giornate di mobilitazione in vista delle regionali","og_url":"https:\/\/staging.varesenews.it\/2023\/01\/fratelli-ditalia-piazza-lonate-la-campagna-elettorale\/1537232\/","og_site_name":"VareseNews","article_publisher":"https:\/\/www.facebook.com\/varesenews","article_published_time":"2023-01-11T17:17:55+00:00","article_modified_time":"2023-01-11T17:18:55+00:00","author":"Roberto Morandi","twitter_card":"summary_large_image","twitter_creator":"@ilmorands","twitter_site":"@varesenews","twitter_misc":{"Scritto da":"Roberto Morandi","Tempo di lettura stimato":"1 minuto"},"schema":{"@context":"https:\/\/schema.org","@graph":[{"@type":"WebPage","@id":"https:\/\/staging.varesenews.it\/2023\/01\/fratelli-ditalia-piazza-lonate-la-campagna-elettorale\/1537232\/","url":"https:\/\/staging.varesenews.it\/2023\/01\/fratelli-ditalia-piazza-lonate-la-campagna-elettorale\/1537232\/","name":"Fratelli d'Italia in piazza a Lonate per la campagna elettorale","isPartOf":{"@id":"https:\/\/staging.varesenews.it\/#website"},"datePublished":"2023-01-11T17:17:55+00:00","dateModified":"2023-01-11T17:18:55+00:00","author":{"@id":"https:\/\/staging.varesenews.it\/#\/schema\/person\/efe592ae4c76536b551f89d8b6674bc3"},"description":"Tre le giornate di mobilitazione in vista delle regionali","breadcrumb":{"@id":"https:\/\/staging.varesenews.it\/2023\/01\/fratelli-ditalia-piazza-lonate-la-campagna-elettorale\/1537232\/#breadcrumb"},"inLanguage":"it-IT","potentialAction":[{"@type":"ReadAction","target":["https:\/\/staging.varesenews.it\/2023\/01\/fratelli-ditalia-piazza-lonate-la-campagna-elettorale\/1537232\/"]}]},{"@type":"BreadcrumbList","@id":"https:\/\/staging.varesenews.it\/2023\/01\/fratelli-ditalia-piazza-lonate-la-campagna-elettorale\/1537232\/#breadcrumb","itemListElement":[{"@type":"ListItem","position":1,"name":"Home","item":"https:\/\/www.varesenews.it\/"},{"@type":"ListItem","position":2,"name":"Fratelli d&#8217;Italia in piazza a Lonate per la campagna elettorale"}]},{"@type":"WebSite","@id":"https:\/\/staging.varesenews.it\/#website","url":"https:\/\/staging.varesenews.it\/","name":"VareseNews","description":"","potentialAction":[{"@type":"SearchAction","target":{"@type":"EntryPoint","urlTemplate":"https:\/\/staging.varesenews.it\/?s={search_term_string}"},"query-input":"required name=search_term_string"}],"inLanguage":"it-IT"},{"@type":"Person","@id":"https:\/\/staging.varesenews.it\/#\/schema\/person\/efe592ae4c76536b551f89d8b6674bc3","name":"Roberto Morandi","image":{"@type":"ImageObject","inLanguage":"it-IT","@id":"https:\/\/staging.varesenews.it\/#\/schema\/person\/image\/","url":"https:\/\/staging.varesenews.it\/wp-content\/uploads\/2020\/12\/roberto_morandi_colori_500.jpg","contentUrl":"https:\/\/staging.varesenews.it\/wp-content\/uploads\/2020\/12\/roberto_morandi_colori_500.jpg","caption":"Roberto Morandi"},"description":"Classe 1980, laureato in storia, mi occupo dell&rsquo;area di Gallarate e di Malpensa, di trasporti e mobilit&agrave;. Amo molto la dimensione della citt&agrave;, come luogo d&rsquo;incontro di persone diverse e come organismo che si trasforma costantemente. Mi piace anche raccontare le piccole e grandi vicende, anche locali, che compongono la Storia con la S maiuscola. Appassionato di bicicletta: la macchina perfetta per muoversi in citt&agrave; e per viaggiare.","sameAs":["https:\/\/twitter.com\/ilmorands"],"url":"https:\/\/staging.varesenews.it\/persona\/roberto-morandi1\/"}]}},"post_meta":{"content-image-gallery":"","_edit_lock":"1673457397:46","_edit_last":"46","_category_permalink":"a:1:{s:8:\"category\";s:1:\"3\";}","_encloseme":"1","ratings_users":"0","ratings_score":"0","ratings_average":"0","foto":"1304254","firma_come_redazione":"1","argomento":"Lonate Pozzolo","_yoast_wpseo_focuskw_text_input":"lonate","_yoast_wpseo_focuskw":"lonate","_yoast_wpseo_linkdex":"62","_yoast_wpseo_content_score":"30","_jd_tweet_this":"yes","_wpt_short_url":"https:\/\/www.varesenews.it\/2023\/01\/fratelli-ditalia-piazza-lonate-la-campagna-elettorale\/1537232\/","_wp_jd_target":"https:\/\/www.varesenews.it\/2023\/01\/fratelli-ditalia-piazza-lonate-la-campagna-elettorale\/1537232\/","_jd_wp_twitter":"a:1:{i:0;s:179:\"Fratelli d\u2019Italia in piazza a Lonate per la campagna elettorale https:\/\/www.varesenews.it\/2023\/01\/fratelli-ditalia-piazza-lonate-la-campagna-elettorale\/1537232\/ #fratelliditalia\";}","_wpt_status_message":"Tweet inviato con successo.","_oembed_351e7458872cfc919bfa86006922ed0f":"<iframe width=\"500\" height=\"281\" src=\"https:\/\/www.youtube.com\/embed\/79nMYIhxxlU?feature=oembed\" frameborder=\"0\" allow=\"accelerometer; autoplay; clipboard-write; encrypted-media; gyroscope; picture-in-picture; web-share\" allowfullscreen title=\"LECTIO MAGISTRALIS D&#39;INAUGURAZIONE DEL SESTO CENTENARIO della Collegiata con mons. Timothy Verdon\"><\/iframe>","_oembed_time_351e7458872cfc919bfa86006922ed0f":"1673457861","_oembed_4aef7473ba86ddb4e7eed144ee320459":"<iframe width=\"500\" height=\"281\" src=\"https:\/\/www.youtube.com\/embed\/JYpoflR9fLY?feature=oembed\" frameborder=\"0\" allow=\"accelerometer; autoplay; clipboard-write; encrypted-media; gyroscope; picture-in-picture; web-share\" allowfullscreen title=\"Prezzo benzina, Meloni: &quot;Taglio accise sarebbe ottimo ma dobbiamo fare i conti con la realt\u00e0&quot;\"><\/iframe>","_oembed_time_4aef7473ba86ddb4e7eed144ee320459":"1673457885","_oembed_1e69e754e66f30eee978bb71186a9008":"<blockquote class=\"wp-embedded-content\" data-secret=\"fSSgLbfctI\"><a href=\"https:\/\/www.varesenews.it\/2022\/12\/un-impianto-idroelettrico-fra-luino-dumenza\/1530144\/\">Un nuovo impianto idroelettrico fra Luino e Dumenza<\/a><\/blockquote><iframe class=\"wp-embedded-content\" sandbox=\"allow-scripts\" security=\"restricted\" style=\"position: absolute; clip: rect(1px, 1px, 1px, 1px);\" src=\"https:\/\/www.varesenews.it\/2022\/12\/un-impianto-idroelettrico-fra-luino-dumenza\/1530144\/embed\/#?secret=fSSgLbfctI\" data-secret=\"fSSgLbfctI\" width=\"500\" height=\"282\" title=\"&#8220;Un nuovo impianto idroelettrico fra Luino e Dumenza&#8221; &#8212; VareseNews\" frameborder=\"0\" marginwidth=\"0\" marginheight=\"0\" scrolling=\"no\"><\/iframe>","_oembed_time_1e69e754e66f30eee978bb71186a9008":"1673457885","_oembed_70e7db1d4b7124ecaab24401ba033e19":"<iframe width=\"500\" height=\"281\" src=\"https:\/\/www.youtube.com\/embed\/3zEyJkDryUc?feature=oembed\" frameborder=\"0\" allow=\"accelerometer; autoplay; clipboard-write; encrypted-media; gyroscope; picture-in-picture; web-share\" allowfullscreen title=\"Il mercato immobiliare di Varese \u00e8 in ripresa\"><\/iframe>","_oembed_time_70e7db1d4b7124ecaab24401ba033e19":"1673457885","_oembed_3c20b864346dc27375f39524ff3fd6c8":"<blockquote class=\"wp-embedded-content\" data-secret=\"W4H6PBGgf5\"><a href=\"https:\/\/www.varesenews.it\/2023\/01\/claudio-baglioni-posticipati-concerti-varese-como-lugano\/1534586\/\">Claudio Baglioni: posticipati i concerti di Varese, Como e Lugano<\/a><\/blockquote><iframe class=\"wp-embedded-content\" sandbox=\"allow-scripts\" security=\"restricted\" style=\"position: absolute; clip: rect(1px, 1px, 1px, 1px);\" src=\"https:\/\/www.varesenews.it\/2023\/01\/claudio-baglioni-posticipati-concerti-varese-como-lugano\/1534586\/embed\/#?secret=W4H6PBGgf5\" data-secret=\"W4H6PBGgf5\" width=\"500\" height=\"282\" title=\"&#8220;Claudio Baglioni: posticipati i concerti di Varese, Como e Lugano&#8221; &#8212; VareseNews\" frameborder=\"0\" marginwidth=\"0\" marginheight=\"0\" scrolling=\"no\"><\/iframe>","_oembed_time_3c20b864346dc27375f39524ff3fd6c8":"1673458015","_oembed_971e2e2ac0a925491670e99674acd665":"<blockquote class=\"wp-embedded-content\" data-secret=\"UxziYkcqFD\"><a href=\"https:\/\/www.varesenews.it\/2020\/07\/giovanni-bassanesi-volo-antifascista-lodrino-milano-2\/944680\/\">Dal Ticino a Milano: il pilota col mal d&#8217;aria e il folle volo contro la dittatura<\/a><\/blockquote><iframe class=\"wp-embedded-content\" sandbox=\"allow-scripts\" security=\"restricted\" style=\"position: absolute; clip: rect(1px, 1px, 1px, 1px);\" src=\"https:\/\/www.varesenews.it\/2020\/07\/giovanni-bassanesi-volo-antifascista-lodrino-milano-2\/944680\/embed\/#?secret=UxziYkcqFD\" data-secret=\"UxziYkcqFD\" width=\"500\" height=\"282\" title=\"&#8220;Dal Ticino a Milano: il pilota col mal d&#8217;aria e il folle volo contro la dittatura&#8221; &#8212; VareseNews\" frameborder=\"0\" marginwidth=\"0\" marginheight=\"0\" scrolling=\"no\"><\/iframe>","_oembed_time_971e2e2ac0a925491670e99674acd665":"1673458015","_oembed_c98fe16c7150ec9c87433c8d792f03b2":"<iframe width=\"500\" height=\"281\" src=\"https:\/\/www.youtube.com\/embed\/w6K5qj6e8Cg?feature=oembed\" frameborder=\"0\" allow=\"accelerometer; autoplay; clipboard-write; encrypted-media; gyroscope; picture-in-picture; web-share\" allowfullscreen title=\"Siccit\u00e0 nel Ticino: anche la diga del Panperduto resta in secca\"><\/iframe>","_oembed_time_c98fe16c7150ec9c87433c8d792f03b2":"1673458015","_oembed_996fc1fe4e9253eacfe35d48a2f87977":"<blockquote class=\"wp-embedded-content\" data-secret=\"p4d6PxShAu\"><a href=\"https:\/\/www.varesenews.it\/2022\/07\/la-siccita-uccide-le-giovani-piante-busto-arsizio-volontari-legambiente-le-innaffiano-notte\/1484823\/\">La siccit\u00e0 uccide le giovani piante a Busto Arsizio, i volontari di Legambiente le innaffiano di notte<\/a><\/blockquote><iframe class=\"wp-embedded-content\" sandbox=\"allow-scripts\" security=\"restricted\" style=\"position: absolute; clip: rect(1px, 1px, 1px, 1px);\" src=\"https:\/\/www.varesenews.it\/2022\/07\/la-siccita-uccide-le-giovani-piante-busto-arsizio-volontari-legambiente-le-innaffiano-notte\/1484823\/embed\/#?secret=p4d6PxShAu\" data-secret=\"p4d6PxShAu\" width=\"500\" height=\"282\" title=\"&#8220;La siccit\u00e0 uccide le giovani piante a Busto Arsizio, i volontari di Legambiente le innaffiano di notte&#8221; &#8212; VareseNews\" frameborder=\"0\" marginwidth=\"0\" marginheight=\"0\" scrolling=\"no\"><\/iframe>","_oembed_time_996fc1fe4e9253eacfe35d48a2f87977":"1673458015","_oembed_3ec678259b7672c6bf5f71c8a07fa922":"<iframe width=\"500\" height=\"281\" src=\"https:\/\/www.youtube.com\/embed\/wa9iDVBLg6E?start=2160&feature=oembed\" frameborder=\"0\" allow=\"accelerometer; autoplay; clipboard-write; encrypted-media; gyroscope; picture-in-picture; web-share\" allowfullscreen title=\"Senza acqua. La siccit\u00e0 nel racconto giornalistico\"><\/iframe>","_oembed_time_3ec678259b7672c6bf5f71c8a07fa922":"1673458015","_oembed_33c1341324d4df70cb98a62f930eba25":"<blockquote class=\"wp-embedded-content\" data-secret=\"l3eBAu7FKH\"><a href=\"https:\/\/www.varesenews.it\/2022\/12\/2022-lanno-dei-record-piu-caldo-piu-secco-piu-soleggiato-sempre\/1534009\/\">Per la Provincia di Varese \u00e8 stato l&#8217;anno &#8220;pi\u00f9 caldo, pi\u00f9 secco e pi\u00f9 soleggiato di sempre&#8221;<\/a><\/blockquote><iframe class=\"wp-embedded-content\" sandbox=\"allow-scripts\" security=\"restricted\" style=\"position: absolute; clip: rect(1px, 1px, 1px, 1px);\" src=\"https:\/\/www.varesenews.it\/2022\/12\/2022-lanno-dei-record-piu-caldo-piu-secco-piu-soleggiato-sempre\/1534009\/embed\/#?secret=l3eBAu7FKH\" data-secret=\"l3eBAu7FKH\" width=\"500\" height=\"282\" title=\"&#8220;Per la Provincia di Varese \u00e8 stato l&#8217;anno &#8220;pi\u00f9 caldo, pi\u00f9 secco e pi\u00f9 soleggiato di sempre&#8221;&#8221; &#8212; VareseNews\" frameborder=\"0\" marginwidth=\"0\" marginheight=\"0\" scrolling=\"no\"><\/iframe>","_oembed_time_33c1341324d4df70cb98a62f930eba25":"1673458015","_oembed_abea50da986e33089a9dc1005468f7dd":"<blockquote class=\"wp-embedded-content\" data-secret=\"cqdQ0ipNOr\"><a href=\"https:\/\/www.verbanonews.it\/aree-geografiche\/piemonte\/2022\/12\/27\/capodanno-in-piazza-a-verbania-con-i-dj-di-radio-105\/950451\/\">Capodanno in piazza a Verbania con i dj di Radio 105<\/a><\/blockquote><iframe class=\"wp-embedded-content\" sandbox=\"allow-scripts\" security=\"restricted\" style=\"position: absolute; clip: rect(1px, 1px, 1px, 1px);\" src=\"https:\/\/www.verbanonews.it\/aree-geografiche\/piemonte\/2022\/12\/27\/capodanno-in-piazza-a-verbania-con-i-dj-di-radio-105\/950451\/embed\/#?secret=cqdQ0ipNOr\" data-secret=\"cqdQ0ipNOr\" width=\"500\" height=\"282\" title=\"&#8220;Capodanno in piazza a Verbania con i dj di Radio 105&#8221; &#8212; VerbanoNews\" frameborder=\"0\" marginwidth=\"0\" marginheight=\"0\" scrolling=\"no\"><\/iframe>","_oembed_time_abea50da986e33089a9dc1005468f7dd":"1673458015","_oembed_eda93b61621108dbb350a8d1ba3c6f88":"<iframe width=\"500\" height=\"281\" src=\"https:\/\/www.youtube.com\/embed\/8LwKPlwik2E?feature=oembed\" frameborder=\"0\" allow=\"accelerometer; autoplay; clipboard-write; encrypted-media; gyroscope; picture-in-picture; web-share\" allowfullscreen title=\"A Natale l&#39;attesa \u00e8 la vera magia - Il video dei lettori\"><\/iframe>","_oembed_time_eda93b61621108dbb350a8d1ba3c6f88":"1673458015","_oembed_edd9e2b97a177f942783f15c27d71f3a":"<blockquote class=\"wp-embedded-content\" data-secret=\"qC0w29ow8t\"><a href=\"https:\/\/www.varesenews.it\/2022\/12\/aria-natale-la-magia-dellattesa-raccontata-dai-lettori\/1524773\/\">Il Natale dei lettori, il vostro racconto della magia dell&#8217;attesa<\/a><\/blockquote><iframe class=\"wp-embedded-content\" sandbox=\"allow-scripts\" security=\"restricted\" style=\"position: absolute; clip: rect(1px, 1px, 1px, 1px);\" src=\"https:\/\/www.varesenews.it\/2022\/12\/aria-natale-la-magia-dellattesa-raccontata-dai-lettori\/1524773\/embed\/#?secret=qC0w29ow8t\" data-secret=\"qC0w29ow8t\" width=\"500\" height=\"282\" title=\"&#8220;Il Natale dei lettori, il vostro racconto della magia dell&#8217;attesa&#8221; &#8212; VareseNews\" frameborder=\"0\" marginwidth=\"0\" marginheight=\"0\" scrolling=\"no\"><\/iframe>","_oembed_time_edd9e2b97a177f942783f15c27d71f3a":"1673458015","_oembed_27cc2894038754b795534e1f77e553b0":"<blockquote class=\"wp-embedded-content\" data-secret=\"86KZf2IwBx\"><a href=\"https:\/\/www.varesenews.it\/2022\/12\/la-magia-delle-lucine-natale-2022-ammirarle-varese-provincia\/1532835\/\">La magia delle lucine di Natale 2022: dove ammirarle tra Varese e provincia<\/a><\/blockquote><iframe class=\"wp-embedded-content\" sandbox=\"allow-scripts\" security=\"restricted\" style=\"position: absolute; clip: rect(1px, 1px, 1px, 1px);\" src=\"https:\/\/www.varesenews.it\/2022\/12\/la-magia-delle-lucine-natale-2022-ammirarle-varese-provincia\/1532835\/embed\/#?secret=86KZf2IwBx\" data-secret=\"86KZf2IwBx\" width=\"500\" height=\"282\" title=\"&#8220;La magia delle lucine di Natale 2022: dove ammirarle tra Varese e provincia&#8221; &#8212; VareseNews\" frameborder=\"0\" marginwidth=\"0\" marginheight=\"0\" scrolling=\"no\"><\/iframe>","_oembed_time_27cc2894038754b795534e1f77e553b0":"1673458015","_oembed_427c2ddcc90158994134ea7b290795a9":"<blockquote class=\"wp-embedded-content\" data-secret=\"TKx9MrfgIP\"><a href=\"https:\/\/www.varesenews.it\/2022\/12\/pattinare-sul-ghiaccio-le-feste-natalizie-varese-provincia\/1532598\/\">Dove pattinare sul ghiaccio durante le Feste Natalizie tra Varese e provincia<\/a><\/blockquote><iframe class=\"wp-embedded-content\" sandbox=\"allow-scripts\" security=\"restricted\" style=\"position: absolute; clip: rect(1px, 1px, 1px, 1px);\" src=\"https:\/\/www.varesenews.it\/2022\/12\/pattinare-sul-ghiaccio-le-feste-natalizie-varese-provincia\/1532598\/embed\/#?secret=TKx9MrfgIP\" data-secret=\"TKx9MrfgIP\" width=\"500\" height=\"282\" title=\"&#8220;Dove pattinare sul ghiaccio durante le Feste Natalizie tra Varese e provincia&#8221; &#8212; VareseNews\" frameborder=\"0\" marginwidth=\"0\" marginheight=\"0\" scrolling=\"no\"><\/iframe>","_oembed_time_427c2ddcc90158994134ea7b290795a9":"1673458015","_oembed_d75ab755110eb2da7adf2fce8b79dffe":"<blockquote class=\"wp-embedded-content\" data-secret=\"qVIY6oRUFR\"><a href=\"https:\/\/www.varesenews.it\/2022\/12\/eventi-bambini-nel-weekend-natale-del-23-24-25-26-dicembre-varese-provincia\/1532838\/\">Eventi per bambini nel weekend di Natale del 23, 24, 25 e 26 dicembre tra Varese e provincia<\/a><\/blockquote><iframe class=\"wp-embedded-content\" sandbox=\"allow-scripts\" security=\"restricted\" style=\"position: absolute; clip: rect(1px, 1px, 1px, 1px);\" src=\"https:\/\/www.varesenews.it\/2022\/12\/eventi-bambini-nel-weekend-natale-del-23-24-25-26-dicembre-varese-provincia\/1532838\/embed\/#?secret=qVIY6oRUFR\" data-secret=\"qVIY6oRUFR\" width=\"500\" height=\"282\" title=\"&#8220;Eventi per bambini nel weekend di Natale del 23, 24, 25 e 26 dicembre tra Varese e provincia&#8221; &#8212; VareseNews\" frameborder=\"0\" marginwidth=\"0\" marginheight=\"0\" scrolling=\"no\"><\/iframe>","_oembed_time_d75ab755110eb2da7adf2fce8b79dffe":"1673458015"},"photos":[{"original":"https:\/\/staging.varesenews.it\/photogallery_new\/images\/2022\/05\/fratelli-d-italia-1304254.jpg","full":"https:\/\/staging.varesenews.it\/photogallery_new\/images\/2022\/05\/fratelli-d-italia-1304254.1024x768.jpg","large":"https:\/\/staging.varesenews.it\/photogallery_new\/images\/2022\/05\/fratelli-d-italia-1304254.610x431.jpg"}],"_links":{"self":[{"href":"https:\/\/staging.varesenews.it\/swgapi\/v1\/wp\/v2\/posts\/1537232"}],"collection":[{"href":"https:\/\/staging.varesenews.it\/swgapi\/v1\/wp\/v2\/posts"}],"about":[{"href":"https:\/\/staging.varesenews.it\/swgapi\/v1\/wp\/v2\/types\/post"}],"author":[{"embeddable":true,"href":"https:\/\/staging.varesenews.it\/swgapi\/v1\/wp\/v2\/users\/46"}],"replies":[{"embeddable":true,"href":"https:\/\/staging.varesenews.it\/swgapi\/v1\/wp\/v2\/comments?post=1537232"}],"version-history":[{"count":0,"href":"https:\/\/staging.varesenews.it\/swgapi\/v1\/wp\/v2\/posts\/1537232\/revisions"}],"wp:attachment":[{"href":"https:\/\/staging.varesenews.it\/swgapi\/v1\/wp\/v2\/media?parent=1537232"}],"wp:term":[{"taxonomy":"category","embeddable":true,"href":"https:\/\/staging.varesenews.it\/swgapi\/v1\/wp\/v2\/categories?post=1537232"},{"taxonomy":"post_tag","embeddable":true,"href":"https:\/\/staging.varesenews.it\/swgapi\/v1\/wp\/v2\/tags?post=1537232"}],"curies":[{"name":"wp","href":"https:\/\/api.w.org\/{rel}","templated":true}]}}