{"id":1538996,"date":"2023-01-17T14:56:09","date_gmt":"2023-01-17T13:56:09","guid":{"rendered":"https:\/\/www.varesenews.it\/?p=1538996"},"modified":"2023-01-17T14:56:09","modified_gmt":"2023-01-17T13:56:09","slug":"buon-compleanno-potere-ai-bambini","status":"publish","type":"post","link":"https:\/\/staging.varesenews.it\/2023\/01\/buon-compleanno-potere-ai-bambini\/1538996\/","title":{"rendered":"Buon compleanno Potere ai bambini"},"content":{"rendered":"<p>Il 2022 \u00e8 stato un anno pieno di eventi e attivit\u00e0, ma c&#8217;\u00e8 qualcosa che abbiamo perso lungo la strada:<strong> il compleanno di Potere ai bambini.<\/strong><\/p>\n<p>A ottobre 2022, <strong>la libreria per bambini fondata da due mamme a Varese ha compiuto 5 anni<\/strong>. Nonostante sia trascorso un po&#8217; di tempo, questa giornata merita ancora un pensiero.<\/p>\n<p>Potere ai bambini \u00e8 molto di pi\u00f9 di un semplice negozio di libri per bambini. E&#8217; un progetto imprenditoriale che nasce dalle motivazioni culturali e dalle esperienze personali delle fondatrici, tra cui il loro essere madri.<\/p>\n<p>Il progetto &#8211; come si legge sul loro sito &#8211; nasce a Varese nel 2017 ed \u00e8 la realizzazione del sogno di Chiara e Paola, due professioniste impegnate nel mondo dell\u2019editoria e del commercio, mamme di Nora e Achille.<\/p>\n<p>La libreria si trova in via Robbioni 39 a Varese.<\/p>\n<p>IL LORO POST SU INSTAGRAM<\/p>\n<blockquote class=\"instagram-media\" style=\"background: #FFF; border: 0; border-radius: 3px; box-shadow: 0 0 1px 0 rgba(0,0,0,0.5),0 1px 10px 0 rgba(0,0,0,0.15); margin: 1px; max-width: 540px; min-width: 326px; padding: 0; width: calc(100% - 2px);\" data-instgrm-captioned=\"\" data-instgrm-permalink=\"https:\/\/www.instagram.com\/p\/Cngh8JMLQ1E\/?utm_source=ig_embed&amp;utm_campaign=loading\" data-instgrm-version=\"14\">\n<div style=\"padding: 16px;\">\n<p>&nbsp;<\/p>\n<div style=\"display: flex; flex-direction: row; align-items: center;\">\n<div style=\"background-color: #f4f4f4; border-radius: 50%; flex-grow: 0; height: 40px; margin-right: 14px; width: 40px;\"><\/div>\n<div style=\"display: flex; flex-direction: column; flex-grow: 1; justify-content: center;\">\n<div style=\"background-color: #f4f4f4; border-radius: 4px; flex-grow: 0; height: 14px; margin-bottom: 6px; width: 100px;\"><\/div>\n<div style=\"background-color: #f4f4f4; border-radius: 4px; flex-grow: 0; height: 14px; width: 60px;\"><\/div>\n<\/div>\n<\/div>\n<div style=\"padding: 19% 0;\"><\/div>\n<div style=\"display: block; height: 50px; margin: 0 auto 12px; width: 50px;\"><\/div>\n<div style=\"padding-top: 8px;\">\n<div style=\"color: #3897f0; font-family: Arial,sans-serif; font-size: 14px; font-style: normal; font-weight: 550; line-height: 18px;\">Visualizza questo post su Instagram<\/div>\n<\/div>\n<div style=\"padding: 12.5% 0;\"><\/div>\n<div style=\"display: flex; flex-direction: row; margin-bottom: 14px; align-items: center;\">\n<div>\n<div style=\"background-color: #f4f4f4; border-radius: 50%; height: 12.5px; width: 12.5px; transform: translateX(0px) translateY(7px);\"><\/div>\n<div style=\"background-color: #f4f4f4; height: 12.5px; transform: rotate(-45deg) translateX(3px) translateY(1px); width: 12.5px; flex-grow: 0; margin-right: 14px; margin-left: 2px;\"><\/div>\n<div style=\"background-color: #f4f4f4; border-radius: 50%; height: 12.5px; width: 12.5px; transform: translateX(9px) translateY(-18px);\"><\/div>\n<\/div>\n<div style=\"margin-left: 8px;\">\n<div style=\"background-color: #f4f4f4; border-radius: 50%; flex-grow: 0; height: 20px; width: 20px;\"><\/div>\n<div style=\"width: 0; height: 0; border-top: 2px solid transparent; border-left: 6px solid #f4f4f4; border-bottom: 2px solid transparent; transform: translateX(16px) translateY(-4px) rotate(30deg);\"><\/div>\n<\/div>\n<div style=\"margin-left: auto;\">\n<div style=\"width: 0px; border-top: 8px solid #F4F4F4; border-right: 8px solid transparent; transform: translateY(16px);\"><\/div>\n<div style=\"background-color: #f4f4f4; flex-grow: 0; height: 12px; width: 16px; transform: translateY(-4px);\"><\/div>\n<div style=\"width: 0; height: 0; border-top: 8px solid #F4F4F4; border-left: 8px solid transparent; transform: translateY(-4px) translateX(8px);\"><\/div>\n<\/div>\n<\/div>\n<div style=\"display: flex; flex-direction: column; flex-grow: 1; justify-content: center; margin-bottom: 24px;\">\n<div style=\"background-color: #f4f4f4; border-radius: 4px; flex-grow: 0; height: 14px; margin-bottom: 6px; width: 224px;\"><\/div>\n<div style=\"background-color: #f4f4f4; border-radius: 4px; flex-grow: 0; height: 14px; width: 144px;\"><\/div>\n<\/div>\n<p>&nbsp;<\/p>\n<p style=\"color: #c9c8cd; font-family: Arial,sans-serif; font-size: 14px; line-height: 17px; margin-bottom: 0; margin-top: 8px; overflow: hidden; padding: 8px 0 7px; text-align: center; text-overflow: ellipsis; white-space: nowrap;\"><a style=\"color: #c9c8cd; font-family: Arial,sans-serif; font-size: 14px; font-style: normal; font-weight: normal; line-height: 17px; text-decoration: none;\" href=\"https:\/\/www.instagram.com\/p\/Cngh8JMLQ1E\/?utm_source=ig_embed&amp;utm_campaign=loading\" target=\"_blank\" rel=\"noopener\">Un post condiviso da Potere ai bambini (@potereaibambini)<\/a><\/p>\n<\/div>\n<\/blockquote>\n<p><script async src=\"\/\/www.instagram.com\/embed.js\"><\/script><\/p>\n","protected":false},"excerpt":{"rendered":"<p>Anche se in ritardo approfittiamo di un bel post delle due libraie e mamme che cinque anni fa fondarono una libreria un po\u2019 speciale <\/p>\n","protected":false},"author":54,"featured_media":0,"comment_status":"open","ping_status":"open","sticky":false,"template":"","format":"standard","meta":{"footnotes":""},"categories":[23,2],"tags":[8095,82894],"acf":[],"yoast_head":"<!-- This site is optimized with the Yoast SEO plugin v20.1 - https:\/\/yoast.com\/wordpress\/plugins\/seo\/ -->\n<title>Buon compleanno Potere ai bambini<\/title>\n<meta name=\"description\" content=\"Anche se in ritardo approfittiamo di un bel post delle due libraie e mamme che cinque anni fa fondarono una libreria un po\u2019 speciale\" \/>\n<meta name=\"robots\" content=\"noindex, follow, max-snippet:-1, max-image-preview:large, max-video-preview:-1\" \/>\n<meta property=\"og:locale\" content=\"it_IT\" \/>\n<meta property=\"og:type\" content=\"article\" \/>\n<meta property=\"og:title\" content=\"Buon compleanno Potere ai bambini\" \/>\n<meta property=\"og:description\" content=\"Anche se in ritardo approfittiamo di un bel post delle due libraie e mamme che cinque anni fa fondarono una libreria un po\u2019 speciale\" \/>\n<meta property=\"og:url\" content=\"https:\/\/staging.varesenews.it\/2023\/01\/buon-compleanno-potere-ai-bambini\/1538996\/\" \/>\n<meta property=\"og:site_name\" content=\"VareseNews\" \/>\n<meta property=\"article:publisher\" content=\"https:\/\/www.facebook.com\/varesenews\" \/>\n<meta property=\"article:author\" content=\"https:\/\/www.facebook.com\/giovannelli.marco?fref=ts\" \/>\n<meta property=\"article:published_time\" content=\"2023-01-17T13:56:09+00:00\" \/>\n<meta name=\"author\" content=\"Marco Giovannelli\" \/>\n<meta name=\"twitter:card\" content=\"summary_large_image\" \/>\n<meta name=\"twitter:creator\" content=\"@marcogio59\" \/>\n<meta name=\"twitter:site\" content=\"@varesenews\" \/>\n<meta name=\"twitter:label1\" content=\"Scritto da\" \/>\n\t<meta name=\"twitter:data1\" content=\"Marco Giovannelli\" \/>\n\t<meta name=\"twitter:label2\" content=\"Tempo di lettura stimato\" \/>\n\t<meta name=\"twitter:data2\" content=\"1 minuto\" \/>\n<script type=\"application\/ld+json\" class=\"yoast-schema-graph\">{\"@context\":\"https:\/\/schema.org\",\"@graph\":[{\"@type\":\"WebPage\",\"@id\":\"https:\/\/staging.varesenews.it\/2023\/01\/buon-compleanno-potere-ai-bambini\/1538996\/\",\"url\":\"https:\/\/staging.varesenews.it\/2023\/01\/buon-compleanno-potere-ai-bambini\/1538996\/\",\"name\":\"Buon compleanno Potere ai bambini\",\"isPartOf\":{\"@id\":\"https:\/\/staging.varesenews.it\/#website\"},\"datePublished\":\"2023-01-17T13:56:09+00:00\",\"dateModified\":\"2023-01-17T13:56:09+00:00\",\"author\":{\"@id\":\"https:\/\/staging.varesenews.it\/#\/schema\/person\/b32b6f44664f8274f79469e452856024\"},\"description\":\"Anche se in ritardo approfittiamo di un bel post delle due libraie e mamme che cinque anni fa fondarono una libreria un po\u2019 speciale\",\"breadcrumb\":{\"@id\":\"https:\/\/staging.varesenews.it\/2023\/01\/buon-compleanno-potere-ai-bambini\/1538996\/#breadcrumb\"},\"inLanguage\":\"it-IT\",\"potentialAction\":[{\"@type\":\"ReadAction\",\"target\":[\"https:\/\/staging.varesenews.it\/2023\/01\/buon-compleanno-potere-ai-bambini\/1538996\/\"]}]},{\"@type\":\"BreadcrumbList\",\"@id\":\"https:\/\/staging.varesenews.it\/2023\/01\/buon-compleanno-potere-ai-bambini\/1538996\/#breadcrumb\",\"itemListElement\":[{\"@type\":\"ListItem\",\"position\":1,\"name\":\"Home\",\"item\":\"https:\/\/www.varesenews.it\/\"},{\"@type\":\"ListItem\",\"position\":2,\"name\":\"Buon compleanno Potere ai bambini\"}]},{\"@type\":\"WebSite\",\"@id\":\"https:\/\/staging.varesenews.it\/#website\",\"url\":\"https:\/\/staging.varesenews.it\/\",\"name\":\"VareseNews\",\"description\":\"\",\"potentialAction\":[{\"@type\":\"SearchAction\",\"target\":{\"@type\":\"EntryPoint\",\"urlTemplate\":\"https:\/\/staging.varesenews.it\/?s={search_term_string}\"},\"query-input\":\"required name=search_term_string\"}],\"inLanguage\":\"it-IT\"},{\"@type\":\"Person\",\"@id\":\"https:\/\/staging.varesenews.it\/#\/schema\/person\/b32b6f44664f8274f79469e452856024\",\"name\":\"Marco Giovannelli\",\"image\":{\"@type\":\"ImageObject\",\"inLanguage\":\"it-IT\",\"@id\":\"https:\/\/staging.varesenews.it\/#\/schema\/person\/image\/\",\"url\":\"https:\/\/staging.varesenews.it\/wp-content\/uploads\/2020\/12\/marco_giovannelli_colori_500.jpg\",\"contentUrl\":\"https:\/\/staging.varesenews.it\/wp-content\/uploads\/2020\/12\/marco_giovannelli_colori_500.jpg\",\"caption\":\"Marco Giovannelli\"},\"description\":\"Viterbese di origine vivo a Varese dal 1978. Due figli grandi, due lauree in scienze &ldquo;inutili&rdquo; quanto affascinanti che mi portano a mettere lo studio ancora al primo posto. Dopo aver lavorato per il sindacato, fondato e lavorato al centro Gulliver, in una cooperativa che gestiva il Circolino a Varese, con un altro viterbese e un lucano ho fondato VareseNews quando nessuno o quasi sapeva cosa fosse Internet. Ho alcune grandi passioni, la prima &egrave; il cammino che cerco di vivere quotidianamente. Averne percorsi alcuni storici con Santiago e la Francigena mi ha poi portato a far diventare anche lavoro la loro valorizzazione e in particolare la Via Francisca del Lucomagno. Amo leggere, andare al cinema, viaggiare. Mi piace conoscere. La mia migliore attitudine &egrave; connettere mondi e per questo mi affascina la contemporaneit&agrave; e il digitale. Ho insegnato diritto ed economia per un decennio nelle scuole superiori. Ho tenuto diverse lezioni e laboratori allo Iulm e ora all&rsquo;Universit&agrave; dell&rsquo;Insubria con un corso di Giornalismo digitale alla specialistica. Ho fondato diversi progetti editoriali.&nbsp;\",\"sameAs\":[\"https:\/\/www.facebook.com\/giovannelli.marco?fref=ts\",\"marcogio59\",\"https:\/\/it.linkedin.com\/in\/giovannellimarco\",\"https:\/\/twitter.com\/marcogio59\"],\"url\":\"https:\/\/staging.varesenews.it\/persona\/marco_giovannelli-2\/\"}]}<\/script>\n<!-- \/ Yoast SEO plugin. -->","yoast_head_json":{"title":"Buon compleanno Potere ai bambini","description":"Anche se in ritardo approfittiamo di un bel post delle due libraie e mamme che cinque anni fa fondarono una libreria un po\u2019 speciale","robots":{"index":"noindex","follow":"follow","max-snippet":"max-snippet:-1","max-image-preview":"max-image-preview:large","max-video-preview":"max-video-preview:-1"},"og_locale":"it_IT","og_type":"article","og_title":"Buon compleanno Potere ai bambini","og_description":"Anche se in ritardo approfittiamo di un bel post delle due libraie e mamme che cinque anni fa fondarono una libreria un po\u2019 speciale","og_url":"https:\/\/staging.varesenews.it\/2023\/01\/buon-compleanno-potere-ai-bambini\/1538996\/","og_site_name":"VareseNews","article_publisher":"https:\/\/www.facebook.com\/varesenews","article_author":"https:\/\/www.facebook.com\/giovannelli.marco?fref=ts","article_published_time":"2023-01-17T13:56:09+00:00","author":"Marco Giovannelli","twitter_card":"summary_large_image","twitter_creator":"@marcogio59","twitter_site":"@varesenews","twitter_misc":{"Scritto da":"Marco Giovannelli","Tempo di lettura stimato":"1 minuto"},"schema":{"@context":"https:\/\/schema.org","@graph":[{"@type":"WebPage","@id":"https:\/\/staging.varesenews.it\/2023\/01\/buon-compleanno-potere-ai-bambini\/1538996\/","url":"https:\/\/staging.varesenews.it\/2023\/01\/buon-compleanno-potere-ai-bambini\/1538996\/","name":"Buon compleanno Potere ai bambini","isPartOf":{"@id":"https:\/\/staging.varesenews.it\/#website"},"datePublished":"2023-01-17T13:56:09+00:00","dateModified":"2023-01-17T13:56:09+00:00","author":{"@id":"https:\/\/staging.varesenews.it\/#\/schema\/person\/b32b6f44664f8274f79469e452856024"},"description":"Anche se in ritardo approfittiamo di un bel post delle due libraie e mamme che cinque anni fa fondarono una libreria un po\u2019 speciale","breadcrumb":{"@id":"https:\/\/staging.varesenews.it\/2023\/01\/buon-compleanno-potere-ai-bambini\/1538996\/#breadcrumb"},"inLanguage":"it-IT","potentialAction":[{"@type":"ReadAction","target":["https:\/\/staging.varesenews.it\/2023\/01\/buon-compleanno-potere-ai-bambini\/1538996\/"]}]},{"@type":"BreadcrumbList","@id":"https:\/\/staging.varesenews.it\/2023\/01\/buon-compleanno-potere-ai-bambini\/1538996\/#breadcrumb","itemListElement":[{"@type":"ListItem","position":1,"name":"Home","item":"https:\/\/www.varesenews.it\/"},{"@type":"ListItem","position":2,"name":"Buon compleanno Potere ai bambini"}]},{"@type":"WebSite","@id":"https:\/\/staging.varesenews.it\/#website","url":"https:\/\/staging.varesenews.it\/","name":"VareseNews","description":"","potentialAction":[{"@type":"SearchAction","target":{"@type":"EntryPoint","urlTemplate":"https:\/\/staging.varesenews.it\/?s={search_term_string}"},"query-input":"required name=search_term_string"}],"inLanguage":"it-IT"},{"@type":"Person","@id":"https:\/\/staging.varesenews.it\/#\/schema\/person\/b32b6f44664f8274f79469e452856024","name":"Marco Giovannelli","image":{"@type":"ImageObject","inLanguage":"it-IT","@id":"https:\/\/staging.varesenews.it\/#\/schema\/person\/image\/","url":"https:\/\/staging.varesenews.it\/wp-content\/uploads\/2020\/12\/marco_giovannelli_colori_500.jpg","contentUrl":"https:\/\/staging.varesenews.it\/wp-content\/uploads\/2020\/12\/marco_giovannelli_colori_500.jpg","caption":"Marco Giovannelli"},"description":"Viterbese di origine vivo a Varese dal 1978. Due figli grandi, due lauree in scienze &ldquo;inutili&rdquo; quanto affascinanti che mi portano a mettere lo studio ancora al primo posto. Dopo aver lavorato per il sindacato, fondato e lavorato al centro Gulliver, in una cooperativa che gestiva il Circolino a Varese, con un altro viterbese e un lucano ho fondato VareseNews quando nessuno o quasi sapeva cosa fosse Internet. Ho alcune grandi passioni, la prima &egrave; il cammino che cerco di vivere quotidianamente. Averne percorsi alcuni storici con Santiago e la Francigena mi ha poi portato a far diventare anche lavoro la loro valorizzazione e in particolare la Via Francisca del Lucomagno. Amo leggere, andare al cinema, viaggiare. Mi piace conoscere. La mia migliore attitudine &egrave; connettere mondi e per questo mi affascina la contemporaneit&agrave; e il digitale. Ho insegnato diritto ed economia per un decennio nelle scuole superiori. Ho tenuto diverse lezioni e laboratori allo Iulm e ora all&rsquo;Universit&agrave; dell&rsquo;Insubria con un corso di Giornalismo digitale alla specialistica. Ho fondato diversi progetti editoriali.&nbsp;","sameAs":["https:\/\/www.facebook.com\/giovannelli.marco?fref=ts","marcogio59","https:\/\/it.linkedin.com\/in\/giovannellimarco","https:\/\/twitter.com\/marcogio59"],"url":"https:\/\/staging.varesenews.it\/persona\/marco_giovannelli-2\/"}]}},"post_meta":{"content-image-gallery":"","_edit_lock":"1674132484:54","_edit_last":"54","_category_permalink":"a:1:{s:7:\"testate\";s:0:\"\";}","firma_come_redazione":"1","argomento":"Varese","_yoast_wpseo_focuskw_text_input":"Bambini","_yoast_wpseo_focuskw":"Bambini","_yoast_wpseo_content_score":"30","_jd_tweet_this":"yes","foto":"1365911","_encloseme":"1","ratings_users":"0","ratings_score":"0","ratings_average":"0","_yoast_wpseo_linkdex":"31","_wpt_short_url":"https:\/\/www.varesenews.it\/2023\/01\/buon-compleanno-potere-ai-bambini\/1538996\/","_wp_jd_target":"https:\/\/www.varesenews.it\/2023\/01\/buon-compleanno-potere-ai-bambini\/1538996\/","_jd_wp_twitter":"a:1:{i:0;s:137:\"Buon compleanno Potere ai bambini https:\/\/www.varesenews.it\/2023\/01\/buon-compleanno-potere-ai-bambini\/1538996\/ #libreria #potereaibambini\";}","_wpt_status_message":"Tweet inviato con successo.","_oembed_7bdfcd7c91a8198a55d37047aa4889ad":"<blockquote class=\"wp-embedded-content\" data-secret=\"ovOg5MGgdi\"><a href=\"https:\/\/www.varesenews.it\/2023\/01\/eolo-kometa-svelate-le-maglie-la-nuova-stagione-firmate-gobik\/1534773\/\">Eolo-Kometa, svelate le maglie per la nuova stagione firmate da Gobik<\/a><\/blockquote><iframe class=\"wp-embedded-content\" sandbox=\"allow-scripts\" security=\"restricted\" style=\"position: absolute; clip: rect(1px, 1px, 1px, 1px);\" src=\"https:\/\/www.varesenews.it\/2023\/01\/eolo-kometa-svelate-le-maglie-la-nuova-stagione-firmate-gobik\/1534773\/embed\/#?secret=ovOg5MGgdi\" data-secret=\"ovOg5MGgdi\" width=\"500\" height=\"282\" title=\"&#8220;Eolo-Kometa, svelate le maglie per la nuova stagione firmate da Gobik&#8221; &#8212; VareseNews\" frameborder=\"0\" marginwidth=\"0\" marginheight=\"0\" scrolling=\"no\"><\/iframe>","_oembed_time_7bdfcd7c91a8198a55d37047aa4889ad":"1673963917","_oembed_dc5bcfd978bfad3bf54d285c5c9f4896":"<blockquote class=\"wp-embedded-content\" data-secret=\"IWRamhukBv\"><a href=\"https:\/\/www.varesenews.it\/2023\/01\/troppi-vigili-del-fuoco-distaccamenti-chiusi-dimezzati-provincia-varese\/1538659\/\">Pochi vigili del fuoco, distaccamenti chiusi o &#8220;dimezzati&#8221; in provincia di Varese<\/a><\/blockquote><iframe class=\"wp-embedded-content\" sandbox=\"allow-scripts\" security=\"restricted\" style=\"position: absolute; clip: rect(1px, 1px, 1px, 1px);\" src=\"https:\/\/www.varesenews.it\/2023\/01\/troppi-vigili-del-fuoco-distaccamenti-chiusi-dimezzati-provincia-varese\/1538659\/embed\/#?secret=IWRamhukBv\" data-secret=\"IWRamhukBv\" width=\"500\" height=\"282\" title=\"&#8220;Pochi vigili del fuoco, distaccamenti chiusi o &#8220;dimezzati&#8221; in provincia di Varese&#8221; &#8212; VareseNews\" frameborder=\"0\" marginwidth=\"0\" marginheight=\"0\" scrolling=\"no\"><\/iframe>","_oembed_time_dc5bcfd978bfad3bf54d285c5c9f4896":"1673963917","_oembed_4bc75b04a2872c42f47520815dcf4e18":"<blockquote class=\"wp-embedded-content\" data-secret=\"sVwrucfI2u\"><a href=\"https:\/\/www.varesenews.it\/2023\/01\/ancora-allarme-virus-sinciziale-bambini-occupati-tutti-letti-delle-pediatrie\/1537554\/\">\u00c8 ancora allarme virus sinciziale tra i bambini: &#8220;Occupati tutti i letti delle pediatrie&#8221;<\/a><\/blockquote><iframe class=\"wp-embedded-content\" sandbox=\"allow-scripts\" security=\"restricted\" style=\"position: absolute; clip: rect(1px, 1px, 1px, 1px);\" src=\"https:\/\/www.varesenews.it\/2023\/01\/ancora-allarme-virus-sinciziale-bambini-occupati-tutti-letti-delle-pediatrie\/1537554\/embed\/#?secret=sVwrucfI2u\" data-secret=\"sVwrucfI2u\" width=\"500\" height=\"282\" title=\"&#8220;\u00c8 ancora allarme virus sinciziale tra i bambini: &#8220;Occupati tutti i letti delle pediatrie&#8221;&#8221; &#8212; VareseNews\" frameborder=\"0\" marginwidth=\"0\" marginheight=\"0\" scrolling=\"no\"><\/iframe>","_oembed_time_4bc75b04a2872c42f47520815dcf4e18":"1673963917","_oembed_2c478bcd45016c5a5b2d785886c7fa9e":"<blockquote class=\"wp-embedded-content\" data-secret=\"XFXpUNhZwz\"><a href=\"https:\/\/www.varesenews.it\/2023\/01\/accordo-whirlpool-arcelik-mercato-europeo-degli-elettrodomestici\/1538825\/\">Accordo tra Whirlpool e i turchi di Arcelik per il mercato degli elettrodomestici<\/a><\/blockquote><iframe class=\"wp-embedded-content\" sandbox=\"allow-scripts\" security=\"restricted\" style=\"position: absolute; clip: rect(1px, 1px, 1px, 1px);\" src=\"https:\/\/www.varesenews.it\/2023\/01\/accordo-whirlpool-arcelik-mercato-europeo-degli-elettrodomestici\/1538825\/embed\/#?secret=XFXpUNhZwz\" data-secret=\"XFXpUNhZwz\" width=\"500\" height=\"282\" title=\"&#8220;Accordo tra Whirlpool e i turchi di Arcelik per il mercato degli elettrodomestici&#8221; &#8212; VareseNews\" frameborder=\"0\" marginwidth=\"0\" marginheight=\"0\" scrolling=\"no\"><\/iframe>","_oembed_time_2c478bcd45016c5a5b2d785886c7fa9e":"1673963917","_oembed_26dd3b0c32853ac914a6cb803cbf3456":"<blockquote class=\"wp-embedded-content\" data-secret=\"CmAl31sc6h\"><a href=\"https:\/\/www.varesenews.it\/2000\/04\/oylem-goylem-elogio-dell-esilio-2\/45401\/\">Oylem Goylem, elogio dell&#8217;esilio<\/a><\/blockquote><iframe class=\"wp-embedded-content\" sandbox=\"allow-scripts\" security=\"restricted\" style=\"position: absolute; clip: rect(1px, 1px, 1px, 1px);\" src=\"https:\/\/www.varesenews.it\/2000\/04\/oylem-goylem-elogio-dell-esilio-2\/45401\/embed\/#?secret=CmAl31sc6h\" data-secret=\"CmAl31sc6h\" width=\"500\" height=\"282\" title=\"&#8220;Oylem Goylem, elogio dell&#8217;esilio&#8221; &#8212; VareseNews\" frameborder=\"0\" marginwidth=\"0\" marginheight=\"0\" scrolling=\"no\"><\/iframe>","_oembed_time_26dd3b0c32853ac914a6cb803cbf3456":"1673963917"},"photos":[{"original":"https:\/\/staging.varesenews.it\/photogallery_new\/images\/2023\/01\/generico-16-jan-2023-1365911.jpg","full":"https:\/\/staging.varesenews.it\/photogallery_new\/images\/2023\/01\/generico-16-jan-2023-1365911.1024x768.jpg","large":"https:\/\/staging.varesenews.it\/photogallery_new\/images\/2023\/01\/generico-16-jan-2023-1365911.610x431.jpg"}],"_links":{"self":[{"href":"https:\/\/staging.varesenews.it\/swgapi\/v1\/wp\/v2\/posts\/1538996"}],"collection":[{"href":"https:\/\/staging.varesenews.it\/swgapi\/v1\/wp\/v2\/posts"}],"about":[{"href":"https:\/\/staging.varesenews.it\/swgapi\/v1\/wp\/v2\/types\/post"}],"author":[{"embeddable":true,"href":"https:\/\/staging.varesenews.it\/swgapi\/v1\/wp\/v2\/users\/54"}],"replies":[{"embeddable":true,"href":"https:\/\/staging.varesenews.it\/swgapi\/v1\/wp\/v2\/comments?post=1538996"}],"version-history":[{"count":0,"href":"https:\/\/staging.varesenews.it\/swgapi\/v1\/wp\/v2\/posts\/1538996\/revisions"}],"wp:attachment":[{"href":"https:\/\/staging.varesenews.it\/swgapi\/v1\/wp\/v2\/media?parent=1538996"}],"wp:term":[{"taxonomy":"category","embeddable":true,"href":"https:\/\/staging.varesenews.it\/swgapi\/v1\/wp\/v2\/categories?post=1538996"},{"taxonomy":"post_tag","embeddable":true,"href":"https:\/\/staging.varesenews.it\/swgapi\/v1\/wp\/v2\/tags?post=1538996"}],"curies":[{"name":"wp","href":"https:\/\/api.w.org\/{rel}","templated":true}]}}