{"id":1539479,"date":"2023-01-19T06:22:09","date_gmt":"2023-01-19T05:22:09","guid":{"rendered":"https:\/\/www.varesenews.it\/?p=1539479"},"modified":"2023-01-19T08:46:02","modified_gmt":"2023-01-19T07:46:02","slug":"compiti-delle-vacanze-buoni","status":"publish","type":"post","link":"https:\/\/staging.varesenews.it\/2023\/01\/compiti-delle-vacanze-buoni\/1539479\/","title":{"rendered":"I compiti delle vacanze? Pochi ma buoni"},"content":{"rendered":"<p><strong>Eterna lotta<\/strong><br \/>\nLa discussione sull\u2019utilit\u00e0 dei compiti a casa si riaccende a ogni vacanza: quella natalizia, quella pasquale o<br \/>\nestiva. <strong>Tra le 5 cose che i giovani proprio non sopportano<\/strong> delle vacanze invernali appena trascorse, ai primi due posti spiccano l\u2019ultima festivit\u00e0 e una tradizione scolastica: ovvero, l\u2019Epifania (perch\u00e9 sancisce la fine delle due settimane di feste) e <strong>i compiti assegnati da svolgere a casa<\/strong>. I docenti, invece, tendono ad essere favorevoli ai compiti, per svariati motivi. Innanzitutto perch\u00e9 il Natale arriva giusto a met\u00e0 della<br \/>\nprogrammazione dell\u2019anno, in un momento delicato in cui si delineano i voti per le pagelle di gennaio e i corsi di recupero. E poi, perch\u00e9 pare inconcepibile che gli studenti passino due settimane inoperosi e senza alcuna attivit\u00e0 di ricerca, di approfondimento o di rinforzo.<\/p>\n<p><strong>Tra i pochi alunni italiani a non aver avuto tale problema, vi sono quelli dell\u2019Istituto comprensivo\u00a0<\/strong><strong>Manzoni di Lamezia Terme, in Calabria: niente compiti<\/strong>. Una circolare di met\u00e0 dicembre della preside, Antonella Mongiardo, ha invitato tutti i professori a limitarsi a dare solo un ripasso degli ultimi argomenti svolti. A chi avesse voluto comunque assegnare i compiti, la circolare precisava che \u201cla giustificazione del genitore per il mancato svolgimento dei compiti deve essere accettata, evitando reprimende o punizioni\u201d.<\/p>\n<p>Come a sottolinearne maggiormente la condanna, e in un certo senso a imporre la propria visione a tutto<br \/>\nil corpo docente dell\u2019istituto. Ci\u00f2 che fa pi\u00f9 riflettere, per\u00f2, \u00e8 un sondaggio svolto su 3 mila studenti &#8211; di scuole medie e superiori &#8211; alrientro delle vacanze: secondo quanto riportato anche da Il Sole 24 ore (il 10\u00a0 gennaio), <strong>solo 1 studente su 5 li ha svolti tutti e senza usare \u201cscorciatoie\u201d<\/strong> (copiare da un compagno o da internet). <strong>Il restante 80% li ha fatti solo parzialmente, o li ha ignorati del tutto<\/strong> (15%). A dare il maggior carico di compiti sono stati i docenti di matematica e italiano: a questo dato, mi sono sentito ancor pi\u00f9 chiamato in causa.<\/p>\n<p><strong>Il minimo necessario, ma lo decide il prof<\/strong><br \/>\nPer quanto mi riguarda, parto da alcune premesse.<br \/>\n<strong>Di norma decido io quali e quanti compiti dare durante le vacanze. Non sono rilevanti le richieste dei genitori<\/strong>, perch\u00e9 sono spesso discordanti tra loro: quella mamma ne chiede di pi\u00f9, quel padre di meno. <strong>Non sono le statistiche sugli studenti a influenzarmi<\/strong>, perch\u00e9 generalmente non sono gli adolescenti a direcosa\u00a0 fare ai grandi. Non \u00e8 nemmeno indicativo il diktat di una preside, dato che sono piuttosto insofferente alle decisioni calate dall\u2019alto, in una professione in cui la libert\u00e0 di pensiero \u00e8 il fondamento. Non dimentico, infine, altri due aspetti, che invece orientano maggiormente le mie scelte.<\/p>\n<p>Il primo. L\u2019etimologia del termine \u201cvacanza\u201d ci riporta al latino \u201cvacans\u201d: che \u00e8 vuoto, libero. Il che significa che la vacanza dovrebbe essere libera dal lavoro, dallo studio, dagli impegni usuali. Il secondo: i risultati si ottengono solo con l\u2019esercizio; e un concetto, per essere interiorizzato, necessita di un tempo di approfondimento.<\/p>\n<p>Sono due esigenze inderogabili e contrastanti, e pertanto bisogna mediare. Quel che dico sempre ai miei alunni \u00e8 che, <strong>se si lavora bene e a buon ritmo durante le settimane di scuola, le settimane di vacanza saranno di vera vacanza, perch\u00e9 meritata<\/strong>. Ci\u00f2 si \u00e8 tradotto cos\u00ec: per Natale alle terze medie ho dato qualche esercizio di grammatica (giusto per non arrugginirsi sulle basi) e un romanzo da leggere; al liceo, un saggio di letteratura non troppo lungo &#8211; 50 pagine, ma piuttosto impegnative.<\/p>\n<p>In proporzione all\u2019et\u00e0, s<strong>o di alcuni bambini ai primi anni di elementare che hanno avuto un carico maggiore dei miei alunni di terza media: il che \u00e8 una follia,<\/strong> oppure significa che alcune maestre non la pensano come me. Ma, in questo caso, potrei dire che la scuola ha sempre ragione\u2026<\/p>\n<hr \/>\n<p><em>Alberto Introini, dopo aver insegnato in vari licei della provincia di Varese, dal 2008 \u00e8 docente di Italiano e Storia presso l\u2019Istituto Elvetico di Lugano (Svizzera).\u00a0<\/em><em>Ha due lauree, in Lettere-Filosofia (2002, Universit\u00e0 Statale di Milano) e in Storia (2022, Universit\u00e0 di Zugo, Svizzera). Iscritto dal 2004 all\u2019Ordine dei Giornalisti di Milano, ha pubblicato 4 libri. Partecipa come relatore o moderatore a diversi eventi culturali nel nord Italia. La sua rubrica settimanale \u201c<a href=\"https:\/\/www.varesenews.it\/tag\/il-prof-tra-i-banchi\/\">Il prof tra i banchi<\/a>\u201d tratter\u00e0 argomenti di scuola, didattica e formazione, commentando le notizie di attualit\u00e0 che si susseguiranno nel corso delle settimane.<\/em><\/p>\n<p><em>Prof. Alberto Introini<\/em><br \/>\n<em>Docente e scrittore<\/em><br \/>\n<em>@intro.prof<\/em><\/p>\n<h2><a href=\"https:\/\/www.varesenews.it\/tag\/il-prof-tra-i-banchi\/\">LEGGI TUTTE LE PUNTATE DELLA RUBRICA &#8220;IL PROF TRA I BANCHI&#8221;<\/a><\/h2>\n<p><em><a href=\"https:\/\/pixabay.com\/it\/service\/terms\/\">(foto Pixabay)<\/a><\/em><\/p>\n","protected":false},"excerpt":{"rendered":"<p>La rubrica settimanale &#8220;Il prof tra i banchi&#8221;, curata da Alberto Introini, tratter\u00e0 argomenti di scuola, didattica e formazione, commentando le notizie di attualit\u00e0 che si susseguiranno nel corso delle settimane<\/p>\n","protected":false},"author":39,"featured_media":0,"comment_status":"open","ping_status":"open","sticky":false,"template":"","format":"standard","meta":{"footnotes":""},"categories":[90],"tags":[125861,223],"acf":[],"yoast_head":"<!-- This site is optimized with the Yoast SEO plugin v20.1 - https:\/\/yoast.com\/wordpress\/plugins\/seo\/ -->\n<title>I compiti delle vacanze? Pochi ma buoni<\/title>\n<meta name=\"description\" content=\"La rubrica settimanale &quot;Il prof tra i banchi&quot;, curata da Alberto Introini, tratter\u00e0 argomenti di scuola, didattica e formazione, commentando le notizie di attualit\u00e0 che si susseguiranno nel corso delle settimane\" \/>\n<meta name=\"robots\" content=\"noindex, follow, max-snippet:-1, max-image-preview:large, max-video-preview:-1\" \/>\n<meta property=\"og:locale\" content=\"it_IT\" \/>\n<meta property=\"og:type\" content=\"article\" \/>\n<meta property=\"og:title\" content=\"I compiti delle vacanze? Pochi ma buoni\" \/>\n<meta property=\"og:description\" content=\"La rubrica settimanale &quot;Il prof tra i banchi&quot;, curata da Alberto Introini, tratter\u00e0 argomenti di scuola, didattica e formazione, commentando le notizie di attualit\u00e0 che si susseguiranno nel corso delle settimane\" \/>\n<meta property=\"og:url\" content=\"https:\/\/staging.varesenews.it\/2023\/01\/compiti-delle-vacanze-buoni\/1539479\/\" \/>\n<meta property=\"og:site_name\" content=\"VareseNews\" \/>\n<meta property=\"article:publisher\" content=\"https:\/\/www.facebook.com\/varesenews\" \/>\n<meta property=\"article:author\" content=\"https:\/\/www.facebook.com\/tommaso.guidotti.7\" \/>\n<meta property=\"article:published_time\" content=\"2023-01-19T05:22:09+00:00\" \/>\n<meta property=\"article:modified_time\" content=\"2023-01-19T07:46:02+00:00\" \/>\n<meta name=\"author\" content=\"Tommaso Guidotti\" \/>\n<meta name=\"twitter:card\" content=\"summary_large_image\" \/>\n<meta name=\"twitter:creator\" content=\"@tomguidoz\" \/>\n<meta name=\"twitter:site\" content=\"@varesenews\" \/>\n<meta name=\"twitter:label1\" content=\"Scritto da\" \/>\n\t<meta name=\"twitter:data1\" content=\"Tommaso Guidotti\" \/>\n\t<meta name=\"twitter:label2\" content=\"Tempo di lettura stimato\" \/>\n\t<meta name=\"twitter:data2\" content=\"4 minuti\" \/>\n<script type=\"application\/ld+json\" class=\"yoast-schema-graph\">{\"@context\":\"https:\/\/schema.org\",\"@graph\":[{\"@type\":\"WebPage\",\"@id\":\"https:\/\/staging.varesenews.it\/2023\/01\/compiti-delle-vacanze-buoni\/1539479\/\",\"url\":\"https:\/\/staging.varesenews.it\/2023\/01\/compiti-delle-vacanze-buoni\/1539479\/\",\"name\":\"I compiti delle vacanze? Pochi ma buoni\",\"isPartOf\":{\"@id\":\"https:\/\/staging.varesenews.it\/#website\"},\"datePublished\":\"2023-01-19T05:22:09+00:00\",\"dateModified\":\"2023-01-19T07:46:02+00:00\",\"author\":{\"@id\":\"https:\/\/staging.varesenews.it\/#\/schema\/person\/5ae9c65889c40fea73a6c40733b93f8a\"},\"description\":\"La rubrica settimanale \\\"Il prof tra i banchi\\\", curata da Alberto Introini, tratter\u00e0 argomenti di scuola, didattica e formazione, commentando le notizie di attualit\u00e0 che si susseguiranno nel corso delle settimane\",\"breadcrumb\":{\"@id\":\"https:\/\/staging.varesenews.it\/2023\/01\/compiti-delle-vacanze-buoni\/1539479\/#breadcrumb\"},\"inLanguage\":\"it-IT\",\"potentialAction\":[{\"@type\":\"ReadAction\",\"target\":[\"https:\/\/staging.varesenews.it\/2023\/01\/compiti-delle-vacanze-buoni\/1539479\/\"]}]},{\"@type\":\"BreadcrumbList\",\"@id\":\"https:\/\/staging.varesenews.it\/2023\/01\/compiti-delle-vacanze-buoni\/1539479\/#breadcrumb\",\"itemListElement\":[{\"@type\":\"ListItem\",\"position\":1,\"name\":\"Home\",\"item\":\"https:\/\/www.varesenews.it\/\"},{\"@type\":\"ListItem\",\"position\":2,\"name\":\"I compiti delle vacanze? Pochi ma buoni\"}]},{\"@type\":\"WebSite\",\"@id\":\"https:\/\/staging.varesenews.it\/#website\",\"url\":\"https:\/\/staging.varesenews.it\/\",\"name\":\"VareseNews\",\"description\":\"\",\"potentialAction\":[{\"@type\":\"SearchAction\",\"target\":{\"@type\":\"EntryPoint\",\"urlTemplate\":\"https:\/\/staging.varesenews.it\/?s={search_term_string}\"},\"query-input\":\"required name=search_term_string\"}],\"inLanguage\":\"it-IT\"},{\"@type\":\"Person\",\"@id\":\"https:\/\/staging.varesenews.it\/#\/schema\/person\/5ae9c65889c40fea73a6c40733b93f8a\",\"name\":\"Tommaso Guidotti\",\"image\":{\"@type\":\"ImageObject\",\"inLanguage\":\"it-IT\",\"@id\":\"https:\/\/staging.varesenews.it\/#\/schema\/person\/image\/\",\"url\":\"https:\/\/staging.varesenews.it\/wp-content\/uploads\/2020\/12\/tommaso_guidotti_colori_500.jpg\",\"contentUrl\":\"https:\/\/staging.varesenews.it\/wp-content\/uploads\/2020\/12\/tommaso_guidotti_colori_500.jpg\",\"caption\":\"Tommaso Guidotti\"},\"description\":\"Nato a Milano e trasferito nel Varesotto in tenera et&agrave;, sposato con Chiara dal 2012 e padre di due figli, Lorenzo e Alice. Sono laureato in Scienze Politiche e ho nel mio bagaglio lontani studi classici al Liceo Cairoli di Varese. Amo leggere, le serie tv, i viaggi e mi piace sperimentare e conoscere. La passione pi&ugrave; grande? Il calcio, giocato, simulato e guardato: occupo parte del mio tempo libero con quella che &egrave; pi&ugrave; di una squadra di calcio, i Bidone, una vera e propria seconda famiglia con cui ho portato avanti tanti progetti sportivi e benefici. Faccio parte dal 2004 della squadra di VareseNews e sono giornalista professionista dal 2009: per dieci anni ho ricoperto il ruolo di caporedattore. Dal 2019 coordino insieme ad una redazione di giovani collaboratori il nuovo progetto del gruppo nella zona del Saronnese, il giornale SaronnoNews, spin-off di VareseNews, restando comunque radicato al territorio di Casciago, paese che mi ha adottato e che amo moltissimo come il lago di Varese e Cazzago Brabbia, il paese dove ho vissuto da giovane.\",\"sameAs\":[\"https:\/\/www.facebook.com\/tommaso.guidotti.7\",\"tomguidoz80\",\"https:\/\/www.linkedin.com\/profile\/view?id=36891883&authType=name&authToken=9pNm&locale=en_US&goback=npv_36891883_*1_*1_name_9pNm_*1_*1_*1_*1_*1_*1_*1_*1_*1_*1_*1_*1_*1_*1_*1_*1_*1_*1_*1_*1_*1_*1_*1_*1_*1_*1_*1_*1_*1_*1_*1_*1_*1\",\"https:\/\/twitter.com\/tomguidoz\"],\"url\":\"https:\/\/staging.varesenews.it\/persona\/tommaso_guidotti\/\"}]}<\/script>\n<!-- \/ Yoast SEO plugin. -->","yoast_head_json":{"title":"I compiti delle vacanze? Pochi ma buoni","description":"La rubrica settimanale \"Il prof tra i banchi\", curata da Alberto Introini, tratter\u00e0 argomenti di scuola, didattica e formazione, commentando le notizie di attualit\u00e0 che si susseguiranno nel corso delle settimane","robots":{"index":"noindex","follow":"follow","max-snippet":"max-snippet:-1","max-image-preview":"max-image-preview:large","max-video-preview":"max-video-preview:-1"},"og_locale":"it_IT","og_type":"article","og_title":"I compiti delle vacanze? Pochi ma buoni","og_description":"La rubrica settimanale \"Il prof tra i banchi\", curata da Alberto Introini, tratter\u00e0 argomenti di scuola, didattica e formazione, commentando le notizie di attualit\u00e0 che si susseguiranno nel corso delle settimane","og_url":"https:\/\/staging.varesenews.it\/2023\/01\/compiti-delle-vacanze-buoni\/1539479\/","og_site_name":"VareseNews","article_publisher":"https:\/\/www.facebook.com\/varesenews","article_author":"https:\/\/www.facebook.com\/tommaso.guidotti.7","article_published_time":"2023-01-19T05:22:09+00:00","article_modified_time":"2023-01-19T07:46:02+00:00","author":"Tommaso Guidotti","twitter_card":"summary_large_image","twitter_creator":"@tomguidoz","twitter_site":"@varesenews","twitter_misc":{"Scritto da":"Tommaso Guidotti","Tempo di lettura stimato":"4 minuti"},"schema":{"@context":"https:\/\/schema.org","@graph":[{"@type":"WebPage","@id":"https:\/\/staging.varesenews.it\/2023\/01\/compiti-delle-vacanze-buoni\/1539479\/","url":"https:\/\/staging.varesenews.it\/2023\/01\/compiti-delle-vacanze-buoni\/1539479\/","name":"I compiti delle vacanze? Pochi ma buoni","isPartOf":{"@id":"https:\/\/staging.varesenews.it\/#website"},"datePublished":"2023-01-19T05:22:09+00:00","dateModified":"2023-01-19T07:46:02+00:00","author":{"@id":"https:\/\/staging.varesenews.it\/#\/schema\/person\/5ae9c65889c40fea73a6c40733b93f8a"},"description":"La rubrica settimanale \"Il prof tra i banchi\", curata da Alberto Introini, tratter\u00e0 argomenti di scuola, didattica e formazione, commentando le notizie di attualit\u00e0 che si susseguiranno nel corso delle settimane","breadcrumb":{"@id":"https:\/\/staging.varesenews.it\/2023\/01\/compiti-delle-vacanze-buoni\/1539479\/#breadcrumb"},"inLanguage":"it-IT","potentialAction":[{"@type":"ReadAction","target":["https:\/\/staging.varesenews.it\/2023\/01\/compiti-delle-vacanze-buoni\/1539479\/"]}]},{"@type":"BreadcrumbList","@id":"https:\/\/staging.varesenews.it\/2023\/01\/compiti-delle-vacanze-buoni\/1539479\/#breadcrumb","itemListElement":[{"@type":"ListItem","position":1,"name":"Home","item":"https:\/\/www.varesenews.it\/"},{"@type":"ListItem","position":2,"name":"I compiti delle vacanze? Pochi ma buoni"}]},{"@type":"WebSite","@id":"https:\/\/staging.varesenews.it\/#website","url":"https:\/\/staging.varesenews.it\/","name":"VareseNews","description":"","potentialAction":[{"@type":"SearchAction","target":{"@type":"EntryPoint","urlTemplate":"https:\/\/staging.varesenews.it\/?s={search_term_string}"},"query-input":"required name=search_term_string"}],"inLanguage":"it-IT"},{"@type":"Person","@id":"https:\/\/staging.varesenews.it\/#\/schema\/person\/5ae9c65889c40fea73a6c40733b93f8a","name":"Tommaso Guidotti","image":{"@type":"ImageObject","inLanguage":"it-IT","@id":"https:\/\/staging.varesenews.it\/#\/schema\/person\/image\/","url":"https:\/\/staging.varesenews.it\/wp-content\/uploads\/2020\/12\/tommaso_guidotti_colori_500.jpg","contentUrl":"https:\/\/staging.varesenews.it\/wp-content\/uploads\/2020\/12\/tommaso_guidotti_colori_500.jpg","caption":"Tommaso Guidotti"},"description":"Nato a Milano e trasferito nel Varesotto in tenera et&agrave;, sposato con Chiara dal 2012 e padre di due figli, Lorenzo e Alice. Sono laureato in Scienze Politiche e ho nel mio bagaglio lontani studi classici al Liceo Cairoli di Varese. Amo leggere, le serie tv, i viaggi e mi piace sperimentare e conoscere. La passione pi&ugrave; grande? Il calcio, giocato, simulato e guardato: occupo parte del mio tempo libero con quella che &egrave; pi&ugrave; di una squadra di calcio, i Bidone, una vera e propria seconda famiglia con cui ho portato avanti tanti progetti sportivi e benefici. Faccio parte dal 2004 della squadra di VareseNews e sono giornalista professionista dal 2009: per dieci anni ho ricoperto il ruolo di caporedattore. Dal 2019 coordino insieme ad una redazione di giovani collaboratori il nuovo progetto del gruppo nella zona del Saronnese, il giornale SaronnoNews, spin-off di VareseNews, restando comunque radicato al territorio di Casciago, paese che mi ha adottato e che amo moltissimo come il lago di Varese e Cazzago Brabbia, il paese dove ho vissuto da giovane.","sameAs":["https:\/\/www.facebook.com\/tommaso.guidotti.7","tomguidoz80","https:\/\/www.linkedin.com\/profile\/view?id=36891883&authType=name&authToken=9pNm&locale=en_US&goback=npv_36891883_*1_*1_name_9pNm_*1_*1_*1_*1_*1_*1_*1_*1_*1_*1_*1_*1_*1_*1_*1_*1_*1_*1_*1_*1_*1_*1_*1_*1_*1_*1_*1_*1_*1_*1_*1_*1_*1","https:\/\/twitter.com\/tomguidoz"],"url":"https:\/\/staging.varesenews.it\/persona\/tommaso_guidotti\/"}]}},"post_meta":{"content-image-gallery":"","foto":"107354","argomento":"Rubrica","ratings_users":"0","ratings_score":"0","ratings_average":"0","firma-personalizzata":"Alberto Introini","_edit_lock":"1674114578:39","_edit_last":"39","_category_permalink":"a:1:{s:8:\"category\";s:0:\"\";}","_yoast_wpseo_focuskw_text_input":"scuola","_yoast_wpseo_focuskw":"scuola","_yoast_wpseo_linkdex":"61","_yoast_wpseo_content_score":"30","_jd_tweet_this":"yes","_wpt_short_url":"http:\/\/www.varesenews.it\/2023\/01\/compiti-delle-vacanze-buoni\/1539479\/","_wp_jd_target":"http:\/\/www.varesenews.it\/2023\/01\/compiti-delle-vacanze-buoni\/1539479\/","_jd_wp_twitter":"a:1:{i:0;s:117:\"I compiti delle vacanze? Pochi ma buoni http:\/\/www.varesenews.it\/2023\/01\/compiti-delle-vacanze-buoni\/1539479\/ #scuola\";}","_wpt_status_message":"Tweet inviato con successo.","_encloseme":"1","_oembed_e726881605b5c61a63587d668f747955":"<iframe width=\"500\" height=\"281\" src=\"https:\/\/www.youtube.com\/embed\/Jd1P91zluyQ?feature=oembed\" frameborder=\"0\" allow=\"accelerometer; autoplay; clipboard-write; encrypted-media; gyroscope; picture-in-picture; web-share\" allowfullscreen title=\"\u00abDove sei, Matteo?\u00bb. La cattura di Messina Denaro, intervista con Giacomo di Girolamo\"><\/iframe>","_oembed_time_e726881605b5c61a63587d668f747955":"1674106085","_oembed_31dfa4c222584d9e6e6c3ac3a872ebff":"<blockquote class=\"wp-embedded-content\" data-secret=\"hs4I3zdAP7\"><a href=\"https:\/\/www.varesenews.it\/2021\/12\/ad-un-generale-fama-internazionale-cairolino-dellanno-2021\/1406203\/\">Ad un generale di fama internazionale il &#8220;Cairolino dell&#8217;anno&#8221; 2021<\/a><\/blockquote><iframe class=\"wp-embedded-content\" sandbox=\"allow-scripts\" security=\"restricted\" style=\"position: absolute; clip: rect(1px, 1px, 1px, 1px);\" src=\"https:\/\/www.varesenews.it\/2021\/12\/ad-un-generale-fama-internazionale-cairolino-dellanno-2021\/1406203\/embed\/#?secret=hs4I3zdAP7\" data-secret=\"hs4I3zdAP7\" width=\"500\" height=\"282\" title=\"&#8220;Ad un generale di fama internazionale il &#8220;Cairolino dell&#8217;anno&#8221; 2021&#8221; &#8212; VareseNews\" frameborder=\"0\" marginwidth=\"0\" marginheight=\"0\" scrolling=\"no\"><\/iframe>","_oembed_time_31dfa4c222584d9e6e6c3ac3a872ebff":"1674106085","_oembed_4bc75b04a2872c42f47520815dcf4e18":"<blockquote class=\"wp-embedded-content\" data-secret=\"RChwatNOV8\"><a href=\"https:\/\/www.varesenews.it\/2023\/01\/ancora-allarme-virus-sinciziale-bambini-occupati-tutti-letti-delle-pediatrie\/1537554\/\">\u00c8 ancora allarme virus sinciziale tra i bambini: &#8220;Occupati tutti i letti delle pediatrie&#8221;<\/a><\/blockquote><iframe class=\"wp-embedded-content\" sandbox=\"allow-scripts\" security=\"restricted\" style=\"position: absolute; clip: rect(1px, 1px, 1px, 1px);\" src=\"https:\/\/www.varesenews.it\/2023\/01\/ancora-allarme-virus-sinciziale-bambini-occupati-tutti-letti-delle-pediatrie\/1537554\/embed\/#?secret=RChwatNOV8\" data-secret=\"RChwatNOV8\" width=\"500\" height=\"282\" title=\"&#8220;\u00c8 ancora allarme virus sinciziale tra i bambini: &#8220;Occupati tutti i letti delle pediatrie&#8221;&#8221; &#8212; VareseNews\" frameborder=\"0\" marginwidth=\"0\" marginheight=\"0\" scrolling=\"no\"><\/iframe>","_oembed_time_4bc75b04a2872c42f47520815dcf4e18":"1674106085","_oembed_3687ef54b7bc76a6dd10c3f2240a9308":"<blockquote class=\"wp-embedded-content\" data-secret=\"fgYxOaM2h8\"><a href=\"https:\/\/www.varesenews.it\/2023\/01\/sulle-tracce-salvador-allende-pablo-neruda\/1537065\/\">Sulle tracce di Salvador Allende e Pablo Neruda<\/a><\/blockquote><iframe class=\"wp-embedded-content\" sandbox=\"allow-scripts\" security=\"restricted\" style=\"position: absolute; clip: rect(1px, 1px, 1px, 1px);\" src=\"https:\/\/www.varesenews.it\/2023\/01\/sulle-tracce-salvador-allende-pablo-neruda\/1537065\/embed\/#?secret=fgYxOaM2h8\" data-secret=\"fgYxOaM2h8\" width=\"500\" height=\"282\" title=\"&#8220;Sulle tracce di Salvador Allende e Pablo Neruda&#8221; &#8212; VareseNews\" frameborder=\"0\" marginwidth=\"0\" marginheight=\"0\" scrolling=\"no\"><\/iframe>","_oembed_time_3687ef54b7bc76a6dd10c3f2240a9308":"1674106085","_oembed_79bda249b7adbf35f146687e84e0e620":"<iframe width=\"500\" height=\"375\" src=\"https:\/\/www.youtube.com\/embed\/w3QLytEEOsU?feature=oembed\" frameborder=\"0\" allow=\"accelerometer; autoplay; clipboard-write; encrypted-media; gyroscope; picture-in-picture; web-share\" allowfullscreen title=\"Tarantella Lollobrigida in Pane, amore e Gelosia\"><\/iframe>","_oembed_time_79bda249b7adbf35f146687e84e0e620":"1674106085","_oembed_a63ee8af60bbbdd04d637b25d2b17712":"<blockquote class=\"wp-embedded-content\" data-secret=\"J2qkVwCNd1\"><a href=\"https:\/\/www.varesenews.it\/2023\/01\/benzinai-sciopero-25-26-gennaio-basta-fango\/1537317\/\">Benzinai in sciopero il 25 e 26 gennaio: &#8220;Basta fango su di noi&#8221;<\/a><\/blockquote><iframe class=\"wp-embedded-content\" sandbox=\"allow-scripts\" security=\"restricted\" style=\"position: absolute; clip: rect(1px, 1px, 1px, 1px);\" src=\"https:\/\/www.varesenews.it\/2023\/01\/benzinai-sciopero-25-26-gennaio-basta-fango\/1537317\/embed\/#?secret=J2qkVwCNd1\" data-secret=\"J2qkVwCNd1\" width=\"500\" height=\"282\" title=\"&#8220;Benzinai in sciopero il 25 e 26 gennaio: &#8220;Basta fango su di noi&#8221;&#8221; &#8212; VareseNews\" frameborder=\"0\" marginwidth=\"0\" marginheight=\"0\" scrolling=\"no\"><\/iframe>","_oembed_time_a63ee8af60bbbdd04d637b25d2b17712":"1674106085","_oembed_1084215eb85cb52476bec271d7fc8d53":"<blockquote class=\"wp-embedded-content\" data-secret=\"MWsGR9q0H5\"><a href=\"https:\/\/www.varesenews.it\/2019\/04\/dal-varesotto-alla-siria-combattere-lisis-ora-vorrei-vita-tranquilla\/810061\/\">Dal Varesotto alla Siria per combattere l&#8217;Isis: &#8220;Ora vorrei una vita tranquilla&#8221;<\/a><\/blockquote><iframe class=\"wp-embedded-content\" sandbox=\"allow-scripts\" security=\"restricted\" style=\"position: absolute; clip: rect(1px, 1px, 1px, 1px);\" src=\"https:\/\/www.varesenews.it\/2019\/04\/dal-varesotto-alla-siria-combattere-lisis-ora-vorrei-vita-tranquilla\/810061\/embed\/#?secret=MWsGR9q0H5\" data-secret=\"MWsGR9q0H5\" width=\"500\" height=\"282\" title=\"&#8220;Dal Varesotto alla Siria per combattere l&#8217;Isis: &#8220;Ora vorrei una vita tranquilla&#8221;&#8221; &#8212; VareseNews\" frameborder=\"0\" marginwidth=\"0\" marginheight=\"0\" scrolling=\"no\"><\/iframe>","_oembed_time_1084215eb85cb52476bec271d7fc8d53":"1674106317","_oembed_dc5bcfd978bfad3bf54d285c5c9f4896":"<blockquote class=\"wp-embedded-content\" data-secret=\"lhqCbCkwD1\"><a href=\"https:\/\/www.varesenews.it\/2023\/01\/troppi-vigili-del-fuoco-distaccamenti-chiusi-dimezzati-provincia-varese\/1538659\/\">Pochi vigili del fuoco, distaccamenti chiusi o &#8220;dimezzati&#8221; in provincia di Varese<\/a><\/blockquote><iframe class=\"wp-embedded-content\" sandbox=\"allow-scripts\" security=\"restricted\" style=\"position: absolute; clip: rect(1px, 1px, 1px, 1px);\" src=\"https:\/\/www.varesenews.it\/2023\/01\/troppi-vigili-del-fuoco-distaccamenti-chiusi-dimezzati-provincia-varese\/1538659\/embed\/#?secret=lhqCbCkwD1\" data-secret=\"lhqCbCkwD1\" width=\"500\" height=\"282\" title=\"&#8220;Pochi vigili del fuoco, distaccamenti chiusi o &#8220;dimezzati&#8221; in provincia di Varese&#8221; &#8212; VareseNews\" frameborder=\"0\" marginwidth=\"0\" marginheight=\"0\" scrolling=\"no\"><\/iframe>","_oembed_time_dc5bcfd978bfad3bf54d285c5c9f4896":"1674106317","_oembed_65f6c9b9a27099997b057e787f641d4e":"<blockquote class=\"wp-embedded-content\" data-secret=\"ANovGhvkeO\"><a href=\"https:\/\/www.varesenews.it\/2023\/01\/fermata-ferroviaria-sorgera-ospedale-busto-gallarate-la-proposta-emanuele-monti\/1537714\/\">&#8220;Una fermata ferroviaria dove sorger\u00e0 il nuovo ospedale Busto-Gallarate&#8221;, la proposta di Emanuele Monti<\/a><\/blockquote><iframe class=\"wp-embedded-content\" sandbox=\"allow-scripts\" security=\"restricted\" style=\"position: absolute; clip: rect(1px, 1px, 1px, 1px);\" src=\"https:\/\/www.varesenews.it\/2023\/01\/fermata-ferroviaria-sorgera-ospedale-busto-gallarate-la-proposta-emanuele-monti\/1537714\/embed\/#?secret=ANovGhvkeO\" data-secret=\"ANovGhvkeO\" width=\"500\" height=\"282\" title=\"&#8220;&#8220;Una fermata ferroviaria dove sorger\u00e0 il nuovo ospedale Busto-Gallarate&#8221;, la proposta di Emanuele Monti&#8221; &#8212; VareseNews\" frameborder=\"0\" marginwidth=\"0\" marginheight=\"0\" scrolling=\"no\"><\/iframe>","_oembed_time_65f6c9b9a27099997b057e787f641d4e":"1674106317","_oembed_0b9222a2b97ce7a54c97393feb0a9e30":"<blockquote class=\"wp-embedded-content\" data-secret=\"Tg0RDaGHrh\"><a href=\"https:\/\/www.varesenews.it\/2022\/12\/capannoni-strade-piazzali-4-anni-persi-3158-ettari-terreno-fertil\/1526595\/\">Capannoni, strade e piazzali: in 5 anni persi 3158 ettari di terreno fertile<\/a><\/blockquote><iframe class=\"wp-embedded-content\" sandbox=\"allow-scripts\" security=\"restricted\" style=\"position: absolute; clip: rect(1px, 1px, 1px, 1px);\" src=\"https:\/\/www.varesenews.it\/2022\/12\/capannoni-strade-piazzali-4-anni-persi-3158-ettari-terreno-fertil\/1526595\/embed\/#?secret=Tg0RDaGHrh\" data-secret=\"Tg0RDaGHrh\" width=\"500\" height=\"282\" title=\"&#8220;Capannoni, strade e piazzali: in 5 anni persi 3158 ettari di terreno fertile&#8221; &#8212; VareseNews\" frameborder=\"0\" marginwidth=\"0\" marginheight=\"0\" scrolling=\"no\"><\/iframe>","_oembed_time_0b9222a2b97ce7a54c97393feb0a9e30":"1674106317","_oembed_20a86436342bbdfff997590429c1a40c":"<blockquote class=\"wp-embedded-content\" data-secret=\"k6nZv71iZZ\"><a href=\"https:\/\/www.varesenews.it\/2010\/02\/era-un-angelo-di-nome-e-di-fatto\/155477\/\">\u00abEra un Angelo di nome e di fatto\u00bb<\/a><\/blockquote><iframe class=\"wp-embedded-content\" sandbox=\"allow-scripts\" security=\"restricted\" style=\"position: absolute; clip: rect(1px, 1px, 1px, 1px);\" src=\"https:\/\/www.varesenews.it\/2010\/02\/era-un-angelo-di-nome-e-di-fatto\/155477\/embed\/#?secret=k6nZv71iZZ\" data-secret=\"k6nZv71iZZ\" width=\"500\" height=\"282\" title=\"&#8220;\u00abEra un Angelo di nome e di fatto\u00bb&#8221; &#8212; VareseNews\" frameborder=\"0\" marginwidth=\"0\" marginheight=\"0\" scrolling=\"no\"><\/iframe>","_oembed_time_20a86436342bbdfff997590429c1a40c":"1674106329","_oembed_bbc93298daf0df47119a8cabe131a031":"<blockquote class=\"wp-embedded-content\" data-secret=\"2COVUTSt1p\"><a href=\"https:\/\/www.varesenews.it\/2022\/12\/2022-lanno-senza-acqua\/1533501\/\">2022, l&#8217;anno senza acqua<\/a><\/blockquote><iframe class=\"wp-embedded-content\" sandbox=\"allow-scripts\" security=\"restricted\" style=\"position: absolute; clip: rect(1px, 1px, 1px, 1px);\" src=\"https:\/\/www.varesenews.it\/2022\/12\/2022-lanno-senza-acqua\/1533501\/embed\/#?secret=2COVUTSt1p\" data-secret=\"2COVUTSt1p\" width=\"500\" height=\"282\" title=\"&#8220;2022, l&#8217;anno senza acqua&#8221; &#8212; VareseNews\" frameborder=\"0\" marginwidth=\"0\" marginheight=\"0\" scrolling=\"no\"><\/iframe>","_oembed_time_bbc93298daf0df47119a8cabe131a031":"1674106687","_oembed_3c20b864346dc27375f39524ff3fd6c8":"<blockquote class=\"wp-embedded-content\" data-secret=\"mzU085SZnj\"><a href=\"https:\/\/www.varesenews.it\/2023\/01\/claudio-baglioni-posticipati-concerti-varese-como-lugano\/1534586\/\">Claudio Baglioni: posticipati i concerti di Varese, Como e Lugano<\/a><\/blockquote><iframe class=\"wp-embedded-content\" sandbox=\"allow-scripts\" security=\"restricted\" style=\"position: absolute; clip: rect(1px, 1px, 1px, 1px);\" src=\"https:\/\/www.varesenews.it\/2023\/01\/claudio-baglioni-posticipati-concerti-varese-como-lugano\/1534586\/embed\/#?secret=mzU085SZnj\" data-secret=\"mzU085SZnj\" width=\"500\" height=\"282\" title=\"&#8220;Claudio Baglioni: posticipati i concerti di Varese, Como e Lugano&#8221; &#8212; VareseNews\" frameborder=\"0\" marginwidth=\"0\" marginheight=\"0\" scrolling=\"no\"><\/iframe>","_oembed_time_3c20b864346dc27375f39524ff3fd6c8":"1674106688","_oembed_971e2e2ac0a925491670e99674acd665":"<blockquote class=\"wp-embedded-content\" data-secret=\"MdOKy0dAWu\"><a href=\"https:\/\/www.varesenews.it\/2020\/07\/giovanni-bassanesi-volo-antifascista-lodrino-milano-2\/944680\/\">Dal Ticino a Milano: il pilota col mal d&#8217;aria e il folle volo contro la dittatura<\/a><\/blockquote><iframe class=\"wp-embedded-content\" sandbox=\"allow-scripts\" security=\"restricted\" style=\"position: absolute; clip: rect(1px, 1px, 1px, 1px);\" src=\"https:\/\/www.varesenews.it\/2020\/07\/giovanni-bassanesi-volo-antifascista-lodrino-milano-2\/944680\/embed\/#?secret=MdOKy0dAWu\" data-secret=\"MdOKy0dAWu\" width=\"500\" height=\"282\" title=\"&#8220;Dal Ticino a Milano: il pilota col mal d&#8217;aria e il folle volo contro la dittatura&#8221; &#8212; VareseNews\" frameborder=\"0\" marginwidth=\"0\" marginheight=\"0\" scrolling=\"no\"><\/iframe>","_oembed_time_971e2e2ac0a925491670e99674acd665":"1674106688","_oembed_c98fe16c7150ec9c87433c8d792f03b2":"<iframe width=\"500\" height=\"281\" src=\"https:\/\/www.youtube.com\/embed\/w6K5qj6e8Cg?feature=oembed\" frameborder=\"0\" allow=\"accelerometer; autoplay; clipboard-write; encrypted-media; gyroscope; picture-in-picture; web-share\" allowfullscreen title=\"Siccit\u00e0 nel Ticino: anche la diga del Panperduto resta in secca\"><\/iframe>","_oembed_time_c98fe16c7150ec9c87433c8d792f03b2":"1674106688","_oembed_996fc1fe4e9253eacfe35d48a2f87977":"<blockquote class=\"wp-embedded-content\" data-secret=\"d9oaAXRnct\"><a href=\"https:\/\/www.varesenews.it\/2022\/07\/la-siccita-uccide-le-giovani-piante-busto-arsizio-volontari-legambiente-le-innaffiano-notte\/1484823\/\">La siccit\u00e0 uccide le giovani piante a Busto Arsizio, i volontari di Legambiente le innaffiano di notte<\/a><\/blockquote><iframe class=\"wp-embedded-content\" sandbox=\"allow-scripts\" security=\"restricted\" style=\"position: absolute; clip: rect(1px, 1px, 1px, 1px);\" src=\"https:\/\/www.varesenews.it\/2022\/07\/la-siccita-uccide-le-giovani-piante-busto-arsizio-volontari-legambiente-le-innaffiano-notte\/1484823\/embed\/#?secret=d9oaAXRnct\" data-secret=\"d9oaAXRnct\" width=\"500\" height=\"282\" title=\"&#8220;La siccit\u00e0 uccide le giovani piante a Busto Arsizio, i volontari di Legambiente le innaffiano di notte&#8221; &#8212; VareseNews\" frameborder=\"0\" marginwidth=\"0\" marginheight=\"0\" scrolling=\"no\"><\/iframe>","_oembed_time_996fc1fe4e9253eacfe35d48a2f87977":"1674106688","_oembed_3ec678259b7672c6bf5f71c8a07fa922":"<iframe width=\"500\" height=\"281\" src=\"https:\/\/www.youtube.com\/embed\/wa9iDVBLg6E?start=2160&feature=oembed\" frameborder=\"0\" allow=\"accelerometer; autoplay; clipboard-write; encrypted-media; gyroscope; picture-in-picture; web-share\" allowfullscreen title=\"Senza acqua. La siccit\u00e0 nel racconto giornalistico\"><\/iframe>","_oembed_time_3ec678259b7672c6bf5f71c8a07fa922":"1674106688","_oembed_33c1341324d4df70cb98a62f930eba25":"<blockquote class=\"wp-embedded-content\" data-secret=\"Kxh90sBz9J\"><a href=\"https:\/\/www.varesenews.it\/2022\/12\/2022-lanno-dei-record-piu-caldo-piu-secco-piu-soleggiato-sempre\/1534009\/\">Per la Provincia di Varese \u00e8 stato l&#8217;anno &#8220;pi\u00f9 caldo, pi\u00f9 secco e pi\u00f9 soleggiato di sempre&#8221;<\/a><\/blockquote><iframe class=\"wp-embedded-content\" sandbox=\"allow-scripts\" security=\"restricted\" style=\"position: absolute; clip: rect(1px, 1px, 1px, 1px);\" src=\"https:\/\/www.varesenews.it\/2022\/12\/2022-lanno-dei-record-piu-caldo-piu-secco-piu-soleggiato-sempre\/1534009\/embed\/#?secret=Kxh90sBz9J\" data-secret=\"Kxh90sBz9J\" width=\"500\" height=\"282\" title=\"&#8220;Per la Provincia di Varese \u00e8 stato l&#8217;anno &#8220;pi\u00f9 caldo, pi\u00f9 secco e pi\u00f9 soleggiato di sempre&#8221;&#8221; &#8212; VareseNews\" frameborder=\"0\" marginwidth=\"0\" marginheight=\"0\" scrolling=\"no\"><\/iframe>","_oembed_time_33c1341324d4df70cb98a62f930eba25":"1674106688"},"photos":[{"original":"https:\/\/staging.varesenews.it\/photogallery_new\/images\/2014\/06\/compiti-vacanze-107354.jpg","full":"https:\/\/staging.varesenews.it\/photogallery_new\/images\/2014\/06\/compiti-vacanze-107354.1024x768.jpg","large":"https:\/\/staging.varesenews.it\/photogallery_new\/images\/2014\/06\/compiti-vacanze-107354.610x431.jpg"}],"_links":{"self":[{"href":"https:\/\/staging.varesenews.it\/swgapi\/v1\/wp\/v2\/posts\/1539479"}],"collection":[{"href":"https:\/\/staging.varesenews.it\/swgapi\/v1\/wp\/v2\/posts"}],"about":[{"href":"https:\/\/staging.varesenews.it\/swgapi\/v1\/wp\/v2\/types\/post"}],"author":[{"embeddable":true,"href":"https:\/\/staging.varesenews.it\/swgapi\/v1\/wp\/v2\/users\/39"}],"replies":[{"embeddable":true,"href":"https:\/\/staging.varesenews.it\/swgapi\/v1\/wp\/v2\/comments?post=1539479"}],"version-history":[{"count":0,"href":"https:\/\/staging.varesenews.it\/swgapi\/v1\/wp\/v2\/posts\/1539479\/revisions"}],"wp:attachment":[{"href":"https:\/\/staging.varesenews.it\/swgapi\/v1\/wp\/v2\/media?parent=1539479"}],"wp:term":[{"taxonomy":"category","embeddable":true,"href":"https:\/\/staging.varesenews.it\/swgapi\/v1\/wp\/v2\/categories?post=1539479"},{"taxonomy":"post_tag","embeddable":true,"href":"https:\/\/staging.varesenews.it\/swgapi\/v1\/wp\/v2\/tags?post=1539479"}],"curies":[{"name":"wp","href":"https:\/\/api.w.org\/{rel}","templated":true}]}}