{"id":1539593,"date":"2023-01-19T09:36:50","date_gmt":"2023-01-19T08:36:50","guid":{"rendered":"https:\/\/www.varesenews.it\/?p=1539593"},"modified":"2023-01-19T09:37:40","modified_gmt":"2023-01-19T08:37:40","slug":"gli-uccelli-fuoco-della-mahavishnu-orchestra","status":"publish","type":"post","link":"https:\/\/staging.varesenews.it\/2023\/01\/gli-uccelli-fuoco-della-mahavishnu-orchestra\/1539593\/","title":{"rendered":"Gli uccelli di fuoco della Mahavishnu Orchestra"},"content":{"rendered":"<p>Avevamo visto come la Mahavishnu, pur suonando un genere che non si poteva definire rock, fosse riuscita a sfondare su questo mercato, realizzando un po\u2019 il sogno che non riusc\u00ec mai a Miles Davis, che del jazz rock fu di fatto l\u2019inventore. Spiegarne le ragioni non \u00e8 facile, ma certamente il fatto che il leader incontrastato suonasse divinamente uno strumento simbolo del rock come la chitarra elettrica &#8211; senza dimenticare la batteria di Cobham &#8211; ebbe un ruolo fondamentale. Ma il suo essere leader incontrastato alla lunga mand\u00f2 in crisi l\u2019unit\u00e0 del gruppo, che non era certo fatto da comprimari. Morale: dopo un live ci fu un tentativo abortito di terzo album in studio che naufrag\u00f2 (usc\u00ec anni dopo come The lost Trident sessions) e leggenda vuole che i musicisti terminarono le sessions senza nemmeno salutarsi. Non fu la fine della Mahavishnu, poich\u00e9 McLaughlin, un po\u2019 come Fripp coi King Crimson, negli anni successivi la riform\u00f2 restando solo lui come membro originale e facendo lavori anche interessanti. Ma questo Birds of fire, per molti migliore del primo, \u00e8 certamente un disco da conoscere.<\/p>\n<p><strong>Curiosit\u00e0:<\/strong> come dicevamo all&#8217;inizio, \u00e8 difficile capire come la Mahavishnu fosse diventata cos\u00ec popolare presso il grande pubblico del rock. Ancora pi\u00f9 difficile doveva essere per gli impresari metterli insieme con un minimo di coerenza a dei gruppi di supporto: il fatto che fra questi ci siano stati gli Aerosmith e gli Eagles la dice lunga!<\/p>\n<div class=\"responsive-video\"><iframe loading=\"lazy\" width=\"500\" height=\"281\" src=\"https:\/\/www.youtube.com\/embed\/videoseries?list=OLAK5uy_laTbnMSFq5h827gAHXWEZG-bdqC_5vmV0\" frameborder=\"0\" allow=\"accelerometer; autoplay; clipboard-write; encrypted-media; gyroscope; picture-in-picture; web-share\" allowfullscreen><\/iframe><\/div>\n<p>La rubrica <a href=\"https:\/\/www.varesenews.it\/tag\/50-anni-fa-la-musica\/\" target=\"_blank\" rel=\"noopener\">50 anni fa la musica\u00a0<\/a><\/p>\n","protected":false},"excerpt":{"rendered":"<p>Purtroppo, almeno in studio, fu l\u2019ultimo disco della formazione originale.<\/p>\n","protected":false},"author":32,"featured_media":0,"comment_status":"open","ping_status":"open","sticky":false,"template":"","format":"standard","meta":{"footnotes":""},"categories":[9,20],"tags":[97049],"acf":[],"yoast_head":"<!-- This site is optimized with the Yoast SEO plugin v20.1 - https:\/\/yoast.com\/wordpress\/plugins\/seo\/ -->\n<title>Gli uccelli di fuoco della Mahavishnu Orchestra<\/title>\n<meta name=\"description\" content=\"Purtroppo, almeno in studio, fu l\u2019ultimo disco della formazione originale.\" \/>\n<meta name=\"robots\" content=\"noindex, follow, max-snippet:-1, max-image-preview:large, max-video-preview:-1\" \/>\n<meta property=\"og:locale\" content=\"it_IT\" \/>\n<meta property=\"og:type\" content=\"article\" \/>\n<meta property=\"og:title\" content=\"Gli uccelli di fuoco della Mahavishnu Orchestra\" \/>\n<meta property=\"og:description\" content=\"Purtroppo, almeno in studio, fu l\u2019ultimo disco della formazione originale.\" \/>\n<meta property=\"og:url\" content=\"https:\/\/staging.varesenews.it\/2023\/01\/gli-uccelli-fuoco-della-mahavishnu-orchestra\/1539593\/\" \/>\n<meta property=\"og:site_name\" content=\"VareseNews\" \/>\n<meta property=\"article:publisher\" content=\"https:\/\/www.facebook.com\/varesenews\" \/>\n<meta property=\"article:published_time\" content=\"2023-01-19T08:36:50+00:00\" \/>\n<meta property=\"article:modified_time\" content=\"2023-01-19T08:37:40+00:00\" \/>\n<meta name=\"author\" content=\"Adelia Brigo\" \/>\n<meta name=\"twitter:card\" content=\"summary_large_image\" \/>\n<meta name=\"twitter:creator\" content=\"@AdeliaBrigo\" \/>\n<meta name=\"twitter:site\" content=\"@varesenews\" \/>\n<meta name=\"twitter:label1\" content=\"Scritto da\" \/>\n\t<meta name=\"twitter:data1\" content=\"Adelia Brigo\" \/>\n\t<meta name=\"twitter:label2\" content=\"Tempo di lettura stimato\" \/>\n\t<meta name=\"twitter:data2\" content=\"1 minuto\" \/>\n<script type=\"application\/ld+json\" class=\"yoast-schema-graph\">{\"@context\":\"https:\/\/schema.org\",\"@graph\":[{\"@type\":\"WebPage\",\"@id\":\"https:\/\/staging.varesenews.it\/2023\/01\/gli-uccelli-fuoco-della-mahavishnu-orchestra\/1539593\/\",\"url\":\"https:\/\/staging.varesenews.it\/2023\/01\/gli-uccelli-fuoco-della-mahavishnu-orchestra\/1539593\/\",\"name\":\"Gli uccelli di fuoco della Mahavishnu Orchestra\",\"isPartOf\":{\"@id\":\"https:\/\/staging.varesenews.it\/#website\"},\"datePublished\":\"2023-01-19T08:36:50+00:00\",\"dateModified\":\"2023-01-19T08:37:40+00:00\",\"author\":{\"@id\":\"https:\/\/staging.varesenews.it\/#\/schema\/person\/272ac0f5b2dbfd572218c2d86e013f1a\"},\"description\":\"Purtroppo, almeno in studio, fu l\u2019ultimo disco della formazione originale.\",\"breadcrumb\":{\"@id\":\"https:\/\/staging.varesenews.it\/2023\/01\/gli-uccelli-fuoco-della-mahavishnu-orchestra\/1539593\/#breadcrumb\"},\"inLanguage\":\"it-IT\",\"potentialAction\":[{\"@type\":\"ReadAction\",\"target\":[\"https:\/\/staging.varesenews.it\/2023\/01\/gli-uccelli-fuoco-della-mahavishnu-orchestra\/1539593\/\"]}]},{\"@type\":\"BreadcrumbList\",\"@id\":\"https:\/\/staging.varesenews.it\/2023\/01\/gli-uccelli-fuoco-della-mahavishnu-orchestra\/1539593\/#breadcrumb\",\"itemListElement\":[{\"@type\":\"ListItem\",\"position\":1,\"name\":\"Home\",\"item\":\"https:\/\/www.varesenews.it\/\"},{\"@type\":\"ListItem\",\"position\":2,\"name\":\"Gli uccelli di fuoco della Mahavishnu Orchestra\"}]},{\"@type\":\"WebSite\",\"@id\":\"https:\/\/staging.varesenews.it\/#website\",\"url\":\"https:\/\/staging.varesenews.it\/\",\"name\":\"VareseNews\",\"description\":\"\",\"potentialAction\":[{\"@type\":\"SearchAction\",\"target\":{\"@type\":\"EntryPoint\",\"urlTemplate\":\"https:\/\/staging.varesenews.it\/?s={search_term_string}\"},\"query-input\":\"required name=search_term_string\"}],\"inLanguage\":\"it-IT\"},{\"@type\":\"Person\",\"@id\":\"https:\/\/staging.varesenews.it\/#\/schema\/person\/272ac0f5b2dbfd572218c2d86e013f1a\",\"name\":\"Adelia Brigo\",\"image\":{\"@type\":\"ImageObject\",\"inLanguage\":\"it-IT\",\"@id\":\"https:\/\/staging.varesenews.it\/#\/schema\/person\/image\/\",\"url\":\"https:\/\/staging.varesenews.it\/wp-content\/uploads\/2020\/12\/adelia_brigo_colori_500.jpg\",\"contentUrl\":\"https:\/\/staging.varesenews.it\/wp-content\/uploads\/2020\/12\/adelia_brigo_colori_500.jpg\",\"caption\":\"Adelia Brigo\"},\"description\":\"Giornalista pubblicista, lavoro a VareseNews dal 2007 e mi occupo di cronaca locale e del settore dedicato alla cultura. In questi anni ho seguito diversi progetti di comunicazione, amo sperimentare strategie per i Social Network e raccontare storie. Varesina, classe 1984, sono laureata in Scienze della Comunicazione.&nbsp;\",\"sameAs\":[\"AdeliaBrigo\",\"https:\/\/twitter.com\/AdeliaBrigo\"],\"url\":\"https:\/\/staging.varesenews.it\/persona\/adelia_brigo\/\"}]}<\/script>\n<!-- \/ Yoast SEO plugin. -->","yoast_head_json":{"title":"Gli uccelli di fuoco della Mahavishnu Orchestra","description":"Purtroppo, almeno in studio, fu l\u2019ultimo disco della formazione originale.","robots":{"index":"noindex","follow":"follow","max-snippet":"max-snippet:-1","max-image-preview":"max-image-preview:large","max-video-preview":"max-video-preview:-1"},"og_locale":"it_IT","og_type":"article","og_title":"Gli uccelli di fuoco della Mahavishnu Orchestra","og_description":"Purtroppo, almeno in studio, fu l\u2019ultimo disco della formazione originale.","og_url":"https:\/\/staging.varesenews.it\/2023\/01\/gli-uccelli-fuoco-della-mahavishnu-orchestra\/1539593\/","og_site_name":"VareseNews","article_publisher":"https:\/\/www.facebook.com\/varesenews","article_published_time":"2023-01-19T08:36:50+00:00","article_modified_time":"2023-01-19T08:37:40+00:00","author":"Adelia Brigo","twitter_card":"summary_large_image","twitter_creator":"@AdeliaBrigo","twitter_site":"@varesenews","twitter_misc":{"Scritto da":"Adelia Brigo","Tempo di lettura stimato":"1 minuto"},"schema":{"@context":"https:\/\/schema.org","@graph":[{"@type":"WebPage","@id":"https:\/\/staging.varesenews.it\/2023\/01\/gli-uccelli-fuoco-della-mahavishnu-orchestra\/1539593\/","url":"https:\/\/staging.varesenews.it\/2023\/01\/gli-uccelli-fuoco-della-mahavishnu-orchestra\/1539593\/","name":"Gli uccelli di fuoco della Mahavishnu Orchestra","isPartOf":{"@id":"https:\/\/staging.varesenews.it\/#website"},"datePublished":"2023-01-19T08:36:50+00:00","dateModified":"2023-01-19T08:37:40+00:00","author":{"@id":"https:\/\/staging.varesenews.it\/#\/schema\/person\/272ac0f5b2dbfd572218c2d86e013f1a"},"description":"Purtroppo, almeno in studio, fu l\u2019ultimo disco della formazione originale.","breadcrumb":{"@id":"https:\/\/staging.varesenews.it\/2023\/01\/gli-uccelli-fuoco-della-mahavishnu-orchestra\/1539593\/#breadcrumb"},"inLanguage":"it-IT","potentialAction":[{"@type":"ReadAction","target":["https:\/\/staging.varesenews.it\/2023\/01\/gli-uccelli-fuoco-della-mahavishnu-orchestra\/1539593\/"]}]},{"@type":"BreadcrumbList","@id":"https:\/\/staging.varesenews.it\/2023\/01\/gli-uccelli-fuoco-della-mahavishnu-orchestra\/1539593\/#breadcrumb","itemListElement":[{"@type":"ListItem","position":1,"name":"Home","item":"https:\/\/www.varesenews.it\/"},{"@type":"ListItem","position":2,"name":"Gli uccelli di fuoco della Mahavishnu Orchestra"}]},{"@type":"WebSite","@id":"https:\/\/staging.varesenews.it\/#website","url":"https:\/\/staging.varesenews.it\/","name":"VareseNews","description":"","potentialAction":[{"@type":"SearchAction","target":{"@type":"EntryPoint","urlTemplate":"https:\/\/staging.varesenews.it\/?s={search_term_string}"},"query-input":"required name=search_term_string"}],"inLanguage":"it-IT"},{"@type":"Person","@id":"https:\/\/staging.varesenews.it\/#\/schema\/person\/272ac0f5b2dbfd572218c2d86e013f1a","name":"Adelia Brigo","image":{"@type":"ImageObject","inLanguage":"it-IT","@id":"https:\/\/staging.varesenews.it\/#\/schema\/person\/image\/","url":"https:\/\/staging.varesenews.it\/wp-content\/uploads\/2020\/12\/adelia_brigo_colori_500.jpg","contentUrl":"https:\/\/staging.varesenews.it\/wp-content\/uploads\/2020\/12\/adelia_brigo_colori_500.jpg","caption":"Adelia Brigo"},"description":"Giornalista pubblicista, lavoro a VareseNews dal 2007 e mi occupo di cronaca locale e del settore dedicato alla cultura. In questi anni ho seguito diversi progetti di comunicazione, amo sperimentare strategie per i Social Network e raccontare storie. Varesina, classe 1984, sono laureata in Scienze della Comunicazione.&nbsp;","sameAs":["AdeliaBrigo","https:\/\/twitter.com\/AdeliaBrigo"],"url":"https:\/\/staging.varesenews.it\/persona\/adelia_brigo\/"}]}},"post_meta":{"content-image-gallery":"","_edit_lock":"1674117943:32","_oembed_78cae160fbe7e98bcd88c6c9c904e0e1":"<iframe width=\"1173\" height=\"660\" src=\"https:\/\/www.youtube.com\/embed\/videoseries?list=OLAK5uy_laTbnMSFq5h827gAHXWEZG-bdqC_5vmV0\" frameborder=\"0\" allow=\"accelerometer; autoplay; clipboard-write; encrypted-media; gyroscope; picture-in-picture; web-share\" allowfullscreen><\/iframe>","_oembed_time_78cae160fbe7e98bcd88c6c9c904e0e1":"1674116896","_edit_last":"32","_category_permalink":"a:1:{s:8:\"category\";s:2:\"20\";}","_encloseme":"1","ratings_users":"0","ratings_score":"0","ratings_average":"0","foto":"1366258","firma-personalizzata":"G.P.","argomento":"50 anni fa la musica - 169","_yoast_wpseo_focuskw_text_input":"Mahavishnu Orchestra","_yoast_wpseo_focuskw":"Mahavishnu Orchestra","_yoast_wpseo_linkdex":"61","_yoast_wpseo_content_score":"30","_jd_tweet_this":"yes","_oembed_07d5b4a58a0a667bd732a07d14d68a82":"<iframe width=\"500\" height=\"281\" src=\"https:\/\/www.youtube.com\/embed\/videoseries?list=OLAK5uy_laTbnMSFq5h827gAHXWEZG-bdqC_5vmV0\" frameborder=\"0\" allow=\"accelerometer; autoplay; clipboard-write; encrypted-media; gyroscope; picture-in-picture; web-share\" allowfullscreen><\/iframe>","_oembed_time_07d5b4a58a0a667bd732a07d14d68a82":"1674117411","_wpt_short_url":"https:\/\/www.varesenews.it\/2023\/01\/gli-uccelli-fuoco-della-mahavishnu-orchestra\/1539593\/","_wp_jd_target":"https:\/\/www.varesenews.it\/2023\/01\/gli-uccelli-fuoco-della-mahavishnu-orchestra\/1539593\/","_jd_wp_twitter":"a:1:{i:0;s:136:\"Gli uccelli di fuoco della Mahavishnu Orchestra https:\/\/www.varesenews.it\/2023\/01\/gli-uccelli-fuoco-della-mahavishnu-orchestra\/1539593\/ \";}","_wpt_status_message":"Tweet inviato con successo.","_oembed_44ae4bb6117e843dc9b2f37c51ab3cd9":"<iframe width=\"1177\" height=\"662\" src=\"https:\/\/www.youtube.com\/embed\/videoseries?list=OLAK5uy_laTbnMSFq5h827gAHXWEZG-bdqC_5vmV0\" frameborder=\"0\" allow=\"accelerometer; autoplay; clipboard-write; encrypted-media; gyroscope; picture-in-picture; web-share\" allowfullscreen><\/iframe>","_oembed_time_44ae4bb6117e843dc9b2f37c51ab3cd9":"1674117415","_oembed_f4203d75347215206f039e4ad6960f80":"<blockquote class=\"wp-embedded-content\" data-secret=\"WEPlTnkTvO\"><a href=\"https:\/\/www.varesenews.it\/necrologie\/annuncio-famiglia\/giuseppe-golonia\/\">GIUSEPPE GOLONIA<\/a><\/blockquote><iframe class=\"wp-embedded-content\" sandbox=\"allow-scripts\" security=\"restricted\" style=\"position: absolute; clip: rect(1px, 1px, 1px, 1px);\" src=\"https:\/\/www.varesenews.it\/necrologie\/annuncio-famiglia\/giuseppe-golonia\/embed\/#?secret=WEPlTnkTvO\" data-secret=\"WEPlTnkTvO\" width=\"500\" height=\"282\" title=\"&#8220;GIUSEPPE GOLONIA&#8221; &#8212; VareseNews\" frameborder=\"0\" marginwidth=\"0\" marginheight=\"0\" scrolling=\"no\"><\/iframe>","_oembed_time_f4203d75347215206f039e4ad6960f80":"1674117765"},"photos":[{"original":"https:\/\/staging.varesenews.it\/photogallery_new\/images\/2023\/01\/50-anni-fa-la-musica-1366258.jpg","full":"https:\/\/staging.varesenews.it\/photogallery_new\/images\/2023\/01\/50-anni-fa-la-musica-1366258.1024x768.jpg","large":"https:\/\/staging.varesenews.it\/photogallery_new\/images\/2023\/01\/50-anni-fa-la-musica-1366258.610x431.jpg"}],"_links":{"self":[{"href":"https:\/\/staging.varesenews.it\/swgapi\/v1\/wp\/v2\/posts\/1539593"}],"collection":[{"href":"https:\/\/staging.varesenews.it\/swgapi\/v1\/wp\/v2\/posts"}],"about":[{"href":"https:\/\/staging.varesenews.it\/swgapi\/v1\/wp\/v2\/types\/post"}],"author":[{"embeddable":true,"href":"https:\/\/staging.varesenews.it\/swgapi\/v1\/wp\/v2\/users\/32"}],"replies":[{"embeddable":true,"href":"https:\/\/staging.varesenews.it\/swgapi\/v1\/wp\/v2\/comments?post=1539593"}],"version-history":[{"count":0,"href":"https:\/\/staging.varesenews.it\/swgapi\/v1\/wp\/v2\/posts\/1539593\/revisions"}],"wp:attachment":[{"href":"https:\/\/staging.varesenews.it\/swgapi\/v1\/wp\/v2\/media?parent=1539593"}],"wp:term":[{"taxonomy":"category","embeddable":true,"href":"https:\/\/staging.varesenews.it\/swgapi\/v1\/wp\/v2\/categories?post=1539593"},{"taxonomy":"post_tag","embeddable":true,"href":"https:\/\/staging.varesenews.it\/swgapi\/v1\/wp\/v2\/tags?post=1539593"}],"curies":[{"name":"wp","href":"https:\/\/api.w.org\/{rel}","templated":true}]}}