{"id":1539868,"date":"2023-01-19T13:55:35","date_gmt":"2023-01-19T12:55:35","guid":{"rendered":"https:\/\/www.varesenews.it\/?p=1539868"},"modified":"2023-01-19T17:04:20","modified_gmt":"2023-01-19T16:04:20","slug":"aldo-carpinteri-lancia-la-linea-kids-modes","status":"publish","type":"post","link":"https:\/\/staging.varesenews.it\/2023\/01\/aldo-carpinteri-lancia-la-linea-kids-modes\/1539868\/","title":{"rendered":"Aldo Carpinteri lancia la linea kids di MODES"},"content":{"rendered":"<p>MODES \u00e8 uno dei quei brand famosi in tutto il mondo, capace di <strong>portare alta la bandiera del Made in Italy<\/strong>. La svolta \u00e8 arrivata grazie alle <strong>rivoluzionarie idee di Aldo Carpinteri<\/strong>. Infatti, dopo il rebranding della boutique storica siciliana Stefania Mode, MODES oggi arriva a contare centinaia di punti vendita esclusivi sparsi in tutte le pi\u00f9 grandi e belle citt\u00e0 del globo.<\/p>\n<p>Tra le tante novit\u00e0 che sono state in grado di rilanciare il brand a livello internazionale, Aldo Carpinteri ha puntano sul <strong>kidswear<\/strong>. Si chiama <strong>Minimodes<\/strong> ed \u00e8 il format retail <strong>dedicato ai pi\u00f9 piccoli<\/strong>. Il primissimo store MODES per bambini \u00e8 stato inaugurato da Aldo Carpinteri a <strong>Trapani<\/strong> circa 5 anni fa e oggi \u00e8 solo il primo di una lunga serie. Oggi il marchio pu\u00f2 vantare altri punti vendita sul territorio italiano \u2013 <strong>Forte dei Marmi, Milano<\/strong> \u2013 pi\u00f9 uno nella <strong>esclusiva localit\u00e0 sciistica svizzera di<\/strong> <strong>St. Moritz<\/strong>.<\/p>\n<h2>Minimodes: la linea kids di MODES<\/h2>\n<p>Prende il nome di Minimodes <strong>la linea kids <\/strong>del famoso brand d\u2019abbigliamento MODES. Aldo Carpinteri non ha in alcun modo modificato il concept di MODES poich\u00e9 l\u2019idea di base resta la stessa delle boutique dedicate all\u2019abbigliamento per lui e lei.<\/p>\n<p>Non siamo di fronte alla classica boutique per i pi\u00f9 piccoli perch\u00e9 MODES d\u00e0 la sua impronta unica e inconfondibile anche in questo caso. Come al solito, il negozio offre <strong>un\u2019attenta e accurata selezione<\/strong> dei migliori capi delle firme pi\u00f9 blasonate e amate, ma non finisce qui. Entrando non ci si trova in un classico punto vendita ma in uno spazio che propone un\u2019esperienza unica, <strong>un punto di vista privilegiato<\/strong> sul mondo del fashion fin da piccolini.<\/p>\n<p>Per farlo, Aldo Carpinteri ha pensato di creare degli <strong>eventi ad hoc nei punti vendita<\/strong> <strong>di Minimodes<\/strong> per coinvolgere ancora di pi\u00f9 gli appassionati di moda e di fashion che non vogliono perdersi nemmeno una novit\u00e0. Alcuni sono per presentare le nuove collezioni o addirittura per <strong>incontrare dal vivo i designer<\/strong>, compresi quelli emergenti a cui MODES ha da sempre dato ampio spazio.<\/p>\n<h2>Una boutique di moda per i pi\u00f9 piccoli<\/h2>\n<p>Insomma, Aldo Carpinteri ha ideato un nuovo concetto di boutique per bambini; nascono cos\u00ec dei nuovissimi concept store dedicati al kidswear. Lo spazio del negozio \u00e8 a misura di bambino che trover\u00e0 uno spazio coinvolgente e dedicato proprio a lui, senza ovviamente perdere l\u2019identit\u00e0 che ha fatto di MODES negli anni un punto fermo per le <strong>fashion victim e it-girl<\/strong>. Sono quindi presenti elementi caratterizzanti MODES come le strutture metalliche e i <strong>colori primari<\/strong> del blu, giallo e rosso, sempre ispirati alle opere di Mondrian.<\/p>\n<p>Per comunicare quest\u2019anima pi\u00f9 fresca, Aldo Carpinteri ha ideato un logo tutto nuovo per Minimodes che possa andare <strong>di pari passo con l\u2019immaginario dei bimbi<\/strong>. Lo store per la moda kids non \u00e8 quindi un posto freddo e lontano da quello che piace ai bambini, anzi. Il focus dell\u2019interno progetto \u00e8 proprio su di loro proponendo <strong>un\u2019esperienza originale, diversa dal solito<\/strong> e pi\u00f9 coinvolgente.<\/p>\n","protected":false},"excerpt":{"rendered":"<p>MODES \u00e8 uno dei quei brand famosi in tutto il mondo, capace di portare alta la bandiera del Made in Italy. La svolta \u00e8 arrivata grazie alle rivoluzionarie idee di Aldo Carpinteri<\/p>\n","protected":false},"author":5428,"featured_media":0,"comment_status":"open","ping_status":"open","sticky":false,"template":"","format":"standard","meta":{"footnotes":""},"categories":[1],"tags":[86480],"acf":[],"yoast_head":"<!-- This site is optimized with the Yoast SEO plugin v20.1 - https:\/\/yoast.com\/wordpress\/plugins\/seo\/ -->\n<title>Aldo Carpinteri lancia la linea kids di MODES<\/title>\n<meta name=\"description\" content=\"MODES \u00e8 uno dei quei brand famosi in tutto il mondo, capace di portare alta la bandiera del Made in Italy. La svolta \u00e8 arrivata grazie alle rivoluzionarie idee di Aldo Carpinteri\" \/>\n<meta name=\"robots\" content=\"noindex, follow, max-snippet:-1, max-image-preview:large, max-video-preview:-1\" \/>\n<meta property=\"og:locale\" content=\"it_IT\" \/>\n<meta property=\"og:type\" content=\"article\" \/>\n<meta property=\"og:title\" content=\"Aldo Carpinteri lancia la linea kids di MODES\" \/>\n<meta property=\"og:description\" content=\"MODES \u00e8 uno dei quei brand famosi in tutto il mondo, capace di portare alta la bandiera del Made in Italy. La svolta \u00e8 arrivata grazie alle rivoluzionarie idee di Aldo Carpinteri\" \/>\n<meta property=\"og:url\" content=\"https:\/\/staging.varesenews.it\/2023\/01\/aldo-carpinteri-lancia-la-linea-kids-modes\/1539868\/\" \/>\n<meta property=\"og:site_name\" content=\"VareseNews\" \/>\n<meta property=\"article:publisher\" content=\"https:\/\/www.facebook.com\/varesenews\" \/>\n<meta property=\"article:published_time\" content=\"2023-01-19T12:55:35+00:00\" \/>\n<meta property=\"article:modified_time\" content=\"2023-01-19T16:04:20+00:00\" \/>\n<meta name=\"author\" content=\"divisionebusiness\" \/>\n<meta name=\"twitter:card\" content=\"summary_large_image\" \/>\n<meta name=\"twitter:creator\" content=\"@varesenews\" \/>\n<meta name=\"twitter:site\" content=\"@varesenews\" \/>\n<meta name=\"twitter:label1\" content=\"Scritto da\" \/>\n\t<meta name=\"twitter:data1\" content=\"divisionebusiness\" \/>\n\t<meta name=\"twitter:label2\" content=\"Tempo di lettura stimato\" \/>\n\t<meta name=\"twitter:data2\" content=\"2 minuti\" \/>\n<script type=\"application\/ld+json\" class=\"yoast-schema-graph\">{\"@context\":\"https:\/\/schema.org\",\"@graph\":[{\"@type\":\"WebPage\",\"@id\":\"https:\/\/staging.varesenews.it\/2023\/01\/aldo-carpinteri-lancia-la-linea-kids-modes\/1539868\/\",\"url\":\"https:\/\/staging.varesenews.it\/2023\/01\/aldo-carpinteri-lancia-la-linea-kids-modes\/1539868\/\",\"name\":\"Aldo Carpinteri lancia la linea kids di MODES\",\"isPartOf\":{\"@id\":\"https:\/\/staging.varesenews.it\/#website\"},\"datePublished\":\"2023-01-19T12:55:35+00:00\",\"dateModified\":\"2023-01-19T16:04:20+00:00\",\"author\":{\"@id\":\"https:\/\/staging.varesenews.it\/#\/schema\/person\/9fc65cf41366c6512d37aa8b5aa40b98\"},\"description\":\"MODES \u00e8 uno dei quei brand famosi in tutto il mondo, capace di portare alta la bandiera del Made in Italy. La svolta \u00e8 arrivata grazie alle rivoluzionarie idee di Aldo Carpinteri\",\"breadcrumb\":{\"@id\":\"https:\/\/staging.varesenews.it\/2023\/01\/aldo-carpinteri-lancia-la-linea-kids-modes\/1539868\/#breadcrumb\"},\"inLanguage\":\"it-IT\",\"potentialAction\":[{\"@type\":\"ReadAction\",\"target\":[\"https:\/\/staging.varesenews.it\/2023\/01\/aldo-carpinteri-lancia-la-linea-kids-modes\/1539868\/\"]}]},{\"@type\":\"BreadcrumbList\",\"@id\":\"https:\/\/staging.varesenews.it\/2023\/01\/aldo-carpinteri-lancia-la-linea-kids-modes\/1539868\/#breadcrumb\",\"itemListElement\":[{\"@type\":\"ListItem\",\"position\":1,\"name\":\"Home\",\"item\":\"https:\/\/www.varesenews.it\/\"},{\"@type\":\"ListItem\",\"position\":2,\"name\":\"Aldo Carpinteri lancia la linea kids di MODES\"}]},{\"@type\":\"WebSite\",\"@id\":\"https:\/\/staging.varesenews.it\/#website\",\"url\":\"https:\/\/staging.varesenews.it\/\",\"name\":\"VareseNews\",\"description\":\"\",\"potentialAction\":[{\"@type\":\"SearchAction\",\"target\":{\"@type\":\"EntryPoint\",\"urlTemplate\":\"https:\/\/staging.varesenews.it\/?s={search_term_string}\"},\"query-input\":\"required name=search_term_string\"}],\"inLanguage\":\"it-IT\"},{\"@type\":\"Person\",\"@id\":\"https:\/\/staging.varesenews.it\/#\/schema\/person\/9fc65cf41366c6512d37aa8b5aa40b98\",\"name\":\"divisionebusiness\",\"image\":{\"@type\":\"ImageObject\",\"inLanguage\":\"it-IT\",\"@id\":\"https:\/\/staging.varesenews.it\/#\/schema\/person\/image\/\",\"url\":\"https:\/\/staging.varesenews.it\/wp-content\/uploads\/2015\/03\/mistery.jpg\",\"contentUrl\":\"https:\/\/staging.varesenews.it\/wp-content\/uploads\/2015\/03\/mistery.jpg\",\"caption\":\"divisionebusiness\"},\"url\":\"https:\/\/staging.varesenews.it\/persona\/divisionebusiness2\/\"}]}<\/script>\n<!-- \/ Yoast SEO plugin. -->","yoast_head_json":{"title":"Aldo Carpinteri lancia la linea kids di MODES","description":"MODES \u00e8 uno dei quei brand famosi in tutto il mondo, capace di portare alta la bandiera del Made in Italy. La svolta \u00e8 arrivata grazie alle rivoluzionarie idee di Aldo Carpinteri","robots":{"index":"noindex","follow":"follow","max-snippet":"max-snippet:-1","max-image-preview":"max-image-preview:large","max-video-preview":"max-video-preview:-1"},"og_locale":"it_IT","og_type":"article","og_title":"Aldo Carpinteri lancia la linea kids di MODES","og_description":"MODES \u00e8 uno dei quei brand famosi in tutto il mondo, capace di portare alta la bandiera del Made in Italy. La svolta \u00e8 arrivata grazie alle rivoluzionarie idee di Aldo Carpinteri","og_url":"https:\/\/staging.varesenews.it\/2023\/01\/aldo-carpinteri-lancia-la-linea-kids-modes\/1539868\/","og_site_name":"VareseNews","article_publisher":"https:\/\/www.facebook.com\/varesenews","article_published_time":"2023-01-19T12:55:35+00:00","article_modified_time":"2023-01-19T16:04:20+00:00","author":"divisionebusiness","twitter_card":"summary_large_image","twitter_creator":"@varesenews","twitter_site":"@varesenews","twitter_misc":{"Scritto da":"divisionebusiness","Tempo di lettura stimato":"2 minuti"},"schema":{"@context":"https:\/\/schema.org","@graph":[{"@type":"WebPage","@id":"https:\/\/staging.varesenews.it\/2023\/01\/aldo-carpinteri-lancia-la-linea-kids-modes\/1539868\/","url":"https:\/\/staging.varesenews.it\/2023\/01\/aldo-carpinteri-lancia-la-linea-kids-modes\/1539868\/","name":"Aldo Carpinteri lancia la linea kids di MODES","isPartOf":{"@id":"https:\/\/staging.varesenews.it\/#website"},"datePublished":"2023-01-19T12:55:35+00:00","dateModified":"2023-01-19T16:04:20+00:00","author":{"@id":"https:\/\/staging.varesenews.it\/#\/schema\/person\/9fc65cf41366c6512d37aa8b5aa40b98"},"description":"MODES \u00e8 uno dei quei brand famosi in tutto il mondo, capace di portare alta la bandiera del Made in Italy. La svolta \u00e8 arrivata grazie alle rivoluzionarie idee di Aldo Carpinteri","breadcrumb":{"@id":"https:\/\/staging.varesenews.it\/2023\/01\/aldo-carpinteri-lancia-la-linea-kids-modes\/1539868\/#breadcrumb"},"inLanguage":"it-IT","potentialAction":[{"@type":"ReadAction","target":["https:\/\/staging.varesenews.it\/2023\/01\/aldo-carpinteri-lancia-la-linea-kids-modes\/1539868\/"]}]},{"@type":"BreadcrumbList","@id":"https:\/\/staging.varesenews.it\/2023\/01\/aldo-carpinteri-lancia-la-linea-kids-modes\/1539868\/#breadcrumb","itemListElement":[{"@type":"ListItem","position":1,"name":"Home","item":"https:\/\/www.varesenews.it\/"},{"@type":"ListItem","position":2,"name":"Aldo Carpinteri lancia la linea kids di MODES"}]},{"@type":"WebSite","@id":"https:\/\/staging.varesenews.it\/#website","url":"https:\/\/staging.varesenews.it\/","name":"VareseNews","description":"","potentialAction":[{"@type":"SearchAction","target":{"@type":"EntryPoint","urlTemplate":"https:\/\/staging.varesenews.it\/?s={search_term_string}"},"query-input":"required name=search_term_string"}],"inLanguage":"it-IT"},{"@type":"Person","@id":"https:\/\/staging.varesenews.it\/#\/schema\/person\/9fc65cf41366c6512d37aa8b5aa40b98","name":"divisionebusiness","image":{"@type":"ImageObject","inLanguage":"it-IT","@id":"https:\/\/staging.varesenews.it\/#\/schema\/person\/image\/","url":"https:\/\/staging.varesenews.it\/wp-content\/uploads\/2015\/03\/mistery.jpg","contentUrl":"https:\/\/staging.varesenews.it\/wp-content\/uploads\/2015\/03\/mistery.jpg","caption":"divisionebusiness"},"url":"https:\/\/staging.varesenews.it\/persona\/divisionebusiness2\/"}]}},"post_meta":{"content-image-gallery":"","_edit_lock":"1674146105:5428","_edit_last":"5428","_category_permalink":"a:1:{s:8:\"category\";s:0:\"\";}","_encloseme":"1","ratings_users":"0","ratings_score":"0","ratings_average":"0","foto":"1366390","firma_come_redazione":"1","nascondi_adsense":"1","argomento":"Altre notizie","_yoast_wpseo_focuskw_text_input":"abbigliamento","_yoast_wpseo_focuskw":"abbigliamento","_yoast_wpseo_linkdex":"51","_yoast_wpseo_content_score":"90","_jd_tweet_this":"yes","_wpt_short_url":"https:\/\/www.varesenews.it\/2023\/01\/aldo-carpinteri-lancia-la-linea-kids-modes\/1539868\/","_wp_jd_target":"https:\/\/www.varesenews.it\/2023\/01\/aldo-carpinteri-lancia-la-linea-kids-modes\/1539868\/","_jd_wp_twitter":"a:1:{i:0;s:141:\"Aldo Carpinteri lancia la linea kids di MODES https:\/\/www.varesenews.it\/2023\/01\/aldo-carpinteri-lancia-la-linea-kids-modes\/1539868\/ #servizio\";}","_wpt_status_message":"Tweet inviato con successo."},"photos":[{"original":"https:\/\/staging.varesenews.it\/photogallery_new\/images\/2023\/01\/seo-gennaio-2023-1366390.jpg","full":"https:\/\/staging.varesenews.it\/photogallery_new\/images\/2023\/01\/seo-gennaio-2023-1366390.1024x768.jpg","large":"https:\/\/staging.varesenews.it\/photogallery_new\/images\/2023\/01\/seo-gennaio-2023-1366390.610x431.jpg"}],"_links":{"self":[{"href":"https:\/\/staging.varesenews.it\/swgapi\/v1\/wp\/v2\/posts\/1539868"}],"collection":[{"href":"https:\/\/staging.varesenews.it\/swgapi\/v1\/wp\/v2\/posts"}],"about":[{"href":"https:\/\/staging.varesenews.it\/swgapi\/v1\/wp\/v2\/types\/post"}],"author":[{"embeddable":true,"href":"https:\/\/staging.varesenews.it\/swgapi\/v1\/wp\/v2\/users\/5428"}],"replies":[{"embeddable":true,"href":"https:\/\/staging.varesenews.it\/swgapi\/v1\/wp\/v2\/comments?post=1539868"}],"version-history":[{"count":0,"href":"https:\/\/staging.varesenews.it\/swgapi\/v1\/wp\/v2\/posts\/1539868\/revisions"}],"wp:attachment":[{"href":"https:\/\/staging.varesenews.it\/swgapi\/v1\/wp\/v2\/media?parent=1539868"}],"wp:term":[{"taxonomy":"category","embeddable":true,"href":"https:\/\/staging.varesenews.it\/swgapi\/v1\/wp\/v2\/categories?post=1539868"},{"taxonomy":"post_tag","embeddable":true,"href":"https:\/\/staging.varesenews.it\/swgapi\/v1\/wp\/v2\/tags?post=1539868"}],"curies":[{"name":"wp","href":"https:\/\/api.w.org\/{rel}","templated":true}]}}