{"id":1540035,"date":"2023-01-21T11:41:51","date_gmt":"2023-01-21T10:41:51","guid":{"rendered":"https:\/\/www.varesenews.it\/?p=1540035"},"modified":"2023-01-22T14:03:37","modified_gmt":"2023-01-22T13:03:37","slug":"fondamentale-sfida-salvezza-varese-seregno","status":"publish","type":"post","link":"https:\/\/staging.varesenews.it\/2023\/01\/fondamentale-sfida-salvezza-varese-seregno\/1540035\/","title":{"rendered":"Fondamentale sfida salvezza per il Varese a Seregno"},"content":{"rendered":"<p>C\u2019\u00e8 poco da girarci intorno: <strong>molte delle speranze salvezza del Citt\u00e0 di Varese in questa stagione passeranno dalla gara che andr\u00e0 in scena domenica 22 gennaio (ore 14.30) allo stadio \u201cFerruccio\u201d.<\/strong> I biancorossi, che arrivano da cinque sconfitte di fila tra campionato e Coppa, dovranno fare punti in Brianza per tenere vive le speranze di salvezza diretta. Con 16 punti in 19 partite, Monticone e compagni non hanno pi\u00f9 possibilit\u00e0 di sbagliare e un fallimento anche a Seregno, che procede in classifica di 4 punti &#8211; al netto dei tre subiti di penalizzazione, l&#8217;ultimo in settimana -, significherebbe rassegnarsi a un finale di campionato di grande sofferenza.<\/p>\n<p>A complicare la gi\u00e0 difficile situazione di classifica sono i diversi infortuni, che stanno tenendo fuori pedine molto importanti come <strong>Piccoli, Parpinel e Ferrario, oltre ai 2004 Truosolo, Scarpa e Battistella.<\/strong> Mister Luciano De Paola dovrebbe almeno riabbracciare in mediana<strong> Francesco Gazo<\/strong> che, per personalit\u00e0 e corsa, \u00e8 essenziale per la squadra. Sar\u00e0 assente anche il difensore <strong>Alessandro Rossi,<\/strong> che \u00e8 stato fermato per 4 turni dal giudice sportivo dopo il bollente finale contro la Virtus. Il modulo dovrebbe comunque prevedere la difesa a 3 con il 2005 Baldaro titolare al fianco di Monticone e Boni, mentre davanti potrebbe trovare spazio dal primo minuto Candido.<\/p>\n<p>Nel prepartita non si \u00e8 svolta la classica \u201cchiacchierata\u201d con <b>mister De Paola, che ha preferito proseguire il silenzio stampa,<\/b> non ufficializzato, iniziato dal finale di gara contro la Virtus.<\/p>\n<p>Il Seregno, che dopo la retrocessione dalla Serie C sta riorganizzando l\u2019assetto societario, sul campo non sta andando male. Dicembre ha visto una rivoluzione della squadra, con tanti addii ma anche tanti arrivi, compreso quello di <strong>Riccardo Goffi<\/strong> proprio da Varese.\u00a0 Nell\u2019ultima giornata, con l\u2019esordio di mister Stefano Di Gioia in panchina dopo l\u2019addio di Massimo Sala, \u00e8 arrivata <strong>una pesante vittoria in casa del Villa Valle<\/strong>, a dimostrazione che la squadra \u00e8 viva.<\/p>\n<p><strong>DIRETTAVN<\/strong> &#8211; La gara del Varese \u00e8 gi\u00e0 iniziata sul nostro liveblog, offerto da <strong>Confident, Finazzi Serramenti e Quality Sport&amp;Rehab<\/strong> (GUARDA QUI). Nella diretta, grazie alla quale vi racconteremo la partita azione per azione, potrete trovare tutte le notizie del pre-partita. Potrete interagire commentando in tempo reale o con l\u2019hashtag <strong>#DirettaVn<\/strong> sui social.<\/p>\n<p><strong>SERIE D GIRONE B &#8211; XX GIORNATA<\/strong><\/p>\n<p>Alcione &#8211; Ponte San Pietro; Desenzano &#8211; Villa Valle; Casatese &#8211; Caronnese; Real Calepina &#8211; Arconatese; <strong>Seregno &#8211; Varese<\/strong>; Sona &#8211; Breno; Franciacorta &#8211; Lumezzane; Varesina &#8211; Brusaporto; Virtus CBG &#8211; Folgore Caratese.<\/p>\n<p><strong>CLASSIFICA<\/strong>: Lumezzane 46; Alcione 37; Virtus CBG, Brusaporto, Franciacorta, Arconatese 32; Casatese 30; Ponte San Pietro 28; Varesina 26; Folgore Caratese, Villa Valle, Desenzano 24; <strong>Seregno<\/strong> 20 (-3); Real Calepina 20; Breno, <strong>Varese<\/strong> 16; Caronnese 12; Sona 11.<\/p>\n","protected":false},"excerpt":{"rendered":"<p>I biancorossi saranno impegnati domenica 22 gennaio (ore 14.30) allo stadio \u201cFerruccio\u201d. De Paola: &#8220;<\/p>\n","protected":false},"author":37,"featured_media":0,"comment_status":"open","ping_status":"open","sticky":false,"template":"","format":"standard","meta":{"footnotes":""},"categories":[14,2],"tags":[144,98549,63137,207],"acf":[],"yoast_head":"<!-- This site is optimized with the Yoast SEO plugin v20.1 - https:\/\/yoast.com\/wordpress\/plugins\/seo\/ -->\n<title>Fondamentale sfida salvezza per il Varese a Seregno<\/title>\n<meta name=\"description\" content=\"I biancorossi saranno impegnati domenica 22 gennaio (ore 14.30) allo stadio \u201cFerruccio\u201d. De Paola: &quot;\" \/>\n<meta name=\"robots\" content=\"noindex, follow, max-snippet:-1, max-image-preview:large, max-video-preview:-1\" \/>\n<meta property=\"og:locale\" content=\"it_IT\" \/>\n<meta property=\"og:type\" content=\"article\" \/>\n<meta property=\"og:title\" content=\"Fondamentale sfida salvezza per il Varese a Seregno\" \/>\n<meta property=\"og:description\" content=\"I biancorossi saranno impegnati domenica 22 gennaio (ore 14.30) allo stadio \u201cFerruccio\u201d. De Paola: &quot;\" \/>\n<meta property=\"og:url\" content=\"https:\/\/www.varesenews.it\/2023\/01\/fondamentale-sfida-salvezza-varese-seregno\/1540035\/\" \/>\n<meta property=\"og:site_name\" content=\"VareseNews\" \/>\n<meta property=\"article:publisher\" content=\"https:\/\/www.facebook.com\/varesenews\" \/>\n<meta property=\"article:published_time\" content=\"2023-01-21T10:41:51+00:00\" \/>\n<meta property=\"article:modified_time\" content=\"2023-01-22T13:03:37+00:00\" \/>\n<meta name=\"author\" content=\"Francesco Mazzoleni\" \/>\n<meta name=\"twitter:card\" content=\"summary_large_image\" \/>\n<meta name=\"twitter:creator\" content=\"@fmazzof\" \/>\n<meta name=\"twitter:site\" content=\"@varesenews\" \/>\n<meta name=\"twitter:label1\" content=\"Scritto da\" \/>\n\t<meta name=\"twitter:data1\" content=\"Francesco Mazzoleni\" \/>\n\t<meta name=\"twitter:label2\" content=\"Tempo di lettura stimato\" \/>\n\t<meta name=\"twitter:data2\" content=\"2 minuti\" \/>\n<script type=\"application\/ld+json\" class=\"yoast-schema-graph\">{\"@context\":\"https:\/\/schema.org\",\"@graph\":[{\"@type\":\"WebPage\",\"@id\":\"https:\/\/www.varesenews.it\/2023\/01\/fondamentale-sfida-salvezza-varese-seregno\/1540035\/\",\"url\":\"https:\/\/www.varesenews.it\/2023\/01\/fondamentale-sfida-salvezza-varese-seregno\/1540035\/\",\"name\":\"Fondamentale sfida salvezza per il Varese a Seregno\",\"isPartOf\":{\"@id\":\"https:\/\/staging.varesenews.it\/#website\"},\"datePublished\":\"2023-01-21T10:41:51+00:00\",\"dateModified\":\"2023-01-22T13:03:37+00:00\",\"author\":{\"@id\":\"https:\/\/staging.varesenews.it\/#\/schema\/person\/e82236e79160d30d4e1f942004ac3038\"},\"description\":\"I biancorossi saranno impegnati domenica 22 gennaio (ore 14.30) allo stadio \u201cFerruccio\u201d. De Paola: \\\"\",\"breadcrumb\":{\"@id\":\"https:\/\/www.varesenews.it\/2023\/01\/fondamentale-sfida-salvezza-varese-seregno\/1540035\/#breadcrumb\"},\"inLanguage\":\"it-IT\",\"potentialAction\":[{\"@type\":\"ReadAction\",\"target\":[\"https:\/\/www.varesenews.it\/2023\/01\/fondamentale-sfida-salvezza-varese-seregno\/1540035\/\"]}]},{\"@type\":\"BreadcrumbList\",\"@id\":\"https:\/\/www.varesenews.it\/2023\/01\/fondamentale-sfida-salvezza-varese-seregno\/1540035\/#breadcrumb\",\"itemListElement\":[{\"@type\":\"ListItem\",\"position\":1,\"name\":\"Home\",\"item\":\"https:\/\/www.varesenews.it\/\"},{\"@type\":\"ListItem\",\"position\":2,\"name\":\"Fondamentale sfida salvezza per il Varese a Seregno\"}]},{\"@type\":\"WebSite\",\"@id\":\"https:\/\/staging.varesenews.it\/#website\",\"url\":\"https:\/\/staging.varesenews.it\/\",\"name\":\"VareseNews\",\"description\":\"\",\"potentialAction\":[{\"@type\":\"SearchAction\",\"target\":{\"@type\":\"EntryPoint\",\"urlTemplate\":\"https:\/\/staging.varesenews.it\/?s={search_term_string}\"},\"query-input\":\"required name=search_term_string\"}],\"inLanguage\":\"it-IT\"},{\"@type\":\"Person\",\"@id\":\"https:\/\/staging.varesenews.it\/#\/schema\/person\/e82236e79160d30d4e1f942004ac3038\",\"name\":\"Francesco Mazzoleni\",\"image\":{\"@type\":\"ImageObject\",\"inLanguage\":\"it-IT\",\"@id\":\"https:\/\/staging.varesenews.it\/#\/schema\/person\/image\/\",\"url\":\"https:\/\/staging.varesenews.it\/wp-content\/uploads\/2020\/12\/francesco_mazzoleni_colori_500-1.jpg\",\"contentUrl\":\"https:\/\/staging.varesenews.it\/wp-content\/uploads\/2020\/12\/francesco_mazzoleni_colori_500-1.jpg\",\"caption\":\"Francesco Mazzoleni\"},\"description\":\"\\\"Uomo di campo\\\" della redazione sportiva. Nutro una vera passione per il calcio, che sia ad alti livelli, sui campi di provincia o in altri continenti. Sono nato a Varese nel 1984, vivo da sempre a Malnate e ho una laurea in Scienze Motorie. Ho mosso i primi passi a VareseNews da stagista nel 2002; nel 2008 ho iniziato a collaborare con maggiore continuit\u00e0 e dal 2018 sono giornalista professionista. Orgoglioso pap\u00e0 di Federico e Adelaide.\",\"sameAs\":[\"fmazzof\",\"it.linkedin.com\/in\/francescomazzolenif\",\"https:\/\/twitter.com\/fmazzof\"],\"url\":\"https:\/\/staging.varesenews.it\/persona\/francesco_mazzoleniferracini\/\"}]}<\/script>\n<!-- \/ Yoast SEO plugin. -->","yoast_head_json":{"title":"Fondamentale sfida salvezza per il Varese a Seregno","description":"I biancorossi saranno impegnati domenica 22 gennaio (ore 14.30) allo stadio \u201cFerruccio\u201d. De Paola: \"","robots":{"index":"noindex","follow":"follow","max-snippet":"max-snippet:-1","max-image-preview":"max-image-preview:large","max-video-preview":"max-video-preview:-1"},"og_locale":"it_IT","og_type":"article","og_title":"Fondamentale sfida salvezza per il Varese a Seregno","og_description":"I biancorossi saranno impegnati domenica 22 gennaio (ore 14.30) allo stadio \u201cFerruccio\u201d. De Paola: \"","og_url":"https:\/\/www.varesenews.it\/2023\/01\/fondamentale-sfida-salvezza-varese-seregno\/1540035\/","og_site_name":"VareseNews","article_publisher":"https:\/\/www.facebook.com\/varesenews","article_published_time":"2023-01-21T10:41:51+00:00","article_modified_time":"2023-01-22T13:03:37+00:00","author":"Francesco Mazzoleni","twitter_card":"summary_large_image","twitter_creator":"@fmazzof","twitter_site":"@varesenews","twitter_misc":{"Scritto da":"Francesco Mazzoleni","Tempo di lettura stimato":"2 minuti"},"schema":{"@context":"https:\/\/schema.org","@graph":[{"@type":"WebPage","@id":"https:\/\/www.varesenews.it\/2023\/01\/fondamentale-sfida-salvezza-varese-seregno\/1540035\/","url":"https:\/\/www.varesenews.it\/2023\/01\/fondamentale-sfida-salvezza-varese-seregno\/1540035\/","name":"Fondamentale sfida salvezza per il Varese a Seregno","isPartOf":{"@id":"https:\/\/staging.varesenews.it\/#website"},"datePublished":"2023-01-21T10:41:51+00:00","dateModified":"2023-01-22T13:03:37+00:00","author":{"@id":"https:\/\/staging.varesenews.it\/#\/schema\/person\/e82236e79160d30d4e1f942004ac3038"},"description":"I biancorossi saranno impegnati domenica 22 gennaio (ore 14.30) allo stadio \u201cFerruccio\u201d. De Paola: \"","breadcrumb":{"@id":"https:\/\/www.varesenews.it\/2023\/01\/fondamentale-sfida-salvezza-varese-seregno\/1540035\/#breadcrumb"},"inLanguage":"it-IT","potentialAction":[{"@type":"ReadAction","target":["https:\/\/www.varesenews.it\/2023\/01\/fondamentale-sfida-salvezza-varese-seregno\/1540035\/"]}]},{"@type":"BreadcrumbList","@id":"https:\/\/www.varesenews.it\/2023\/01\/fondamentale-sfida-salvezza-varese-seregno\/1540035\/#breadcrumb","itemListElement":[{"@type":"ListItem","position":1,"name":"Home","item":"https:\/\/www.varesenews.it\/"},{"@type":"ListItem","position":2,"name":"Fondamentale sfida salvezza per il Varese a Seregno"}]},{"@type":"WebSite","@id":"https:\/\/staging.varesenews.it\/#website","url":"https:\/\/staging.varesenews.it\/","name":"VareseNews","description":"","potentialAction":[{"@type":"SearchAction","target":{"@type":"EntryPoint","urlTemplate":"https:\/\/staging.varesenews.it\/?s={search_term_string}"},"query-input":"required name=search_term_string"}],"inLanguage":"it-IT"},{"@type":"Person","@id":"https:\/\/staging.varesenews.it\/#\/schema\/person\/e82236e79160d30d4e1f942004ac3038","name":"Francesco Mazzoleni","image":{"@type":"ImageObject","inLanguage":"it-IT","@id":"https:\/\/staging.varesenews.it\/#\/schema\/person\/image\/","url":"https:\/\/staging.varesenews.it\/wp-content\/uploads\/2020\/12\/francesco_mazzoleni_colori_500-1.jpg","contentUrl":"https:\/\/staging.varesenews.it\/wp-content\/uploads\/2020\/12\/francesco_mazzoleni_colori_500-1.jpg","caption":"Francesco Mazzoleni"},"description":"\"Uomo di campo\" della redazione sportiva. Nutro una vera passione per il calcio, che sia ad alti livelli, sui campi di provincia o in altri continenti. Sono nato a Varese nel 1984, vivo da sempre a Malnate e ho una laurea in Scienze Motorie. Ho mosso i primi passi a VareseNews da stagista nel 2002; nel 2008 ho iniziato a collaborare con maggiore continuit\u00e0 e dal 2018 sono giornalista professionista. Orgoglioso pap\u00e0 di Federico e Adelaide.","sameAs":["fmazzof","it.linkedin.com\/in\/francescomazzolenif","https:\/\/twitter.com\/fmazzof"],"url":"https:\/\/staging.varesenews.it\/persona\/francesco_mazzoleniferracini\/"}]}},"post_meta":{"content-image-gallery":"","_edit_lock":"1674392481:37","_edit_last":"37","_category_permalink":"a:1:{s:8:\"category\";s:2:\"14\";}","argomento":"Calcio","_yoast_wpseo_focuskw_text_input":"varese seregno","_yoast_wpseo_focuskw":"varese seregno","_yoast_wpseo_linkdex":"55","_yoast_wpseo_content_score":"30","_jd_tweet_this":"yes","foto":"1360697","_encloseme":"1","ratings_users":"0","ratings_score":"0","ratings_average":"0","_wpt_short_url":"https:\/\/www.varesenews.it\/2023\/01\/fondamentale-sfida-salvezza-varese-seregno\/1540035\/","_wp_jd_target":"https:\/\/www.varesenews.it\/2023\/01\/fondamentale-sfida-salvezza-varese-seregno\/1540035\/","_jd_wp_twitter":"a:1:{i:0;s:168:\"Fondamentale sfida salvezza per il Varese a Seregno https:\/\/www.varesenews.it\/2023\/01\/fondamentale-sfida-salvezza-varese-seregno\/1540035\/ #calcio #seregnocalcio #seried\";}","_wpt_status_message":"Tweet inviato con successo.","_oembed_b8f52f3d6969bab77b1a7d1ae5838997":"<blockquote class=\"wp-embedded-content\" data-secret=\"lNnULsY1xV\"><a href=\"https:\/\/www.varesenews.it\/2023\/01\/calcio-pro-patria-padova-diretta\/1540303\/\">Calcio: Pro Patria &#8211; Padova in diretta<\/a><\/blockquote><iframe class=\"wp-embedded-content\" sandbox=\"allow-scripts\" security=\"restricted\" style=\"position: absolute; clip: rect(1px, 1px, 1px, 1px);\" src=\"https:\/\/www.varesenews.it\/2023\/01\/calcio-pro-patria-padova-diretta\/1540303\/embed\/#?secret=lNnULsY1xV\" data-secret=\"lNnULsY1xV\" width=\"500\" height=\"282\" title=\"&#8220;Calcio: Pro Patria &#8211; Padova in diretta&#8221; &#8212; VareseNews\" frameborder=\"0\" marginwidth=\"0\" marginheight=\"0\" scrolling=\"no\"><\/iframe>","_oembed_time_b8f52f3d6969bab77b1a7d1ae5838997":"1674297882","_oembed_e81c11e6e88ab3b15ba6db798a3851e4":"<blockquote class=\"wp-embedded-content\" data-secret=\"WP3FUJAcFT\"><a href=\"https:\/\/www.varesenews.it\/2023\/01\/eventi-bambini-nel-weekend-del-20-21-22-gennaio-varese-provincia\/1540069\/\">Eventi per bambini nel weekend del 20, 21 e 22 gennaio tra Varese e provincia<\/a><\/blockquote><iframe class=\"wp-embedded-content\" sandbox=\"allow-scripts\" security=\"restricted\" style=\"position: absolute; clip: rect(1px, 1px, 1px, 1px);\" src=\"https:\/\/www.varesenews.it\/2023\/01\/eventi-bambini-nel-weekend-del-20-21-22-gennaio-varese-provincia\/1540069\/embed\/#?secret=WP3FUJAcFT\" data-secret=\"WP3FUJAcFT\" width=\"500\" height=\"282\" title=\"&#8220;Eventi per bambini nel weekend del 20, 21 e 22 gennaio tra Varese e provincia&#8221; &#8212; VareseNews\" frameborder=\"0\" marginwidth=\"0\" marginheight=\"0\" scrolling=\"no\"><\/iframe>","_oembed_time_e81c11e6e88ab3b15ba6db798a3851e4":"1674298192","_oembed_2d351e073faaef6539e06530f7878285":"<blockquote class=\"wp-embedded-content\" data-secret=\"dsPNfmYGyL\"><a href=\"https:\/\/www.varesenews.it\/2022\/11\/limputato-racconta-aula-busto-arsizio-la-violenza-sessuale-impossibile-circonciso-giorni\/1519196\/\">Accusato di stupro racconta in aula a Busto la sua verit\u00e0: \u201cNon potevo, mi ero appena circonciso\u201d<\/a><\/blockquote><iframe class=\"wp-embedded-content\" sandbox=\"allow-scripts\" security=\"restricted\" style=\"position: absolute; clip: rect(1px, 1px, 1px, 1px);\" src=\"https:\/\/www.varesenews.it\/2022\/11\/limputato-racconta-aula-busto-arsizio-la-violenza-sessuale-impossibile-circonciso-giorni\/1519196\/embed\/#?secret=dsPNfmYGyL\" data-secret=\"dsPNfmYGyL\" width=\"500\" height=\"282\" title=\"&#8220;Accusato di stupro racconta in aula a Busto la sua verit\u00e0: \u201cNon potevo, mi ero appena circonciso\u201d&#8221; &#8212; VareseNews\" frameborder=\"0\" marginwidth=\"0\" marginheight=\"0\" scrolling=\"no\"><\/iframe>","_oembed_time_2d351e073faaef6539e06530f7878285":"1674298193"},"photos":[{"original":"https:\/\/staging.varesenews.it\/photogallery_new\/images\/2022\/12\/caricamento-temporaneo-per-contributo-1671292874fv5u25r9478vvh7c-1360697.jpg","full":"https:\/\/staging.varesenews.it\/photogallery_new\/images\/2022\/12\/caricamento-temporaneo-per-contributo-1671292874fv5u25r9478vvh7c-1360697.1024x768.jpg","large":"https:\/\/staging.varesenews.it\/photogallery_new\/images\/2022\/12\/caricamento-temporaneo-per-contributo-1671292874fv5u25r9478vvh7c-1360697.610x431.jpg"}],"_links":{"self":[{"href":"https:\/\/staging.varesenews.it\/swgapi\/v1\/wp\/v2\/posts\/1540035"}],"collection":[{"href":"https:\/\/staging.varesenews.it\/swgapi\/v1\/wp\/v2\/posts"}],"about":[{"href":"https:\/\/staging.varesenews.it\/swgapi\/v1\/wp\/v2\/types\/post"}],"author":[{"embeddable":true,"href":"https:\/\/staging.varesenews.it\/swgapi\/v1\/wp\/v2\/users\/37"}],"replies":[{"embeddable":true,"href":"https:\/\/staging.varesenews.it\/swgapi\/v1\/wp\/v2\/comments?post=1540035"}],"version-history":[{"count":0,"href":"https:\/\/staging.varesenews.it\/swgapi\/v1\/wp\/v2\/posts\/1540035\/revisions"}],"wp:attachment":[{"href":"https:\/\/staging.varesenews.it\/swgapi\/v1\/wp\/v2\/media?parent=1540035"}],"wp:term":[{"taxonomy":"category","embeddable":true,"href":"https:\/\/staging.varesenews.it\/swgapi\/v1\/wp\/v2\/categories?post=1540035"},{"taxonomy":"post_tag","embeddable":true,"href":"https:\/\/staging.varesenews.it\/swgapi\/v1\/wp\/v2\/tags?post=1540035"}],"curies":[{"name":"wp","href":"https:\/\/api.w.org\/{rel}","templated":true}]}}