{"id":1540795,"date":"2023-01-23T08:28:54","date_gmt":"2023-01-23T07:28:54","guid":{"rendered":"https:\/\/www.varesenews.it\/?p=1540795"},"modified":"2023-01-23T08:30:02","modified_gmt":"2023-01-23T07:30:02","slug":"atmosfere-ottocentesche-salone-estense-varese","status":"publish","type":"post","link":"https:\/\/staging.varesenews.it\/2023\/01\/atmosfere-ottocentesche-salone-estense-varese\/1540795\/","title":{"rendered":"Atmosfere ottocentesche in salone Estense a Varese"},"content":{"rendered":"<p>Un pomeriggio romantico per rivivere il magico periodo dell\u2019800: \u00e8 quello che \u00e8 successo domenica pomeriggio, 22 gennaio, nello storico salone Estense di Varese.<\/p>\n<p>Ambientazione storica, abiti importanti, valzer, quadriglie e contraddanze hanno caratterizzato la giornata, testimoniata dalla foto\u00a0 di Ferruccio Pavesi.<\/p>\n","protected":false},"excerpt":{"rendered":"<p>Un pomeriggio romantico per rivivere il magico periodo dell\u2019800: \u00e8 quello che \u00e8 successo domenica pomeriggio, 22 gennaio, nello storico salone Estense di Varese<\/p>\n","protected":false},"author":48,"featured_media":0,"comment_status":"open","ping_status":"closed","sticky":false,"template":"","format":"standard","meta":{"footnotes":""},"categories":[26,21,2],"tags":[6310],"acf":[],"yoast_head":"<!-- This site is optimized with the Yoast SEO plugin v20.1 - https:\/\/yoast.com\/wordpress\/plugins\/seo\/ -->\n<title>Atmosfere ottocentesche in salone Estense a Varese<\/title>\n<meta name=\"description\" content=\"Un pomeriggio romantico per rivivere il magico periodo dell\u2019800: \u00e8 quello che \u00e8 successo domenica pomeriggio, 22 gennaio, nello storico salone Estense di Varese\" \/>\n<meta name=\"robots\" content=\"noindex, follow, max-snippet:-1, max-image-preview:large, max-video-preview:-1\" \/>\n<meta property=\"og:locale\" content=\"it_IT\" \/>\n<meta property=\"og:type\" content=\"article\" \/>\n<meta property=\"og:title\" content=\"Atmosfere ottocentesche in salone Estense a Varese\" \/>\n<meta property=\"og:description\" content=\"Un pomeriggio romantico per rivivere il magico periodo dell\u2019800: \u00e8 quello che \u00e8 successo domenica pomeriggio, 22 gennaio, nello storico salone Estense di Varese\" \/>\n<meta property=\"og:url\" content=\"https:\/\/www.varesenews.it\/2023\/01\/atmosfere-ottocentesche-salone-estense-varese\/1540795\/\" \/>\n<meta property=\"og:site_name\" content=\"VareseNews\" \/>\n<meta property=\"article:publisher\" content=\"https:\/\/www.facebook.com\/varesenews\" \/>\n<meta property=\"article:author\" content=\"https:\/\/www.facebook.com\/stefaniaradman\" \/>\n<meta property=\"article:published_time\" content=\"2023-01-23T07:28:54+00:00\" \/>\n<meta property=\"article:modified_time\" content=\"2023-01-23T07:30:02+00:00\" \/>\n<meta name=\"author\" content=\"Stefania Radman\" \/>\n<meta name=\"twitter:card\" content=\"summary_large_image\" \/>\n<meta name=\"twitter:creator\" content=\"@LaRadman\" \/>\n<meta name=\"twitter:site\" content=\"@varesenews\" \/>\n<meta name=\"twitter:label1\" content=\"Scritto da\" \/>\n\t<meta name=\"twitter:data1\" content=\"Stefania Radman\" \/>\n<script type=\"application\/ld+json\" class=\"yoast-schema-graph\">{\"@context\":\"https:\/\/schema.org\",\"@graph\":[{\"@type\":\"WebPage\",\"@id\":\"https:\/\/www.varesenews.it\/2023\/01\/atmosfere-ottocentesche-salone-estense-varese\/1540795\/\",\"url\":\"https:\/\/www.varesenews.it\/2023\/01\/atmosfere-ottocentesche-salone-estense-varese\/1540795\/\",\"name\":\"Atmosfere ottocentesche in salone Estense a Varese\",\"isPartOf\":{\"@id\":\"https:\/\/staging.varesenews.it\/#website\"},\"datePublished\":\"2023-01-23T07:28:54+00:00\",\"dateModified\":\"2023-01-23T07:30:02+00:00\",\"author\":{\"@id\":\"https:\/\/staging.varesenews.it\/#\/schema\/person\/995d2e6a31c67237a9a1bc1f0079f3aa\"},\"description\":\"Un pomeriggio romantico per rivivere il magico periodo dell\u2019800: \u00e8 quello che \u00e8 successo domenica pomeriggio, 22 gennaio, nello storico salone Estense di Varese\",\"breadcrumb\":{\"@id\":\"https:\/\/www.varesenews.it\/2023\/01\/atmosfere-ottocentesche-salone-estense-varese\/1540795\/#breadcrumb\"},\"inLanguage\":\"it-IT\",\"potentialAction\":[{\"@type\":\"ReadAction\",\"target\":[\"https:\/\/www.varesenews.it\/2023\/01\/atmosfere-ottocentesche-salone-estense-varese\/1540795\/\"]}]},{\"@type\":\"BreadcrumbList\",\"@id\":\"https:\/\/www.varesenews.it\/2023\/01\/atmosfere-ottocentesche-salone-estense-varese\/1540795\/#breadcrumb\",\"itemListElement\":[{\"@type\":\"ListItem\",\"position\":1,\"name\":\"Home\",\"item\":\"https:\/\/www.varesenews.it\/\"},{\"@type\":\"ListItem\",\"position\":2,\"name\":\"Atmosfere ottocentesche in salone Estense a Varese\"}]},{\"@type\":\"WebSite\",\"@id\":\"https:\/\/staging.varesenews.it\/#website\",\"url\":\"https:\/\/staging.varesenews.it\/\",\"name\":\"VareseNews\",\"description\":\"\",\"potentialAction\":[{\"@type\":\"SearchAction\",\"target\":{\"@type\":\"EntryPoint\",\"urlTemplate\":\"https:\/\/staging.varesenews.it\/?s={search_term_string}\"},\"query-input\":\"required name=search_term_string\"}],\"inLanguage\":\"it-IT\"},{\"@type\":\"Person\",\"@id\":\"https:\/\/staging.varesenews.it\/#\/schema\/person\/995d2e6a31c67237a9a1bc1f0079f3aa\",\"name\":\"Stefania Radman\",\"image\":{\"@type\":\"ImageObject\",\"inLanguage\":\"it-IT\",\"@id\":\"https:\/\/staging.varesenews.it\/#\/schema\/person\/image\/\",\"url\":\"https:\/\/staging.varesenews.it\/wp-content\/uploads\/2020\/12\/stefania_radman_colori_500.jpg\",\"contentUrl\":\"https:\/\/staging.varesenews.it\/wp-content\/uploads\/2020\/12\/stefania_radman_colori_500.jpg\",\"caption\":\"Stefania Radman\"},\"description\":\"Varesina dal 1991, lavoro dal 2000 per Varesenews.it, prima come responsabile della pagina dell&rsquo;economia, poi della pagina life, ora della citt&agrave; di Varese.Ma sono (e sono stata) anche altro: per esempio, agli albori delle radio private ero dj in una radio milanese, Onda Radio. Da 20 anni sono corrispondente da Varese di Radio Popolare e ho collaborato con Espresso, Repubblica, Diario della Settimana, Italia Oggi. &ldquo;Smanettona&rdquo; da sempre, ho aperto il mio primo sito personale con Geocities nei primi anni novanta (chi se lo ricorda?) e i miei primi blog in Splinder all&rsquo;inizio del 2000. Ora sono sui social: qui quasi sempre sono semplicemente \\\"LaRadman&rdquo;.\",\"sameAs\":[\"http:\/\/laradman.blogspot.it\",\"https:\/\/www.facebook.com\/stefaniaradman\",\"@LaRadman\",\"https:\/\/www.linkedin.com\/in\/stefaniaradman\",\"https:\/\/twitter.com\/LaRadman\"],\"url\":\"https:\/\/staging.varesenews.it\/persona\/stefania-radman1\/\"}]}<\/script>\n<!-- \/ Yoast SEO plugin. -->","yoast_head_json":{"title":"Atmosfere ottocentesche in salone Estense a Varese","description":"Un pomeriggio romantico per rivivere il magico periodo dell\u2019800: \u00e8 quello che \u00e8 successo domenica pomeriggio, 22 gennaio, nello storico salone Estense di Varese","robots":{"index":"noindex","follow":"follow","max-snippet":"max-snippet:-1","max-image-preview":"max-image-preview:large","max-video-preview":"max-video-preview:-1"},"og_locale":"it_IT","og_type":"article","og_title":"Atmosfere ottocentesche in salone Estense a Varese","og_description":"Un pomeriggio romantico per rivivere il magico periodo dell\u2019800: \u00e8 quello che \u00e8 successo domenica pomeriggio, 22 gennaio, nello storico salone Estense di Varese","og_url":"https:\/\/www.varesenews.it\/2023\/01\/atmosfere-ottocentesche-salone-estense-varese\/1540795\/","og_site_name":"VareseNews","article_publisher":"https:\/\/www.facebook.com\/varesenews","article_author":"https:\/\/www.facebook.com\/stefaniaradman","article_published_time":"2023-01-23T07:28:54+00:00","article_modified_time":"2023-01-23T07:30:02+00:00","author":"Stefania Radman","twitter_card":"summary_large_image","twitter_creator":"@LaRadman","twitter_site":"@varesenews","twitter_misc":{"Scritto da":"Stefania Radman"},"schema":{"@context":"https:\/\/schema.org","@graph":[{"@type":"WebPage","@id":"https:\/\/www.varesenews.it\/2023\/01\/atmosfere-ottocentesche-salone-estense-varese\/1540795\/","url":"https:\/\/www.varesenews.it\/2023\/01\/atmosfere-ottocentesche-salone-estense-varese\/1540795\/","name":"Atmosfere ottocentesche in salone Estense a Varese","isPartOf":{"@id":"https:\/\/staging.varesenews.it\/#website"},"datePublished":"2023-01-23T07:28:54+00:00","dateModified":"2023-01-23T07:30:02+00:00","author":{"@id":"https:\/\/staging.varesenews.it\/#\/schema\/person\/995d2e6a31c67237a9a1bc1f0079f3aa"},"description":"Un pomeriggio romantico per rivivere il magico periodo dell\u2019800: \u00e8 quello che \u00e8 successo domenica pomeriggio, 22 gennaio, nello storico salone Estense di Varese","breadcrumb":{"@id":"https:\/\/www.varesenews.it\/2023\/01\/atmosfere-ottocentesche-salone-estense-varese\/1540795\/#breadcrumb"},"inLanguage":"it-IT","potentialAction":[{"@type":"ReadAction","target":["https:\/\/www.varesenews.it\/2023\/01\/atmosfere-ottocentesche-salone-estense-varese\/1540795\/"]}]},{"@type":"BreadcrumbList","@id":"https:\/\/www.varesenews.it\/2023\/01\/atmosfere-ottocentesche-salone-estense-varese\/1540795\/#breadcrumb","itemListElement":[{"@type":"ListItem","position":1,"name":"Home","item":"https:\/\/www.varesenews.it\/"},{"@type":"ListItem","position":2,"name":"Atmosfere ottocentesche in salone Estense a Varese"}]},{"@type":"WebSite","@id":"https:\/\/staging.varesenews.it\/#website","url":"https:\/\/staging.varesenews.it\/","name":"VareseNews","description":"","potentialAction":[{"@type":"SearchAction","target":{"@type":"EntryPoint","urlTemplate":"https:\/\/staging.varesenews.it\/?s={search_term_string}"},"query-input":"required name=search_term_string"}],"inLanguage":"it-IT"},{"@type":"Person","@id":"https:\/\/staging.varesenews.it\/#\/schema\/person\/995d2e6a31c67237a9a1bc1f0079f3aa","name":"Stefania Radman","image":{"@type":"ImageObject","inLanguage":"it-IT","@id":"https:\/\/staging.varesenews.it\/#\/schema\/person\/image\/","url":"https:\/\/staging.varesenews.it\/wp-content\/uploads\/2020\/12\/stefania_radman_colori_500.jpg","contentUrl":"https:\/\/staging.varesenews.it\/wp-content\/uploads\/2020\/12\/stefania_radman_colori_500.jpg","caption":"Stefania Radman"},"description":"Varesina dal 1991, lavoro dal 2000 per Varesenews.it, prima come responsabile della pagina dell&rsquo;economia, poi della pagina life, ora della citt&agrave; di Varese.Ma sono (e sono stata) anche altro: per esempio, agli albori delle radio private ero dj in una radio milanese, Onda Radio. Da 20 anni sono corrispondente da Varese di Radio Popolare e ho collaborato con Espresso, Repubblica, Diario della Settimana, Italia Oggi. &ldquo;Smanettona&rdquo; da sempre, ho aperto il mio primo sito personale con Geocities nei primi anni novanta (chi se lo ricorda?) e i miei primi blog in Splinder all&rsquo;inizio del 2000. Ora sono sui social: qui quasi sempre sono semplicemente \"LaRadman&rdquo;.","sameAs":["http:\/\/laradman.blogspot.it","https:\/\/www.facebook.com\/stefaniaradman","@LaRadman","https:\/\/www.linkedin.com\/in\/stefaniaradman","https:\/\/twitter.com\/LaRadman"],"url":"https:\/\/staging.varesenews.it\/persona\/stefania-radman1\/"}]}},"post_meta":{"content-image-gallery":"","foto":"1367204","_edit_lock":"1674458864:48","_edit_last":"48","_category_permalink":"a:1:{s:8:\"category\";s:0:\"\";}","_encloseme":"1","ratings_users":"0","ratings_score":"0","ratings_average":"0","id_link_fotogallery":"1540790","firma_come_redazione":"1","argomento":"Varese","_yoast_wpseo_focuskw_text_input":"salone estense","_yoast_wpseo_focuskw":"salone estense","_yoast_wpseo_linkdex":"41","_yoast_wpseo_content_score":"30","_jd_tweet_this":"yes","_wpt_short_url":"https:\/\/www.varesenews.it\/2023\/01\/atmosfere-ottocentesche-salone-estense-varese\/1540795\/","_wp_jd_target":"https:\/\/www.varesenews.it\/2023\/01\/atmosfere-ottocentesche-salone-estense-varese\/1540795\/","_jd_wp_twitter":"a:1:{i:0;s:154:\"Atmosfere ottocentesche in salone Estense a Varese https:\/\/www.varesenews.it\/2023\/01\/atmosfere-ottocentesche-salone-estense-varese\/1540795\/ #saloneestense\";}","_wpt_status_message":"Tweet inviato con successo.","_oembed_74a711efa07cd95c8036910530bda392":"<blockquote class=\"wp-embedded-content\" data-secret=\"kiVwshvrgq\"><a href=\"https:\/\/www.varesenews.it\/2023\/01\/openjobmetis-la-notte-dei-rimpianti-trento-ringrazia-vince-90-80\/1540714\/\">Openjobmetis, la notte dei rimpianti. Trento ringrazia e vince 90-80<\/a><\/blockquote><iframe class=\"wp-embedded-content\" sandbox=\"allow-scripts\" security=\"restricted\" style=\"position: absolute; clip: rect(1px, 1px, 1px, 1px);\" src=\"https:\/\/www.varesenews.it\/2023\/01\/openjobmetis-la-notte-dei-rimpianti-trento-ringrazia-vince-90-80\/1540714\/embed\/#?secret=kiVwshvrgq\" data-secret=\"kiVwshvrgq\" width=\"500\" height=\"282\" title=\"&#8220;Openjobmetis, la notte dei rimpianti. Trento ringrazia e vince 90-80&#8221; &#8212; VareseNews\" frameborder=\"0\" marginwidth=\"0\" marginheight=\"0\" scrolling=\"no\"><\/iframe>","_oembed_time_74a711efa07cd95c8036910530bda392":"1674458981","_oembed_82fe523c347ebac788a51b5c8b580452":"<blockquote class=\"wp-embedded-content\" data-secret=\"9KopW4xFYl\"><a href=\"https:\/\/www.varesenews.it\/2023\/01\/matt-brase-non-nasconde-dispiacere-lezione-imparare\/1540717\/\">Matt Brase non nasconde il dispiacere: &#8220;Lezione da imparare&#8221;<\/a><\/blockquote><iframe class=\"wp-embedded-content\" sandbox=\"allow-scripts\" security=\"restricted\" style=\"position: absolute; clip: rect(1px, 1px, 1px, 1px);\" src=\"https:\/\/www.varesenews.it\/2023\/01\/matt-brase-non-nasconde-dispiacere-lezione-imparare\/1540717\/embed\/#?secret=9KopW4xFYl\" data-secret=\"9KopW4xFYl\" width=\"500\" height=\"282\" title=\"&#8220;Matt Brase non nasconde il dispiacere: &#8220;Lezione da imparare&#8221;&#8221; &#8212; VareseNews\" frameborder=\"0\" marginwidth=\"0\" marginheight=\"0\" scrolling=\"no\"><\/iframe>","_oembed_time_82fe523c347ebac788a51b5c8b580452":"1674458981","_oembed_90d7b7e88d4cf4379419b81cc5cdb5db":"<blockquote class=\"wp-embedded-content\" data-secret=\"nI0leoe4Ot\"><a href=\"https:\/\/www.varesenews.it\/2023\/01\/apoteosi-varese-la-coppa-italia-dei-mastini-la-volta\/1540741\/\">Apoteosi a Varese, la Coppa Italia \u00e8 dei Mastini per la prima volta<\/a><\/blockquote><iframe class=\"wp-embedded-content\" sandbox=\"allow-scripts\" security=\"restricted\" style=\"position: absolute; clip: rect(1px, 1px, 1px, 1px);\" src=\"https:\/\/www.varesenews.it\/2023\/01\/apoteosi-varese-la-coppa-italia-dei-mastini-la-volta\/1540741\/embed\/#?secret=nI0leoe4Ot\" data-secret=\"nI0leoe4Ot\" width=\"500\" height=\"282\" title=\"&#8220;Apoteosi a Varese, la Coppa Italia \u00e8 dei Mastini per la prima volta&#8221; &#8212; VareseNews\" frameborder=\"0\" marginwidth=\"0\" marginheight=\"0\" scrolling=\"no\"><\/iframe>","_oembed_time_90d7b7e88d4cf4379419b81cc5cdb5db":"1674458981","_oembed_b2a341fcce56f012b35e660a521b7fba":"<blockquote class=\"wp-embedded-content\" data-secret=\"7qzXnMykyo\"><a href=\"https:\/\/www.varesenews.it\/2023\/01\/hockey-le-finali-coppa-italia-diretta-varesenews\/1539232\/\">Hockey, le finali di Coppa Italia in diretta su VareseNews<\/a><\/blockquote><iframe class=\"wp-embedded-content\" sandbox=\"allow-scripts\" security=\"restricted\" style=\"position: absolute; clip: rect(1px, 1px, 1px, 1px);\" src=\"https:\/\/www.varesenews.it\/2023\/01\/hockey-le-finali-coppa-italia-diretta-varesenews\/1539232\/embed\/#?secret=7qzXnMykyo\" data-secret=\"7qzXnMykyo\" width=\"500\" height=\"282\" title=\"&#8220;Hockey, le finali di Coppa Italia in diretta su VareseNews&#8221; &#8212; VareseNews\" frameborder=\"0\" marginwidth=\"0\" marginheight=\"0\" scrolling=\"no\"><\/iframe>","_oembed_time_b2a341fcce56f012b35e660a521b7fba":"1674458981","_oembed_f6ddfeca4af4df915e5ef809f3bd63aa":"<blockquote class=\"wp-embedded-content\" data-secret=\"4Pfdq6ej6G\"><a href=\"https:\/\/www.varesenews.it\/2023\/01\/la-gioia-mastini-unemozione-indescrivibile-vincere-la-coppa-varese\/1540752\/\">La gioia dei Mastini: &#8220;Un&#8217;emozione indescrivibile vincere la coppa a Varese&#8221;<\/a><\/blockquote><iframe class=\"wp-embedded-content\" sandbox=\"allow-scripts\" security=\"restricted\" style=\"position: absolute; clip: rect(1px, 1px, 1px, 1px);\" src=\"https:\/\/www.varesenews.it\/2023\/01\/la-gioia-mastini-unemozione-indescrivibile-vincere-la-coppa-varese\/1540752\/embed\/#?secret=4Pfdq6ej6G\" data-secret=\"4Pfdq6ej6G\" width=\"500\" height=\"282\" title=\"&#8220;La gioia dei Mastini: &#8220;Un&#8217;emozione indescrivibile vincere la coppa a Varese&#8221;&#8221; &#8212; VareseNews\" frameborder=\"0\" marginwidth=\"0\" marginheight=\"0\" scrolling=\"no\"><\/iframe>","_oembed_time_f6ddfeca4af4df915e5ef809f3bd63aa":"1674458981","_oembed_59cd6003c4ee23a2785d365cef68a0c2":"<blockquote class=\"wp-embedded-content\" data-secret=\"PlHqfVQkjT\"><a href=\"https:\/\/www.varesenews.it\/2023\/01\/reyes-owens-ci-provano-professor-brown-stavolta-non-spiega\/1540772\/\">Reyes e Owens ci provano, il professor Brown stavolta non spiega<\/a><\/blockquote><iframe class=\"wp-embedded-content\" sandbox=\"allow-scripts\" security=\"restricted\" style=\"position: absolute; clip: rect(1px, 1px, 1px, 1px);\" src=\"https:\/\/www.varesenews.it\/2023\/01\/reyes-owens-ci-provano-professor-brown-stavolta-non-spiega\/1540772\/embed\/#?secret=PlHqfVQkjT\" data-secret=\"PlHqfVQkjT\" width=\"500\" height=\"282\" title=\"&#8220;Reyes e Owens ci provano, il professor Brown stavolta non spiega&#8221; &#8212; VareseNews\" frameborder=\"0\" marginwidth=\"0\" marginheight=\"0\" scrolling=\"no\"><\/iframe>","_oembed_time_59cd6003c4ee23a2785d365cef68a0c2":"1674458981","_oembed_2a2abe015665d4e455d2bc037c6bad75":"<blockquote class=\"wp-embedded-content\" data-secret=\"X3zsCfJSBN\"><a href=\"https:\/\/www.varesenews.it\/2023\/01\/la-giobia-torna-la-festa-centro-busto-arsizio-falo-risotto-ce-ne-saranno-molte\/1540256\/\">Per la Giobia torna la festa in centro a Busto Arsizio con fal\u00f2 e risotto ma ce ne saranno molte altre<\/a><\/blockquote><iframe class=\"wp-embedded-content\" sandbox=\"allow-scripts\" security=\"restricted\" style=\"position: absolute; clip: rect(1px, 1px, 1px, 1px);\" src=\"https:\/\/www.varesenews.it\/2023\/01\/la-giobia-torna-la-festa-centro-busto-arsizio-falo-risotto-ce-ne-saranno-molte\/1540256\/embed\/#?secret=X3zsCfJSBN\" data-secret=\"X3zsCfJSBN\" width=\"500\" height=\"282\" title=\"&#8220;Per la Giobia torna la festa in centro a Busto Arsizio con fal\u00f2 e risotto ma ce ne saranno molte altre&#8221; &#8212; VareseNews\" frameborder=\"0\" marginwidth=\"0\" marginheight=\"0\" scrolling=\"no\"><\/iframe>","_oembed_time_2a2abe015665d4e455d2bc037c6bad75":"1674458981","_oembed_bbc93298daf0df47119a8cabe131a031":"<blockquote class=\"wp-embedded-content\" data-secret=\"mLkdh2XMIk\"><a href=\"https:\/\/www.varesenews.it\/2022\/12\/2022-lanno-senza-acqua\/1533501\/\">2022, l&#8217;anno senza acqua<\/a><\/blockquote><iframe class=\"wp-embedded-content\" sandbox=\"allow-scripts\" security=\"restricted\" style=\"position: absolute; clip: rect(1px, 1px, 1px, 1px);\" src=\"https:\/\/www.varesenews.it\/2022\/12\/2022-lanno-senza-acqua\/1533501\/embed\/#?secret=mLkdh2XMIk\" data-secret=\"mLkdh2XMIk\" width=\"500\" height=\"282\" title=\"&#8220;2022, l&#8217;anno senza acqua&#8221; &#8212; VareseNews\" frameborder=\"0\" marginwidth=\"0\" marginheight=\"0\" scrolling=\"no\"><\/iframe>","_oembed_time_bbc93298daf0df47119a8cabe131a031":"1674459127","_oembed_3c20b864346dc27375f39524ff3fd6c8":"<blockquote class=\"wp-embedded-content\" data-secret=\"nbxb6d8MDt\"><a href=\"https:\/\/www.varesenews.it\/2023\/01\/claudio-baglioni-posticipati-concerti-varese-como-lugano\/1534586\/\">Claudio Baglioni: posticipati i concerti di Varese, Como e Lugano<\/a><\/blockquote><iframe class=\"wp-embedded-content\" sandbox=\"allow-scripts\" security=\"restricted\" style=\"position: absolute; clip: rect(1px, 1px, 1px, 1px);\" src=\"https:\/\/www.varesenews.it\/2023\/01\/claudio-baglioni-posticipati-concerti-varese-como-lugano\/1534586\/embed\/#?secret=nbxb6d8MDt\" data-secret=\"nbxb6d8MDt\" width=\"500\" height=\"282\" title=\"&#8220;Claudio Baglioni: posticipati i concerti di Varese, Como e Lugano&#8221; &#8212; VareseNews\" frameborder=\"0\" marginwidth=\"0\" marginheight=\"0\" scrolling=\"no\"><\/iframe>","_oembed_time_3c20b864346dc27375f39524ff3fd6c8":"1674459127","_oembed_971e2e2ac0a925491670e99674acd665":"<blockquote class=\"wp-embedded-content\" data-secret=\"GzJ2ufYsnV\"><a href=\"https:\/\/www.varesenews.it\/2020\/07\/giovanni-bassanesi-volo-antifascista-lodrino-milano-2\/944680\/\">Dal Ticino a Milano: il pilota col mal d&#8217;aria e il folle volo contro la dittatura<\/a><\/blockquote><iframe class=\"wp-embedded-content\" sandbox=\"allow-scripts\" security=\"restricted\" style=\"position: absolute; clip: rect(1px, 1px, 1px, 1px);\" src=\"https:\/\/www.varesenews.it\/2020\/07\/giovanni-bassanesi-volo-antifascista-lodrino-milano-2\/944680\/embed\/#?secret=GzJ2ufYsnV\" data-secret=\"GzJ2ufYsnV\" width=\"500\" height=\"282\" title=\"&#8220;Dal Ticino a Milano: il pilota col mal d&#8217;aria e il folle volo contro la dittatura&#8221; &#8212; VareseNews\" frameborder=\"0\" marginwidth=\"0\" marginheight=\"0\" scrolling=\"no\"><\/iframe>","_oembed_time_971e2e2ac0a925491670e99674acd665":"1674459127","_oembed_c98fe16c7150ec9c87433c8d792f03b2":"<iframe width=\"500\" height=\"281\" src=\"https:\/\/www.youtube.com\/embed\/w6K5qj6e8Cg?feature=oembed\" frameborder=\"0\" allow=\"accelerometer; autoplay; clipboard-write; encrypted-media; gyroscope; picture-in-picture; web-share\" allowfullscreen title=\"Siccit\u00e0 nel Ticino: anche la diga del Panperduto resta in secca\"><\/iframe>","_oembed_time_c98fe16c7150ec9c87433c8d792f03b2":"1674459127","_oembed_996fc1fe4e9253eacfe35d48a2f87977":"<blockquote class=\"wp-embedded-content\" data-secret=\"pXCYiIqA5R\"><a href=\"https:\/\/www.varesenews.it\/2022\/07\/la-siccita-uccide-le-giovani-piante-busto-arsizio-volontari-legambiente-le-innaffiano-notte\/1484823\/\">La siccit\u00e0 uccide le giovani piante a Busto Arsizio, i volontari di Legambiente le innaffiano di notte<\/a><\/blockquote><iframe class=\"wp-embedded-content\" sandbox=\"allow-scripts\" security=\"restricted\" style=\"position: absolute; clip: rect(1px, 1px, 1px, 1px);\" src=\"https:\/\/www.varesenews.it\/2022\/07\/la-siccita-uccide-le-giovani-piante-busto-arsizio-volontari-legambiente-le-innaffiano-notte\/1484823\/embed\/#?secret=pXCYiIqA5R\" data-secret=\"pXCYiIqA5R\" width=\"500\" height=\"282\" title=\"&#8220;La siccit\u00e0 uccide le giovani piante a Busto Arsizio, i volontari di Legambiente le innaffiano di notte&#8221; &#8212; VareseNews\" frameborder=\"0\" marginwidth=\"0\" marginheight=\"0\" scrolling=\"no\"><\/iframe>","_oembed_time_996fc1fe4e9253eacfe35d48a2f87977":"1674459127","_oembed_3ec678259b7672c6bf5f71c8a07fa922":"<iframe width=\"500\" height=\"281\" src=\"https:\/\/www.youtube.com\/embed\/wa9iDVBLg6E?start=2160&feature=oembed\" frameborder=\"0\" allow=\"accelerometer; autoplay; clipboard-write; encrypted-media; gyroscope; picture-in-picture; web-share\" allowfullscreen title=\"Senza acqua. La siccit\u00e0 nel racconto giornalistico\"><\/iframe>","_oembed_time_3ec678259b7672c6bf5f71c8a07fa922":"1674459127","_oembed_33c1341324d4df70cb98a62f930eba25":"<blockquote class=\"wp-embedded-content\" data-secret=\"1DoWxilEFP\"><a href=\"https:\/\/www.varesenews.it\/2022\/12\/2022-lanno-dei-record-piu-caldo-piu-secco-piu-soleggiato-sempre\/1534009\/\">Per la Provincia di Varese \u00e8 stato l&#8217;anno &#8220;pi\u00f9 caldo, pi\u00f9 secco e pi\u00f9 soleggiato di sempre&#8221;<\/a><\/blockquote><iframe class=\"wp-embedded-content\" sandbox=\"allow-scripts\" security=\"restricted\" style=\"position: absolute; clip: rect(1px, 1px, 1px, 1px);\" src=\"https:\/\/www.varesenews.it\/2022\/12\/2022-lanno-dei-record-piu-caldo-piu-secco-piu-soleggiato-sempre\/1534009\/embed\/#?secret=1DoWxilEFP\" data-secret=\"1DoWxilEFP\" width=\"500\" height=\"282\" title=\"&#8220;Per la Provincia di Varese \u00e8 stato l&#8217;anno &#8220;pi\u00f9 caldo, pi\u00f9 secco e pi\u00f9 soleggiato di sempre&#8221;&#8221; &#8212; VareseNews\" frameborder=\"0\" marginwidth=\"0\" marginheight=\"0\" scrolling=\"no\"><\/iframe>","_oembed_time_33c1341324d4df70cb98a62f930eba25":"1674459127","_oembed_e81c11e6e88ab3b15ba6db798a3851e4":"<blockquote class=\"wp-embedded-content\" data-secret=\"pDbaNxd05P\"><a href=\"https:\/\/www.varesenews.it\/2023\/01\/eventi-bambini-nel-weekend-del-20-21-22-gennaio-varese-provincia\/1540069\/\">Eventi per bambini nel weekend del 20, 21 e 22 gennaio tra Varese e provincia<\/a><\/blockquote><iframe class=\"wp-embedded-content\" sandbox=\"allow-scripts\" security=\"restricted\" style=\"position: absolute; clip: rect(1px, 1px, 1px, 1px);\" src=\"https:\/\/www.varesenews.it\/2023\/01\/eventi-bambini-nel-weekend-del-20-21-22-gennaio-varese-provincia\/1540069\/embed\/#?secret=pDbaNxd05P\" data-secret=\"pDbaNxd05P\" width=\"500\" height=\"282\" title=\"&#8220;Eventi per bambini nel weekend del 20, 21 e 22 gennaio tra Varese e provincia&#8221; &#8212; VareseNews\" frameborder=\"0\" marginwidth=\"0\" marginheight=\"0\" scrolling=\"no\"><\/iframe>","_oembed_time_e81c11e6e88ab3b15ba6db798a3851e4":"1674459782","_oembed_2d351e073faaef6539e06530f7878285":"<blockquote class=\"wp-embedded-content\" data-secret=\"UMWp127dqW\"><a href=\"https:\/\/www.varesenews.it\/2022\/11\/limputato-racconta-aula-busto-arsizio-la-violenza-sessuale-impossibile-circonciso-giorni\/1519196\/\">Accusato di stupro racconta in aula a Busto la sua verit\u00e0: \u201cNon potevo, mi ero appena circonciso\u201d<\/a><\/blockquote><iframe class=\"wp-embedded-content\" sandbox=\"allow-scripts\" security=\"restricted\" style=\"position: absolute; clip: rect(1px, 1px, 1px, 1px);\" src=\"https:\/\/www.varesenews.it\/2022\/11\/limputato-racconta-aula-busto-arsizio-la-violenza-sessuale-impossibile-circonciso-giorni\/1519196\/embed\/#?secret=UMWp127dqW\" data-secret=\"UMWp127dqW\" width=\"500\" height=\"282\" title=\"&#8220;Accusato di stupro racconta in aula a Busto la sua verit\u00e0: \u201cNon potevo, mi ero appena circonciso\u201d&#8221; &#8212; VareseNews\" frameborder=\"0\" marginwidth=\"0\" marginheight=\"0\" scrolling=\"no\"><\/iframe>","_oembed_time_2d351e073faaef6539e06530f7878285":"1674459782","_oembed_b8f52f3d6969bab77b1a7d1ae5838997":"<blockquote class=\"wp-embedded-content\" data-secret=\"FzApAzk2ml\"><a href=\"https:\/\/www.varesenews.it\/2023\/01\/calcio-pro-patria-padova-diretta\/1540303\/\">Calcio: Pro Patria &#8211; Padova in diretta<\/a><\/blockquote><iframe class=\"wp-embedded-content\" sandbox=\"allow-scripts\" security=\"restricted\" style=\"position: absolute; clip: rect(1px, 1px, 1px, 1px);\" src=\"https:\/\/www.varesenews.it\/2023\/01\/calcio-pro-patria-padova-diretta\/1540303\/embed\/#?secret=FzApAzk2ml\" data-secret=\"FzApAzk2ml\" width=\"500\" height=\"282\" title=\"&#8220;Calcio: Pro Patria &#8211; Padova in diretta&#8221; &#8212; VareseNews\" frameborder=\"0\" marginwidth=\"0\" marginheight=\"0\" scrolling=\"no\"><\/iframe>","_oembed_time_b8f52f3d6969bab77b1a7d1ae5838997":"1674459861"},"photos":[{"original":"https:\/\/staging.varesenews.it\/photogallery_new\/images\/2023\/01\/in-salone-estense-a-varese-il-gran-ballo-dell-800-1367204.jpg","full":"https:\/\/staging.varesenews.it\/photogallery_new\/images\/2023\/01\/in-salone-estense-a-varese-il-gran-ballo-dell-800-1367204.1024x768.jpg","large":"https:\/\/staging.varesenews.it\/photogallery_new\/images\/2023\/01\/in-salone-estense-a-varese-il-gran-ballo-dell-800-1367204.610x431.jpg"}],"_links":{"self":[{"href":"https:\/\/staging.varesenews.it\/swgapi\/v1\/wp\/v2\/posts\/1540795"}],"collection":[{"href":"https:\/\/staging.varesenews.it\/swgapi\/v1\/wp\/v2\/posts"}],"about":[{"href":"https:\/\/staging.varesenews.it\/swgapi\/v1\/wp\/v2\/types\/post"}],"author":[{"embeddable":true,"href":"https:\/\/staging.varesenews.it\/swgapi\/v1\/wp\/v2\/users\/48"}],"replies":[{"embeddable":true,"href":"https:\/\/staging.varesenews.it\/swgapi\/v1\/wp\/v2\/comments?post=1540795"}],"version-history":[{"count":0,"href":"https:\/\/staging.varesenews.it\/swgapi\/v1\/wp\/v2\/posts\/1540795\/revisions"}],"wp:attachment":[{"href":"https:\/\/staging.varesenews.it\/swgapi\/v1\/wp\/v2\/media?parent=1540795"}],"wp:term":[{"taxonomy":"category","embeddable":true,"href":"https:\/\/staging.varesenews.it\/swgapi\/v1\/wp\/v2\/categories?post=1540795"},{"taxonomy":"post_tag","embeddable":true,"href":"https:\/\/staging.varesenews.it\/swgapi\/v1\/wp\/v2\/tags?post=1540795"}],"curies":[{"name":"wp","href":"https:\/\/api.w.org\/{rel}","templated":true}]}}