{"id":1541724,"date":"2023-01-25T18:00:27","date_gmt":"2023-01-25T17:00:27","guid":{"rendered":"https:\/\/www.varesenews.it\/?p=1541724"},"modified":"2023-01-25T18:00:27","modified_gmt":"2023-01-25T17:00:27","slug":"un-caffe-lospedale-gallarate-un-flash-mob-flash-santantonio-abate","status":"publish","type":"post","link":"https:\/\/staging.varesenews.it\/2023\/01\/un-caffe-lospedale-gallarate-un-flash-mob-flash-santantonio-abate\/1541724\/","title":{"rendered":"&#8220;Un caff\u00e8 per l&#8217;ospedale&#8221;. A Gallarate un flash mob flash per il Sant&#8217;Antonio Abate"},"content":{"rendered":"<p><strong>&#8220;Un ospedale al caff\u00e8, un caff\u00e8 per l&#8217;ospedale&#8221;.<\/strong> \u00c8 il titolo con cui \u00e8 stato convocato <strong>un &#8220;flash mob&#8221; convocato a Gallarate sabato mattina,<\/strong> sul tema della salute e del <strong>destino del Sant&#8217;Antonio Abate<\/strong>, l&#8217;ospedale di Gallarate che sta vivendo una fase di incertezze, complice anche la propettiva di costruzione di un nuovo ospedale unico Gallarate-Busto.<\/p>\n<p><strong>Il flash mob si terr\u00e0 in Largo Camussi<\/strong> e nelle scorse ore ha creato una certa curiosit\u00e0 sui promotori, visto che questi non sono esplicitamente indicati nel volantino. La mancanza del simbolo di un partito sembra l&#8217;evento al di fuori della campagna elettorale tra candidati, anche se senza dubbio il tema \u00e8 molto politico. La<strong> comunicazione all&#8217;autorit\u00e0 di Pubblica Sicurezza \u00e8 stata fatta da una privata cittadina di Gallarate,<\/strong> ma al di l\u00e0 di questo sembra che il flash mob di sabato mattina (appuntamento alle 11) diventi <strong>un momento di aggregazione per varie voci che si stanno esponendo sull&#8217;ospedale<\/strong>, come il Comitato per il Diritto alla Salute del Varesotto o, ancora, la lista civica Obiettivo Comune gallarate (lista comunale, che non ha &#8220;affiliazioni&#8221; con altri partiti o liste a livello regionale).<\/p>\n<p>Nella convocazione del<em> flash mob<\/em> si fa riferimento alla <strong>mancata convocazione da 8 mesi<\/strong> della <a href=\"https:\/\/www.varesenews.it\/tag\/commissione-sanita-gallarate\/\">commissione speciale Sanit\u00e0 del Comune di Gallarate<\/a> e al fatto che proprio <strong>il 28 gennaio &#8220;\u00e8 il termine entro il quale il consiglio comunale di Gallarate ha impegnato il sindaco Cassani a convocare i vertici politici di Regione Lombardia&#8221;<\/strong> per aggiornamenti sul destino del Sant&#8217;Antonio Abate e sul progetto dell&#8217;ospedale unico.<\/p>\n<p>Sulla scadenza ha incalzato nei giorni scrsi proprio il consigliere comunale di OCG Massimo Gnocchi: l&#8217;impegno a convocare entro sessanta giorni i vertici politici della Regione era stato tra l&#8217;altro <a href=\"https:\/\/www.varesenews.it\/2022\/11\/consiglio-comunale-gallarate-chiede-un-incontro-la-regione-sullospedale\/1524047\/\" target=\"_blank\" rel=\"noopener\">votato all&#8217;unanimit\u00e0 dall&#8217;assemblea civica, con un passaggio che aveva anche un po&#8217; stupito, dopo mesi di contrapposizione<\/a> tra centrodestra, centrosinistra e liste civiche.<\/p>\n<p>Nella convocazione dell&#8217;incontro si fa riferimento al Sant&#8217;Antonio Abate come un patrimonio comune non disponibile e fa comunque indirettamente riferimento alle elezioni regionali imminenti: <strong>&#8220;L&#8217;ospedale \u00e8 dei cittadini. Gallarate \u00e8 di tutti. Chi governa ha il dovere di dare una risposta prima di chiedere il voto<\/strong>. Gallarate non \u00e8 una passerella, la salute \u00e8 il primo diritto&#8221;, si legge nella locandina diffusa online e che lancia l&#8217;iniziativa. Resta da vedere quanto il flash mob &#8211; il cui titolo gioca sul fatto che l&#8217;ospedale sarebbe all&#8217;ultimissimo atto &#8211; sapr\u00e0 mobilitare le persone.<\/p>\n","protected":false},"excerpt":{"rendered":"<p>\u00c8 stato convocato sabato mattina in Largo Camussi, vicino alla sede del consiglio comunale al Broletto. Non c&#8217;\u00e8 un organizzatore formale ma la mobilitazione sembra puntare sulla questione cittadina, su cui il consiglio aveva votato due mesi fa<\/p>\n","protected":false},"author":46,"featured_media":0,"comment_status":"open","ping_status":"open","sticky":false,"template":"","format":"standard","meta":{"footnotes":""},"categories":[3,24],"tags":[11821,887],"acf":[],"yoast_head":"<!-- This site is optimized with the Yoast SEO plugin v20.1 - https:\/\/yoast.com\/wordpress\/plugins\/seo\/ -->\n<title>&quot;Un caff\u00e8 per l&#039;ospedale&quot;. A Gallarate un flash mob flash per il Sant&#039;Antonio Abate<\/title>\n<meta name=\"description\" content=\"\u00c8 stato convocato sabato mattina in Largo Camussi, vicino alla sede del consiglio comunale al Broletto. Non c&#039;\u00e8 un organizzatore formale ma la mobilitazione sembra puntare sulla questione cittadina, su cui il consiglio aveva votato due mesi fa\" \/>\n<meta name=\"robots\" content=\"noindex, follow, max-snippet:-1, max-image-preview:large, max-video-preview:-1\" \/>\n<meta property=\"og:locale\" content=\"it_IT\" \/>\n<meta property=\"og:type\" content=\"article\" \/>\n<meta property=\"og:title\" content=\"&quot;Un caff\u00e8 per l&#039;ospedale&quot;. A Gallarate un flash mob flash per il Sant&#039;Antonio Abate\" \/>\n<meta property=\"og:description\" content=\"\u00c8 stato convocato sabato mattina in Largo Camussi, vicino alla sede del consiglio comunale al Broletto. Non c&#039;\u00e8 un organizzatore formale ma la mobilitazione sembra puntare sulla questione cittadina, su cui il consiglio aveva votato due mesi fa\" \/>\n<meta property=\"og:url\" content=\"https:\/\/www.varesenews.it\/2023\/01\/un-caffe-lospedale-gallarate-un-flash-mob-flash-santantonio-abate\/1541724\/\" \/>\n<meta property=\"og:site_name\" content=\"VareseNews\" \/>\n<meta property=\"article:publisher\" content=\"https:\/\/www.facebook.com\/varesenews\" \/>\n<meta property=\"article:published_time\" content=\"2023-01-25T17:00:27+00:00\" \/>\n<meta name=\"author\" content=\"Roberto Morandi\" \/>\n<meta name=\"twitter:card\" content=\"summary_large_image\" \/>\n<meta name=\"twitter:creator\" content=\"@ilmorands\" \/>\n<meta name=\"twitter:site\" content=\"@varesenews\" \/>\n<meta name=\"twitter:label1\" content=\"Scritto da\" \/>\n\t<meta name=\"twitter:data1\" content=\"Roberto Morandi\" \/>\n\t<meta name=\"twitter:label2\" content=\"Tempo di lettura stimato\" \/>\n\t<meta name=\"twitter:data2\" content=\"2 minuti\" \/>\n<script type=\"application\/ld+json\" class=\"yoast-schema-graph\">{\"@context\":\"https:\/\/schema.org\",\"@graph\":[{\"@type\":\"WebPage\",\"@id\":\"https:\/\/www.varesenews.it\/2023\/01\/un-caffe-lospedale-gallarate-un-flash-mob-flash-santantonio-abate\/1541724\/\",\"url\":\"https:\/\/www.varesenews.it\/2023\/01\/un-caffe-lospedale-gallarate-un-flash-mob-flash-santantonio-abate\/1541724\/\",\"name\":\"\\\"Un caff\u00e8 per l'ospedale\\\". A Gallarate un flash mob flash per il Sant'Antonio Abate\",\"isPartOf\":{\"@id\":\"https:\/\/staging.varesenews.it\/#website\"},\"datePublished\":\"2023-01-25T17:00:27+00:00\",\"dateModified\":\"2023-01-25T17:00:27+00:00\",\"author\":{\"@id\":\"https:\/\/staging.varesenews.it\/#\/schema\/person\/efe592ae4c76536b551f89d8b6674bc3\"},\"description\":\"\u00c8 stato convocato sabato mattina in Largo Camussi, vicino alla sede del consiglio comunale al Broletto. Non c'\u00e8 un organizzatore formale ma la mobilitazione sembra puntare sulla questione cittadina, su cui il consiglio aveva votato due mesi fa\",\"breadcrumb\":{\"@id\":\"https:\/\/www.varesenews.it\/2023\/01\/un-caffe-lospedale-gallarate-un-flash-mob-flash-santantonio-abate\/1541724\/#breadcrumb\"},\"inLanguage\":\"it-IT\",\"potentialAction\":[{\"@type\":\"ReadAction\",\"target\":[\"https:\/\/www.varesenews.it\/2023\/01\/un-caffe-lospedale-gallarate-un-flash-mob-flash-santantonio-abate\/1541724\/\"]}]},{\"@type\":\"BreadcrumbList\",\"@id\":\"https:\/\/www.varesenews.it\/2023\/01\/un-caffe-lospedale-gallarate-un-flash-mob-flash-santantonio-abate\/1541724\/#breadcrumb\",\"itemListElement\":[{\"@type\":\"ListItem\",\"position\":1,\"name\":\"Home\",\"item\":\"https:\/\/www.varesenews.it\/\"},{\"@type\":\"ListItem\",\"position\":2,\"name\":\"&#8220;Un caff\u00e8 per l&#8217;ospedale&#8221;. A Gallarate un flash mob flash per il Sant&#8217;Antonio Abate\"}]},{\"@type\":\"WebSite\",\"@id\":\"https:\/\/staging.varesenews.it\/#website\",\"url\":\"https:\/\/staging.varesenews.it\/\",\"name\":\"VareseNews\",\"description\":\"\",\"potentialAction\":[{\"@type\":\"SearchAction\",\"target\":{\"@type\":\"EntryPoint\",\"urlTemplate\":\"https:\/\/staging.varesenews.it\/?s={search_term_string}\"},\"query-input\":\"required name=search_term_string\"}],\"inLanguage\":\"it-IT\"},{\"@type\":\"Person\",\"@id\":\"https:\/\/staging.varesenews.it\/#\/schema\/person\/efe592ae4c76536b551f89d8b6674bc3\",\"name\":\"Roberto Morandi\",\"image\":{\"@type\":\"ImageObject\",\"inLanguage\":\"it-IT\",\"@id\":\"https:\/\/staging.varesenews.it\/#\/schema\/person\/image\/\",\"url\":\"https:\/\/staging.varesenews.it\/wp-content\/uploads\/2020\/12\/roberto_morandi_colori_500.jpg\",\"contentUrl\":\"https:\/\/staging.varesenews.it\/wp-content\/uploads\/2020\/12\/roberto_morandi_colori_500.jpg\",\"caption\":\"Roberto Morandi\"},\"description\":\"Classe 1980, laureato in storia, mi occupo dell&rsquo;area di Gallarate e di Malpensa, di trasporti e mobilit&agrave;. Amo molto la dimensione della citt&agrave;, come luogo d&rsquo;incontro di persone diverse e come organismo che si trasforma costantemente. Mi piace anche raccontare le piccole e grandi vicende, anche locali, che compongono la Storia con la S maiuscola. Appassionato di bicicletta: la macchina perfetta per muoversi in citt&agrave; e per viaggiare.\",\"sameAs\":[\"https:\/\/twitter.com\/ilmorands\"],\"url\":\"https:\/\/staging.varesenews.it\/persona\/roberto-morandi1\/\"}]}<\/script>\n<!-- \/ Yoast SEO plugin. -->","yoast_head_json":{"title":"\"Un caff\u00e8 per l'ospedale\". A Gallarate un flash mob flash per il Sant'Antonio Abate","description":"\u00c8 stato convocato sabato mattina in Largo Camussi, vicino alla sede del consiglio comunale al Broletto. Non c'\u00e8 un organizzatore formale ma la mobilitazione sembra puntare sulla questione cittadina, su cui il consiglio aveva votato due mesi fa","robots":{"index":"noindex","follow":"follow","max-snippet":"max-snippet:-1","max-image-preview":"max-image-preview:large","max-video-preview":"max-video-preview:-1"},"og_locale":"it_IT","og_type":"article","og_title":"\"Un caff\u00e8 per l'ospedale\". A Gallarate un flash mob flash per il Sant'Antonio Abate","og_description":"\u00c8 stato convocato sabato mattina in Largo Camussi, vicino alla sede del consiglio comunale al Broletto. Non c'\u00e8 un organizzatore formale ma la mobilitazione sembra puntare sulla questione cittadina, su cui il consiglio aveva votato due mesi fa","og_url":"https:\/\/www.varesenews.it\/2023\/01\/un-caffe-lospedale-gallarate-un-flash-mob-flash-santantonio-abate\/1541724\/","og_site_name":"VareseNews","article_publisher":"https:\/\/www.facebook.com\/varesenews","article_published_time":"2023-01-25T17:00:27+00:00","author":"Roberto Morandi","twitter_card":"summary_large_image","twitter_creator":"@ilmorands","twitter_site":"@varesenews","twitter_misc":{"Scritto da":"Roberto Morandi","Tempo di lettura stimato":"2 minuti"},"schema":{"@context":"https:\/\/schema.org","@graph":[{"@type":"WebPage","@id":"https:\/\/www.varesenews.it\/2023\/01\/un-caffe-lospedale-gallarate-un-flash-mob-flash-santantonio-abate\/1541724\/","url":"https:\/\/www.varesenews.it\/2023\/01\/un-caffe-lospedale-gallarate-un-flash-mob-flash-santantonio-abate\/1541724\/","name":"\"Un caff\u00e8 per l'ospedale\". A Gallarate un flash mob flash per il Sant'Antonio Abate","isPartOf":{"@id":"https:\/\/staging.varesenews.it\/#website"},"datePublished":"2023-01-25T17:00:27+00:00","dateModified":"2023-01-25T17:00:27+00:00","author":{"@id":"https:\/\/staging.varesenews.it\/#\/schema\/person\/efe592ae4c76536b551f89d8b6674bc3"},"description":"\u00c8 stato convocato sabato mattina in Largo Camussi, vicino alla sede del consiglio comunale al Broletto. Non c'\u00e8 un organizzatore formale ma la mobilitazione sembra puntare sulla questione cittadina, su cui il consiglio aveva votato due mesi fa","breadcrumb":{"@id":"https:\/\/www.varesenews.it\/2023\/01\/un-caffe-lospedale-gallarate-un-flash-mob-flash-santantonio-abate\/1541724\/#breadcrumb"},"inLanguage":"it-IT","potentialAction":[{"@type":"ReadAction","target":["https:\/\/www.varesenews.it\/2023\/01\/un-caffe-lospedale-gallarate-un-flash-mob-flash-santantonio-abate\/1541724\/"]}]},{"@type":"BreadcrumbList","@id":"https:\/\/www.varesenews.it\/2023\/01\/un-caffe-lospedale-gallarate-un-flash-mob-flash-santantonio-abate\/1541724\/#breadcrumb","itemListElement":[{"@type":"ListItem","position":1,"name":"Home","item":"https:\/\/www.varesenews.it\/"},{"@type":"ListItem","position":2,"name":"&#8220;Un caff\u00e8 per l&#8217;ospedale&#8221;. A Gallarate un flash mob flash per il Sant&#8217;Antonio Abate"}]},{"@type":"WebSite","@id":"https:\/\/staging.varesenews.it\/#website","url":"https:\/\/staging.varesenews.it\/","name":"VareseNews","description":"","potentialAction":[{"@type":"SearchAction","target":{"@type":"EntryPoint","urlTemplate":"https:\/\/staging.varesenews.it\/?s={search_term_string}"},"query-input":"required name=search_term_string"}],"inLanguage":"it-IT"},{"@type":"Person","@id":"https:\/\/staging.varesenews.it\/#\/schema\/person\/efe592ae4c76536b551f89d8b6674bc3","name":"Roberto Morandi","image":{"@type":"ImageObject","inLanguage":"it-IT","@id":"https:\/\/staging.varesenews.it\/#\/schema\/person\/image\/","url":"https:\/\/staging.varesenews.it\/wp-content\/uploads\/2020\/12\/roberto_morandi_colori_500.jpg","contentUrl":"https:\/\/staging.varesenews.it\/wp-content\/uploads\/2020\/12\/roberto_morandi_colori_500.jpg","caption":"Roberto Morandi"},"description":"Classe 1980, laureato in storia, mi occupo dell&rsquo;area di Gallarate e di Malpensa, di trasporti e mobilit&agrave;. Amo molto la dimensione della citt&agrave;, come luogo d&rsquo;incontro di persone diverse e come organismo che si trasforma costantemente. Mi piace anche raccontare le piccole e grandi vicende, anche locali, che compongono la Storia con la S maiuscola. Appassionato di bicicletta: la macchina perfetta per muoversi in citt&agrave; e per viaggiare.","sameAs":["https:\/\/twitter.com\/ilmorands"],"url":"https:\/\/staging.varesenews.it\/persona\/roberto-morandi1\/"}]}},"post_meta":{"content-image-gallery":"","_edit_lock":"1674727341:46","_edit_last":"46","_category_permalink":"a:1:{s:8:\"category\";s:1:\"3\";}","foto":"1242197","argomento":"Gallarate","_yoast_wpseo_focuskw_text_input":"gallarate","_yoast_wpseo_content_score":"30","_jd_tweet_this":"yes","_encloseme":"1","ratings_users":"0","ratings_score":"0","ratings_average":"0","_yoast_wpseo_focuskw":"gallarate","_yoast_wpseo_linkdex":"66","_wpt_short_url":"https:\/\/www.varesenews.it\/2023\/01\/un-caffe-lospedale-gallarate-un-flash-mob-flash-santantonio-abate\/1541724\/","_wp_jd_target":"https:\/\/www.varesenews.it\/2023\/01\/un-caffe-lospedale-gallarate-un-flash-mob-flash-santantonio-abate\/1541724\/","_jd_wp_twitter":"a:1:{i:0;s:209:\"\u201cUn caff\u00e8 per l\u2019ospedale\u201d. A Gallarate un flash mob flash per il Sant\u2019Antonio Abate https:\/\/www.varesenews.it\/2023\/01\/un-caffe-lospedale-gallarate-un-flash-mob-flash-santantonio-abate\/1541724\/ #salute\";}","_wpt_status_message":"Tweet inviato con successo.","_oembed_ee329c7109cd11888e99f282935b99b6":"<blockquote class=\"wp-embedded-content\" data-secret=\"ZaSnrKsc5k\"><a href=\"https:\/\/www.varesenews.it\/2020\/01\/la-scrittrice-spiega-ai-bambini-le-leggi-razziali\/893014\/\">La scrittrice che spiega ai bambini le leggi razziali<\/a><\/blockquote><iframe class=\"wp-embedded-content\" sandbox=\"allow-scripts\" security=\"restricted\" style=\"position: absolute; clip: rect(1px, 1px, 1px, 1px);\" src=\"https:\/\/www.varesenews.it\/2020\/01\/la-scrittrice-spiega-ai-bambini-le-leggi-razziali\/893014\/embed\/#?secret=ZaSnrKsc5k\" data-secret=\"ZaSnrKsc5k\" width=\"500\" height=\"282\" title=\"&#8220;La scrittrice che spiega ai bambini le leggi razziali&#8221; &#8212; VareseNews\" frameborder=\"0\" marginwidth=\"0\" marginheight=\"0\" scrolling=\"no\"><\/iframe>","_oembed_time_ee329c7109cd11888e99f282935b99b6":"1674666111","_oembed_b382a5c1ae41c7668f11c055caed3589":"<blockquote class=\"wp-embedded-content\" data-secret=\"IM2xk9bZKn\"><a href=\"https:\/\/www.varesenews.it\/2023\/01\/la-posta-elettronica-libero-virgilio-bloccata-disservizi-gli-utenti\/1541429\/\">La posta elettronica di Libero e Virgilio \u00e8 bloccata: disservizi per gli utenti<\/a><\/blockquote><iframe class=\"wp-embedded-content\" sandbox=\"allow-scripts\" security=\"restricted\" style=\"position: absolute; clip: rect(1px, 1px, 1px, 1px);\" src=\"https:\/\/www.varesenews.it\/2023\/01\/la-posta-elettronica-libero-virgilio-bloccata-disservizi-gli-utenti\/1541429\/embed\/#?secret=IM2xk9bZKn\" data-secret=\"IM2xk9bZKn\" width=\"500\" height=\"282\" title=\"&#8220;La posta elettronica di Libero e Virgilio \u00e8 bloccata: disservizi per gli utenti&#8221; &#8212; VareseNews\" frameborder=\"0\" marginwidth=\"0\" marginheight=\"0\" scrolling=\"no\"><\/iframe>","_oembed_time_b382a5c1ae41c7668f11c055caed3589":"1674666111","_oembed_8da39da0aebd261abb8c0ae2b5cd8c1b":"{{unknown}}","_oembed_636362cb72d650b51eda69a84395467c":"<blockquote class=\"wp-embedded-content\" data-secret=\"dXnGmgNayN\"><a href=\"https:\/\/www.varesenews.it\/2023\/01\/bestie-di-satana-25-anni-fa-i-delitti-che-sconvolsero-litalia\/1541125\/\">Bestie di Satana, 25 anni fa i delitti che sconvolsero l\u2019Italia<\/a><\/blockquote><iframe class=\"wp-embedded-content\" sandbox=\"allow-scripts\" security=\"restricted\" style=\"position: absolute; clip: rect(1px, 1px, 1px, 1px);\" src=\"https:\/\/www.varesenews.it\/2023\/01\/bestie-di-satana-25-anni-fa-i-delitti-che-sconvolsero-litalia\/1541125\/embed\/#?secret=dXnGmgNayN\" data-secret=\"dXnGmgNayN\" width=\"500\" height=\"282\" title=\"&#8220;Bestie di Satana, 25 anni fa i delitti che sconvolsero l\u2019Italia&#8221; &#8212; VareseNews\" frameborder=\"0\" marginwidth=\"0\" marginheight=\"0\" scrolling=\"no\"><\/iframe>","_oembed_time_636362cb72d650b51eda69a84395467c":"1674666360","_oembed_e384fb1d30ec623177ccb97e5df4805e":"<iframe width=\"500\" height=\"281\" src=\"https:\/\/www.youtube.com\/embed\/oLOBzQ7Ub-Y?feature=oembed\" frameborder=\"0\" allow=\"accelerometer; autoplay; clipboard-write; encrypted-media; gyroscope; picture-in-picture; web-share\" allowfullscreen title=\"Tra i boschi delle Bestie di Satana a 25 anni dal primo omicidio\"><\/iframe>","_oembed_time_e384fb1d30ec623177ccb97e5df4805e":"1674666361","_oembed_d88e36fd07b8c6336d1eeb38567868e9":"<blockquote class=\"wp-embedded-content\" data-secret=\"4R25T2593I\"><a href=\"https:\/\/www.varesenews.it\/2023\/01\/lomicidio-mariangela-porto-alla-luce-la-scia-delitti-delle-bestie-satana\/1541050\/\">&#8220;L&#8217;omicidio di Mariangela port\u00f2 alla luce la scia di delitti delle Bestie di Satana\u201d<\/a><\/blockquote><iframe class=\"wp-embedded-content\" sandbox=\"allow-scripts\" security=\"restricted\" style=\"position: absolute; clip: rect(1px, 1px, 1px, 1px);\" src=\"https:\/\/www.varesenews.it\/2023\/01\/lomicidio-mariangela-porto-alla-luce-la-scia-delitti-delle-bestie-satana\/1541050\/embed\/#?secret=4R25T2593I\" data-secret=\"4R25T2593I\" width=\"500\" height=\"282\" title=\"&#8220;&#8220;L&#8217;omicidio di Mariangela port\u00f2 alla luce la scia di delitti delle Bestie di Satana\u201d&#8221; &#8212; VareseNews\" frameborder=\"0\" marginwidth=\"0\" marginheight=\"0\" scrolling=\"no\"><\/iframe>","_oembed_time_d88e36fd07b8c6336d1eeb38567868e9":"1674666361","_oembed_08161f58bd3b0d197422bf4b5308cf91":"<blockquote class=\"wp-embedded-content\" data-secret=\"xr2KQU6ybI\"><a href=\"https:\/\/www.varesenews.it\/2023\/01\/racconto-michele-tollis-voluto-solo-ritrovare-mio-figlio-ucciso-dalle-bestie-satana\/1541320\/\">Il racconto di Michele Tollis: &#8220;Ho voluto solo ritrovare mio figlio, ucciso dalle Bestie di Satana&#8221;<\/a><\/blockquote><iframe class=\"wp-embedded-content\" sandbox=\"allow-scripts\" security=\"restricted\" style=\"position: absolute; clip: rect(1px, 1px, 1px, 1px);\" src=\"https:\/\/www.varesenews.it\/2023\/01\/racconto-michele-tollis-voluto-solo-ritrovare-mio-figlio-ucciso-dalle-bestie-satana\/1541320\/embed\/#?secret=xr2KQU6ybI\" data-secret=\"xr2KQU6ybI\" width=\"500\" height=\"282\" title=\"&#8220;Il racconto di Michele Tollis: &#8220;Ho voluto solo ritrovare mio figlio, ucciso dalle Bestie di Satana&#8221;&#8221; &#8212; VareseNews\" frameborder=\"0\" marginwidth=\"0\" marginheight=\"0\" scrolling=\"no\"><\/iframe>","_oembed_time_08161f58bd3b0d197422bf4b5308cf91":"1674666361","_oembed_a724b18332527d107685fa14dbedbe72":"<blockquote class=\"wp-embedded-content\" data-secret=\"DdqxBB557x\"><a href=\"https:\/\/www.varesenews.it\/2017\/05\/pezzotta-elisabetta-ballarin-e-una-vittima-delle-bestie-di-satana-ora-puo-ricominciare-a-vivere\/621113\/\">Silvio Pezzotta: &#8220;Elisabetta Ballarin \u00e8 una vittima delle Bestie di Satana. Ora pu\u00f2 ricominciare a vivere&#8221;<\/a><\/blockquote><iframe class=\"wp-embedded-content\" sandbox=\"allow-scripts\" security=\"restricted\" style=\"position: absolute; clip: rect(1px, 1px, 1px, 1px);\" src=\"https:\/\/www.varesenews.it\/2017\/05\/pezzotta-elisabetta-ballarin-e-una-vittima-delle-bestie-di-satana-ora-puo-ricominciare-a-vivere\/621113\/embed\/#?secret=DdqxBB557x\" data-secret=\"DdqxBB557x\" width=\"500\" height=\"282\" title=\"&#8220;Silvio Pezzotta: &#8220;Elisabetta Ballarin \u00e8 una vittima delle Bestie di Satana. Ora pu\u00f2 ricominciare a vivere&#8221;&#8221; &#8212; VareseNews\" frameborder=\"0\" marginwidth=\"0\" marginheight=\"0\" scrolling=\"no\"><\/iframe>","_oembed_time_a724b18332527d107685fa14dbedbe72":"1674666361","_oembed_c50fc65f84bac09bbd36c50718251365":"<blockquote class=\"wp-embedded-content\" data-secret=\"zDP0xNctsb\"><a href=\"https:\/\/www.varesenews.it\/2023\/01\/caso-delle-bestie-satana-nel-ricordo-dei-cronisti-seguirono-caso\/1540858\/\">Le Bestie di Satana nel ricordo dei cronisti che seguirono il caso<\/a><\/blockquote><iframe class=\"wp-embedded-content\" sandbox=\"allow-scripts\" security=\"restricted\" style=\"position: absolute; clip: rect(1px, 1px, 1px, 1px);\" src=\"https:\/\/www.varesenews.it\/2023\/01\/caso-delle-bestie-satana-nel-ricordo-dei-cronisti-seguirono-caso\/1540858\/embed\/#?secret=zDP0xNctsb\" data-secret=\"zDP0xNctsb\" width=\"500\" height=\"282\" title=\"&#8220;Le Bestie di Satana nel ricordo dei cronisti che seguirono il caso&#8221; &#8212; VareseNews\" frameborder=\"0\" marginwidth=\"0\" marginheight=\"0\" scrolling=\"no\"><\/iframe>","_oembed_time_c50fc65f84bac09bbd36c50718251365":"1674666361","_oembed_4122e5ea72be9a981b587c3b3a9a344d":"<blockquote class=\"wp-embedded-content\" data-secret=\"ojL5BgqJcZ\"><a href=\"https:\/\/www.varesenews.it\/2020\/01\/gioeubia-quello-ce-sapere-sulla-tradizione\/892265\/\">Gioeubia, tutto quello che c&#8217;\u00e8 da sapere sulla tradizione<\/a><\/blockquote><iframe class=\"wp-embedded-content\" sandbox=\"allow-scripts\" security=\"restricted\" style=\"position: absolute; clip: rect(1px, 1px, 1px, 1px);\" src=\"https:\/\/www.varesenews.it\/2020\/01\/gioeubia-quello-ce-sapere-sulla-tradizione\/892265\/embed\/#?secret=ojL5BgqJcZ\" data-secret=\"ojL5BgqJcZ\" width=\"500\" height=\"282\" title=\"&#8220;Gioeubia, tutto quello che c&#8217;\u00e8 da sapere sulla tradizione&#8221; &#8212; VareseNews\" frameborder=\"0\" marginwidth=\"0\" marginheight=\"0\" scrolling=\"no\"><\/iframe>","_oembed_time_4122e5ea72be9a981b587c3b3a9a344d":"1674666361","_oembed_73982d1265672aba472a7f43e813eeb4":"<blockquote class=\"wp-embedded-content\" data-secret=\"KHlMRxSeDn\"><a href=\"https:\/\/www.varesenews.it\/2022\/12\/katya-natale-kiev-bombardata-faticoso-difficile\/1533284\/\">Katya e il Natale a Kiev bombardata. &#8220;Faticoso e difficile&#8221;<\/a><\/blockquote><iframe class=\"wp-embedded-content\" sandbox=\"allow-scripts\" security=\"restricted\" style=\"position: absolute; clip: rect(1px, 1px, 1px, 1px);\" src=\"https:\/\/www.varesenews.it\/2022\/12\/katya-natale-kiev-bombardata-faticoso-difficile\/1533284\/embed\/#?secret=KHlMRxSeDn\" data-secret=\"KHlMRxSeDn\" width=\"500\" height=\"282\" title=\"&#8220;Katya e il Natale a Kiev bombardata. &#8220;Faticoso e difficile&#8221;&#8221; &#8212; VareseNews\" frameborder=\"0\" marginwidth=\"0\" marginheight=\"0\" scrolling=\"no\"><\/iframe>","_oembed_time_73982d1265672aba472a7f43e813eeb4":"1674666361","_oembed_960d5243c0d7f846ff2c5bd3fe2bd678":"<blockquote class=\"wp-embedded-content\" data-secret=\"quUXWV8o4h\"><a href=\"https:\/\/www.varesenews.it\/2023\/01\/incendio-palazzina-vallemaggia-la-stessa-venne-uccisa-donna-nellaprire-2022\/1541421\/\">Incendio in una palazzina in Vallemaggia, la stessa dove venne uccisa una donna nell&#8217;aprire 2022<\/a><\/blockquote><iframe class=\"wp-embedded-content\" sandbox=\"allow-scripts\" security=\"restricted\" style=\"position: absolute; clip: rect(1px, 1px, 1px, 1px);\" src=\"https:\/\/www.varesenews.it\/2023\/01\/incendio-palazzina-vallemaggia-la-stessa-venne-uccisa-donna-nellaprire-2022\/1541421\/embed\/#?secret=quUXWV8o4h\" data-secret=\"quUXWV8o4h\" width=\"500\" height=\"282\" title=\"&#8220;Incendio in una palazzina in Vallemaggia, la stessa dove venne uccisa una donna nell&#8217;aprire 2022&#8221; &#8212; VareseNews\" frameborder=\"0\" marginwidth=\"0\" marginheight=\"0\" scrolling=\"no\"><\/iframe>","_oembed_time_960d5243c0d7f846ff2c5bd3fe2bd678":"1674666414","_oembed_bbc93298daf0df47119a8cabe131a031":"<blockquote class=\"wp-embedded-content\" data-secret=\"j2jkYzOOX8\"><a href=\"https:\/\/www.varesenews.it\/2022\/12\/2022-lanno-senza-acqua\/1533501\/\">2022, l&#8217;anno senza acqua<\/a><\/blockquote><iframe class=\"wp-embedded-content\" sandbox=\"allow-scripts\" security=\"restricted\" style=\"position: absolute; clip: rect(1px, 1px, 1px, 1px);\" src=\"https:\/\/www.varesenews.it\/2022\/12\/2022-lanno-senza-acqua\/1533501\/embed\/#?secret=j2jkYzOOX8\" data-secret=\"j2jkYzOOX8\" width=\"500\" height=\"282\" title=\"&#8220;2022, l&#8217;anno senza acqua&#8221; &#8212; VareseNews\" frameborder=\"0\" marginwidth=\"0\" marginheight=\"0\" scrolling=\"no\"><\/iframe>","_oembed_time_bbc93298daf0df47119a8cabe131a031":"1674666414"},"photos":[{"original":"https:\/\/staging.varesenews.it\/photogallery_new\/images\/2021\/08\/ospedale-gallarate-ingresso-1242197.jpg","full":"https:\/\/staging.varesenews.it\/photogallery_new\/images\/2021\/08\/ospedale-gallarate-ingresso-1242197.1024x768.jpg","large":"https:\/\/staging.varesenews.it\/photogallery_new\/images\/2021\/08\/ospedale-gallarate-ingresso-1242197.610x431.jpg"}],"_links":{"self":[{"href":"https:\/\/staging.varesenews.it\/swgapi\/v1\/wp\/v2\/posts\/1541724"}],"collection":[{"href":"https:\/\/staging.varesenews.it\/swgapi\/v1\/wp\/v2\/posts"}],"about":[{"href":"https:\/\/staging.varesenews.it\/swgapi\/v1\/wp\/v2\/types\/post"}],"author":[{"embeddable":true,"href":"https:\/\/staging.varesenews.it\/swgapi\/v1\/wp\/v2\/users\/46"}],"replies":[{"embeddable":true,"href":"https:\/\/staging.varesenews.it\/swgapi\/v1\/wp\/v2\/comments?post=1541724"}],"version-history":[{"count":0,"href":"https:\/\/staging.varesenews.it\/swgapi\/v1\/wp\/v2\/posts\/1541724\/revisions"}],"wp:attachment":[{"href":"https:\/\/staging.varesenews.it\/swgapi\/v1\/wp\/v2\/media?parent=1541724"}],"wp:term":[{"taxonomy":"category","embeddable":true,"href":"https:\/\/staging.varesenews.it\/swgapi\/v1\/wp\/v2\/categories?post=1541724"},{"taxonomy":"post_tag","embeddable":true,"href":"https:\/\/staging.varesenews.it\/swgapi\/v1\/wp\/v2\/tags?post=1541724"}],"curies":[{"name":"wp","href":"https:\/\/api.w.org\/{rel}","templated":true}]}}