{"id":1542615,"date":"2023-01-27T13:07:19","date_gmt":"2023-01-27T12:07:19","guid":{"rendered":"https:\/\/www.varesenews.it\/?p=1542615"},"modified":"2023-01-27T13:07:19","modified_gmt":"2023-01-27T12:07:19","slug":"dente-tornato-presenta-singolo-la-vita","status":"publish","type":"post","link":"https:\/\/staging.varesenews.it\/2023\/01\/dente-tornato-presenta-singolo-la-vita\/1542615\/","title":{"rendered":"Dente \u00e8 tornato e presenta il singolo &#8220;La vita fino a qui&#8221;"},"content":{"rendered":"<p>A tre anni di distanza dall&#8217;ultima uscita discografica (l&#8217;omonimo album &#8220;Dente&#8221;, del 2020), il cantautore che ha definito la pi\u00f9 elegante delle poetiche nella propria generazione \u00e8 tornato con un inedito. La nuova canzone si intitola &#8220;La vita fino a qui&#8221;, e vede la partecipazione di Carlo Corbellini, classe &#8217;99, voce e anima del progetto padovano Post Nebbia. Il brano anticipa un nuovo disco di Dente, su cui sapremo di pi\u00f9 nei prossimi mesi.<\/p>\n<p><strong>IL BRANO<\/strong><\/p>\n<p>Su un fondale 50s, cinematico e intimo, Dente e Corbellini dei Post Nebbia si accompagnano in un&#8217;atmosfera a met\u00e0 tra un film d\u2019amore e un vecchio sci-fi. In una canzone profondamente nostalgica, la collaborazione tra due voci timbricamente distanti e appartenenti a diverse generazioni \u00e8 uno spiraglio di futuro, un elemento di novit\u00e0 inquieta. Cos\u00ec il tempo passato e le aspettative sul domani si avvicendano e si confondono in una peculiare sintesi.<\/p>\n<p>Dente ne racconta cos\u00ec la composizione: \u201c\u00c8 una canzone uscita di getto in una notte passata a casa al pianoforte, \u00e8 un\u2019estrema sintesi degli ultimi 20 anni della mia vita tra cambiamenti radicali e cose che non cambieranno mai\u201d.<\/p>\n","protected":false},"excerpt":{"rendered":"<p>A tre anni di distanza, il cantautore presenta un nuovo brano inedito che anticipa l&#8217;uscita del suo prossimo album <\/p>\n","protected":false},"author":32,"featured_media":0,"comment_status":"open","ping_status":"open","sticky":false,"template":"","format":"standard","meta":{"footnotes":""},"categories":[9,7,20],"tags":[743],"acf":[],"yoast_head":"<!-- This site is optimized with the Yoast SEO plugin v20.1 - https:\/\/yoast.com\/wordpress\/plugins\/seo\/ -->\n<title>Dente \u00e8 tornato e presenta il singolo &quot;La vita fino a qui&quot;<\/title>\n<meta name=\"description\" content=\"A tre anni di distanza, il cantautore presenta un nuovo brano inedito che anticipa l&#039;uscita del suo prossimo album\" \/>\n<meta name=\"robots\" content=\"noindex, follow, max-snippet:-1, max-image-preview:large, max-video-preview:-1\" \/>\n<meta property=\"og:locale\" content=\"it_IT\" \/>\n<meta property=\"og:type\" content=\"article\" \/>\n<meta property=\"og:title\" content=\"Dente \u00e8 tornato e presenta il singolo &quot;La vita fino a qui&quot;\" \/>\n<meta property=\"og:description\" content=\"A tre anni di distanza, il cantautore presenta un nuovo brano inedito che anticipa l&#039;uscita del suo prossimo album\" \/>\n<meta property=\"og:url\" content=\"https:\/\/www.varesenews.it\/2023\/01\/dente-tornato-presenta-singolo-la-vita\/1542615\/\" \/>\n<meta property=\"og:site_name\" content=\"VareseNews\" \/>\n<meta property=\"article:publisher\" content=\"https:\/\/www.facebook.com\/varesenews\" \/>\n<meta property=\"article:published_time\" content=\"2023-01-27T12:07:19+00:00\" \/>\n<meta name=\"author\" content=\"Adelia Brigo\" \/>\n<meta name=\"twitter:card\" content=\"summary_large_image\" \/>\n<meta name=\"twitter:creator\" content=\"@AdeliaBrigo\" \/>\n<meta name=\"twitter:site\" content=\"@varesenews\" \/>\n<meta name=\"twitter:label1\" content=\"Scritto da\" \/>\n\t<meta name=\"twitter:data1\" content=\"Adelia Brigo\" \/>\n\t<meta name=\"twitter:label2\" content=\"Tempo di lettura stimato\" \/>\n\t<meta name=\"twitter:data2\" content=\"1 minuto\" \/>\n<script type=\"application\/ld+json\" class=\"yoast-schema-graph\">{\"@context\":\"https:\/\/schema.org\",\"@graph\":[{\"@type\":\"WebPage\",\"@id\":\"https:\/\/www.varesenews.it\/2023\/01\/dente-tornato-presenta-singolo-la-vita\/1542615\/\",\"url\":\"https:\/\/www.varesenews.it\/2023\/01\/dente-tornato-presenta-singolo-la-vita\/1542615\/\",\"name\":\"Dente \u00e8 tornato e presenta il singolo \\\"La vita fino a qui\\\"\",\"isPartOf\":{\"@id\":\"https:\/\/staging.varesenews.it\/#website\"},\"datePublished\":\"2023-01-27T12:07:19+00:00\",\"dateModified\":\"2023-01-27T12:07:19+00:00\",\"author\":{\"@id\":\"https:\/\/staging.varesenews.it\/#\/schema\/person\/272ac0f5b2dbfd572218c2d86e013f1a\"},\"description\":\"A tre anni di distanza, il cantautore presenta un nuovo brano inedito che anticipa l'uscita del suo prossimo album\",\"breadcrumb\":{\"@id\":\"https:\/\/www.varesenews.it\/2023\/01\/dente-tornato-presenta-singolo-la-vita\/1542615\/#breadcrumb\"},\"inLanguage\":\"it-IT\",\"potentialAction\":[{\"@type\":\"ReadAction\",\"target\":[\"https:\/\/www.varesenews.it\/2023\/01\/dente-tornato-presenta-singolo-la-vita\/1542615\/\"]}]},{\"@type\":\"BreadcrumbList\",\"@id\":\"https:\/\/www.varesenews.it\/2023\/01\/dente-tornato-presenta-singolo-la-vita\/1542615\/#breadcrumb\",\"itemListElement\":[{\"@type\":\"ListItem\",\"position\":1,\"name\":\"Home\",\"item\":\"https:\/\/www.varesenews.it\/\"},{\"@type\":\"ListItem\",\"position\":2,\"name\":\"Dente \u00e8 tornato e presenta il singolo &#8220;La vita fino a qui&#8221;\"}]},{\"@type\":\"WebSite\",\"@id\":\"https:\/\/staging.varesenews.it\/#website\",\"url\":\"https:\/\/staging.varesenews.it\/\",\"name\":\"VareseNews\",\"description\":\"\",\"potentialAction\":[{\"@type\":\"SearchAction\",\"target\":{\"@type\":\"EntryPoint\",\"urlTemplate\":\"https:\/\/staging.varesenews.it\/?s={search_term_string}\"},\"query-input\":\"required name=search_term_string\"}],\"inLanguage\":\"it-IT\"},{\"@type\":\"Person\",\"@id\":\"https:\/\/staging.varesenews.it\/#\/schema\/person\/272ac0f5b2dbfd572218c2d86e013f1a\",\"name\":\"Adelia Brigo\",\"image\":{\"@type\":\"ImageObject\",\"inLanguage\":\"it-IT\",\"@id\":\"https:\/\/staging.varesenews.it\/#\/schema\/person\/image\/\",\"url\":\"https:\/\/staging.varesenews.it\/wp-content\/uploads\/2020\/12\/adelia_brigo_colori_500.jpg\",\"contentUrl\":\"https:\/\/staging.varesenews.it\/wp-content\/uploads\/2020\/12\/adelia_brigo_colori_500.jpg\",\"caption\":\"Adelia Brigo\"},\"description\":\"Giornalista pubblicista, lavoro a VareseNews dal 2007 e mi occupo di cronaca locale e del settore dedicato alla cultura. In questi anni ho seguito diversi progetti di comunicazione, amo sperimentare strategie per i Social Network e raccontare storie. Varesina, classe 1984, sono laureata in Scienze della Comunicazione.&nbsp;\",\"sameAs\":[\"AdeliaBrigo\",\"https:\/\/twitter.com\/AdeliaBrigo\"],\"url\":\"https:\/\/staging.varesenews.it\/persona\/adelia_brigo\/\"}]}<\/script>\n<!-- \/ Yoast SEO plugin. -->","yoast_head_json":{"title":"Dente \u00e8 tornato e presenta il singolo \"La vita fino a qui\"","description":"A tre anni di distanza, il cantautore presenta un nuovo brano inedito che anticipa l'uscita del suo prossimo album","robots":{"index":"noindex","follow":"follow","max-snippet":"max-snippet:-1","max-image-preview":"max-image-preview:large","max-video-preview":"max-video-preview:-1"},"og_locale":"it_IT","og_type":"article","og_title":"Dente \u00e8 tornato e presenta il singolo \"La vita fino a qui\"","og_description":"A tre anni di distanza, il cantautore presenta un nuovo brano inedito che anticipa l'uscita del suo prossimo album","og_url":"https:\/\/www.varesenews.it\/2023\/01\/dente-tornato-presenta-singolo-la-vita\/1542615\/","og_site_name":"VareseNews","article_publisher":"https:\/\/www.facebook.com\/varesenews","article_published_time":"2023-01-27T12:07:19+00:00","author":"Adelia Brigo","twitter_card":"summary_large_image","twitter_creator":"@AdeliaBrigo","twitter_site":"@varesenews","twitter_misc":{"Scritto da":"Adelia Brigo","Tempo di lettura stimato":"1 minuto"},"schema":{"@context":"https:\/\/schema.org","@graph":[{"@type":"WebPage","@id":"https:\/\/www.varesenews.it\/2023\/01\/dente-tornato-presenta-singolo-la-vita\/1542615\/","url":"https:\/\/www.varesenews.it\/2023\/01\/dente-tornato-presenta-singolo-la-vita\/1542615\/","name":"Dente \u00e8 tornato e presenta il singolo \"La vita fino a qui\"","isPartOf":{"@id":"https:\/\/staging.varesenews.it\/#website"},"datePublished":"2023-01-27T12:07:19+00:00","dateModified":"2023-01-27T12:07:19+00:00","author":{"@id":"https:\/\/staging.varesenews.it\/#\/schema\/person\/272ac0f5b2dbfd572218c2d86e013f1a"},"description":"A tre anni di distanza, il cantautore presenta un nuovo brano inedito che anticipa l'uscita del suo prossimo album","breadcrumb":{"@id":"https:\/\/www.varesenews.it\/2023\/01\/dente-tornato-presenta-singolo-la-vita\/1542615\/#breadcrumb"},"inLanguage":"it-IT","potentialAction":[{"@type":"ReadAction","target":["https:\/\/www.varesenews.it\/2023\/01\/dente-tornato-presenta-singolo-la-vita\/1542615\/"]}]},{"@type":"BreadcrumbList","@id":"https:\/\/www.varesenews.it\/2023\/01\/dente-tornato-presenta-singolo-la-vita\/1542615\/#breadcrumb","itemListElement":[{"@type":"ListItem","position":1,"name":"Home","item":"https:\/\/www.varesenews.it\/"},{"@type":"ListItem","position":2,"name":"Dente \u00e8 tornato e presenta il singolo &#8220;La vita fino a qui&#8221;"}]},{"@type":"WebSite","@id":"https:\/\/staging.varesenews.it\/#website","url":"https:\/\/staging.varesenews.it\/","name":"VareseNews","description":"","potentialAction":[{"@type":"SearchAction","target":{"@type":"EntryPoint","urlTemplate":"https:\/\/staging.varesenews.it\/?s={search_term_string}"},"query-input":"required name=search_term_string"}],"inLanguage":"it-IT"},{"@type":"Person","@id":"https:\/\/staging.varesenews.it\/#\/schema\/person\/272ac0f5b2dbfd572218c2d86e013f1a","name":"Adelia Brigo","image":{"@type":"ImageObject","inLanguage":"it-IT","@id":"https:\/\/staging.varesenews.it\/#\/schema\/person\/image\/","url":"https:\/\/staging.varesenews.it\/wp-content\/uploads\/2020\/12\/adelia_brigo_colori_500.jpg","contentUrl":"https:\/\/staging.varesenews.it\/wp-content\/uploads\/2020\/12\/adelia_brigo_colori_500.jpg","caption":"Adelia Brigo"},"description":"Giornalista pubblicista, lavoro a VareseNews dal 2007 e mi occupo di cronaca locale e del settore dedicato alla cultura. In questi anni ho seguito diversi progetti di comunicazione, amo sperimentare strategie per i Social Network e raccontare storie. Varesina, classe 1984, sono laureata in Scienze della Comunicazione.&nbsp;","sameAs":["AdeliaBrigo","https:\/\/twitter.com\/AdeliaBrigo"],"url":"https:\/\/staging.varesenews.it\/persona\/adelia_brigo\/"}]}},"post_meta":{"content-image-gallery":"","_edit_lock":"1674824899:32","_edit_last":"32","_category_permalink":"a:1:{s:8:\"category\";s:2:\"20\";}","_encloseme":"1","ratings_users":"0","ratings_score":"0","ratings_average":"0","foto":"1368258","firma_come_redazione":"1","argomento":"Musica","_yoast_wpseo_focuskw_text_input":"dente","_yoast_wpseo_focuskw":"dente","_yoast_wpseo_linkdex":"55","_yoast_wpseo_content_score":"30","_jd_tweet_this":"yes","_wpt_short_url":"https:\/\/www.varesenews.it\/2023\/01\/dente-tornato-presenta-singolo-la-vita\/1542615\/","_wp_jd_target":"https:\/\/www.varesenews.it\/2023\/01\/dente-tornato-presenta-singolo-la-vita\/1542615\/","_jd_wp_twitter":"a:1:{i:0;s:152:\"Dente \u00e8 tornato e presenta il singolo \u201cLa vita fino a qui\u201d https:\/\/www.varesenews.it\/2023\/01\/dente-tornato-presenta-singolo-la-vita\/1542615\/ #album\";}","_wpt_status_message":"Tweet inviato con successo.","_oembed_6a86b9b7a87729dd77d0cd0c2a46f841":"<blockquote class=\"wp-embedded-content\" data-secret=\"Iet4YTm74S\"><a href=\"https:\/\/www.varesenews.it\/photogallery\/belle-fantasiose-le-gioeubie-della-valle-olona\/\">Belle e fantasiose le Gioe\u00fcbie della valle Olona<\/a><\/blockquote><iframe class=\"wp-embedded-content\" sandbox=\"allow-scripts\" security=\"restricted\" style=\"position: absolute; clip: rect(1px, 1px, 1px, 1px);\" src=\"https:\/\/www.varesenews.it\/photogallery\/belle-fantasiose-le-gioeubie-della-valle-olona\/embed\/#?secret=Iet4YTm74S\" data-secret=\"Iet4YTm74S\" width=\"500\" height=\"282\" title=\"&#8220;Belle e fantasiose le Gioe\u00fcbie della valle Olona&#8221; &#8212; VareseNews\" frameborder=\"0\" marginwidth=\"0\" marginheight=\"0\" scrolling=\"no\"><\/iframe>","_oembed_time_6a86b9b7a87729dd77d0cd0c2a46f841":"1674821479","_oembed_2895871bb6e1feb2936d05ca39be4aec":"<blockquote class=\"wp-embedded-content\" data-secret=\"cftkIQ6ySB\"><a href=\"https:\/\/www.varesenews.it\/2023\/01\/cento-giorni-dal-via-del-giro-ditalia-cassano-magnago-lancia-la-sua-tappa\/1542428\/\">A cento giorni dal via del Giro d&#8217;Italia Cassano Magnago lancia la &#8220;sua&#8221; tappa<\/a><\/blockquote><iframe class=\"wp-embedded-content\" sandbox=\"allow-scripts\" security=\"restricted\" style=\"position: absolute; clip: rect(1px, 1px, 1px, 1px);\" src=\"https:\/\/www.varesenews.it\/2023\/01\/cento-giorni-dal-via-del-giro-ditalia-cassano-magnago-lancia-la-sua-tappa\/1542428\/embed\/#?secret=cftkIQ6ySB\" data-secret=\"cftkIQ6ySB\" width=\"500\" height=\"282\" title=\"&#8220;A cento giorni dal via del Giro d&#8217;Italia Cassano Magnago lancia la &#8220;sua&#8221; tappa&#8221; &#8212; VareseNews\" frameborder=\"0\" marginwidth=\"0\" marginheight=\"0\" scrolling=\"no\"><\/iframe>","_oembed_time_2895871bb6e1feb2936d05ca39be4aec":"1674821479"},"photos":[{"original":"https:\/\/staging.varesenews.it\/photogallery_new\/images\/2023\/01\/dente-1368258.jpg","full":"https:\/\/staging.varesenews.it\/photogallery_new\/images\/2023\/01\/dente-1368258.1024x768.jpg","large":"https:\/\/staging.varesenews.it\/photogallery_new\/images\/2023\/01\/dente-1368258.610x431.jpg"}],"_links":{"self":[{"href":"https:\/\/staging.varesenews.it\/swgapi\/v1\/wp\/v2\/posts\/1542615"}],"collection":[{"href":"https:\/\/staging.varesenews.it\/swgapi\/v1\/wp\/v2\/posts"}],"about":[{"href":"https:\/\/staging.varesenews.it\/swgapi\/v1\/wp\/v2\/types\/post"}],"author":[{"embeddable":true,"href":"https:\/\/staging.varesenews.it\/swgapi\/v1\/wp\/v2\/users\/32"}],"replies":[{"embeddable":true,"href":"https:\/\/staging.varesenews.it\/swgapi\/v1\/wp\/v2\/comments?post=1542615"}],"version-history":[{"count":0,"href":"https:\/\/staging.varesenews.it\/swgapi\/v1\/wp\/v2\/posts\/1542615\/revisions"}],"wp:attachment":[{"href":"https:\/\/staging.varesenews.it\/swgapi\/v1\/wp\/v2\/media?parent=1542615"}],"wp:term":[{"taxonomy":"category","embeddable":true,"href":"https:\/\/staging.varesenews.it\/swgapi\/v1\/wp\/v2\/categories?post=1542615"},{"taxonomy":"post_tag","embeddable":true,"href":"https:\/\/staging.varesenews.it\/swgapi\/v1\/wp\/v2\/tags?post=1542615"}],"curies":[{"name":"wp","href":"https:\/\/api.w.org\/{rel}","templated":true}]}}