{"id":1544479,"date":"2023-02-02T09:29:19","date_gmt":"2023-02-02T08:29:19","guid":{"rendered":"https:\/\/www.varesenews.it\/?p=1544479"},"modified":"2023-02-02T11:12:54","modified_gmt":"2023-02-02T10:12:54","slug":"rapporto-scuola-famiglie","status":"publish","type":"post","link":"https:\/\/staging.varesenews.it\/2023\/02\/rapporto-scuola-famiglie\/1544479\/","title":{"rendered":"Il rapporto tra scuola e famiglie"},"content":{"rendered":"<p><strong>\u201cIl patto educativo\u201d<\/strong><br \/>\nC\u2019\u00e8 un documento ministeriale insolito e strano, visto che si allontana dalle usuali frasi burocratiche abbastanza incomprensibili e retoriche. Si chiama \u201c<strong>Patto educativo di corresponsabilit\u00e0<\/strong>\u201d. \u00c8 un documento che esplicita e chiarisce i comportamenti, i valori e i princ\u00ecpi che la scuola, le famiglie e gli alunni condividono e si impegnano a rispettare. Stabilisce e regola i ruoli, i diritti e i doveri nel rapporto scuola-famiglia durante il percorso degli studenti. Il \u201cPatto educativo\u201d afferma anche che \u201cla nostra Costituzione assegna alla famiglia e alla scuola la responsabilit\u00e0 di educare e di istruire i giovani\u201d. Viene firmato dalle famiglie al momento della definitiva iscrizione. Dopodich\u00e9, tutti le parti in gioco &#8211; alunni, genitori e docenti &#8211; devono impegnarsi ogni giorno: cio\u00e8 <strong>\u201cdare in pegno\u201d, promettere la parola e la fiducia reciproca.<\/strong><\/p>\n<p><em>Scripta manent<\/em> dicevano i latini per assegnare un suggello scritto alla fiducia; parola, quest\u2019ultima, che ha la propria radice etimologica nel foedus, nel patto appunto. <strong>Ma poi, alla prova concreta,\u00a0 l\u2019anno scolastico \u00e8 lungo e spesso imprevedibile<\/strong>. Le occasioni di aggiornare e rinsaldare la collaborazione tra scuola e famiglie sono gli incontri tra docenti e genitori. Oltre a quelli settimanali con gli insegnanti in caso di urgenze (il famoso \u201corario di ricevimento\u201d), quasi tutte le scuole organizzano degli incontri \u201callargati\u201d: in uno o due pomeriggi al quadrimestre, le famiglie possono parlare con tutti i docenti, pochi giorni dopo la consegna delle pagelle o delle schede di valutazione.<\/p>\n<p><strong>Questi colloqui \u201cgenerali\u201d con i genitori rappresentano un momento importante<\/strong>, sia sotto il profilo didattico che umano. Sono un\u2019opportunit\u00e0 per comunicare ai genitori i vari aspetti dell\u2019esperienza scolastica dei figli, ma anche i momenti in cui emergono le dinamiche emotive ed educative delle famiglie.<\/p>\n<p><strong>Come gestire gli incontri con le famiglie<\/strong><br \/>\nPrendiamo in considerazione dapprima gli aspetti organizzativi. <strong>La riuscita di un incontro dipende anche<\/strong><br \/>\n<strong>dalle modalit\u00e0 in cui si svolge<\/strong>. Da non trascurare, innanzitutto, un\u2019organizzazione chiara da parte della scuola verso le famiglie: bisogna dare la possibilit\u00e0 di fissare l\u2019appuntamento, chiarire le tempistiche del momento informativo e la durata dei colloqui. Banalmente, anche per non creare lunghe code e attese snervanti nei corridoi dell\u2019istituto. E poi predisporre quello che i pedagogisti chiamano il \u201csetting\u201d pi\u00f9 adatto: per ciascun docente, un\u2019aula in cui si riceve una famiglia alla volta. La protezione della riservatezza, la tranquillit\u00e0 del contesto &#8211; e un ambiente curato &#8211; sono le premesse necessarie per trasmettere cortesia e rispetto.<\/p>\n<p>Infine, <strong>cosa succede concretamente ai colloqui tra docenti e famiglie?<\/strong> Quali situazioni, anche intensamente emotive, si verificano? Ne parleremo gioved\u00ec prossimo!<\/p>\n<p><em><a href=\"https:\/\/pixabay.com\/it\/service\/terms\/\">(foto Pixabay)<\/a><\/em><\/p>\n<hr \/>\n<p><em>Alberto Introini, dopo aver insegnato in vari licei della provincia di Varese, dal 2008 \u00e8 docente di Italiano e Storia presso l\u2019Istituto Elvetico di Lugano (Svizzera).\u00a0<\/em><em>Ha due lauree, in Lettere-Filosofia (2002, Universit\u00e0 Statale di Milano) e in Storia (2022, Universit\u00e0 di Zugo, Svizzera). Iscritto dal 2004 all\u2019Ordine dei Giornalisti di Milano, ha pubblicato 4 libri. Partecipa come relatore o moderatore a diversi eventi culturali nel nord Italia. La sua rubrica settimanale \u201c<a href=\"https:\/\/www.varesenews.it\/tag\/il-prof-tra-i-banchi\/\">Il prof tra i banchi<\/a>\u201d tratter\u00e0 argomenti di scuola, didattica e formazione, commentando le notizie di attualit\u00e0 che si susseguiranno nel corso delle settimane.<\/em><\/p>\n<p><em>Prof. Alberto Introini<\/em><br \/>\n<em>Docente e scrittore<\/em><br \/>\n<em>@intro.prof<\/em><\/p>\n<h2><a href=\"https:\/\/www.varesenews.it\/tag\/il-prof-tra-i-banchi\/\">LEGGI TUTTE LE PUNTATE DELLA RUBRICA &#8220;IL PROF TRA I BANCHI&#8221;<\/a><\/h2>\n","protected":false},"excerpt":{"rendered":"<p>La rubrica settimanale &#8220;Il prof tra i banchi&#8221;, curata da Alberto Introini, tratter\u00e0 argomenti di scuola, didattica e formazione, commentando le notizie di attualit\u00e0 che si susseguiranno nel corso delle settimane<\/p>\n","protected":false},"author":39,"featured_media":0,"comment_status":"open","ping_status":"open","sticky":false,"template":"","format":"standard","meta":{"footnotes":""},"categories":[90],"tags":[125861,223,129097],"acf":[],"yoast_head":"<!-- This site is optimized with the Yoast SEO plugin v20.1 - https:\/\/yoast.com\/wordpress\/plugins\/seo\/ -->\n<title>Il rapporto tra scuola e famiglie<\/title>\n<meta name=\"description\" content=\"La rubrica settimanale &quot;Il prof tra i banchi&quot;, curata da Alberto Introini, tratter\u00e0 argomenti di scuola, didattica e formazione, commentando le notizie di attualit\u00e0 che si susseguiranno nel corso delle settimane\" \/>\n<meta name=\"robots\" content=\"noindex, follow, max-snippet:-1, max-image-preview:large, max-video-preview:-1\" \/>\n<meta property=\"og:locale\" content=\"it_IT\" \/>\n<meta property=\"og:type\" content=\"article\" \/>\n<meta property=\"og:title\" content=\"Il rapporto tra scuola e famiglie\" \/>\n<meta property=\"og:description\" content=\"La rubrica settimanale &quot;Il prof tra i banchi&quot;, curata da Alberto Introini, tratter\u00e0 argomenti di scuola, didattica e formazione, commentando le notizie di attualit\u00e0 che si susseguiranno nel corso delle settimane\" \/>\n<meta property=\"og:url\" content=\"https:\/\/www.varesenews.it\/2023\/02\/rapporto-scuola-famiglie\/1544479\/\" \/>\n<meta property=\"og:site_name\" content=\"VareseNews\" \/>\n<meta property=\"article:publisher\" content=\"https:\/\/www.facebook.com\/varesenews\" \/>\n<meta property=\"article:author\" content=\"https:\/\/www.facebook.com\/tommaso.guidotti.7\" \/>\n<meta property=\"article:published_time\" content=\"2023-02-02T08:29:19+00:00\" \/>\n<meta property=\"article:modified_time\" content=\"2023-02-02T10:12:54+00:00\" \/>\n<meta name=\"author\" content=\"Tommaso Guidotti\" \/>\n<meta name=\"twitter:card\" content=\"summary_large_image\" \/>\n<meta name=\"twitter:creator\" content=\"@tomguidoz\" \/>\n<meta name=\"twitter:site\" content=\"@varesenews\" \/>\n<meta name=\"twitter:label1\" content=\"Scritto da\" \/>\n\t<meta name=\"twitter:data1\" content=\"Tommaso Guidotti\" \/>\n\t<meta name=\"twitter:label2\" content=\"Tempo di lettura stimato\" \/>\n\t<meta name=\"twitter:data2\" content=\"3 minuti\" \/>\n<script type=\"application\/ld+json\" class=\"yoast-schema-graph\">{\"@context\":\"https:\/\/schema.org\",\"@graph\":[{\"@type\":\"WebPage\",\"@id\":\"https:\/\/www.varesenews.it\/2023\/02\/rapporto-scuola-famiglie\/1544479\/\",\"url\":\"https:\/\/www.varesenews.it\/2023\/02\/rapporto-scuola-famiglie\/1544479\/\",\"name\":\"Il rapporto tra scuola e famiglie\",\"isPartOf\":{\"@id\":\"https:\/\/staging.varesenews.it\/#website\"},\"datePublished\":\"2023-02-02T08:29:19+00:00\",\"dateModified\":\"2023-02-02T10:12:54+00:00\",\"author\":{\"@id\":\"https:\/\/staging.varesenews.it\/#\/schema\/person\/5ae9c65889c40fea73a6c40733b93f8a\"},\"description\":\"La rubrica settimanale \\\"Il prof tra i banchi\\\", curata da Alberto Introini, tratter\u00e0 argomenti di scuola, didattica e formazione, commentando le notizie di attualit\u00e0 che si susseguiranno nel corso delle settimane\",\"breadcrumb\":{\"@id\":\"https:\/\/www.varesenews.it\/2023\/02\/rapporto-scuola-famiglie\/1544479\/#breadcrumb\"},\"inLanguage\":\"it-IT\",\"potentialAction\":[{\"@type\":\"ReadAction\",\"target\":[\"https:\/\/www.varesenews.it\/2023\/02\/rapporto-scuola-famiglie\/1544479\/\"]}]},{\"@type\":\"BreadcrumbList\",\"@id\":\"https:\/\/www.varesenews.it\/2023\/02\/rapporto-scuola-famiglie\/1544479\/#breadcrumb\",\"itemListElement\":[{\"@type\":\"ListItem\",\"position\":1,\"name\":\"Home\",\"item\":\"https:\/\/www.varesenews.it\/\"},{\"@type\":\"ListItem\",\"position\":2,\"name\":\"Il rapporto tra scuola e famiglie\"}]},{\"@type\":\"WebSite\",\"@id\":\"https:\/\/staging.varesenews.it\/#website\",\"url\":\"https:\/\/staging.varesenews.it\/\",\"name\":\"VareseNews\",\"description\":\"\",\"potentialAction\":[{\"@type\":\"SearchAction\",\"target\":{\"@type\":\"EntryPoint\",\"urlTemplate\":\"https:\/\/staging.varesenews.it\/?s={search_term_string}\"},\"query-input\":\"required name=search_term_string\"}],\"inLanguage\":\"it-IT\"},{\"@type\":\"Person\",\"@id\":\"https:\/\/staging.varesenews.it\/#\/schema\/person\/5ae9c65889c40fea73a6c40733b93f8a\",\"name\":\"Tommaso Guidotti\",\"image\":{\"@type\":\"ImageObject\",\"inLanguage\":\"it-IT\",\"@id\":\"https:\/\/staging.varesenews.it\/#\/schema\/person\/image\/\",\"url\":\"https:\/\/staging.varesenews.it\/wp-content\/uploads\/2020\/12\/tommaso_guidotti_colori_500.jpg\",\"contentUrl\":\"https:\/\/staging.varesenews.it\/wp-content\/uploads\/2020\/12\/tommaso_guidotti_colori_500.jpg\",\"caption\":\"Tommaso Guidotti\"},\"description\":\"Nato a Milano e trasferito nel Varesotto in tenera et&agrave;, sposato con Chiara dal 2012 e padre di due figli, Lorenzo e Alice. Sono laureato in Scienze Politiche e ho nel mio bagaglio lontani studi classici al Liceo Cairoli di Varese. Amo leggere, le serie tv, i viaggi e mi piace sperimentare e conoscere. La passione pi&ugrave; grande? Il calcio, giocato, simulato e guardato: occupo parte del mio tempo libero con quella che &egrave; pi&ugrave; di una squadra di calcio, i Bidone, una vera e propria seconda famiglia con cui ho portato avanti tanti progetti sportivi e benefici. Faccio parte dal 2004 della squadra di VareseNews e sono giornalista professionista dal 2009: per dieci anni ho ricoperto il ruolo di caporedattore. Dal 2019 coordino insieme ad una redazione di giovani collaboratori il nuovo progetto del gruppo nella zona del Saronnese, il giornale SaronnoNews, spin-off di VareseNews, restando comunque radicato al territorio di Casciago, paese che mi ha adottato e che amo moltissimo come il lago di Varese e Cazzago Brabbia, il paese dove ho vissuto da giovane.\",\"sameAs\":[\"https:\/\/www.facebook.com\/tommaso.guidotti.7\",\"tomguidoz80\",\"https:\/\/www.linkedin.com\/profile\/view?id=36891883&authType=name&authToken=9pNm&locale=en_US&goback=npv_36891883_*1_*1_name_9pNm_*1_*1_*1_*1_*1_*1_*1_*1_*1_*1_*1_*1_*1_*1_*1_*1_*1_*1_*1_*1_*1_*1_*1_*1_*1_*1_*1_*1_*1_*1_*1_*1_*1\",\"https:\/\/twitter.com\/tomguidoz\"],\"url\":\"https:\/\/staging.varesenews.it\/persona\/tommaso_guidotti\/\"}]}<\/script>\n<!-- \/ Yoast SEO plugin. -->","yoast_head_json":{"title":"Il rapporto tra scuola e famiglie","description":"La rubrica settimanale \"Il prof tra i banchi\", curata da Alberto Introini, tratter\u00e0 argomenti di scuola, didattica e formazione, commentando le notizie di attualit\u00e0 che si susseguiranno nel corso delle settimane","robots":{"index":"noindex","follow":"follow","max-snippet":"max-snippet:-1","max-image-preview":"max-image-preview:large","max-video-preview":"max-video-preview:-1"},"og_locale":"it_IT","og_type":"article","og_title":"Il rapporto tra scuola e famiglie","og_description":"La rubrica settimanale \"Il prof tra i banchi\", curata da Alberto Introini, tratter\u00e0 argomenti di scuola, didattica e formazione, commentando le notizie di attualit\u00e0 che si susseguiranno nel corso delle settimane","og_url":"https:\/\/www.varesenews.it\/2023\/02\/rapporto-scuola-famiglie\/1544479\/","og_site_name":"VareseNews","article_publisher":"https:\/\/www.facebook.com\/varesenews","article_author":"https:\/\/www.facebook.com\/tommaso.guidotti.7","article_published_time":"2023-02-02T08:29:19+00:00","article_modified_time":"2023-02-02T10:12:54+00:00","author":"Tommaso Guidotti","twitter_card":"summary_large_image","twitter_creator":"@tomguidoz","twitter_site":"@varesenews","twitter_misc":{"Scritto da":"Tommaso Guidotti","Tempo di lettura stimato":"3 minuti"},"schema":{"@context":"https:\/\/schema.org","@graph":[{"@type":"WebPage","@id":"https:\/\/www.varesenews.it\/2023\/02\/rapporto-scuola-famiglie\/1544479\/","url":"https:\/\/www.varesenews.it\/2023\/02\/rapporto-scuola-famiglie\/1544479\/","name":"Il rapporto tra scuola e famiglie","isPartOf":{"@id":"https:\/\/staging.varesenews.it\/#website"},"datePublished":"2023-02-02T08:29:19+00:00","dateModified":"2023-02-02T10:12:54+00:00","author":{"@id":"https:\/\/staging.varesenews.it\/#\/schema\/person\/5ae9c65889c40fea73a6c40733b93f8a"},"description":"La rubrica settimanale \"Il prof tra i banchi\", curata da Alberto Introini, tratter\u00e0 argomenti di scuola, didattica e formazione, commentando le notizie di attualit\u00e0 che si susseguiranno nel corso delle settimane","breadcrumb":{"@id":"https:\/\/www.varesenews.it\/2023\/02\/rapporto-scuola-famiglie\/1544479\/#breadcrumb"},"inLanguage":"it-IT","potentialAction":[{"@type":"ReadAction","target":["https:\/\/www.varesenews.it\/2023\/02\/rapporto-scuola-famiglie\/1544479\/"]}]},{"@type":"BreadcrumbList","@id":"https:\/\/www.varesenews.it\/2023\/02\/rapporto-scuola-famiglie\/1544479\/#breadcrumb","itemListElement":[{"@type":"ListItem","position":1,"name":"Home","item":"https:\/\/www.varesenews.it\/"},{"@type":"ListItem","position":2,"name":"Il rapporto tra scuola e famiglie"}]},{"@type":"WebSite","@id":"https:\/\/staging.varesenews.it\/#website","url":"https:\/\/staging.varesenews.it\/","name":"VareseNews","description":"","potentialAction":[{"@type":"SearchAction","target":{"@type":"EntryPoint","urlTemplate":"https:\/\/staging.varesenews.it\/?s={search_term_string}"},"query-input":"required name=search_term_string"}],"inLanguage":"it-IT"},{"@type":"Person","@id":"https:\/\/staging.varesenews.it\/#\/schema\/person\/5ae9c65889c40fea73a6c40733b93f8a","name":"Tommaso Guidotti","image":{"@type":"ImageObject","inLanguage":"it-IT","@id":"https:\/\/staging.varesenews.it\/#\/schema\/person\/image\/","url":"https:\/\/staging.varesenews.it\/wp-content\/uploads\/2020\/12\/tommaso_guidotti_colori_500.jpg","contentUrl":"https:\/\/staging.varesenews.it\/wp-content\/uploads\/2020\/12\/tommaso_guidotti_colori_500.jpg","caption":"Tommaso Guidotti"},"description":"Nato a Milano e trasferito nel Varesotto in tenera et&agrave;, sposato con Chiara dal 2012 e padre di due figli, Lorenzo e Alice. Sono laureato in Scienze Politiche e ho nel mio bagaglio lontani studi classici al Liceo Cairoli di Varese. Amo leggere, le serie tv, i viaggi e mi piace sperimentare e conoscere. La passione pi&ugrave; grande? Il calcio, giocato, simulato e guardato: occupo parte del mio tempo libero con quella che &egrave; pi&ugrave; di una squadra di calcio, i Bidone, una vera e propria seconda famiglia con cui ho portato avanti tanti progetti sportivi e benefici. Faccio parte dal 2004 della squadra di VareseNews e sono giornalista professionista dal 2009: per dieci anni ho ricoperto il ruolo di caporedattore. Dal 2019 coordino insieme ad una redazione di giovani collaboratori il nuovo progetto del gruppo nella zona del Saronnese, il giornale SaronnoNews, spin-off di VareseNews, restando comunque radicato al territorio di Casciago, paese che mi ha adottato e che amo moltissimo come il lago di Varese e Cazzago Brabbia, il paese dove ho vissuto da giovane.","sameAs":["https:\/\/www.facebook.com\/tommaso.guidotti.7","tomguidoz80","https:\/\/www.linkedin.com\/profile\/view?id=36891883&authType=name&authToken=9pNm&locale=en_US&goback=npv_36891883_*1_*1_name_9pNm_*1_*1_*1_*1_*1_*1_*1_*1_*1_*1_*1_*1_*1_*1_*1_*1_*1_*1_*1_*1_*1_*1_*1_*1_*1_*1_*1_*1_*1_*1_*1_*1_*1","https:\/\/twitter.com\/tomguidoz"],"url":"https:\/\/staging.varesenews.it\/persona\/tommaso_guidotti\/"}]}},"post_meta":{"content-image-gallery":"","foto":"1369517","argomento":"Rubrica","ratings_users":"0","ratings_score":"0","ratings_average":"0","firma-personalizzata":"Alberto Introini","_edit_lock":"1675333284:39","_edit_last":"39","_category_permalink":"a:1:{s:8:\"category\";s:0:\"\";}","_encloseme":"1","_yoast_wpseo_focuskw_text_input":"scuola","_yoast_wpseo_focuskw":"scuola","_yoast_wpseo_linkdex":"76","_yoast_wpseo_content_score":"90","_jd_tweet_this":"yes","_wpt_short_url":"https:\/\/www.varesenews.it\/2023\/02\/rapporto-scuola-famiglie\/1544479\/","_wp_jd_target":"https:\/\/www.varesenews.it\/2023\/02\/rapporto-scuola-famiglie\/1544479\/","_jd_wp_twitter":"a:1:{i:0;s:125:\"Il rapporto tra scuola e famiglie https:\/\/www.varesenews.it\/2023\/02\/rapporto-scuola-famiglie\/1544479\/ #scuola #scuolafamiglia\";}","_wpt_status_message":"Tweet inviato con successo.","_oembed_1866b1a0ab491a51402c474881ad466d":"<blockquote class=\"wp-embedded-content\" data-secret=\"Ij4QOYOEk4\"><a href=\"https:\/\/www.varesenews.it\/2023\/02\/la-pro-patria-si-riscopre-coriacea-vittoria-anche-vercelli\/1544407\/\">La Pro Patria si riscopre coriacea: vittoria anche a Vercelli<\/a><\/blockquote><iframe class=\"wp-embedded-content\" sandbox=\"allow-scripts\" security=\"restricted\" style=\"position: absolute; clip: rect(1px, 1px, 1px, 1px);\" src=\"https:\/\/www.varesenews.it\/2023\/02\/la-pro-patria-si-riscopre-coriacea-vittoria-anche-vercelli\/1544407\/embed\/#?secret=Ij4QOYOEk4\" data-secret=\"Ij4QOYOEk4\" width=\"500\" height=\"282\" title=\"&#8220;La Pro Patria si riscopre coriacea: vittoria anche a Vercelli&#8221; &#8212; VareseNews\" frameborder=\"0\" marginwidth=\"0\" marginheight=\"0\" scrolling=\"no\"><\/iframe>","_oembed_time_1866b1a0ab491a51402c474881ad466d":"1675326573","_oembed_0ad1b9b520f96ee9c0357a24572820dd":"<blockquote class=\"wp-embedded-content\" data-secret=\"UEj5MtwpAB\"><a href=\"https:\/\/www.varesenews.it\/2023\/02\/gol-ed-esultanza-pitou-spirito-squadra-questa-la-pro-patria\/1544414\/\">Gol ed esultanza per Pitou: &#8220;Spirito di squadra, questa \u00e8 la Pro Patria&#8221;<\/a><\/blockquote><iframe class=\"wp-embedded-content\" sandbox=\"allow-scripts\" security=\"restricted\" style=\"position: absolute; clip: rect(1px, 1px, 1px, 1px);\" src=\"https:\/\/www.varesenews.it\/2023\/02\/gol-ed-esultanza-pitou-spirito-squadra-questa-la-pro-patria\/1544414\/embed\/#?secret=UEj5MtwpAB\" data-secret=\"UEj5MtwpAB\" width=\"500\" height=\"282\" title=\"&#8220;Gol ed esultanza per Pitou: &#8220;Spirito di squadra, questa \u00e8 la Pro Patria&#8221;&#8221; &#8212; VareseNews\" frameborder=\"0\" marginwidth=\"0\" marginheight=\"0\" scrolling=\"no\"><\/iframe>","_oembed_time_0ad1b9b520f96ee9c0357a24572820dd":"1675326573","_oembed_3333fffa806d787f63e297f01294f0d4":"<blockquote class=\"wp-embedded-content\" data-secret=\"Ihj1kko0ik\"><a href=\"https:\/\/www.varesenews.it\/2023\/02\/pagelle-pro-patria-del-favero-magnetico-saporetti-si-riscatta-10-clean-sheet-stagionali\/1544437\/\">Pagelle Pro Patria: Del Favero magnetico, Saporetti si riscatta, 10 i clean sheet stagionali<\/a><\/blockquote><iframe class=\"wp-embedded-content\" sandbox=\"allow-scripts\" security=\"restricted\" style=\"position: absolute; clip: rect(1px, 1px, 1px, 1px);\" src=\"https:\/\/www.varesenews.it\/2023\/02\/pagelle-pro-patria-del-favero-magnetico-saporetti-si-riscatta-10-clean-sheet-stagionali\/1544437\/embed\/#?secret=Ihj1kko0ik\" data-secret=\"Ihj1kko0ik\" width=\"500\" height=\"282\" title=\"&#8220;Pagelle Pro Patria: Del Favero magnetico, Saporetti si riscatta, 10 i clean sheet stagionali&#8221; &#8212; VareseNews\" frameborder=\"0\" marginwidth=\"0\" marginheight=\"0\" scrolling=\"no\"><\/iframe>","_oembed_time_3333fffa806d787f63e297f01294f0d4":"1675326573","_oembed_f5dfe33dcc90ec12ae145cf9b419f5bf":"<blockquote class=\"wp-embedded-content\" data-secret=\"gun3PCmPBa\"><a href=\"https:\/\/www.varesenews.it\/2023\/02\/calcio-serie-c-pro-vercelli-pro-patria\/1544257\/\">Calcio, Serie C: Pro Vercelli &#8211; Pro Patria<\/a><\/blockquote><iframe class=\"wp-embedded-content\" sandbox=\"allow-scripts\" security=\"restricted\" style=\"position: absolute; clip: rect(1px, 1px, 1px, 1px);\" src=\"https:\/\/www.varesenews.it\/2023\/02\/calcio-serie-c-pro-vercelli-pro-patria\/1544257\/embed\/#?secret=gun3PCmPBa\" data-secret=\"gun3PCmPBa\" width=\"500\" height=\"282\" title=\"&#8220;Calcio, Serie C: Pro Vercelli &#8211; Pro Patria&#8221; &#8212; VareseNews\" frameborder=\"0\" marginwidth=\"0\" marginheight=\"0\" scrolling=\"no\"><\/iframe>","_oembed_time_f5dfe33dcc90ec12ae145cf9b419f5bf":"1675326573","_oembed_32671d3380f5eeb61ef7e66b97e3cec2":"<blockquote class=\"wp-embedded-content\" data-secret=\"DF3VObNgFy\"><a href=\"https:\/\/www.varesenews.it\/2023\/01\/la-siccita-continua-scorte-dacqua-sempre-piu-basse-po-gia-messo-peggio-rispetto-al-2022\/1543103\/\">La siccit\u00e0 continua, scorte d&#8217;acqua sempre pi\u00f9 basse: &#8220;Il Po \u00e8 gi\u00e0 messo peggio rispetto al 2022&#8221;<\/a><\/blockquote><iframe class=\"wp-embedded-content\" sandbox=\"allow-scripts\" security=\"restricted\" style=\"position: absolute; clip: rect(1px, 1px, 1px, 1px);\" src=\"https:\/\/www.varesenews.it\/2023\/01\/la-siccita-continua-scorte-dacqua-sempre-piu-basse-po-gia-messo-peggio-rispetto-al-2022\/1543103\/embed\/#?secret=DF3VObNgFy\" data-secret=\"DF3VObNgFy\" width=\"500\" height=\"282\" title=\"&#8220;La siccit\u00e0 continua, scorte d&#8217;acqua sempre pi\u00f9 basse: &#8220;Il Po \u00e8 gi\u00e0 messo peggio rispetto al 2022&#8221;&#8221; &#8212; VareseNews\" frameborder=\"0\" marginwidth=\"0\" marginheight=\"0\" scrolling=\"no\"><\/iframe>","_oembed_time_32671d3380f5eeb61ef7e66b97e3cec2":"1675326573"},"photos":[{"original":"https:\/\/staging.varesenews.it\/photogallery_new\/images\/2023\/02\/generico-30-jan-2023-1369517.jpg","full":"https:\/\/staging.varesenews.it\/photogallery_new\/images\/2023\/02\/generico-30-jan-2023-1369517.1024x768.jpg","large":"https:\/\/staging.varesenews.it\/photogallery_new\/images\/2023\/02\/generico-30-jan-2023-1369517.610x431.jpg"}],"_links":{"self":[{"href":"https:\/\/staging.varesenews.it\/swgapi\/v1\/wp\/v2\/posts\/1544479"}],"collection":[{"href":"https:\/\/staging.varesenews.it\/swgapi\/v1\/wp\/v2\/posts"}],"about":[{"href":"https:\/\/staging.varesenews.it\/swgapi\/v1\/wp\/v2\/types\/post"}],"author":[{"embeddable":true,"href":"https:\/\/staging.varesenews.it\/swgapi\/v1\/wp\/v2\/users\/39"}],"replies":[{"embeddable":true,"href":"https:\/\/staging.varesenews.it\/swgapi\/v1\/wp\/v2\/comments?post=1544479"}],"version-history":[{"count":0,"href":"https:\/\/staging.varesenews.it\/swgapi\/v1\/wp\/v2\/posts\/1544479\/revisions"}],"wp:attachment":[{"href":"https:\/\/staging.varesenews.it\/swgapi\/v1\/wp\/v2\/media?parent=1544479"}],"wp:term":[{"taxonomy":"category","embeddable":true,"href":"https:\/\/staging.varesenews.it\/swgapi\/v1\/wp\/v2\/categories?post=1544479"},{"taxonomy":"post_tag","embeddable":true,"href":"https:\/\/staging.varesenews.it\/swgapi\/v1\/wp\/v2\/tags?post=1544479"}],"curies":[{"name":"wp","href":"https:\/\/api.w.org\/{rel}","templated":true}]}}