{"id":1545084,"date":"2023-02-03T16:30:58","date_gmt":"2023-02-03T15:30:58","guid":{"rendered":"https:\/\/www.varesenews.it\/?p=1545084"},"modified":"2023-02-03T16:30:58","modified_gmt":"2023-02-03T15:30:58","slug":"varese-citta-perfetta-frontalieri-parte-la-campagna-del-comune","status":"publish","type":"post","link":"https:\/\/staging.varesenews.it\/2023\/02\/varese-citta-perfetta-frontalieri-parte-la-campagna-del-comune\/1545084\/","title":{"rendered":"&#8220;Varese citt\u00e0 perfetta per i frontalieri&#8221;, parte la campagna del Comune"},"content":{"rendered":"<p>A seguito dell&#8217;<a href=\"https:\/\/www.varesenews.it\/2023\/02\/laccordo-fiscale-sui-frontalieri-ratificato-dal-senato\/1544167\/\">accordo fiscale tra Italia e Svizzera sul lavoro frontaliero<\/a>, <strong>il Comune di Varese ha lanciato una campagna di comunicazione per promuovere la citt\u00e0 e i servizi che la rendono attrattiva per chi lavora oltre confine<\/strong>. Il progetto prevede la diffusione di materiale informativo che promuova l&#8217;offerta culturale e sportiva, la disponibilit\u00e0 di spazi aperti, gli eventi della citt\u00e0 adatti a tutti i membri della famiglia, i collegamenti veloci con le principali citt\u00e0 Svizzere e la vicina Milano, gli asili nido gratuiti e l&#8217;ampio mercato immobiliare.<\/p>\n<p><strong>Varese \u00e8 infatti uno dei comuni di frontiera interessati dal flusso quotidiano di lavoratori che si dirigono in Svizzera<\/strong>. Per la citt\u00e0 dunque la ratifica dell&#8217;accordo pu\u00f2 essere recepita attraverso la prosecuzione del tavolo di confronto, per far s\u00ec che le risorse derivanti dal ristorno fiscale vadano a favorire investimenti funzionali e necessari ai lavoratori frontalieri presenti, con interventi finalizzati a migliorare infrastrutture e servizi.<\/p>\n<p>\u00abLa nostra citt\u00e0 in questi anni ha avviato una serie di cambiamenti strutturali che hanno potenziato servizi, riqualificato impianti e intere aree \u2013 spiega il sindaco <strong>Davide Galimberti<\/strong> \u2013 In concomitanza con la votazione sul nuovo accordo fiscale, diamo il via a una campagna rivolta a una particolare categoria di utenti, quella dei frontalieri, per promuovere le tante opportunit\u00e0 della citt\u00e0, che in questi anni \u00e8 diventata sempre pi\u00f9 moderna, attrattiva, servita, basti pensare al collegamento su rotaia che in meno di 20 minuti porta oltre confine. Nei prossimi mesi proseguiremo la campagna di valorizzazione del territorio rivolgendoci anche ad altre fasce di utenti\u00bb.<\/p>\n<p>\u00abL&#8217;area insubrica \u00e8 al centro dell&#8217;azione amministrativa per molti aspetti, in questi mesi abbiamo sviluppato progetti turistici e di promozione culturale in accordo con i diversi territori di confine, mentre prosegue il tavolo di confronto sul tema dei frontalieri \u2013 dichiara la vicesindaca <strong>Ivana Perusin<\/strong> &#8211; L&#8217;obiettivo \u00e8 quello di intercettare e favorire sempre pi\u00f9 i reali bisogni e necessit\u00e0 per far s\u00ec che la citt\u00e0 possa rispondere al meglio alle esigenze dei suoi cittadini: tra questi, una fascia importante \u00e8 storicamente costituita dai lavoratori frontalieri\u00bb.<\/p>\n<p>\u00abLa citt\u00e0 si trasforma non solo nelle infrastrutture ma anche nei servizi \u2013 aggiunge l&#8217;assessora ai Servizi Sociali <strong>Rossella Dimaggio<\/strong> &#8211; noi siamo al lavoro per rendere Varese sempre pi\u00f9 attrattiva e inclusiva, attraverso servizi scolastici flessibili ed efficienti, ad esempio con la misura dei nidi gratis, con servizi di doposcuola e prescuola capillari sul territorio cittadino, con servizi che vanno a favore delle giovani famiglie\u00bb.<\/p>\n","protected":false},"excerpt":{"rendered":"<p>L&#8217;amministrazione ha lanciato un progetto per promuovere l&#8217;attrattivit\u00e0 di Varese a seguito dell&#8217;accordo Italia-Svizzera sui lavoratori che attraversano il confine<\/p>\n","protected":false},"author":12163,"featured_media":0,"comment_status":"open","ping_status":"open","sticky":false,"template":"","format":"standard","meta":{"footnotes":""},"categories":[2],"tags":[672],"acf":[],"yoast_head":"<!-- This site is optimized with the Yoast SEO plugin v20.1 - https:\/\/yoast.com\/wordpress\/plugins\/seo\/ -->\n<title>&quot;Varese citt\u00e0 perfetta per i frontalieri&quot;, parte la campagna del Comune<\/title>\n<meta name=\"description\" content=\"L&#039;amministrazione ha lanciato un progetto per promuovere l&#039;attrattivit\u00e0 di Varese a seguito dell&#039;accordo Italia-Svizzera sui lavoratori che attraversano il confine\" \/>\n<meta name=\"robots\" content=\"noindex, follow, max-snippet:-1, max-image-preview:large, max-video-preview:-1\" \/>\n<meta property=\"og:locale\" content=\"it_IT\" \/>\n<meta property=\"og:type\" content=\"article\" \/>\n<meta property=\"og:title\" content=\"&quot;Varese citt\u00e0 perfetta per i frontalieri&quot;, parte la campagna del Comune\" \/>\n<meta property=\"og:description\" content=\"L&#039;amministrazione ha lanciato un progetto per promuovere l&#039;attrattivit\u00e0 di Varese a seguito dell&#039;accordo Italia-Svizzera sui lavoratori che attraversano il confine\" \/>\n<meta property=\"og:url\" content=\"https:\/\/www.varesenews.it\/2023\/02\/varese-citta-perfetta-frontalieri-parte-la-campagna-del-comune\/1545084\/\" \/>\n<meta property=\"og:site_name\" content=\"VareseNews\" \/>\n<meta property=\"article:publisher\" content=\"https:\/\/www.facebook.com\/varesenews\" \/>\n<meta property=\"article:published_time\" content=\"2023-02-03T15:30:58+00:00\" \/>\n<meta name=\"author\" content=\"Alessandro Guglielmi\" \/>\n<meta name=\"twitter:card\" content=\"summary_large_image\" \/>\n<meta name=\"twitter:creator\" content=\"@varesenews\" \/>\n<meta name=\"twitter:site\" content=\"@varesenews\" \/>\n<meta name=\"twitter:label1\" content=\"Scritto da\" \/>\n\t<meta name=\"twitter:data1\" content=\"Alessandro Guglielmi\" \/>\n\t<meta name=\"twitter:label2\" content=\"Tempo di lettura stimato\" \/>\n\t<meta name=\"twitter:data2\" content=\"2 minuti\" \/>\n<script type=\"application\/ld+json\" class=\"yoast-schema-graph\">{\"@context\":\"https:\/\/schema.org\",\"@graph\":[{\"@type\":\"WebPage\",\"@id\":\"https:\/\/www.varesenews.it\/2023\/02\/varese-citta-perfetta-frontalieri-parte-la-campagna-del-comune\/1545084\/\",\"url\":\"https:\/\/www.varesenews.it\/2023\/02\/varese-citta-perfetta-frontalieri-parte-la-campagna-del-comune\/1545084\/\",\"name\":\"\\\"Varese citt\u00e0 perfetta per i frontalieri\\\", parte la campagna del Comune\",\"isPartOf\":{\"@id\":\"https:\/\/staging.varesenews.it\/#website\"},\"datePublished\":\"2023-02-03T15:30:58+00:00\",\"dateModified\":\"2023-02-03T15:30:58+00:00\",\"author\":{\"@id\":\"https:\/\/staging.varesenews.it\/#\/schema\/person\/862743a45f2663f7148a8b4bcbd05230\"},\"description\":\"L'amministrazione ha lanciato un progetto per promuovere l'attrattivit\u00e0 di Varese a seguito dell'accordo Italia-Svizzera sui lavoratori che attraversano il confine\",\"breadcrumb\":{\"@id\":\"https:\/\/www.varesenews.it\/2023\/02\/varese-citta-perfetta-frontalieri-parte-la-campagna-del-comune\/1545084\/#breadcrumb\"},\"inLanguage\":\"it-IT\",\"potentialAction\":[{\"@type\":\"ReadAction\",\"target\":[\"https:\/\/www.varesenews.it\/2023\/02\/varese-citta-perfetta-frontalieri-parte-la-campagna-del-comune\/1545084\/\"]}]},{\"@type\":\"BreadcrumbList\",\"@id\":\"https:\/\/www.varesenews.it\/2023\/02\/varese-citta-perfetta-frontalieri-parte-la-campagna-del-comune\/1545084\/#breadcrumb\",\"itemListElement\":[{\"@type\":\"ListItem\",\"position\":1,\"name\":\"Home\",\"item\":\"https:\/\/www.varesenews.it\/\"},{\"@type\":\"ListItem\",\"position\":2,\"name\":\"&#8220;Varese citt\u00e0 perfetta per i frontalieri&#8221;, parte la campagna del Comune\"}]},{\"@type\":\"WebSite\",\"@id\":\"https:\/\/staging.varesenews.it\/#website\",\"url\":\"https:\/\/staging.varesenews.it\/\",\"name\":\"VareseNews\",\"description\":\"\",\"potentialAction\":[{\"@type\":\"SearchAction\",\"target\":{\"@type\":\"EntryPoint\",\"urlTemplate\":\"https:\/\/staging.varesenews.it\/?s={search_term_string}\"},\"query-input\":\"required name=search_term_string\"}],\"inLanguage\":\"it-IT\"},{\"@type\":\"Person\",\"@id\":\"https:\/\/staging.varesenews.it\/#\/schema\/person\/862743a45f2663f7148a8b4bcbd05230\",\"name\":\"Alessandro Guglielmi\",\"image\":{\"@type\":\"ImageObject\",\"inLanguage\":\"it-IT\",\"@id\":\"https:\/\/staging.varesenews.it\/#\/schema\/person\/image\/\",\"url\":\"https:\/\/staging.varesenews.it\/wp-content\/uploads\/2020\/12\/alessandro_guglielmi_colori_500.jpg\",\"contentUrl\":\"https:\/\/staging.varesenews.it\/wp-content\/uploads\/2020\/12\/alessandro_guglielmi_colori_500.jpg\",\"caption\":\"Alessandro Guglielmi\"},\"description\":\"Studente classe 1997 collaboro con VareseNews dal 2018. Mi occupo di cronaca, di universit&agrave;, ma soprattutto racconto quel territorio fatto di boschi, piccoli borghi e costellato dai laghi che chiamo casa. Fin da piccolo ho sempre avuto un gran voglia di imparare, nello studio, nel mio lavoro, ma anche nelle arti marziali e in ognuna delle mie passioni. Convinto che ogni persona abbia qualcosa da insegnare, resto sempre aperto all'ascolto, pronto a cogliere lo straordinario anche nei piccoli gesti di tutti i giorni.\",\"url\":\"https:\/\/staging.varesenews.it\/persona\/ale-guglielmi1\/\"}]}<\/script>\n<!-- \/ Yoast SEO plugin. -->","yoast_head_json":{"title":"\"Varese citt\u00e0 perfetta per i frontalieri\", parte la campagna del Comune","description":"L'amministrazione ha lanciato un progetto per promuovere l'attrattivit\u00e0 di Varese a seguito dell'accordo Italia-Svizzera sui lavoratori che attraversano il confine","robots":{"index":"noindex","follow":"follow","max-snippet":"max-snippet:-1","max-image-preview":"max-image-preview:large","max-video-preview":"max-video-preview:-1"},"og_locale":"it_IT","og_type":"article","og_title":"\"Varese citt\u00e0 perfetta per i frontalieri\", parte la campagna del Comune","og_description":"L'amministrazione ha lanciato un progetto per promuovere l'attrattivit\u00e0 di Varese a seguito dell'accordo Italia-Svizzera sui lavoratori che attraversano il confine","og_url":"https:\/\/www.varesenews.it\/2023\/02\/varese-citta-perfetta-frontalieri-parte-la-campagna-del-comune\/1545084\/","og_site_name":"VareseNews","article_publisher":"https:\/\/www.facebook.com\/varesenews","article_published_time":"2023-02-03T15:30:58+00:00","author":"Alessandro Guglielmi","twitter_card":"summary_large_image","twitter_creator":"@varesenews","twitter_site":"@varesenews","twitter_misc":{"Scritto da":"Alessandro Guglielmi","Tempo di lettura stimato":"2 minuti"},"schema":{"@context":"https:\/\/schema.org","@graph":[{"@type":"WebPage","@id":"https:\/\/www.varesenews.it\/2023\/02\/varese-citta-perfetta-frontalieri-parte-la-campagna-del-comune\/1545084\/","url":"https:\/\/www.varesenews.it\/2023\/02\/varese-citta-perfetta-frontalieri-parte-la-campagna-del-comune\/1545084\/","name":"\"Varese citt\u00e0 perfetta per i frontalieri\", parte la campagna del Comune","isPartOf":{"@id":"https:\/\/staging.varesenews.it\/#website"},"datePublished":"2023-02-03T15:30:58+00:00","dateModified":"2023-02-03T15:30:58+00:00","author":{"@id":"https:\/\/staging.varesenews.it\/#\/schema\/person\/862743a45f2663f7148a8b4bcbd05230"},"description":"L'amministrazione ha lanciato un progetto per promuovere l'attrattivit\u00e0 di Varese a seguito dell'accordo Italia-Svizzera sui lavoratori che attraversano il confine","breadcrumb":{"@id":"https:\/\/www.varesenews.it\/2023\/02\/varese-citta-perfetta-frontalieri-parte-la-campagna-del-comune\/1545084\/#breadcrumb"},"inLanguage":"it-IT","potentialAction":[{"@type":"ReadAction","target":["https:\/\/www.varesenews.it\/2023\/02\/varese-citta-perfetta-frontalieri-parte-la-campagna-del-comune\/1545084\/"]}]},{"@type":"BreadcrumbList","@id":"https:\/\/www.varesenews.it\/2023\/02\/varese-citta-perfetta-frontalieri-parte-la-campagna-del-comune\/1545084\/#breadcrumb","itemListElement":[{"@type":"ListItem","position":1,"name":"Home","item":"https:\/\/www.varesenews.it\/"},{"@type":"ListItem","position":2,"name":"&#8220;Varese citt\u00e0 perfetta per i frontalieri&#8221;, parte la campagna del Comune"}]},{"@type":"WebSite","@id":"https:\/\/staging.varesenews.it\/#website","url":"https:\/\/staging.varesenews.it\/","name":"VareseNews","description":"","potentialAction":[{"@type":"SearchAction","target":{"@type":"EntryPoint","urlTemplate":"https:\/\/staging.varesenews.it\/?s={search_term_string}"},"query-input":"required name=search_term_string"}],"inLanguage":"it-IT"},{"@type":"Person","@id":"https:\/\/staging.varesenews.it\/#\/schema\/person\/862743a45f2663f7148a8b4bcbd05230","name":"Alessandro Guglielmi","image":{"@type":"ImageObject","inLanguage":"it-IT","@id":"https:\/\/staging.varesenews.it\/#\/schema\/person\/image\/","url":"https:\/\/staging.varesenews.it\/wp-content\/uploads\/2020\/12\/alessandro_guglielmi_colori_500.jpg","contentUrl":"https:\/\/staging.varesenews.it\/wp-content\/uploads\/2020\/12\/alessandro_guglielmi_colori_500.jpg","caption":"Alessandro Guglielmi"},"description":"Studente classe 1997 collaboro con VareseNews dal 2018. Mi occupo di cronaca, di universit&agrave;, ma soprattutto racconto quel territorio fatto di boschi, piccoli borghi e costellato dai laghi che chiamo casa. Fin da piccolo ho sempre avuto un gran voglia di imparare, nello studio, nel mio lavoro, ma anche nelle arti marziali e in ognuna delle mie passioni. Convinto che ogni persona abbia qualcosa da insegnare, resto sempre aperto all'ascolto, pronto a cogliere lo straordinario anche nei piccoli gesti di tutti i giorni.","url":"https:\/\/staging.varesenews.it\/persona\/ale-guglielmi1\/"}]}},"post_meta":{"content-image-gallery":"","_edit_lock":"1675438152:12163","_edit_last":"12163","_category_permalink":"a:1:{s:8:\"category\";s:0:\"\";}","foto":"1369810","argomento":"Varese","_yoast_wpseo_focuskw_text_input":"frontalieri","_yoast_wpseo_focuskw":"frontalieri","_yoast_wpseo_linkdex":"56","_yoast_wpseo_content_score":"30","_jd_tweet_this":"yes","_encloseme":"1","ratings_users":"0","ratings_score":"0","ratings_average":"0","firma_come_redazione":"1","_wpt_short_url":"https:\/\/www.varesenews.it\/2023\/02\/varese-citta-perfetta-frontalieri-parte-la-campagna-del-comune\/1545084\/","_wp_jd_target":"https:\/\/www.varesenews.it\/2023\/02\/varese-citta-perfetta-frontalieri-parte-la-campagna-del-comune\/1545084\/","_jd_wp_twitter":"a:1:{i:0;s:195:\"\u201cVarese citt\u00e0 perfetta per i frontalieri\u201d, parte la campagna del Comune https:\/\/www.varesenews.it\/2023\/02\/varese-citta-perfetta-frontalieri-parte-la-campagna-del-comune\/1545084\/ #frontalieri\";}","_wpt_status_message":"Tweet inviato con successo."},"photos":[{"original":"https:\/\/staging.varesenews.it\/photogallery_new\/images\/2023\/02\/generico-30-jan-2023-1369810.jpg","full":"https:\/\/staging.varesenews.it\/photogallery_new\/images\/2023\/02\/generico-30-jan-2023-1369810.1024x768.jpg","large":"https:\/\/staging.varesenews.it\/photogallery_new\/images\/2023\/02\/generico-30-jan-2023-1369810.610x431.jpg"}],"_links":{"self":[{"href":"https:\/\/staging.varesenews.it\/swgapi\/v1\/wp\/v2\/posts\/1545084"}],"collection":[{"href":"https:\/\/staging.varesenews.it\/swgapi\/v1\/wp\/v2\/posts"}],"about":[{"href":"https:\/\/staging.varesenews.it\/swgapi\/v1\/wp\/v2\/types\/post"}],"author":[{"embeddable":true,"href":"https:\/\/staging.varesenews.it\/swgapi\/v1\/wp\/v2\/users\/12163"}],"replies":[{"embeddable":true,"href":"https:\/\/staging.varesenews.it\/swgapi\/v1\/wp\/v2\/comments?post=1545084"}],"version-history":[{"count":0,"href":"https:\/\/staging.varesenews.it\/swgapi\/v1\/wp\/v2\/posts\/1545084\/revisions"}],"wp:attachment":[{"href":"https:\/\/staging.varesenews.it\/swgapi\/v1\/wp\/v2\/media?parent=1545084"}],"wp:term":[{"taxonomy":"category","embeddable":true,"href":"https:\/\/staging.varesenews.it\/swgapi\/v1\/wp\/v2\/categories?post=1545084"},{"taxonomy":"post_tag","embeddable":true,"href":"https:\/\/staging.varesenews.it\/swgapi\/v1\/wp\/v2\/tags?post=1545084"}],"curies":[{"name":"wp","href":"https:\/\/api.w.org\/{rel}","templated":true}]}}