{"id":1545727,"date":"2023-02-06T14:51:49","date_gmt":"2023-02-06T13:51:49","guid":{"rendered":"https:\/\/www.varesenews.it\/?p=1545727"},"modified":"2023-02-06T14:52:48","modified_gmt":"2023-02-06T13:52:48","slug":"settimana-della-scienza-alla-scuola-europea","status":"publish","type":"post","link":"https:\/\/staging.varesenews.it\/2023\/02\/settimana-della-scienza-alla-scuola-europea\/1545727\/","title":{"rendered":"Settimana della scienza alla Scuola Europea"},"content":{"rendered":"<p>La <strong>Scuola Europea<\/strong> di Varese dal <strong>13 <\/strong>al<strong> 17 febbraio<\/strong> organizza la <strong>Settimana della Scienza.<\/strong> Questo evento scientifico, che si ripeter\u00e0 nella scuola ogni due anni, precede un evento ancora pi\u00f9 importante che quest\u2019anno avr\u00e0 luogo a <strong>Varese dal 26 al 29 marzo<\/strong>: il <strong>Simposio della Scienza 2023<\/strong>. La vita moderna \u00e8 interamente permeata di scienza: la ritroviamo in tutto ci\u00f2 che ci circonda, dalla semplice macchina del caff\u00e8 al potente razzo che lancia in orbita i satelliti.<\/p>\n<p>\u00c8 attraverso un insegnamento olistico e funzionale, che gli studenti della scuola europea imparano, scoprono e sperimentano le proprie attitudini. L&#8217;evento \u00e8 stato pensato con l&#8217;obiettivo di ispirare alunni e docenti e di indurli a riflettere sulle meravigliose possibilit\u00e0 offerte dalla comunit\u00e0 scientifica, a \u201ctrovare\u201d l\u2019aspetto scientifico anche nelle materie non scientifiche, e a rivalutare con rinnovata consapevolezza ogni cosa che la scienza fa per ognuno di noi tutti i giorni. Sar\u00e0 un momento dedicato alla scienza, in cui l&#8217;intera comunit\u00e0 scolastica si concentrer\u00e0 sulle materie scientifiche, tecnologiche, ingegneristiche e matematiche.<\/p>\n<p>Tutti i nostri insegnanti daranno ai propri alunni la possibilit\u00e0 di conoscere gli <strong>aspetti scientifici\/STEM<\/strong>, attraverso singole lezioni approfondite oppure tramite la partecipazione ad attivit\u00e0 programmate. Nell\u2019arco di questa settimana la scuola propone numerose attivit\u00e0 interessanti, stimolanti e coinvolgenti. Ci saranno conferenze organizzate da esperti nel campo scientifico e laboratori interattivi organizzati dai docenti della Scuola Europea. La nostra scuola fa tesoro di quanto ben esplicato dal programma <strong>Pisa<\/strong>: una persona che abbia studiato le materie scientifiche \u00e8 in grado e ben disposta a impegnarsi in un discorso ragionato su scienza e tecnologia. Questo richiede le competenze necessarie per spiegare, valutare, pianificare e interpretare scientificamente con successo.<\/p>\n","protected":false},"excerpt":{"rendered":"<p>Si terr\u00e0 dal 13 al 17 febbraio e si ripeter\u00e0 nella scuola ogni due anni, precede un evento ancora pi\u00f9 importante che quest\u2019anno avr\u00e0 luogo a Varese dal 26 al 29 marzo: il Simposio della Scienza 2023<\/p>\n","protected":false},"author":45,"featured_media":0,"comment_status":"open","ping_status":"open","sticky":false,"template":"","format":"standard","meta":{"footnotes":""},"categories":[25],"tags":[4991,8616],"acf":[],"yoast_head":"<!-- This site is optimized with the Yoast SEO plugin v20.1 - https:\/\/yoast.com\/wordpress\/plugins\/seo\/ -->\n<title>Settimana della scienza alla Scuola Europea<\/title>\n<meta name=\"description\" content=\"Si terr\u00e0 dal 13 al 17 febbraio e si ripeter\u00e0 nella scuola ogni due anni, precede un evento ancora pi\u00f9 importante che quest\u2019anno avr\u00e0 luogo a Varese dal 26 al 29 marzo: il Simposio della Scienza 2023\" \/>\n<meta name=\"robots\" content=\"noindex, follow, max-snippet:-1, max-image-preview:large, max-video-preview:-1\" \/>\n<meta property=\"og:locale\" content=\"it_IT\" \/>\n<meta property=\"og:type\" content=\"article\" \/>\n<meta property=\"og:title\" content=\"Settimana della scienza alla Scuola Europea\" \/>\n<meta property=\"og:description\" content=\"Si terr\u00e0 dal 13 al 17 febbraio e si ripeter\u00e0 nella scuola ogni due anni, precede un evento ancora pi\u00f9 importante che quest\u2019anno avr\u00e0 luogo a Varese dal 26 al 29 marzo: il Simposio della Scienza 2023\" \/>\n<meta property=\"og:url\" content=\"https:\/\/www.varesenews.it\/2023\/02\/settimana-della-scienza-alla-scuola-europea\/1545727\/\" \/>\n<meta property=\"og:site_name\" content=\"VareseNews\" \/>\n<meta property=\"article:publisher\" content=\"https:\/\/www.facebook.com\/varesenews\" \/>\n<meta property=\"article:author\" content=\"https:\/\/www.facebook.com\/michele.mancino.5\" \/>\n<meta property=\"article:published_time\" content=\"2023-02-06T13:51:49+00:00\" \/>\n<meta property=\"article:modified_time\" content=\"2023-02-06T13:52:48+00:00\" \/>\n<meta name=\"author\" content=\"Michele Mancino\" \/>\n<meta name=\"twitter:card\" content=\"summary_large_image\" \/>\n<meta name=\"twitter:creator\" content=\"@micmancio\" \/>\n<meta name=\"twitter:site\" content=\"@varesenews\" \/>\n<meta name=\"twitter:label1\" content=\"Scritto da\" \/>\n\t<meta name=\"twitter:data1\" content=\"Michele Mancino\" \/>\n\t<meta name=\"twitter:label2\" content=\"Tempo di lettura stimato\" \/>\n\t<meta name=\"twitter:data2\" content=\"1 minuto\" \/>\n<script type=\"application\/ld+json\" class=\"yoast-schema-graph\">{\"@context\":\"https:\/\/schema.org\",\"@graph\":[{\"@type\":\"WebPage\",\"@id\":\"https:\/\/www.varesenews.it\/2023\/02\/settimana-della-scienza-alla-scuola-europea\/1545727\/\",\"url\":\"https:\/\/www.varesenews.it\/2023\/02\/settimana-della-scienza-alla-scuola-europea\/1545727\/\",\"name\":\"Settimana della scienza alla Scuola Europea\",\"isPartOf\":{\"@id\":\"https:\/\/staging.varesenews.it\/#website\"},\"datePublished\":\"2023-02-06T13:51:49+00:00\",\"dateModified\":\"2023-02-06T13:52:48+00:00\",\"author\":{\"@id\":\"https:\/\/staging.varesenews.it\/#\/schema\/person\/308b491d3cb680ead199e5ff6c6ce540\"},\"description\":\"Si terr\u00e0 dal 13 al 17 febbraio e si ripeter\u00e0 nella scuola ogni due anni, precede un evento ancora pi\u00f9 importante che quest\u2019anno avr\u00e0 luogo a Varese dal 26 al 29 marzo: il Simposio della Scienza 2023\",\"breadcrumb\":{\"@id\":\"https:\/\/www.varesenews.it\/2023\/02\/settimana-della-scienza-alla-scuola-europea\/1545727\/#breadcrumb\"},\"inLanguage\":\"it-IT\",\"potentialAction\":[{\"@type\":\"ReadAction\",\"target\":[\"https:\/\/www.varesenews.it\/2023\/02\/settimana-della-scienza-alla-scuola-europea\/1545727\/\"]}]},{\"@type\":\"BreadcrumbList\",\"@id\":\"https:\/\/www.varesenews.it\/2023\/02\/settimana-della-scienza-alla-scuola-europea\/1545727\/#breadcrumb\",\"itemListElement\":[{\"@type\":\"ListItem\",\"position\":1,\"name\":\"Home\",\"item\":\"https:\/\/www.varesenews.it\/\"},{\"@type\":\"ListItem\",\"position\":2,\"name\":\"Settimana della scienza alla Scuola Europea\"}]},{\"@type\":\"WebSite\",\"@id\":\"https:\/\/staging.varesenews.it\/#website\",\"url\":\"https:\/\/staging.varesenews.it\/\",\"name\":\"VareseNews\",\"description\":\"\",\"potentialAction\":[{\"@type\":\"SearchAction\",\"target\":{\"@type\":\"EntryPoint\",\"urlTemplate\":\"https:\/\/staging.varesenews.it\/?s={search_term_string}\"},\"query-input\":\"required name=search_term_string\"}],\"inLanguage\":\"it-IT\"},{\"@type\":\"Person\",\"@id\":\"https:\/\/staging.varesenews.it\/#\/schema\/person\/308b491d3cb680ead199e5ff6c6ce540\",\"name\":\"Michele Mancino\",\"image\":{\"@type\":\"ImageObject\",\"inLanguage\":\"it-IT\",\"@id\":\"https:\/\/staging.varesenews.it\/#\/schema\/person\/image\/\",\"url\":\"https:\/\/staging.varesenews.it\/wp-content\/uploads\/2020\/12\/michele_mancino_colori_500.jpg\",\"contentUrl\":\"https:\/\/staging.varesenews.it\/wp-content\/uploads\/2020\/12\/michele_mancino_colori_500.jpg\",\"caption\":\"Michele Mancino\"},\"description\":\"Sono a VareseNews da prima che nascesse. Ho inserito le prime notizie in una stringa di codice html, la lingua di internet. Aprivo i computer, cambiavo schede di rete e portavo i server dal provider. A met&agrave; degli anni &rsquo;90 il giornalista online doveva saper fare anche questo. Ho vissuto gli anni drammatici della bolla speculativa di Internet e quelli entusiastici della crescita, anni in cui VareseNews era un Davide in mezzo a tanti Golia. Poi sono arrivati i social, le nuove piattaforme e soprattutto gli smartphone, una postazione di lavoro racchiusa in una mano. Una nuova rivoluzione. Insomma, &egrave; stata, ed &egrave; ancora, un&rsquo;avventura entusiasmante perch&eacute; mi insegna giorno dopo giorno che il cambiamento &egrave; l&rsquo;unica certezza di questa fragile esistenza.\",\"sameAs\":[\"https:\/\/www.facebook.com\/michele.mancino.5\",\"micmancio\",\"Aggiorna le impostazioni del tuo profilo pubblicoit.linkedin.com\/pub\/michele-mancino\/28\/b71\/890\/it\",\"https:\/\/twitter.com\/micmancio\"],\"url\":\"https:\/\/staging.varesenews.it\/persona\/michele_mancino\/\"}]}<\/script>\n<!-- \/ Yoast SEO plugin. -->","yoast_head_json":{"title":"Settimana della scienza alla Scuola Europea","description":"Si terr\u00e0 dal 13 al 17 febbraio e si ripeter\u00e0 nella scuola ogni due anni, precede un evento ancora pi\u00f9 importante che quest\u2019anno avr\u00e0 luogo a Varese dal 26 al 29 marzo: il Simposio della Scienza 2023","robots":{"index":"noindex","follow":"follow","max-snippet":"max-snippet:-1","max-image-preview":"max-image-preview:large","max-video-preview":"max-video-preview:-1"},"og_locale":"it_IT","og_type":"article","og_title":"Settimana della scienza alla Scuola Europea","og_description":"Si terr\u00e0 dal 13 al 17 febbraio e si ripeter\u00e0 nella scuola ogni due anni, precede un evento ancora pi\u00f9 importante che quest\u2019anno avr\u00e0 luogo a Varese dal 26 al 29 marzo: il Simposio della Scienza 2023","og_url":"https:\/\/www.varesenews.it\/2023\/02\/settimana-della-scienza-alla-scuola-europea\/1545727\/","og_site_name":"VareseNews","article_publisher":"https:\/\/www.facebook.com\/varesenews","article_author":"https:\/\/www.facebook.com\/michele.mancino.5","article_published_time":"2023-02-06T13:51:49+00:00","article_modified_time":"2023-02-06T13:52:48+00:00","author":"Michele Mancino","twitter_card":"summary_large_image","twitter_creator":"@micmancio","twitter_site":"@varesenews","twitter_misc":{"Scritto da":"Michele Mancino","Tempo di lettura stimato":"1 minuto"},"schema":{"@context":"https:\/\/schema.org","@graph":[{"@type":"WebPage","@id":"https:\/\/www.varesenews.it\/2023\/02\/settimana-della-scienza-alla-scuola-europea\/1545727\/","url":"https:\/\/www.varesenews.it\/2023\/02\/settimana-della-scienza-alla-scuola-europea\/1545727\/","name":"Settimana della scienza alla Scuola Europea","isPartOf":{"@id":"https:\/\/staging.varesenews.it\/#website"},"datePublished":"2023-02-06T13:51:49+00:00","dateModified":"2023-02-06T13:52:48+00:00","author":{"@id":"https:\/\/staging.varesenews.it\/#\/schema\/person\/308b491d3cb680ead199e5ff6c6ce540"},"description":"Si terr\u00e0 dal 13 al 17 febbraio e si ripeter\u00e0 nella scuola ogni due anni, precede un evento ancora pi\u00f9 importante che quest\u2019anno avr\u00e0 luogo a Varese dal 26 al 29 marzo: il Simposio della Scienza 2023","breadcrumb":{"@id":"https:\/\/www.varesenews.it\/2023\/02\/settimana-della-scienza-alla-scuola-europea\/1545727\/#breadcrumb"},"inLanguage":"it-IT","potentialAction":[{"@type":"ReadAction","target":["https:\/\/www.varesenews.it\/2023\/02\/settimana-della-scienza-alla-scuola-europea\/1545727\/"]}]},{"@type":"BreadcrumbList","@id":"https:\/\/www.varesenews.it\/2023\/02\/settimana-della-scienza-alla-scuola-europea\/1545727\/#breadcrumb","itemListElement":[{"@type":"ListItem","position":1,"name":"Home","item":"https:\/\/www.varesenews.it\/"},{"@type":"ListItem","position":2,"name":"Settimana della scienza alla Scuola Europea"}]},{"@type":"WebSite","@id":"https:\/\/staging.varesenews.it\/#website","url":"https:\/\/staging.varesenews.it\/","name":"VareseNews","description":"","potentialAction":[{"@type":"SearchAction","target":{"@type":"EntryPoint","urlTemplate":"https:\/\/staging.varesenews.it\/?s={search_term_string}"},"query-input":"required name=search_term_string"}],"inLanguage":"it-IT"},{"@type":"Person","@id":"https:\/\/staging.varesenews.it\/#\/schema\/person\/308b491d3cb680ead199e5ff6c6ce540","name":"Michele Mancino","image":{"@type":"ImageObject","inLanguage":"it-IT","@id":"https:\/\/staging.varesenews.it\/#\/schema\/person\/image\/","url":"https:\/\/staging.varesenews.it\/wp-content\/uploads\/2020\/12\/michele_mancino_colori_500.jpg","contentUrl":"https:\/\/staging.varesenews.it\/wp-content\/uploads\/2020\/12\/michele_mancino_colori_500.jpg","caption":"Michele Mancino"},"description":"Sono a VareseNews da prima che nascesse. Ho inserito le prime notizie in una stringa di codice html, la lingua di internet. Aprivo i computer, cambiavo schede di rete e portavo i server dal provider. A met&agrave; degli anni &rsquo;90 il giornalista online doveva saper fare anche questo. Ho vissuto gli anni drammatici della bolla speculativa di Internet e quelli entusiastici della crescita, anni in cui VareseNews era un Davide in mezzo a tanti Golia. Poi sono arrivati i social, le nuove piattaforme e soprattutto gli smartphone, una postazione di lavoro racchiusa in una mano. Una nuova rivoluzione. Insomma, &egrave; stata, ed &egrave; ancora, un&rsquo;avventura entusiasmante perch&eacute; mi insegna giorno dopo giorno che il cambiamento &egrave; l&rsquo;unica certezza di questa fragile esistenza.","sameAs":["https:\/\/www.facebook.com\/michele.mancino.5","micmancio","Aggiorna le impostazioni del tuo profilo pubblicoit.linkedin.com\/pub\/michele-mancino\/28\/b71\/890\/it","https:\/\/twitter.com\/micmancio"],"url":"https:\/\/staging.varesenews.it\/persona\/michele_mancino\/"}]}},"post_meta":{"content-image-gallery":"","_edit_lock":"1675691433:45","_edit_last":"45","_category_permalink":"a:1:{s:7:\"testate\";s:2:\"25\";}","_encloseme":"1","ratings_users":"0","ratings_score":"0","ratings_average":"0","foto":"1370480","firma_come_redazione":"1","evento-location-segnalato":"scuola europea","evento-data-inizio":"1676242800","evento-data-fine":"1676588400","evento-email":"charlotte.dudal@teacher.eursc.eu","evento-telefono":"3885843150","evento-price":"Gratuito","argomento":"Scienza","_yoast_wpseo_focuskw_text_input":"scuola europea","_yoast_wpseo_focuskw":"scuola europea","_yoast_wpseo_linkdex":"62","_yoast_wpseo_content_score":"30","_jd_tweet_this":"yes","_wpt_short_url":"https:\/\/www.varesenews.it\/2023\/02\/settimana-della-scienza-alla-scuola-europea\/1545727\/","_wp_jd_target":"https:\/\/www.varesenews.it\/2023\/02\/settimana-della-scienza-alla-scuola-europea\/1545727\/","_jd_wp_twitter":"a:1:{i:0;s:145:\"Settimana della scienza alla Scuola Europea https:\/\/www.varesenews.it\/2023\/02\/settimana-della-scienza-alla-scuola-europea\/1545727\/ #scuolaeuropea\";}","_wpt_status_message":"Tweet inviato con successo.","_oembed_9b29fb5e4d65a8f091f9609f01707985":"<blockquote class=\"wp-embedded-content\" data-secret=\"ydw0a2cphO\"><a href=\"https:\/\/www.varesenews.it\/2023\/02\/fusione-palestre-olympus-precisa-sul-passaggio-life\/1545291\/\">Fusione tra palestre, si muove Olympus. &#8220;Ai nostri clienti richieste fuori dagli accordi&#8221;<\/a><\/blockquote><iframe class=\"wp-embedded-content\" sandbox=\"allow-scripts\" security=\"restricted\" style=\"position: absolute; clip: rect(1px, 1px, 1px, 1px);\" src=\"https:\/\/www.varesenews.it\/2023\/02\/fusione-palestre-olympus-precisa-sul-passaggio-life\/1545291\/embed\/#?secret=ydw0a2cphO\" data-secret=\"ydw0a2cphO\" width=\"500\" height=\"282\" title=\"&#8220;Fusione tra palestre, si muove Olympus. &#8220;Ai nostri clienti richieste fuori dagli accordi&#8221;&#8221; &#8212; VareseNews\" frameborder=\"0\" marginwidth=\"0\" marginheight=\"0\" scrolling=\"no\"><\/iframe>","_oembed_time_9b29fb5e4d65a8f091f9609f01707985":"1675691608","_oembed_dd0d120238249324fcd011dfc744da98":"<iframe width=\"500\" height=\"281\" src=\"https:\/\/www.youtube.com\/embed\/Vhqbl5tWHtc?feature=oembed\" frameborder=\"0\" allow=\"accelerometer; autoplay; clipboard-write; encrypted-media; gyroscope; picture-in-picture; web-share\" allowfullscreen title=\"Viaggio lungo il Tinella, il fiume dell&#39;alluvione di Luvinate\"><\/iframe>","_oembed_time_dd0d120238249324fcd011dfc744da98":"1675691608","_oembed_82758b8054e5f5ea02ecca4fe8171aaf":"<blockquote class=\"wp-embedded-content\" data-secret=\"iA1o5IJdl8\"><a href=\"https:\/\/www.varesenews.it\/2023\/02\/ponte-sul-tinella-luvinate-sopralluogo-dei-tecnici-regionali\/1544901\/\">Nuovo ponte sul Tinella a Luvinate, sopralluogo dei tecnici regionali<\/a><\/blockquote><iframe class=\"wp-embedded-content\" sandbox=\"allow-scripts\" security=\"restricted\" style=\"position: absolute; clip: rect(1px, 1px, 1px, 1px);\" src=\"https:\/\/www.varesenews.it\/2023\/02\/ponte-sul-tinella-luvinate-sopralluogo-dei-tecnici-regionali\/1544901\/embed\/#?secret=iA1o5IJdl8\" data-secret=\"iA1o5IJdl8\" width=\"500\" height=\"282\" title=\"&#8220;Nuovo ponte sul Tinella a Luvinate, sopralluogo dei tecnici regionali&#8221; &#8212; VareseNews\" frameborder=\"0\" marginwidth=\"0\" marginheight=\"0\" scrolling=\"no\"><\/iframe>","_oembed_time_82758b8054e5f5ea02ecca4fe8171aaf":"1675691608","_oembed_da3d5954ac1ed0b11a51f8cbc29d4d69":"<blockquote class=\"wp-embedded-content\" data-secret=\"YhKkgoPy9n\"><a href=\"https:\/\/www.legnanonews.com\/aree-geografiche\/legnano\/2023\/02\/02\/regionali-candidati-under-30-a-confronto-a-legnano\/1057334\/\">Regionali: candidati under 30 a confronto a Legnano<\/a><\/blockquote><iframe class=\"wp-embedded-content\" sandbox=\"allow-scripts\" security=\"restricted\" style=\"position: absolute; clip: rect(1px, 1px, 1px, 1px);\" src=\"https:\/\/www.legnanonews.com\/aree-geografiche\/legnano\/2023\/02\/02\/regionali-candidati-under-30-a-confronto-a-legnano\/1057334\/embed\/#?secret=YhKkgoPy9n\" data-secret=\"YhKkgoPy9n\" width=\"500\" height=\"282\" title=\"&#8220;Regionali: candidati under 30 a confronto a Legnano&#8221; &#8212; LegnanoNews\" frameborder=\"0\" marginwidth=\"0\" marginheight=\"0\" scrolling=\"no\"><\/iframe>","_oembed_time_da3d5954ac1ed0b11a51f8cbc29d4d69":"1675691608"},"photos":[{"original":"https:\/\/staging.varesenews.it\/photogallery_new\/images\/2023\/02\/varie-1370480.jpg","full":"https:\/\/staging.varesenews.it\/photogallery_new\/images\/2023\/02\/varie-1370480.1024x768.jpg","large":"https:\/\/staging.varesenews.it\/photogallery_new\/images\/2023\/02\/varie-1370480.610x431.jpg"}],"_links":{"self":[{"href":"https:\/\/staging.varesenews.it\/swgapi\/v1\/wp\/v2\/posts\/1545727"}],"collection":[{"href":"https:\/\/staging.varesenews.it\/swgapi\/v1\/wp\/v2\/posts"}],"about":[{"href":"https:\/\/staging.varesenews.it\/swgapi\/v1\/wp\/v2\/types\/post"}],"author":[{"embeddable":true,"href":"https:\/\/staging.varesenews.it\/swgapi\/v1\/wp\/v2\/users\/45"}],"replies":[{"embeddable":true,"href":"https:\/\/staging.varesenews.it\/swgapi\/v1\/wp\/v2\/comments?post=1545727"}],"version-history":[{"count":0,"href":"https:\/\/staging.varesenews.it\/swgapi\/v1\/wp\/v2\/posts\/1545727\/revisions"}],"wp:attachment":[{"href":"https:\/\/staging.varesenews.it\/swgapi\/v1\/wp\/v2\/media?parent=1545727"}],"wp:term":[{"taxonomy":"category","embeddable":true,"href":"https:\/\/staging.varesenews.it\/swgapi\/v1\/wp\/v2\/categories?post=1545727"},{"taxonomy":"post_tag","embeddable":true,"href":"https:\/\/staging.varesenews.it\/swgapi\/v1\/wp\/v2\/tags?post=1545727"}],"curies":[{"name":"wp","href":"https:\/\/api.w.org\/{rel}","templated":true}]}}