{"id":1545764,"date":"2023-02-06T15:30:53","date_gmt":"2023-02-06T14:30:53","guid":{"rendered":"https:\/\/www.varesenews.it\/?p=1545764"},"modified":"2023-02-06T16:18:38","modified_gmt":"2023-02-06T15:18:38","slug":"un-fenicottero-rosa-spasso-vergiate","status":"publish","type":"post","link":"https:\/\/staging.varesenews.it\/2023\/02\/un-fenicottero-rosa-spasso-vergiate\/1545764\/","title":{"rendered":"Un fenicottero rosa a spasso per Vergiate"},"content":{"rendered":"<p>Chi luned\u00ec in tarda mattinata si trovava per le vie del centro di <strong>Vergiate<\/strong> potrebbe aver fatto un incontro singolare. In paese si aggirava infatti un <strong>fenicottero rosa<\/strong>.<\/p>\n<p><strong>L&#8217;animale dal piumaggio inconfondibile vagava nei pressi di Via dei Pioppi, per poi trovare rifugio nel giardino di un&#8217;abitazione<\/strong>. I paesi del Varesotto, per\u00f2, non sono certo l&#8217;habitat ideale per i fenicotteri e i volontari della Lipu stanno monitorando la situazione. I volontari della delegazione di Gallarate hanno provato a contattare allevamenti e zoo del territorio dove vivono dei fenicotteri, ma per il momento non si sa ancora da dove possa essere arrivato.<\/p>\n<p><em>Foto sono di Sacha Zantomio<\/em><\/p>\n","protected":false},"excerpt":{"rendered":"<p>L&#8217;uccello \u00e8 stato avvistato per le vie del centro nella mattinata di luned\u00ec <\/p>\n","protected":false},"author":12163,"featured_media":0,"comment_status":"open","ping_status":"open","sticky":false,"template":"","format":"standard","meta":{"footnotes":""},"categories":[2],"tags":[],"acf":[],"yoast_head":"<!-- This site is optimized with the Yoast SEO plugin v20.1 - https:\/\/yoast.com\/wordpress\/plugins\/seo\/ -->\n<title>Un fenicottero rosa a spasso per Vergiate<\/title>\n<meta name=\"description\" content=\"L&#039;uccello \u00e8 stato avvistato per le vie del centro nella mattinata di luned\u00ec\" \/>\n<meta name=\"robots\" content=\"noindex, follow, max-snippet:-1, max-image-preview:large, max-video-preview:-1\" \/>\n<meta property=\"og:locale\" content=\"it_IT\" \/>\n<meta property=\"og:type\" content=\"article\" \/>\n<meta property=\"og:title\" content=\"Un fenicottero rosa a spasso per Vergiate\" \/>\n<meta property=\"og:description\" content=\"L&#039;uccello \u00e8 stato avvistato per le vie del centro nella mattinata di luned\u00ec\" \/>\n<meta property=\"og:url\" content=\"https:\/\/www.varesenews.it\/2023\/02\/un-fenicottero-rosa-spasso-vergiate\/1545764\/\" \/>\n<meta property=\"og:site_name\" content=\"VareseNews\" \/>\n<meta property=\"article:publisher\" content=\"https:\/\/www.facebook.com\/varesenews\" \/>\n<meta property=\"article:published_time\" content=\"2023-02-06T14:30:53+00:00\" \/>\n<meta property=\"article:modified_time\" content=\"2023-02-06T15:18:38+00:00\" \/>\n<meta name=\"author\" content=\"Alessandro Guglielmi\" \/>\n<meta name=\"twitter:card\" content=\"summary_large_image\" \/>\n<meta name=\"twitter:creator\" content=\"@varesenews\" \/>\n<meta name=\"twitter:site\" content=\"@varesenews\" \/>\n<meta name=\"twitter:label1\" content=\"Scritto da\" \/>\n\t<meta name=\"twitter:data1\" content=\"Alessandro Guglielmi\" \/>\n\t<meta name=\"twitter:label2\" content=\"Tempo di lettura stimato\" \/>\n\t<meta name=\"twitter:data2\" content=\"1 minuto\" \/>\n<script type=\"application\/ld+json\" class=\"yoast-schema-graph\">{\"@context\":\"https:\/\/schema.org\",\"@graph\":[{\"@type\":\"WebPage\",\"@id\":\"https:\/\/www.varesenews.it\/2023\/02\/un-fenicottero-rosa-spasso-vergiate\/1545764\/\",\"url\":\"https:\/\/www.varesenews.it\/2023\/02\/un-fenicottero-rosa-spasso-vergiate\/1545764\/\",\"name\":\"Un fenicottero rosa a spasso per Vergiate\",\"isPartOf\":{\"@id\":\"https:\/\/staging.varesenews.it\/#website\"},\"datePublished\":\"2023-02-06T14:30:53+00:00\",\"dateModified\":\"2023-02-06T15:18:38+00:00\",\"author\":{\"@id\":\"https:\/\/staging.varesenews.it\/#\/schema\/person\/862743a45f2663f7148a8b4bcbd05230\"},\"description\":\"L'uccello \u00e8 stato avvistato per le vie del centro nella mattinata di luned\u00ec\",\"breadcrumb\":{\"@id\":\"https:\/\/www.varesenews.it\/2023\/02\/un-fenicottero-rosa-spasso-vergiate\/1545764\/#breadcrumb\"},\"inLanguage\":\"it-IT\",\"potentialAction\":[{\"@type\":\"ReadAction\",\"target\":[\"https:\/\/www.varesenews.it\/2023\/02\/un-fenicottero-rosa-spasso-vergiate\/1545764\/\"]}]},{\"@type\":\"BreadcrumbList\",\"@id\":\"https:\/\/www.varesenews.it\/2023\/02\/un-fenicottero-rosa-spasso-vergiate\/1545764\/#breadcrumb\",\"itemListElement\":[{\"@type\":\"ListItem\",\"position\":1,\"name\":\"Home\",\"item\":\"https:\/\/www.varesenews.it\/\"},{\"@type\":\"ListItem\",\"position\":2,\"name\":\"Un fenicottero rosa a spasso per Vergiate\"}]},{\"@type\":\"WebSite\",\"@id\":\"https:\/\/staging.varesenews.it\/#website\",\"url\":\"https:\/\/staging.varesenews.it\/\",\"name\":\"VareseNews\",\"description\":\"\",\"potentialAction\":[{\"@type\":\"SearchAction\",\"target\":{\"@type\":\"EntryPoint\",\"urlTemplate\":\"https:\/\/staging.varesenews.it\/?s={search_term_string}\"},\"query-input\":\"required name=search_term_string\"}],\"inLanguage\":\"it-IT\"},{\"@type\":\"Person\",\"@id\":\"https:\/\/staging.varesenews.it\/#\/schema\/person\/862743a45f2663f7148a8b4bcbd05230\",\"name\":\"Alessandro Guglielmi\",\"image\":{\"@type\":\"ImageObject\",\"inLanguage\":\"it-IT\",\"@id\":\"https:\/\/staging.varesenews.it\/#\/schema\/person\/image\/\",\"url\":\"https:\/\/staging.varesenews.it\/wp-content\/uploads\/2020\/12\/alessandro_guglielmi_colori_500.jpg\",\"contentUrl\":\"https:\/\/staging.varesenews.it\/wp-content\/uploads\/2020\/12\/alessandro_guglielmi_colori_500.jpg\",\"caption\":\"Alessandro Guglielmi\"},\"description\":\"Studente classe 1997 collaboro con VareseNews dal 2018. Mi occupo di cronaca, di universit&agrave;, ma soprattutto racconto quel territorio fatto di boschi, piccoli borghi e costellato dai laghi che chiamo casa. Fin da piccolo ho sempre avuto un gran voglia di imparare, nello studio, nel mio lavoro, ma anche nelle arti marziali e in ognuna delle mie passioni. Convinto che ogni persona abbia qualcosa da insegnare, resto sempre aperto all'ascolto, pronto a cogliere lo straordinario anche nei piccoli gesti di tutti i giorni.\",\"url\":\"https:\/\/staging.varesenews.it\/persona\/ale-guglielmi1\/\"}]}<\/script>\n<!-- \/ Yoast SEO plugin. -->","yoast_head_json":{"title":"Un fenicottero rosa a spasso per Vergiate","description":"L'uccello \u00e8 stato avvistato per le vie del centro nella mattinata di luned\u00ec","robots":{"index":"noindex","follow":"follow","max-snippet":"max-snippet:-1","max-image-preview":"max-image-preview:large","max-video-preview":"max-video-preview:-1"},"og_locale":"it_IT","og_type":"article","og_title":"Un fenicottero rosa a spasso per Vergiate","og_description":"L'uccello \u00e8 stato avvistato per le vie del centro nella mattinata di luned\u00ec","og_url":"https:\/\/www.varesenews.it\/2023\/02\/un-fenicottero-rosa-spasso-vergiate\/1545764\/","og_site_name":"VareseNews","article_publisher":"https:\/\/www.facebook.com\/varesenews","article_published_time":"2023-02-06T14:30:53+00:00","article_modified_time":"2023-02-06T15:18:38+00:00","author":"Alessandro Guglielmi","twitter_card":"summary_large_image","twitter_creator":"@varesenews","twitter_site":"@varesenews","twitter_misc":{"Scritto da":"Alessandro Guglielmi","Tempo di lettura stimato":"1 minuto"},"schema":{"@context":"https:\/\/schema.org","@graph":[{"@type":"WebPage","@id":"https:\/\/www.varesenews.it\/2023\/02\/un-fenicottero-rosa-spasso-vergiate\/1545764\/","url":"https:\/\/www.varesenews.it\/2023\/02\/un-fenicottero-rosa-spasso-vergiate\/1545764\/","name":"Un fenicottero rosa a spasso per Vergiate","isPartOf":{"@id":"https:\/\/staging.varesenews.it\/#website"},"datePublished":"2023-02-06T14:30:53+00:00","dateModified":"2023-02-06T15:18:38+00:00","author":{"@id":"https:\/\/staging.varesenews.it\/#\/schema\/person\/862743a45f2663f7148a8b4bcbd05230"},"description":"L'uccello \u00e8 stato avvistato per le vie del centro nella mattinata di luned\u00ec","breadcrumb":{"@id":"https:\/\/www.varesenews.it\/2023\/02\/un-fenicottero-rosa-spasso-vergiate\/1545764\/#breadcrumb"},"inLanguage":"it-IT","potentialAction":[{"@type":"ReadAction","target":["https:\/\/www.varesenews.it\/2023\/02\/un-fenicottero-rosa-spasso-vergiate\/1545764\/"]}]},{"@type":"BreadcrumbList","@id":"https:\/\/www.varesenews.it\/2023\/02\/un-fenicottero-rosa-spasso-vergiate\/1545764\/#breadcrumb","itemListElement":[{"@type":"ListItem","position":1,"name":"Home","item":"https:\/\/www.varesenews.it\/"},{"@type":"ListItem","position":2,"name":"Un fenicottero rosa a spasso per Vergiate"}]},{"@type":"WebSite","@id":"https:\/\/staging.varesenews.it\/#website","url":"https:\/\/staging.varesenews.it\/","name":"VareseNews","description":"","potentialAction":[{"@type":"SearchAction","target":{"@type":"EntryPoint","urlTemplate":"https:\/\/staging.varesenews.it\/?s={search_term_string}"},"query-input":"required name=search_term_string"}],"inLanguage":"it-IT"},{"@type":"Person","@id":"https:\/\/staging.varesenews.it\/#\/schema\/person\/862743a45f2663f7148a8b4bcbd05230","name":"Alessandro Guglielmi","image":{"@type":"ImageObject","inLanguage":"it-IT","@id":"https:\/\/staging.varesenews.it\/#\/schema\/person\/image\/","url":"https:\/\/staging.varesenews.it\/wp-content\/uploads\/2020\/12\/alessandro_guglielmi_colori_500.jpg","contentUrl":"https:\/\/staging.varesenews.it\/wp-content\/uploads\/2020\/12\/alessandro_guglielmi_colori_500.jpg","caption":"Alessandro Guglielmi"},"description":"Studente classe 1997 collaboro con VareseNews dal 2018. Mi occupo di cronaca, di universit&agrave;, ma soprattutto racconto quel territorio fatto di boschi, piccoli borghi e costellato dai laghi che chiamo casa. Fin da piccolo ho sempre avuto un gran voglia di imparare, nello studio, nel mio lavoro, ma anche nelle arti marziali e in ognuna delle mie passioni. Convinto che ogni persona abbia qualcosa da insegnare, resto sempre aperto all'ascolto, pronto a cogliere lo straordinario anche nei piccoli gesti di tutti i giorni.","url":"https:\/\/staging.varesenews.it\/persona\/ale-guglielmi1\/"}]}},"post_meta":{"content-image-gallery":"","_edit_lock":"1675697657:12163","_edit_last":"12163","_category_permalink":"a:1:{s:8:\"category\";s:0:\"\";}","foto":"1370496","firma_come_redazione":"1","argomento":"Vergiate","_yoast_wpseo_focuskw_text_input":"fenicottero","_yoast_wpseo_focuskw":"fenicottero","_yoast_wpseo_linkdex":"55","_yoast_wpseo_content_score":"30","_jd_tweet_this":"yes","_encloseme":"1","ratings_users":"0","ratings_score":"0","ratings_average":"0","_wpt_short_url":"https:\/\/www.varesenews.it\/2023\/02\/un-fenicottero-rosa-spasso-vergiate\/1545764\/","_wp_jd_target":"https:\/\/www.varesenews.it\/2023\/02\/un-fenicottero-rosa-spasso-vergiate\/1545764\/","_jd_wp_twitter":"a:1:{i:0;s:121:\"Un fenicottero rosa a spasso per Vergiate https:\/\/www.varesenews.it\/2023\/02\/un-fenicottero-rosa-spasso-vergiate\/1545764\/ \";}","_wpt_status_message":"Tweet inviato con successo.","_oembed_9b29fb5e4d65a8f091f9609f01707985":"<blockquote class=\"wp-embedded-content\" data-secret=\"PmjWfQanyl\"><a href=\"https:\/\/www.varesenews.it\/2023\/02\/fusione-palestre-olympus-precisa-sul-passaggio-life\/1545291\/\">Fusione tra palestre, si muove Olympus. &#8220;Ai nostri clienti richieste fuori dagli accordi&#8221;<\/a><\/blockquote><iframe class=\"wp-embedded-content\" sandbox=\"allow-scripts\" security=\"restricted\" style=\"position: absolute; clip: rect(1px, 1px, 1px, 1px);\" src=\"https:\/\/www.varesenews.it\/2023\/02\/fusione-palestre-olympus-precisa-sul-passaggio-life\/1545291\/embed\/#?secret=PmjWfQanyl\" data-secret=\"PmjWfQanyl\" width=\"500\" height=\"282\" title=\"&#8220;Fusione tra palestre, si muove Olympus. &#8220;Ai nostri clienti richieste fuori dagli accordi&#8221;&#8221; &#8212; VareseNews\" frameborder=\"0\" marginwidth=\"0\" marginheight=\"0\" scrolling=\"no\"><\/iframe>","_oembed_time_9b29fb5e4d65a8f091f9609f01707985":"1675694194","_oembed_9b0c178b0e7a23267f609961df1d12da":"<blockquote class=\"wp-embedded-content\" data-secret=\"wYNxLfj5tX\"><a href=\"https:\/\/www.varesenews.it\/2023\/02\/bonaccini-dobbiamo-puntare-sulla-crescita-sinistra-pragmatica\/1545313\/\">Bonaccini: \u201cNoi dobbiamo puntare sulla crescita con una sinistra pragmatica\u201d<\/a><\/blockquote><iframe class=\"wp-embedded-content\" sandbox=\"allow-scripts\" security=\"restricted\" style=\"position: absolute; clip: rect(1px, 1px, 1px, 1px);\" src=\"https:\/\/www.varesenews.it\/2023\/02\/bonaccini-dobbiamo-puntare-sulla-crescita-sinistra-pragmatica\/1545313\/embed\/#?secret=wYNxLfj5tX\" data-secret=\"wYNxLfj5tX\" width=\"500\" height=\"282\" title=\"&#8220;Bonaccini: \u201cNoi dobbiamo puntare sulla crescita con una sinistra pragmatica\u201d&#8221; &#8212; VareseNews\" frameborder=\"0\" marginwidth=\"0\" marginheight=\"0\" scrolling=\"no\"><\/iframe>","_oembed_time_9b0c178b0e7a23267f609961df1d12da":"1675694323","_oembed_c72df662a603a9d52c3ae65fdea06481":"<blockquote class=\"wp-embedded-content\" data-secret=\"BeCNQv1hIN\"><a href=\"https:\/\/www.varesenews.it\/2023\/01\/elly-schlein-apriamo-un-varco-perche-pd-torni-la-casa-tutti\/1538400\/\">Elly Schlein: \u201cApriamo un varco perch\u00e9 il Pd torni a essere la casa di tutti\u201d<\/a><\/blockquote><iframe class=\"wp-embedded-content\" sandbox=\"allow-scripts\" security=\"restricted\" style=\"position: absolute; clip: rect(1px, 1px, 1px, 1px);\" src=\"https:\/\/www.varesenews.it\/2023\/01\/elly-schlein-apriamo-un-varco-perche-pd-torni-la-casa-tutti\/1538400\/embed\/#?secret=BeCNQv1hIN\" data-secret=\"BeCNQv1hIN\" width=\"500\" height=\"282\" title=\"&#8220;Elly Schlein: \u201cApriamo un varco perch\u00e9 il Pd torni a essere la casa di tutti\u201d&#8221; &#8212; VareseNews\" frameborder=\"0\" marginwidth=\"0\" marginheight=\"0\" scrolling=\"no\"><\/iframe>","_oembed_time_c72df662a603a9d52c3ae65fdea06481":"1675694323","_oembed_0cc46b03fd43c7b63a297db064065c54":"<blockquote class=\"wp-embedded-content\" data-secret=\"CGUjBOSrUw\"><a href=\"https:\/\/www.varesenews.it\/2023\/02\/attacco-hacker-corso-livello-mondiale-problemi-italia-francia-canada-stati-uniti\/1545479\/\">Attacco hacker in corso a livello mondiale: problemi in Italia, Francia, Canada e Stati Uniti<\/a><\/blockquote><iframe class=\"wp-embedded-content\" sandbox=\"allow-scripts\" security=\"restricted\" style=\"position: absolute; clip: rect(1px, 1px, 1px, 1px);\" src=\"https:\/\/www.varesenews.it\/2023\/02\/attacco-hacker-corso-livello-mondiale-problemi-italia-francia-canada-stati-uniti\/1545479\/embed\/#?secret=CGUjBOSrUw\" data-secret=\"CGUjBOSrUw\" width=\"500\" height=\"282\" title=\"&#8220;Attacco hacker in corso a livello mondiale: problemi in Italia, Francia, Canada e Stati Uniti&#8221; &#8212; VareseNews\" frameborder=\"0\" marginwidth=\"0\" marginheight=\"0\" scrolling=\"no\"><\/iframe>","_oembed_time_0cc46b03fd43c7b63a297db064065c54":"1675694323","_oembed_a9de858d92e809f4394b7116a63c7af5":"<blockquote class=\"wp-embedded-content\" data-secret=\"aHzKQ5yptw\"><a href=\"https:\/\/www.varesenews.it\/2022\/10\/metal-detector-nei-boschi-dello-spaccio-gorla-trovati-due-macheti-pistola\/1504651\/\">Con il metal detector nei boschi dello spaccio a Gorla, trovati due machete e una pistola<\/a><\/blockquote><iframe class=\"wp-embedded-content\" sandbox=\"allow-scripts\" security=\"restricted\" style=\"position: absolute; clip: rect(1px, 1px, 1px, 1px);\" src=\"https:\/\/www.varesenews.it\/2022\/10\/metal-detector-nei-boschi-dello-spaccio-gorla-trovati-due-macheti-pistola\/1504651\/embed\/#?secret=aHzKQ5yptw\" data-secret=\"aHzKQ5yptw\" width=\"500\" height=\"282\" title=\"&#8220;Con il metal detector nei boschi dello spaccio a Gorla, trovati due machete e una pistola&#8221; &#8212; VareseNews\" frameborder=\"0\" marginwidth=\"0\" marginheight=\"0\" scrolling=\"no\"><\/iframe>","_oembed_time_a9de858d92e809f4394b7116a63c7af5":"1675694323","_oembed_5a05aa943a1b86b61015633db36b54f8":"<blockquote class=\"wp-embedded-content\" data-secret=\"OxBBK155LN\"><a href=\"https:\/\/www.varesenews.it\/2023\/02\/eventi-bambini-nel-weekend-del-3-4-5-febbraio-varese-provincia\/1544780\/\">Eventi per bambini nel weekend del 3, 4 e 5 febbraio tra Varese e provincia<\/a><\/blockquote><iframe class=\"wp-embedded-content\" sandbox=\"allow-scripts\" security=\"restricted\" style=\"position: absolute; clip: rect(1px, 1px, 1px, 1px);\" src=\"https:\/\/www.varesenews.it\/2023\/02\/eventi-bambini-nel-weekend-del-3-4-5-febbraio-varese-provincia\/1544780\/embed\/#?secret=OxBBK155LN\" data-secret=\"OxBBK155LN\" width=\"500\" height=\"282\" title=\"&#8220;Eventi per bambini nel weekend del 3, 4 e 5 febbraio tra Varese e provincia&#8221; &#8212; VareseNews\" frameborder=\"0\" marginwidth=\"0\" marginheight=\"0\" scrolling=\"no\"><\/iframe>","_oembed_time_5a05aa943a1b86b61015633db36b54f8":"1675694323","_oembed_32671d3380f5eeb61ef7e66b97e3cec2":"<blockquote class=\"wp-embedded-content\" data-secret=\"Aap5f2hew5\"><a href=\"https:\/\/www.varesenews.it\/2023\/01\/la-siccita-continua-scorte-dacqua-sempre-piu-basse-po-gia-messo-peggio-rispetto-al-2022\/1543103\/\">La siccit\u00e0 continua, scorte d&#8217;acqua sempre pi\u00f9 basse: &#8220;Il Po \u00e8 gi\u00e0 messo peggio rispetto al 2022&#8221;<\/a><\/blockquote><iframe class=\"wp-embedded-content\" sandbox=\"allow-scripts\" security=\"restricted\" style=\"position: absolute; clip: rect(1px, 1px, 1px, 1px);\" src=\"https:\/\/www.varesenews.it\/2023\/01\/la-siccita-continua-scorte-dacqua-sempre-piu-basse-po-gia-messo-peggio-rispetto-al-2022\/1543103\/embed\/#?secret=Aap5f2hew5\" data-secret=\"Aap5f2hew5\" width=\"500\" height=\"282\" title=\"&#8220;La siccit\u00e0 continua, scorte d&#8217;acqua sempre pi\u00f9 basse: &#8220;Il Po \u00e8 gi\u00e0 messo peggio rispetto al 2022&#8221;&#8221; &#8212; VareseNews\" frameborder=\"0\" marginwidth=\"0\" marginheight=\"0\" scrolling=\"no\"><\/iframe>","_oembed_time_32671d3380f5eeb61ef7e66b97e3cec2":"1675694323","_oembed_3271c0d46ecdd629a3f56d7c8f2807e8":"<blockquote class=\"wp-embedded-content\" data-secret=\"7SghBBqv3k\"><a href=\"https:\/\/www.varesenews.it\/2023\/01\/biblioteca-samarate-un-laboratorio-la-giornata-dei-calzini-spaiati\/1543398\/\">In biblioteca a Samarate un laboratorio per la Giornata dei Calzini Spaiati<\/a><\/blockquote><iframe class=\"wp-embedded-content\" sandbox=\"allow-scripts\" security=\"restricted\" style=\"position: absolute; clip: rect(1px, 1px, 1px, 1px);\" src=\"https:\/\/www.varesenews.it\/2023\/01\/biblioteca-samarate-un-laboratorio-la-giornata-dei-calzini-spaiati\/1543398\/embed\/#?secret=7SghBBqv3k\" data-secret=\"7SghBBqv3k\" width=\"500\" height=\"282\" title=\"&#8220;In biblioteca a Samarate un laboratorio per la Giornata dei Calzini Spaiati&#8221; &#8212; VareseNews\" frameborder=\"0\" marginwidth=\"0\" marginheight=\"0\" scrolling=\"no\"><\/iframe>","_oembed_time_3271c0d46ecdd629a3f56d7c8f2807e8":"1675694870","id_link_fotogallery":"1545803"},"photos":[{"original":"https:\/\/staging.varesenews.it\/photogallery_new\/images\/2023\/02\/fenicottero-vergiate-1370496.jpg","full":"https:\/\/staging.varesenews.it\/photogallery_new\/images\/2023\/02\/fenicottero-vergiate-1370496.1024x768.jpg","large":"https:\/\/staging.varesenews.it\/photogallery_new\/images\/2023\/02\/fenicottero-vergiate-1370496.610x431.jpg"}],"_links":{"self":[{"href":"https:\/\/staging.varesenews.it\/swgapi\/v1\/wp\/v2\/posts\/1545764"}],"collection":[{"href":"https:\/\/staging.varesenews.it\/swgapi\/v1\/wp\/v2\/posts"}],"about":[{"href":"https:\/\/staging.varesenews.it\/swgapi\/v1\/wp\/v2\/types\/post"}],"author":[{"embeddable":true,"href":"https:\/\/staging.varesenews.it\/swgapi\/v1\/wp\/v2\/users\/12163"}],"replies":[{"embeddable":true,"href":"https:\/\/staging.varesenews.it\/swgapi\/v1\/wp\/v2\/comments?post=1545764"}],"version-history":[{"count":0,"href":"https:\/\/staging.varesenews.it\/swgapi\/v1\/wp\/v2\/posts\/1545764\/revisions"}],"wp:attachment":[{"href":"https:\/\/staging.varesenews.it\/swgapi\/v1\/wp\/v2\/media?parent=1545764"}],"wp:term":[{"taxonomy":"category","embeddable":true,"href":"https:\/\/staging.varesenews.it\/swgapi\/v1\/wp\/v2\/categories?post=1545764"},{"taxonomy":"post_tag","embeddable":true,"href":"https:\/\/staging.varesenews.it\/swgapi\/v1\/wp\/v2\/tags?post=1545764"}],"curies":[{"name":"wp","href":"https:\/\/api.w.org\/{rel}","templated":true}]}}