{"id":1546718,"date":"2023-02-09T11:59:36","date_gmt":"2023-02-09T10:59:36","guid":{"rendered":"https:\/\/www.varesenews.it\/?p=1546718"},"modified":"2023-02-09T11:59:36","modified_gmt":"2023-02-09T10:59:36","slug":"spasso-le-ciaspole-sul-monte-gambarogno","status":"publish","type":"post","link":"https:\/\/staging.varesenews.it\/2023\/02\/spasso-le-ciaspole-sul-monte-gambarogno\/1546718\/","title":{"rendered":"A spasso con le ciaspole sul monte Gambarogno"},"content":{"rendered":"<div class=\"itemIntroText\">\n<p><strong>Domenica 12 febbraio l\u2019attivit\u00e0 invernale del Cai Luino propone un\u2019escursione con le ciaspole sul monte Gambarogno<\/strong> &#8211; in mancanza di neve verr\u00e0 effettuata in modalit\u00e0 escursionistica &#8211; <strong>a partire dal passo Neggia fin su a Indemini.\u00a0<\/strong>Un\u2019occasione da non perdere per gli appassionati delle ciaspole e per ammirare uno dei migliori panorami sul Lago Maggiore e sulla Valveddasca: uno scenario fantastico che non smette mai di sorprendere e incantare.<\/p>\n<p><strong>PROGRAMMA<\/strong><\/p>\n<p><strong>Ore 8:20<\/strong> ritrovo presso il posteggio Alpini Maccagno<\/p>\n<p><strong>Ore 8:30<\/strong> partenza con mezzi propri per Indemini \u2013 passo Neggia<\/p>\n<p><strong>Si richiedono<\/strong>: ramponcini obbligatori, bastonicini,\u00a0 ciaspole, abbigliamento e calzature adeguate, pranzo al sacco e documento valido per l&#8217;espatrio. L&#8217;escursione \u00e8 gratutita con condivisioni spese auto<\/p>\n<\/div>\n<div class=\"itemFullText\">\n<p><strong>Percorso:<\/strong> Alpe di Neggia 1395m, Monte Gambarogno 1734m, Alpe Cedullo 1287m, Oratorio-rifugio di Sant\u2019Anna 1342m e Indemini 979m. Da qui verr\u00e0 organizzata una navetta per recuperare le auto al passo Neggia.<\/p>\n<p><strong>Tempo escursione<\/strong>: h 4,30 \u2013 dislivello salita 355m discesa 755m \u2013 difficolt\u00e0 EAI-F<\/p>\n<p><strong>Acccompagnatori:<\/strong> gianni S 3387768131- gianni L3286648208<\/p>\n<p><strong>Per iscriversi:<\/strong> la richiesta di iscrizione alla escursione dovr\u00e0 essere inoltrata unicamente alla segreteria\u00a0<span id=\"cloak7272e260da04bf6714492db8d32282a1\"><a href=\"mailto:cailuino@cailuino.it\">cailuino@cailuino.it<\/a><\/span>\u00a0da luned\u00ec 6 febbraio ore 9:00 a venerd\u00ec 10 febbraio ore 18:00. Sabato e domenica iscrizioni chiuse. In caso di rinuncia alla partecipazione avvisare sempre con email a\u00a0<span id=\"cloak5c9708e73109a6779cedd707e0301920\"><a href=\"mailto:cailuino@cailuino.it\">cailuino@cailuino.it<\/a><\/span>\u00a0oppure, qualora la rinuncia venisse comunicata solo nella mattina della escursione, inviare un WhatsApp ad uno dei recapiti degli accompagnatori citati sopra.\u00a0 In caso di meteo avverso escursione annullata<\/p>\n<\/div>\n","protected":false},"excerpt":{"rendered":"<p>In mancanza di neve verr\u00e0 effettuata in modalit\u00e0 escursionista. A promuoverla \u00e8 il Cai Luino. L&#8217;appuntamento \u00e8 per domenica 12 febbraio<\/p>\n","protected":false},"author":21859,"featured_media":0,"comment_status":"open","ping_status":"open","sticky":false,"template":"","format":"aside","meta":{"footnotes":""},"categories":[2],"tags":[5103,129219],"acf":[],"yoast_head":"<!-- This site is optimized with the Yoast SEO plugin v20.1 - https:\/\/yoast.com\/wordpress\/plugins\/seo\/ -->\n<title>A spasso con le ciaspole sul monte Gambarogno<\/title>\n<meta name=\"description\" content=\"In mancanza di neve verr\u00e0 effettuata in modalit\u00e0 escursionista. A promuoverla \u00e8 il Cai Luino. L&#039;appuntamento \u00e8 per domenica 12 febbraio\" \/>\n<meta name=\"robots\" content=\"noindex, follow, max-snippet:-1, max-image-preview:large, max-video-preview:-1\" \/>\n<meta property=\"og:locale\" content=\"it_IT\" \/>\n<meta property=\"og:type\" content=\"article\" \/>\n<meta property=\"og:title\" content=\"A spasso con le ciaspole sul monte Gambarogno\" \/>\n<meta property=\"og:description\" content=\"In mancanza di neve verr\u00e0 effettuata in modalit\u00e0 escursionista. A promuoverla \u00e8 il Cai Luino. L&#039;appuntamento \u00e8 per domenica 12 febbraio\" \/>\n<meta property=\"og:url\" content=\"https:\/\/www.varesenews.it\/2023\/02\/spasso-le-ciaspole-sul-monte-gambarogno\/1546718\/\" \/>\n<meta property=\"og:site_name\" content=\"VareseNews\" \/>\n<meta property=\"article:publisher\" content=\"https:\/\/www.facebook.com\/varesenews\" \/>\n<meta property=\"article:published_time\" content=\"2023-02-09T10:59:36+00:00\" \/>\n<meta name=\"author\" content=\"Ilaria Notari\" \/>\n<meta name=\"twitter:card\" content=\"summary_large_image\" \/>\n<meta name=\"twitter:creator\" content=\"@varesenews\" \/>\n<meta name=\"twitter:site\" content=\"@varesenews\" \/>\n<meta name=\"twitter:label1\" content=\"Scritto da\" \/>\n\t<meta name=\"twitter:data1\" content=\"Ilaria Notari\" \/>\n\t<meta name=\"twitter:label2\" content=\"Tempo di lettura stimato\" \/>\n\t<meta name=\"twitter:data2\" content=\"1 minuto\" \/>\n<script type=\"application\/ld+json\" class=\"yoast-schema-graph\">{\"@context\":\"https:\/\/schema.org\",\"@graph\":[{\"@type\":\"WebPage\",\"@id\":\"https:\/\/www.varesenews.it\/2023\/02\/spasso-le-ciaspole-sul-monte-gambarogno\/1546718\/\",\"url\":\"https:\/\/www.varesenews.it\/2023\/02\/spasso-le-ciaspole-sul-monte-gambarogno\/1546718\/\",\"name\":\"A spasso con le ciaspole sul monte Gambarogno\",\"isPartOf\":{\"@id\":\"https:\/\/staging.varesenews.it\/#website\"},\"datePublished\":\"2023-02-09T10:59:36+00:00\",\"dateModified\":\"2023-02-09T10:59:36+00:00\",\"author\":{\"@id\":\"https:\/\/staging.varesenews.it\/#\/schema\/person\/e930ecd1205fce487283c4b849da44ef\"},\"description\":\"In mancanza di neve verr\u00e0 effettuata in modalit\u00e0 escursionista. A promuoverla \u00e8 il Cai Luino. L'appuntamento \u00e8 per domenica 12 febbraio\",\"breadcrumb\":{\"@id\":\"https:\/\/www.varesenews.it\/2023\/02\/spasso-le-ciaspole-sul-monte-gambarogno\/1546718\/#breadcrumb\"},\"inLanguage\":\"it-IT\",\"potentialAction\":[{\"@type\":\"ReadAction\",\"target\":[\"https:\/\/www.varesenews.it\/2023\/02\/spasso-le-ciaspole-sul-monte-gambarogno\/1546718\/\"]}]},{\"@type\":\"BreadcrumbList\",\"@id\":\"https:\/\/www.varesenews.it\/2023\/02\/spasso-le-ciaspole-sul-monte-gambarogno\/1546718\/#breadcrumb\",\"itemListElement\":[{\"@type\":\"ListItem\",\"position\":1,\"name\":\"Home\",\"item\":\"https:\/\/www.varesenews.it\/\"},{\"@type\":\"ListItem\",\"position\":2,\"name\":\"A spasso con le ciaspole sul monte Gambarogno\"}]},{\"@type\":\"WebSite\",\"@id\":\"https:\/\/staging.varesenews.it\/#website\",\"url\":\"https:\/\/staging.varesenews.it\/\",\"name\":\"VareseNews\",\"description\":\"\",\"potentialAction\":[{\"@type\":\"SearchAction\",\"target\":{\"@type\":\"EntryPoint\",\"urlTemplate\":\"https:\/\/staging.varesenews.it\/?s={search_term_string}\"},\"query-input\":\"required name=search_term_string\"}],\"inLanguage\":\"it-IT\"},{\"@type\":\"Person\",\"@id\":\"https:\/\/staging.varesenews.it\/#\/schema\/person\/e930ecd1205fce487283c4b849da44ef\",\"name\":\"Ilaria Notari\",\"image\":{\"@type\":\"ImageObject\",\"inLanguage\":\"it-IT\",\"@id\":\"https:\/\/staging.varesenews.it\/#\/schema\/person\/image\/\",\"url\":\"https:\/\/staging.varesenews.it\/wp-content\/uploads\/2015\/03\/mistery.jpg\",\"contentUrl\":\"https:\/\/staging.varesenews.it\/wp-content\/uploads\/2015\/03\/mistery.jpg\",\"caption\":\"Ilaria Notari\"},\"url\":\"https:\/\/staging.varesenews.it\/persona\/ilaria-notari\/\"}]}<\/script>\n<!-- \/ Yoast SEO plugin. -->","yoast_head_json":{"title":"A spasso con le ciaspole sul monte Gambarogno","description":"In mancanza di neve verr\u00e0 effettuata in modalit\u00e0 escursionista. A promuoverla \u00e8 il Cai Luino. L'appuntamento \u00e8 per domenica 12 febbraio","robots":{"index":"noindex","follow":"follow","max-snippet":"max-snippet:-1","max-image-preview":"max-image-preview:large","max-video-preview":"max-video-preview:-1"},"og_locale":"it_IT","og_type":"article","og_title":"A spasso con le ciaspole sul monte Gambarogno","og_description":"In mancanza di neve verr\u00e0 effettuata in modalit\u00e0 escursionista. A promuoverla \u00e8 il Cai Luino. L'appuntamento \u00e8 per domenica 12 febbraio","og_url":"https:\/\/www.varesenews.it\/2023\/02\/spasso-le-ciaspole-sul-monte-gambarogno\/1546718\/","og_site_name":"VareseNews","article_publisher":"https:\/\/www.facebook.com\/varesenews","article_published_time":"2023-02-09T10:59:36+00:00","author":"Ilaria Notari","twitter_card":"summary_large_image","twitter_creator":"@varesenews","twitter_site":"@varesenews","twitter_misc":{"Scritto da":"Ilaria Notari","Tempo di lettura stimato":"1 minuto"},"schema":{"@context":"https:\/\/schema.org","@graph":[{"@type":"WebPage","@id":"https:\/\/www.varesenews.it\/2023\/02\/spasso-le-ciaspole-sul-monte-gambarogno\/1546718\/","url":"https:\/\/www.varesenews.it\/2023\/02\/spasso-le-ciaspole-sul-monte-gambarogno\/1546718\/","name":"A spasso con le ciaspole sul monte Gambarogno","isPartOf":{"@id":"https:\/\/staging.varesenews.it\/#website"},"datePublished":"2023-02-09T10:59:36+00:00","dateModified":"2023-02-09T10:59:36+00:00","author":{"@id":"https:\/\/staging.varesenews.it\/#\/schema\/person\/e930ecd1205fce487283c4b849da44ef"},"description":"In mancanza di neve verr\u00e0 effettuata in modalit\u00e0 escursionista. A promuoverla \u00e8 il Cai Luino. L'appuntamento \u00e8 per domenica 12 febbraio","breadcrumb":{"@id":"https:\/\/www.varesenews.it\/2023\/02\/spasso-le-ciaspole-sul-monte-gambarogno\/1546718\/#breadcrumb"},"inLanguage":"it-IT","potentialAction":[{"@type":"ReadAction","target":["https:\/\/www.varesenews.it\/2023\/02\/spasso-le-ciaspole-sul-monte-gambarogno\/1546718\/"]}]},{"@type":"BreadcrumbList","@id":"https:\/\/www.varesenews.it\/2023\/02\/spasso-le-ciaspole-sul-monte-gambarogno\/1546718\/#breadcrumb","itemListElement":[{"@type":"ListItem","position":1,"name":"Home","item":"https:\/\/www.varesenews.it\/"},{"@type":"ListItem","position":2,"name":"A spasso con le ciaspole sul monte Gambarogno"}]},{"@type":"WebSite","@id":"https:\/\/staging.varesenews.it\/#website","url":"https:\/\/staging.varesenews.it\/","name":"VareseNews","description":"","potentialAction":[{"@type":"SearchAction","target":{"@type":"EntryPoint","urlTemplate":"https:\/\/staging.varesenews.it\/?s={search_term_string}"},"query-input":"required name=search_term_string"}],"inLanguage":"it-IT"},{"@type":"Person","@id":"https:\/\/staging.varesenews.it\/#\/schema\/person\/e930ecd1205fce487283c4b849da44ef","name":"Ilaria Notari","image":{"@type":"ImageObject","inLanguage":"it-IT","@id":"https:\/\/staging.varesenews.it\/#\/schema\/person\/image\/","url":"https:\/\/staging.varesenews.it\/wp-content\/uploads\/2015\/03\/mistery.jpg","contentUrl":"https:\/\/staging.varesenews.it\/wp-content\/uploads\/2015\/03\/mistery.jpg","caption":"Ilaria Notari"},"url":"https:\/\/staging.varesenews.it\/persona\/ilaria-notari\/"}]}},"post_meta":{"content-image-gallery":"","_edit_lock":"1675940242:21859","_edit_last":"21859","_category_permalink":"a:1:{s:8:\"category\";s:0:\"\";}","firma_come_redazione":"1","evento-location":"1462637","evento-data-inizio":"1676156400","evento-orario-inizio":"08:20","argomento":"Luino","_yoast_wpseo_focuskw_text_input":"cai luino","_yoast_wpseo_focuskw":"cai luino","_yoast_wpseo_linkdex":"57","_yoast_wpseo_content_score":"30","_jd_tweet_this":"yes","foto":"1371051","_encloseme":"1","ratings_users":"0","ratings_score":"0","ratings_average":"0","_wpt_short_url":"https:\/\/www.varesenews.it\/2023\/02\/spasso-le-ciaspole-sul-monte-gambarogno\/1546718\/","_wp_jd_target":"https:\/\/www.varesenews.it\/2023\/02\/spasso-le-ciaspole-sul-monte-gambarogno\/1546718\/","_jd_wp_twitter":"a:1:{i:0;s:155:\"A spasso con le ciaspole sul monte Gambarogno https:\/\/www.varesenews.it\/2023\/02\/spasso-le-ciaspole-sul-monte-gambarogno\/1546718\/ #cailuino #montegambarogno\";}","_wpt_status_message":"Tweet inviato con successo.","_oembed_27d9f42f31b909bc39ed52ce319025ef":"<blockquote class=\"wp-embedded-content\" data-secret=\"KISzcWPZaG\"><a href=\"https:\/\/www.varesenews.it\/2023\/02\/sanremo-2023-comincia-presidente-mattarella-vestiti-parlanti-chiara-ferragni\/1546258\/\">La seconda serata di Sanremo 2023 \u00e8 quella delle &#8220;riunioni eccellenti&#8221;: dal trio Morandi, Ranieri, Albano a Paola e Chiara<\/a><\/blockquote><iframe class=\"wp-embedded-content\" sandbox=\"allow-scripts\" security=\"restricted\" style=\"position: absolute; clip: rect(1px, 1px, 1px, 1px);\" src=\"https:\/\/www.varesenews.it\/2023\/02\/sanremo-2023-comincia-presidente-mattarella-vestiti-parlanti-chiara-ferragni\/1546258\/embed\/#?secret=KISzcWPZaG\" data-secret=\"KISzcWPZaG\" width=\"500\" height=\"282\" title=\"&#8220;La seconda serata di Sanremo 2023 \u00e8 quella delle &#8220;riunioni eccellenti&#8221;: dal trio Morandi, Ranieri, Albano a Paola e Chiara&#8221; &#8212; VareseNews\" frameborder=\"0\" marginwidth=\"0\" marginheight=\"0\" scrolling=\"no\"><\/iframe>","_oembed_time_27d9f42f31b909bc39ed52ce319025ef":"1675940547","_oembed_4d27f27f5158d1a991263ade3e9b3c69":"<iframe width=\"500\" height=\"281\" src=\"https:\/\/www.youtube.com\/embed\/videoseries?list=PLMmd10177iHtpLWh5UVuIoqP_U-fD2Mrt\" frameborder=\"0\" allow=\"accelerometer; autoplay; clipboard-write; encrypted-media; gyroscope; picture-in-picture; web-share\" allowfullscreen><\/iframe>","_oembed_time_4d27f27f5158d1a991263ade3e9b3c69":"1675940547"},"photos":[{"original":"https:\/\/staging.varesenews.it\/photogallery_new\/images\/2023\/02\/generica-1371051.jpg","full":"https:\/\/staging.varesenews.it\/photogallery_new\/images\/2023\/02\/generica-1371051.1024x768.jpg","large":"https:\/\/staging.varesenews.it\/photogallery_new\/images\/2023\/02\/generica-1371051.610x431.jpg"}],"_links":{"self":[{"href":"https:\/\/staging.varesenews.it\/swgapi\/v1\/wp\/v2\/posts\/1546718"}],"collection":[{"href":"https:\/\/staging.varesenews.it\/swgapi\/v1\/wp\/v2\/posts"}],"about":[{"href":"https:\/\/staging.varesenews.it\/swgapi\/v1\/wp\/v2\/types\/post"}],"author":[{"embeddable":true,"href":"https:\/\/staging.varesenews.it\/swgapi\/v1\/wp\/v2\/users\/21859"}],"replies":[{"embeddable":true,"href":"https:\/\/staging.varesenews.it\/swgapi\/v1\/wp\/v2\/comments?post=1546718"}],"version-history":[{"count":0,"href":"https:\/\/staging.varesenews.it\/swgapi\/v1\/wp\/v2\/posts\/1546718\/revisions"}],"wp:attachment":[{"href":"https:\/\/staging.varesenews.it\/swgapi\/v1\/wp\/v2\/media?parent=1546718"}],"wp:term":[{"taxonomy":"category","embeddable":true,"href":"https:\/\/staging.varesenews.it\/swgapi\/v1\/wp\/v2\/categories?post=1546718"},{"taxonomy":"post_tag","embeddable":true,"href":"https:\/\/staging.varesenews.it\/swgapi\/v1\/wp\/v2\/tags?post=1546718"}],"curies":[{"name":"wp","href":"https:\/\/api.w.org\/{rel}","templated":true}]}}