{"id":1547530,"date":"2023-02-11T17:32:56","date_gmt":"2023-02-11T16:32:56","guid":{"rendered":"https:\/\/www.varesenews.it\/?p=1547530"},"modified":"2023-02-11T17:32:56","modified_gmt":"2023-02-11T16:32:56","slug":"boffelli-pareggio-un-po-rammarico-questa-pro-patria-gioca-consapevolezza","status":"publish","type":"post","link":"https:\/\/staging.varesenews.it\/2023\/02\/boffelli-pareggio-un-po-rammarico-questa-pro-patria-gioca-consapevolezza\/1547530\/","title":{"rendered":"Boffelli: &#8220;Pareggio con un po&#8217; di rammarico. Questa Pro Patria gioca con consapevolezza&#8221;"},"content":{"rendered":"<p><strong>VARGAS 1\u00a0 <\/strong>\u00abIl pareggio di oggi nasce da una buona gara, contro <strong>una squadra che sta attraversando un buon momento<\/strong>. Come avevo detto prima della partita, il Trento \u00e8 una <strong>squadra pericolosa, fisica, che sa aspettare il momento giusto per colpire<\/strong> e il cui <strong>allenatore \u00e8 molto esperto<\/strong>. Nel finale avremmo potuto fare qualcosa in pi\u00f9, il <strong>campo era un po&#8217; pesante<\/strong> e abbiamo risentito della partite ravvicinate di settimana scorsa\u00bb.<\/p>\n<p><strong>VARGAS 2\u00a0<\/strong>\u00abNon \u00e8 che noi ci alleniamo a Wembley ma \u00e8 vero quello che ho detto prima. Il <strong>pareggio \u00e8 comunque importante<\/strong> nel nostro percorso, sapevamo che sarebbe stato difficilissima. Adesso dobbiamo recuperare energie in vista della <strong>prossima gara.<\/strong>\u00a0Siamo in <strong>emergenza<\/strong>, sono costretto a dover schierare giocatori in <strong>posizioni diverse\u00a0<\/strong>perch\u00e9 ci mancano giocatori importanti. Oggi si \u00e8 fatto male <strong>Ferri<\/strong>, speriamo che non sia niente di grave alla <strong>caviglia.\u00a0<\/strong>Ma i ragazzi sono ingamba, si danno sempre da fare\u00bb.<\/p>\n<p><strong>VARGAS 3\u00a0<\/strong>\u00abIn settimana vedremo se riusciremo a <strong>recuperare qualcuno<\/strong>. Dopo domani valuteremo le condizioni fisiche di tutti e poi valuteremo chi far giocare contro la <strong>Pergolettese, altra partita tostissima.\u00a0<\/strong>Sono contento di quanto stanno facendo i ragazzi: la maggior parte di loro era gi\u00e0 qui l&#8217;anno scorso e sanno che la posizione di quest&#8217;anno \u00e8 tutta <strong>merito loro<\/strong>. Dispiace soltanto per gli infortunati, tre crociati nel ritiro estivo \u00e8 qualcosa di particolare. Noi pensiamo anche a loro, a dar loro coraggio\u00bb.<\/p>\n<blockquote class=\"wp-embedded-content\" data-secret=\"VafXIgdJCK\"><p><a href=\"https:\/\/www.varesenews.it\/2023\/02\/la-pro-patria-gioca-bene-viene-respinta-pareggio-bianco-trento\/1547408\/\">La Pro Patria gioca bene ma viene respinta: pareggio bianco a Trento<\/a><\/p><\/blockquote>\n<p><iframe class=\"wp-embedded-content\" sandbox=\"allow-scripts\" security=\"restricted\" style=\"position: absolute; clip: rect(1px, 1px, 1px, 1px);\" src=\"https:\/\/www.varesenews.it\/2023\/02\/la-pro-patria-gioca-bene-viene-respinta-pareggio-bianco-trento\/1547408\/embed\/#?secret=VafXIgdJCK\" data-secret=\"VafXIgdJCK\" width=\"500\" height=\"282\" title=\"&#8220;La Pro Patria gioca bene ma viene respinta: pareggio bianco a Trento&#8221; &#8212; VareseNews\" frameborder=\"0\" marginwidth=\"0\" marginheight=\"0\" scrolling=\"no\"><\/iframe><\/p>\n<p><strong>BOFFELLI 1\u00a0<\/strong>\u00abOggi\u00a0 dovevamo dare continuit\u00e0 ai risultati dopo<strong> tre vittorie importanti in una settimana<\/strong>. Il Trento ci aspettava al varco in una partita con <strong>tante assenze<\/strong>, e dopo oggi ancora di pi\u00f9 per le <strong>squalifiche<\/strong> (Saporetti, Vaghi e l&#8217;infortunio di Ferri). La nostra rimane una buona partita, abbiamo avuto <strong>le nostre occasioni per vincerla ma il campo non ci ha aiutato<\/strong>. Non siamo riusciti a far gol ma non abbiamo neanche mai rischiato di prenderlo se non per una palla inattiva nel primo tempo. Quindi il <strong>rammarico<\/strong> c&#8217;\u00e8, perch\u00e9 i tre punti sono stati alla portata\u00bb.<\/p>\n<p><strong>BOFFELLI 2\u00a0<\/strong>\u00ab<strong>Non prendere go<\/strong>l \u00e8 un punto cardine nel calcio, soprattutto in <strong>Serie C<\/strong>. Su questo lavoriamo tanto in settimana, per fare punti bisognare passare da questo, soprattutto da una squadra come il Trento che arrivava da un<strong> buon momento<\/strong>. Adesso mancano <strong>undici finali<\/strong>, tireremo i conti alla fine\u00bb.<\/p>\n<p><strong>BOFFELLI 3\u00a0<\/strong>\u00abDove collocherei questa Pro Patria nella sua storia recente? Per me questa \u00e8 <strong>un&#8217;evoluzione della Pro Patria<\/strong>, un gruppo partito <strong>cinque anni fa:<\/strong> ottime persone, ottimi uomini\u00a0ogni giorno al lavoro per migliorarsi. Oggi\u00a0 c&#8217;\u00e8 pi\u00f9<strong> consapevolezza, sicurezza e serenit\u00e0<\/strong> nel giocare a calcio. Difficile collocare la squadra in un posto preciso, in passato ci sono stati giocatori anche pi\u00f9 forti di quelli oggi in rosa, per\u00f2 questa evoluzione ha portato a questi risultati\u00bb.<\/p>\n<blockquote class=\"wp-embedded-content\" data-secret=\"9JubrxEAUj\"><p><a href=\"https:\/\/www.varesenews.it\/2023\/02\/calcio-serie-c-trento-pro-patria-diretta\/1547284\/\">Calcio, Serie C: Trento &#8211; Pro Patria in diretta<\/a><\/p><\/blockquote>\n<p><iframe class=\"wp-embedded-content\" sandbox=\"allow-scripts\" security=\"restricted\" style=\"position: absolute; clip: rect(1px, 1px, 1px, 1px);\" src=\"https:\/\/www.varesenews.it\/2023\/02\/calcio-serie-c-trento-pro-patria-diretta\/1547284\/embed\/#?secret=9JubrxEAUj\" data-secret=\"9JubrxEAUj\" width=\"500\" height=\"282\" title=\"&#8220;Calcio, Serie C: Trento &#8211; Pro Patria in diretta&#8221; &#8212; VareseNews\" frameborder=\"0\" marginwidth=\"0\" marginheight=\"0\" scrolling=\"no\"><\/iframe><\/p>\n","protected":false},"excerpt":{"rendered":"<p>Il difensore della Pro Patria analizza lo 0 a 0 di Trento. &#8220;Abbiamo avuto le nostre occasioni, il campo non ha aiutato&#8221;. Vargas: &#8220;Una buona gara, alcune scelte dettate dall&#8217;emergenza infortuni&#8221;<\/p>\n","protected":false},"author":16977,"featured_media":0,"comment_status":"open","ping_status":"open","sticky":false,"template":"","format":"standard","meta":{"footnotes":""},"categories":[4,14],"tags":[144,98976,147,82334],"acf":[],"yoast_head":"<!-- This site is optimized with the Yoast SEO plugin v20.1 - https:\/\/yoast.com\/wordpress\/plugins\/seo\/ -->\n<title>Boffelli: &quot;Pareggio con un po&#039; di rammarico. Questa Pro Patria gioca con consapevolezza&quot;<\/title>\n<meta name=\"description\" content=\"Il difensore della Pro Patria analizza lo 0 a 0 di Trento. &quot;Abbiamo avuto le nostre occasioni, il campo non ha aiutato&quot;. Vargas: &quot;Una buona gara, alcune scelte dettate dall&#039;emergenza infortuni&quot;\" \/>\n<meta name=\"robots\" content=\"noindex, follow, max-snippet:-1, max-image-preview:large, max-video-preview:-1\" \/>\n<meta property=\"og:locale\" content=\"it_IT\" \/>\n<meta property=\"og:type\" content=\"article\" \/>\n<meta property=\"og:title\" content=\"Boffelli: &quot;Pareggio con un po&#039; di rammarico. Questa Pro Patria gioca con consapevolezza&quot;\" \/>\n<meta property=\"og:description\" content=\"Il difensore della Pro Patria analizza lo 0 a 0 di Trento. &quot;Abbiamo avuto le nostre occasioni, il campo non ha aiutato&quot;. Vargas: &quot;Una buona gara, alcune scelte dettate dall&#039;emergenza infortuni&quot;\" \/>\n<meta property=\"og:url\" content=\"https:\/\/www.varesenews.it\/2023\/02\/boffelli-pareggio-un-po-rammarico-questa-pro-patria-gioca-consapevolezza\/1547530\/\" \/>\n<meta property=\"og:site_name\" content=\"VareseNews\" \/>\n<meta property=\"article:publisher\" content=\"https:\/\/www.facebook.com\/varesenews\" \/>\n<meta property=\"article:published_time\" content=\"2023-02-11T16:32:56+00:00\" \/>\n<meta name=\"author\" content=\"Marco Tresca\" \/>\n<meta name=\"twitter:card\" content=\"summary_large_image\" \/>\n<meta name=\"twitter:creator\" content=\"@varesenews\" \/>\n<meta name=\"twitter:site\" content=\"@varesenews\" \/>\n<meta name=\"twitter:label1\" content=\"Scritto da\" \/>\n\t<meta name=\"twitter:data1\" content=\"Marco Tresca\" \/>\n\t<meta name=\"twitter:label2\" content=\"Tempo di lettura stimato\" \/>\n\t<meta name=\"twitter:data2\" content=\"2 minuti\" \/>\n<script type=\"application\/ld+json\" class=\"yoast-schema-graph\">{\"@context\":\"https:\/\/schema.org\",\"@graph\":[{\"@type\":\"WebPage\",\"@id\":\"https:\/\/www.varesenews.it\/2023\/02\/boffelli-pareggio-un-po-rammarico-questa-pro-patria-gioca-consapevolezza\/1547530\/\",\"url\":\"https:\/\/www.varesenews.it\/2023\/02\/boffelli-pareggio-un-po-rammarico-questa-pro-patria-gioca-consapevolezza\/1547530\/\",\"name\":\"Boffelli: \\\"Pareggio con un po' di rammarico. Questa Pro Patria gioca con consapevolezza\\\"\",\"isPartOf\":{\"@id\":\"https:\/\/staging.varesenews.it\/#website\"},\"datePublished\":\"2023-02-11T16:32:56+00:00\",\"dateModified\":\"2023-02-11T16:32:56+00:00\",\"author\":{\"@id\":\"https:\/\/staging.varesenews.it\/#\/schema\/person\/964d6520a84106b854f204081e38754a\"},\"description\":\"Il difensore della Pro Patria analizza lo 0 a 0 di Trento. \\\"Abbiamo avuto le nostre occasioni, il campo non ha aiutato\\\". Vargas: \\\"Una buona gara, alcune scelte dettate dall'emergenza infortuni\\\"\",\"breadcrumb\":{\"@id\":\"https:\/\/www.varesenews.it\/2023\/02\/boffelli-pareggio-un-po-rammarico-questa-pro-patria-gioca-consapevolezza\/1547530\/#breadcrumb\"},\"inLanguage\":\"it-IT\",\"potentialAction\":[{\"@type\":\"ReadAction\",\"target\":[\"https:\/\/www.varesenews.it\/2023\/02\/boffelli-pareggio-un-po-rammarico-questa-pro-patria-gioca-consapevolezza\/1547530\/\"]}]},{\"@type\":\"BreadcrumbList\",\"@id\":\"https:\/\/www.varesenews.it\/2023\/02\/boffelli-pareggio-un-po-rammarico-questa-pro-patria-gioca-consapevolezza\/1547530\/#breadcrumb\",\"itemListElement\":[{\"@type\":\"ListItem\",\"position\":1,\"name\":\"Home\",\"item\":\"https:\/\/www.varesenews.it\/\"},{\"@type\":\"ListItem\",\"position\":2,\"name\":\"Boffelli: &#8220;Pareggio con un po&#8217; di rammarico. Questa Pro Patria gioca con consapevolezza&#8221;\"}]},{\"@type\":\"WebSite\",\"@id\":\"https:\/\/staging.varesenews.it\/#website\",\"url\":\"https:\/\/staging.varesenews.it\/\",\"name\":\"VareseNews\",\"description\":\"\",\"potentialAction\":[{\"@type\":\"SearchAction\",\"target\":{\"@type\":\"EntryPoint\",\"urlTemplate\":\"https:\/\/staging.varesenews.it\/?s={search_term_string}\"},\"query-input\":\"required name=search_term_string\"}],\"inLanguage\":\"it-IT\"},{\"@type\":\"Person\",\"@id\":\"https:\/\/staging.varesenews.it\/#\/schema\/person\/964d6520a84106b854f204081e38754a\",\"name\":\"Marco Tresca\",\"image\":{\"@type\":\"ImageObject\",\"inLanguage\":\"it-IT\",\"@id\":\"https:\/\/staging.varesenews.it\/#\/schema\/person\/image\/\",\"url\":\"https:\/\/staging.varesenews.it\/wp-content\/uploads\/2020\/12\/marco_tresca_colori_500.jpg\",\"contentUrl\":\"https:\/\/staging.varesenews.it\/wp-content\/uploads\/2020\/12\/marco_tresca_colori_500.jpg\",\"caption\":\"Marco Tresca\"},\"description\":\"Nato a Varese nel 1995 e cresciuto sulle colline tainesi, da dove mi piace osservare e raccontare quello che accade lungo le sponde lombarde e piemontesi del Lago Maggiore e del Ticino. Dopo essermi laureato in lingue e letterature a Milano, inizio a collaborare con VareseNews prima e con VerbanoNews poi. Quando non scrivo della vita di ogni giorno mi piace mettermi al servizio delle mie passioni, con un orecchio rivolto alla musica e l'altro a bordo del campo da basket.\",\"url\":\"https:\/\/staging.varesenews.it\/persona\/marco-tresca\/\"}]}<\/script>\n<!-- \/ Yoast SEO plugin. -->","yoast_head_json":{"title":"Boffelli: \"Pareggio con un po' di rammarico. Questa Pro Patria gioca con consapevolezza\"","description":"Il difensore della Pro Patria analizza lo 0 a 0 di Trento. \"Abbiamo avuto le nostre occasioni, il campo non ha aiutato\". Vargas: \"Una buona gara, alcune scelte dettate dall'emergenza infortuni\"","robots":{"index":"noindex","follow":"follow","max-snippet":"max-snippet:-1","max-image-preview":"max-image-preview:large","max-video-preview":"max-video-preview:-1"},"og_locale":"it_IT","og_type":"article","og_title":"Boffelli: \"Pareggio con un po' di rammarico. Questa Pro Patria gioca con consapevolezza\"","og_description":"Il difensore della Pro Patria analizza lo 0 a 0 di Trento. \"Abbiamo avuto le nostre occasioni, il campo non ha aiutato\". Vargas: \"Una buona gara, alcune scelte dettate dall'emergenza infortuni\"","og_url":"https:\/\/www.varesenews.it\/2023\/02\/boffelli-pareggio-un-po-rammarico-questa-pro-patria-gioca-consapevolezza\/1547530\/","og_site_name":"VareseNews","article_publisher":"https:\/\/www.facebook.com\/varesenews","article_published_time":"2023-02-11T16:32:56+00:00","author":"Marco Tresca","twitter_card":"summary_large_image","twitter_creator":"@varesenews","twitter_site":"@varesenews","twitter_misc":{"Scritto da":"Marco Tresca","Tempo di lettura stimato":"2 minuti"},"schema":{"@context":"https:\/\/schema.org","@graph":[{"@type":"WebPage","@id":"https:\/\/www.varesenews.it\/2023\/02\/boffelli-pareggio-un-po-rammarico-questa-pro-patria-gioca-consapevolezza\/1547530\/","url":"https:\/\/www.varesenews.it\/2023\/02\/boffelli-pareggio-un-po-rammarico-questa-pro-patria-gioca-consapevolezza\/1547530\/","name":"Boffelli: \"Pareggio con un po' di rammarico. Questa Pro Patria gioca con consapevolezza\"","isPartOf":{"@id":"https:\/\/staging.varesenews.it\/#website"},"datePublished":"2023-02-11T16:32:56+00:00","dateModified":"2023-02-11T16:32:56+00:00","author":{"@id":"https:\/\/staging.varesenews.it\/#\/schema\/person\/964d6520a84106b854f204081e38754a"},"description":"Il difensore della Pro Patria analizza lo 0 a 0 di Trento. \"Abbiamo avuto le nostre occasioni, il campo non ha aiutato\". Vargas: \"Una buona gara, alcune scelte dettate dall'emergenza infortuni\"","breadcrumb":{"@id":"https:\/\/www.varesenews.it\/2023\/02\/boffelli-pareggio-un-po-rammarico-questa-pro-patria-gioca-consapevolezza\/1547530\/#breadcrumb"},"inLanguage":"it-IT","potentialAction":[{"@type":"ReadAction","target":["https:\/\/www.varesenews.it\/2023\/02\/boffelli-pareggio-un-po-rammarico-questa-pro-patria-gioca-consapevolezza\/1547530\/"]}]},{"@type":"BreadcrumbList","@id":"https:\/\/www.varesenews.it\/2023\/02\/boffelli-pareggio-un-po-rammarico-questa-pro-patria-gioca-consapevolezza\/1547530\/#breadcrumb","itemListElement":[{"@type":"ListItem","position":1,"name":"Home","item":"https:\/\/www.varesenews.it\/"},{"@type":"ListItem","position":2,"name":"Boffelli: &#8220;Pareggio con un po&#8217; di rammarico. Questa Pro Patria gioca con consapevolezza&#8221;"}]},{"@type":"WebSite","@id":"https:\/\/staging.varesenews.it\/#website","url":"https:\/\/staging.varesenews.it\/","name":"VareseNews","description":"","potentialAction":[{"@type":"SearchAction","target":{"@type":"EntryPoint","urlTemplate":"https:\/\/staging.varesenews.it\/?s={search_term_string}"},"query-input":"required name=search_term_string"}],"inLanguage":"it-IT"},{"@type":"Person","@id":"https:\/\/staging.varesenews.it\/#\/schema\/person\/964d6520a84106b854f204081e38754a","name":"Marco Tresca","image":{"@type":"ImageObject","inLanguage":"it-IT","@id":"https:\/\/staging.varesenews.it\/#\/schema\/person\/image\/","url":"https:\/\/staging.varesenews.it\/wp-content\/uploads\/2020\/12\/marco_tresca_colori_500.jpg","contentUrl":"https:\/\/staging.varesenews.it\/wp-content\/uploads\/2020\/12\/marco_tresca_colori_500.jpg","caption":"Marco Tresca"},"description":"Nato a Varese nel 1995 e cresciuto sulle colline tainesi, da dove mi piace osservare e raccontare quello che accade lungo le sponde lombarde e piemontesi del Lago Maggiore e del Ticino. Dopo essermi laureato in lingue e letterature a Milano, inizio a collaborare con VareseNews prima e con VerbanoNews poi. Quando non scrivo della vita di ogni giorno mi piace mettermi al servizio delle mie passioni, con un orecchio rivolto alla musica e l'altro a bordo del campo da basket.","url":"https:\/\/staging.varesenews.it\/persona\/marco-tresca\/"}]}},"post_meta":{"content-image-gallery":"","_edit_lock":"1676133057:16977","_edit_last":"16977","_oembed_e61950fdc9902f0ace948d0e6dd972c5":"<blockquote class=\"wp-embedded-content\" data-secret=\"HgtniE1vie\"><a href=\"https:\/\/www.varesenews.it\/2023\/02\/calcio-serie-c-trento-pro-patria-diretta\/1547284\/\">Calcio, Serie C: Trento &#8211; Pro Patria in diretta<\/a><\/blockquote><iframe class=\"wp-embedded-content\" sandbox=\"allow-scripts\" security=\"restricted\" style=\"position: absolute; clip: rect(1px, 1px, 1px, 1px);\" src=\"https:\/\/www.varesenews.it\/2023\/02\/calcio-serie-c-trento-pro-patria-diretta\/1547284\/embed\/#?secret=HgtniE1vie\" data-secret=\"HgtniE1vie\" width=\"441\" height=\"249\" title=\"&#8220;Calcio, Serie C: Trento &#8211; Pro Patria in diretta&#8221; &#8212; VareseNews\" frameborder=\"0\" marginwidth=\"0\" marginheight=\"0\" scrolling=\"no\"><\/iframe>","_oembed_time_e61950fdc9902f0ace948d0e6dd972c5":"1676131604","_oembed_dadebbab9f29ec22d3c4fda1ed525cd6":"{{unknown}}","_oembed_30b6629b0a8c1036071267e8b9ff489b":"<blockquote class=\"wp-embedded-content\" data-secret=\"mTqKjlJ7rv\"><a href=\"https:\/\/www.varesenews.it\/2023\/02\/la-pro-patria-gioca-bene-viene-respinta-pareggio-bianco-trento\/1547408\/\">La Pro Patria gioca bene ma viene respinta: pareggio bianco a Trento<\/a><\/blockquote><iframe class=\"wp-embedded-content\" sandbox=\"allow-scripts\" security=\"restricted\" style=\"position: absolute; clip: rect(1px, 1px, 1px, 1px);\" src=\"https:\/\/www.varesenews.it\/2023\/02\/la-pro-patria-gioca-bene-viene-respinta-pareggio-bianco-trento\/1547408\/embed\/#?secret=mTqKjlJ7rv\" data-secret=\"mTqKjlJ7rv\" width=\"441\" height=\"249\" title=\"&#8220;La Pro Patria gioca bene ma viene respinta: pareggio bianco a Trento&#8221; &#8212; VareseNews\" frameborder=\"0\" marginwidth=\"0\" marginheight=\"0\" scrolling=\"no\"><\/iframe>","_oembed_time_30b6629b0a8c1036071267e8b9ff489b":"1676131634","_category_permalink":"a:1:{s:8:\"category\";s:2:\"14\";}","foto":"1366736","argomento":"Pro Patria","_yoast_wpseo_content_score":"60","_jd_tweet_this":"yes","_oembed_2868c80c567721b80785ba8332dd7779":"<blockquote class=\"wp-embedded-content\" data-secret=\"VafXIgdJCK\"><a href=\"https:\/\/www.varesenews.it\/2023\/02\/la-pro-patria-gioca-bene-viene-respinta-pareggio-bianco-trento\/1547408\/\">La Pro Patria gioca bene ma viene respinta: pareggio bianco a Trento<\/a><\/blockquote><iframe class=\"wp-embedded-content\" sandbox=\"allow-scripts\" security=\"restricted\" style=\"position: absolute; clip: rect(1px, 1px, 1px, 1px);\" src=\"https:\/\/www.varesenews.it\/2023\/02\/la-pro-patria-gioca-bene-viene-respinta-pareggio-bianco-trento\/1547408\/embed\/#?secret=VafXIgdJCK\" data-secret=\"VafXIgdJCK\" width=\"500\" height=\"282\" title=\"&#8220;La Pro Patria gioca bene ma viene respinta: pareggio bianco a Trento&#8221; &#8212; VareseNews\" frameborder=\"0\" marginwidth=\"0\" marginheight=\"0\" scrolling=\"no\"><\/iframe>","_oembed_time_2868c80c567721b80785ba8332dd7779":"1676133080","_oembed_0c894a108778442a455cae8c1f959f07":"<blockquote class=\"wp-embedded-content\" data-secret=\"9JubrxEAUj\"><a href=\"https:\/\/www.varesenews.it\/2023\/02\/calcio-serie-c-trento-pro-patria-diretta\/1547284\/\">Calcio, Serie C: Trento &#8211; Pro Patria in diretta<\/a><\/blockquote><iframe class=\"wp-embedded-content\" sandbox=\"allow-scripts\" security=\"restricted\" style=\"position: absolute; clip: rect(1px, 1px, 1px, 1px);\" src=\"https:\/\/www.varesenews.it\/2023\/02\/calcio-serie-c-trento-pro-patria-diretta\/1547284\/embed\/#?secret=9JubrxEAUj\" data-secret=\"9JubrxEAUj\" width=\"500\" height=\"282\" title=\"&#8220;Calcio, Serie C: Trento &#8211; Pro Patria in diretta&#8221; &#8212; VareseNews\" frameborder=\"0\" marginwidth=\"0\" marginheight=\"0\" scrolling=\"no\"><\/iframe>","_oembed_time_0c894a108778442a455cae8c1f959f07":"1676133080","_encloseme":"1","ratings_users":"0","ratings_score":"0","ratings_average":"0","_yoast_wpseo_focuskw_text_input":"Boffelli","_yoast_wpseo_focuskw":"Boffelli","_yoast_wpseo_linkdex":"64","_wpt_short_url":"https:\/\/www.varesenews.it\/2023\/02\/boffelli-pareggio-un-po-rammarico-questa-pro-patria-gioca-consapevolezza\/1547530\/","_wp_jd_target":"https:\/\/www.varesenews.it\/2023\/02\/boffelli-pareggio-un-po-rammarico-questa-pro-patria-gioca-consapevolezza\/1547530\/","_jd_wp_twitter":"a:1:{i:0;s:229:\"Boffelli: \u201cPareggio con un po\u2019 di rammarico. Questa Pro Patria gioca con con https:\/\/www.varesenews.it\/2023\/02\/boffelli-pareggio-un-po-rammarico-questa-pro-patria-gioca-consapevolezza\/1547530\/ #calcio #calcioseriec #ProPatria\";}","_wpt_status_message":"Tweet inviato con successo.","_oembed_a7e8d75abb3166c83211797ae0178bf1":"<blockquote class=\"wp-embedded-content\" data-secret=\"nruRBiTXZz\"><a href=\"https:\/\/www.varesenews.it\/2023\/02\/la-pro-patria-gioca-bene-viene-respinta-pareggio-bianco-trento\/1547408\/\">La Pro Patria gioca bene ma viene respinta: pareggio bianco a Trento<\/a><\/blockquote><iframe class=\"wp-embedded-content\" sandbox=\"allow-scripts\" security=\"restricted\" style=\"position: absolute; clip: rect(1px, 1px, 1px, 1px);\" src=\"https:\/\/www.varesenews.it\/2023\/02\/la-pro-patria-gioca-bene-viene-respinta-pareggio-bianco-trento\/1547408\/embed\/#?secret=nruRBiTXZz\" data-secret=\"nruRBiTXZz\" width=\"600\" height=\"338\" title=\"&#8220;La Pro Patria gioca bene ma viene respinta: pareggio bianco a Trento&#8221; &#8212; VareseNews\" frameborder=\"0\" marginwidth=\"0\" marginheight=\"0\" scrolling=\"no\"><\/iframe>","_oembed_time_a7e8d75abb3166c83211797ae0178bf1":"1676133187","_oembed_5b337b926b276b1c96126b2c25adaf1d":"<blockquote class=\"wp-embedded-content\" data-secret=\"2Xjdg2Q37I\"><a href=\"https:\/\/www.varesenews.it\/2023\/02\/calcio-serie-c-trento-pro-patria-diretta\/1547284\/\">Calcio, Serie C: Trento &#8211; Pro Patria in diretta<\/a><\/blockquote><iframe class=\"wp-embedded-content\" sandbox=\"allow-scripts\" security=\"restricted\" style=\"position: absolute; clip: rect(1px, 1px, 1px, 1px);\" src=\"https:\/\/www.varesenews.it\/2023\/02\/calcio-serie-c-trento-pro-patria-diretta\/1547284\/embed\/#?secret=2Xjdg2Q37I\" data-secret=\"2Xjdg2Q37I\" width=\"600\" height=\"338\" title=\"&#8220;Calcio, Serie C: Trento &#8211; Pro Patria in diretta&#8221; &#8212; VareseNews\" frameborder=\"0\" marginwidth=\"0\" marginheight=\"0\" scrolling=\"no\"><\/iframe>","_oembed_time_5b337b926b276b1c96126b2c25adaf1d":"1676133187","_oembed_4deb98dad29d3397fd52cc996c3dd4f5":"<iframe width=\"500\" height=\"281\" src=\"https:\/\/www.youtube.com\/embed\/mrgemdRSbOQ?feature=oembed\" frameborder=\"0\" allow=\"accelerometer; autoplay; clipboard-write; encrypted-media; gyroscope; picture-in-picture; web-share\" allowfullscreen title=\"Terremoto in Turchia, il lavoro dei Vigili del Fuoco italiani tra le macerie\"><\/iframe>","_oembed_time_4deb98dad29d3397fd52cc996c3dd4f5":"1676133306","_oembed_03813336ad4ad804ec3786b25ddba80e":"<blockquote class=\"wp-embedded-content\" data-secret=\"g475PSkN3H\"><a href=\"https:\/\/www.varesenews.it\/2023\/01\/lavori-al-parco-del-monte-del-prete-ispra-sindaco-cambiera-volto\/1541403\/\">Lavori al parco del Monte del Prete di Ispra, il sindaco: &#8220;Cambier\u00e0 volto&#8221;<\/a><\/blockquote><iframe class=\"wp-embedded-content\" sandbox=\"allow-scripts\" security=\"restricted\" style=\"position: absolute; clip: rect(1px, 1px, 1px, 1px);\" src=\"https:\/\/www.varesenews.it\/2023\/01\/lavori-al-parco-del-monte-del-prete-ispra-sindaco-cambiera-volto\/1541403\/embed\/#?secret=g475PSkN3H\" data-secret=\"g475PSkN3H\" width=\"500\" height=\"282\" title=\"&#8220;Lavori al parco del Monte del Prete di Ispra, il sindaco: &#8220;Cambier\u00e0 volto&#8221;&#8221; &#8212; VareseNews\" frameborder=\"0\" marginwidth=\"0\" marginheight=\"0\" scrolling=\"no\"><\/iframe>","_oembed_time_03813336ad4ad804ec3786b25ddba80e":"1676133306","_oembed_45d1f03f9696b95961f68e84e10a2c8c":"<blockquote class=\"wp-embedded-content\" data-secret=\"UTUf9r1JwL\"><a href=\"https:\/\/www.varesenews.it\/2023\/02\/openjobmetis-varese-ea7-armani-milano-la-partita-diretta\/1547294\/\">Openjobmetis Varese &#8211; EA7 Armani Milano, la partita in diretta<\/a><\/blockquote><iframe class=\"wp-embedded-content\" sandbox=\"allow-scripts\" security=\"restricted\" style=\"position: absolute; clip: rect(1px, 1px, 1px, 1px);\" src=\"https:\/\/www.varesenews.it\/2023\/02\/openjobmetis-varese-ea7-armani-milano-la-partita-diretta\/1547294\/embed\/#?secret=UTUf9r1JwL\" data-secret=\"UTUf9r1JwL\" width=\"500\" height=\"282\" title=\"&#8220;Openjobmetis Varese &#8211; EA7 Armani Milano, la partita in diretta&#8221; &#8212; VareseNews\" frameborder=\"0\" marginwidth=\"0\" marginheight=\"0\" scrolling=\"no\"><\/iframe>","_oembed_time_45d1f03f9696b95961f68e84e10a2c8c":"1676133306","_oembed_ae623728cf4ca2ddc2cbef3d2b0cc1a6":"<blockquote class=\"wp-embedded-content\" data-secret=\"JOOzuqUbbD\"><a href=\"https:\/\/www.varesenews.it\/2020\/12\/alfio-letrusco-barbiere-piero-chiara-chiude-negozio-via-bernascone\/1285832\/\">Alfio &#8220;l&#8217;etrusco&#8221; il barbiere di Piero Chiara chiude il negozio di via Bernascone<\/a><\/blockquote><iframe class=\"wp-embedded-content\" sandbox=\"allow-scripts\" security=\"restricted\" style=\"position: absolute; clip: rect(1px, 1px, 1px, 1px);\" src=\"https:\/\/www.varesenews.it\/2020\/12\/alfio-letrusco-barbiere-piero-chiara-chiude-negozio-via-bernascone\/1285832\/embed\/#?secret=JOOzuqUbbD\" data-secret=\"JOOzuqUbbD\" width=\"500\" height=\"282\" title=\"&#8220;Alfio &#8220;l&#8217;etrusco&#8221; il barbiere di Piero Chiara chiude il negozio di via Bernascone&#8221; &#8212; VareseNews\" frameborder=\"0\" marginwidth=\"0\" marginheight=\"0\" scrolling=\"no\"><\/iframe>","_oembed_time_ae623728cf4ca2ddc2cbef3d2b0cc1a6":"1676133306","_oembed_e3b6413086590584310436a6dc2aa1dd":"<blockquote class=\"wp-embedded-content\" data-secret=\"IVBuPNU3PV\"><a href=\"https:\/\/www.varesenews.it\/2020\/01\/droga-nei-boschi-la-valle-ancora-dorme-inizio-la-partita\/893552\/\">Droga nei boschi: la valle ancora dorme quando ha inizio la partita<\/a><\/blockquote><iframe class=\"wp-embedded-content\" sandbox=\"allow-scripts\" security=\"restricted\" style=\"position: absolute; clip: rect(1px, 1px, 1px, 1px);\" src=\"https:\/\/www.varesenews.it\/2020\/01\/droga-nei-boschi-la-valle-ancora-dorme-inizio-la-partita\/893552\/embed\/#?secret=IVBuPNU3PV\" data-secret=\"IVBuPNU3PV\" width=\"500\" height=\"282\" title=\"&#8220;Droga nei boschi: la valle ancora dorme quando ha inizio la partita&#8221; &#8212; VareseNews\" frameborder=\"0\" marginwidth=\"0\" marginheight=\"0\" scrolling=\"no\"><\/iframe>","_oembed_time_e3b6413086590584310436a6dc2aa1dd":"1676133306","_oembed_248e6c677a25efad5f6834db76d98e64":"<blockquote class=\"wp-embedded-content\" data-secret=\"ktLQycLw3J\"><a href=\"https:\/\/www.varesenews.it\/2023\/02\/trovato-senza-vita-castelveccana-caduta-nei-boschi-dello-spaccio\/1547363\/\">Trovato senza vita a Castelveccana dopo una caduta nei boschi dello spaccio<\/a><\/blockquote><iframe class=\"wp-embedded-content\" sandbox=\"allow-scripts\" security=\"restricted\" style=\"position: absolute; clip: rect(1px, 1px, 1px, 1px);\" src=\"https:\/\/www.varesenews.it\/2023\/02\/trovato-senza-vita-castelveccana-caduta-nei-boschi-dello-spaccio\/1547363\/embed\/#?secret=ktLQycLw3J\" data-secret=\"ktLQycLw3J\" width=\"500\" height=\"282\" title=\"&#8220;Trovato senza vita a Castelveccana dopo una caduta nei boschi dello spaccio&#8221; &#8212; VareseNews\" frameborder=\"0\" marginwidth=\"0\" marginheight=\"0\" scrolling=\"no\"><\/iframe>","_oembed_time_248e6c677a25efad5f6834db76d98e64":"1676133306","_oembed_27d9f42f31b909bc39ed52ce319025ef":"<blockquote class=\"wp-embedded-content\" data-secret=\"Mc7okL2SWz\"><a href=\"https:\/\/www.varesenews.it\/2023\/02\/sanremo-2023-comincia-presidente-mattarella-vestiti-parlanti-chiara-ferragni\/1546258\/\">A Sanremo 2023 duetti &#8220;storici&#8221;: da Giorgia ed Elisa a Eros con Ultimo<\/a><\/blockquote><iframe class=\"wp-embedded-content\" sandbox=\"allow-scripts\" security=\"restricted\" style=\"position: absolute; clip: rect(1px, 1px, 1px, 1px);\" src=\"https:\/\/www.varesenews.it\/2023\/02\/sanremo-2023-comincia-presidente-mattarella-vestiti-parlanti-chiara-ferragni\/1546258\/embed\/#?secret=Mc7okL2SWz\" data-secret=\"Mc7okL2SWz\" width=\"500\" height=\"282\" title=\"&#8220;A Sanremo 2023 duetti &#8220;storici&#8221;: da Giorgia ed Elisa a Eros con Ultimo&#8221; &#8212; VareseNews\" frameborder=\"0\" marginwidth=\"0\" marginheight=\"0\" scrolling=\"no\"><\/iframe>","_oembed_time_27d9f42f31b909bc39ed52ce319025ef":"1676133306","_oembed_4f06cf76f753cefb9701230080bdd175":"<blockquote class=\"wp-embedded-content\" data-secret=\"x24lzLvgLN\"><a href=\"https:\/\/www.varesenews.it\/2016\/10\/il-gateway-delle-poste-dove-passano-i-pacchi-di-tutto-il-mondo\/561273\/\">Il gateway delle poste, dove passano i pacchi di tutto il mondo<\/a><\/blockquote><iframe class=\"wp-embedded-content\" sandbox=\"allow-scripts\" security=\"restricted\" style=\"position: absolute; clip: rect(1px, 1px, 1px, 1px);\" src=\"https:\/\/www.varesenews.it\/2016\/10\/il-gateway-delle-poste-dove-passano-i-pacchi-di-tutto-il-mondo\/561273\/embed\/#?secret=x24lzLvgLN\" data-secret=\"x24lzLvgLN\" width=\"500\" height=\"282\" title=\"&#8220;Il gateway delle poste, dove passano i pacchi di tutto il mondo&#8221; &#8212; VareseNews\" frameborder=\"0\" marginwidth=\"0\" marginheight=\"0\" scrolling=\"no\"><\/iframe>","_oembed_time_4f06cf76f753cefb9701230080bdd175":"1676133306","_oembed_724759f12039034c83f9577f4876e0ef":"<iframe width=\"500\" height=\"281\" src=\"https:\/\/www.youtube.com\/embed\/wi7WMvVrdVc?feature=oembed\" frameborder=\"0\" allow=\"accelerometer; autoplay; clipboard-write; encrypted-media; gyroscope; picture-in-picture; web-share\" allowfullscreen title=\"112: chiamata di primo soccorso\"><\/iframe>","_oembed_time_724759f12039034c83f9577f4876e0ef":"1676133307","_oembed_991112952866aa3d8ef80615934df781":"<blockquote class=\"wp-embedded-content\" data-secret=\"AD6yO1Fn4J\"><a href=\"https:\/\/www.varesenews.it\/2022\/09\/la-vita-agra-della-cascina-dei-poveri-busto-arsizio-raccontata-ci-nato-vissuto\/1494612\/\">La vita agra della Cascina dei Poveri di Busto Arsizio raccontata da chi ci \u00e8 nato e vissuto<\/a><\/blockquote><iframe class=\"wp-embedded-content\" sandbox=\"allow-scripts\" security=\"restricted\" style=\"position: absolute; clip: rect(1px, 1px, 1px, 1px);\" src=\"https:\/\/www.varesenews.it\/2022\/09\/la-vita-agra-della-cascina-dei-poveri-busto-arsizio-raccontata-ci-nato-vissuto\/1494612\/embed\/#?secret=AD6yO1Fn4J\" data-secret=\"AD6yO1Fn4J\" width=\"500\" height=\"282\" title=\"&#8220;La vita agra della Cascina dei Poveri di Busto Arsizio raccontata da chi ci \u00e8 nato e vissuto&#8221; &#8212; VareseNews\" frameborder=\"0\" marginwidth=\"0\" marginheight=\"0\" scrolling=\"no\"><\/iframe>","_oembed_time_991112952866aa3d8ef80615934df781":"1676133307"},"photos":[{"original":"https:\/\/staging.varesenews.it\/photogallery_new\/images\/2023\/01\/caricamento-temporaneo-per-contributo-1674315094kb67ebdlp7enqh1f-1366736.jpg","full":"https:\/\/staging.varesenews.it\/photogallery_new\/images\/2023\/01\/caricamento-temporaneo-per-contributo-1674315094kb67ebdlp7enqh1f-1366736.1024x768.jpg","large":"https:\/\/staging.varesenews.it\/photogallery_new\/images\/2023\/01\/caricamento-temporaneo-per-contributo-1674315094kb67ebdlp7enqh1f-1366736.610x431.jpg"}],"_links":{"self":[{"href":"https:\/\/staging.varesenews.it\/swgapi\/v1\/wp\/v2\/posts\/1547530"}],"collection":[{"href":"https:\/\/staging.varesenews.it\/swgapi\/v1\/wp\/v2\/posts"}],"about":[{"href":"https:\/\/staging.varesenews.it\/swgapi\/v1\/wp\/v2\/types\/post"}],"author":[{"embeddable":true,"href":"https:\/\/staging.varesenews.it\/swgapi\/v1\/wp\/v2\/users\/16977"}],"replies":[{"embeddable":true,"href":"https:\/\/staging.varesenews.it\/swgapi\/v1\/wp\/v2\/comments?post=1547530"}],"version-history":[{"count":0,"href":"https:\/\/staging.varesenews.it\/swgapi\/v1\/wp\/v2\/posts\/1547530\/revisions"}],"wp:attachment":[{"href":"https:\/\/staging.varesenews.it\/swgapi\/v1\/wp\/v2\/media?parent=1547530"}],"wp:term":[{"taxonomy":"category","embeddable":true,"href":"https:\/\/staging.varesenews.it\/swgapi\/v1\/wp\/v2\/categories?post=1547530"},{"taxonomy":"post_tag","embeddable":true,"href":"https:\/\/staging.varesenews.it\/swgapi\/v1\/wp\/v2\/tags?post=1547530"}],"curies":[{"name":"wp","href":"https:\/\/api.w.org\/{rel}","templated":true}]}}