{"id":157299,"date":"2010-02-03T00:00:00","date_gmt":"2010-02-03T00:00:00","guid":{"rendered":""},"modified":"2010-02-03T00:00:00","modified_gmt":"2010-02-03T00:00:00","slug":"cimberio-antonelli-in-forse-contro-teramo","status":"publish","type":"post","link":"https:\/\/staging.varesenews.it\/2010\/02\/cimberio-antonelli-in-forse-contro-teramo\/157299\/","title":{"rendered":"Cimberio, Antonelli in forse contro Teramo"},"content":{"rendered":"<p><img loading=\"lazy\" decoding=\"async\" border=\"1\" hspace=\"5\" vspace=\"5\" align=\"left\" width=\"200\" height=\"273\" alt=\"\" src=\"https:\/\/www3.varesenews.it\/immagini_articoli\/200902\/antonellidunk.jpg\" \/>Guai in vista per Stefano Pillastrini e per la Cimberio che sabato sera affronter&agrave; a Masnago la Banca Tercas Teramo per il secondo turno del girone di ritorno di serie A di basket. Il coach biancorosso rischia di dover fare a meno di <strong>Riccardo Antonelli (nella foto), <\/strong>il giovane lungo che durante l&#8217;allenamento del gioved&igrave; ha subito <strong>una distorsione alla caviglia sinistra. <\/strong>Antonelli &egrave; ricaduto male, forse su un piede di Marko Tusek, dopo aver realizzato un canestro ed &egrave; stato subito sottoposto ai bendaggi del caso da parte del massaggiatore Claudio Galleani; in seguito &egrave; stato visitato dal dottor Acquati. Per sapere se Ricky sar&agrave; in campo sabato bisogna attendere il prossimo controllo ma la prima impressione &egrave; che il lungo sar&agrave; costretto a un turno di riposo.<br \/>\nChi &egrave; rimasto <strong>ancora fermo &egrave; invece Randy Childress<\/strong>, il quale soffre per una contrattura all&#8217;adduttore destro rimediata nel derby contro l&#8217;Armani Jeans. Il playmaker &egrave; rimasto ad osservare i compagni e potrebbe riposare anche gioved&igrave; in via precauzionale; la sua presenza contro Teramo invece non dovrebbe essere in dubbio.<br \/>\nPer il match contro gli abruzzesi intanto sono state <strong>aperte le consuete prevendite<\/strong>. I biglietti sono disponibili al negozio Triple di via Manin, all&#8217;agenzia Morandi Tour di via Dandolo e agli Index Point.<\/p>\n","protected":false},"excerpt":{"rendered":"<p>Il giovane pivot si \u00e8 infortunato alla caviglia durante l&#8217;allenamento del gioved\u00ec sera. Childress a riposo, ma sabato ci sar\u00e0. Aperte le prevendite per la partita<\/p>\n","protected":false},"author":10,"featured_media":0,"comment_status":"open","ping_status":"open","sticky":false,"template":"","format":"standard","meta":{"footnotes":""},"categories":[14],"tags":[153,154],"acf":[],"yoast_head":"<!-- This site is optimized with the Yoast SEO plugin v20.1 - https:\/\/yoast.com\/wordpress\/plugins\/seo\/ -->\n<title>Cimberio, Antonelli in forse contro Teramo<\/title>\n<meta name=\"description\" content=\"Il giovane pivot si \u00e8 infortunato alla caviglia durante l&#039;allenamento del gioved\u00ec sera. Childress a riposo, ma sabato ci sar\u00e0. Aperte le prevendite per la partita\" \/>\n<meta name=\"robots\" content=\"noindex, follow, max-snippet:-1, max-image-preview:large, max-video-preview:-1\" \/>\n<meta property=\"og:locale\" content=\"it_IT\" \/>\n<meta property=\"og:type\" content=\"article\" \/>\n<meta property=\"og:title\" content=\"Cimberio, Antonelli in forse contro Teramo\" \/>\n<meta property=\"og:description\" content=\"Il giovane pivot si \u00e8 infortunato alla caviglia durante l&#039;allenamento del gioved\u00ec sera. Childress a riposo, ma sabato ci sar\u00e0. Aperte le prevendite per la partita\" \/>\n<meta property=\"og:url\" content=\"https:\/\/staging.varesenews.it\/2010\/02\/cimberio-antonelli-in-forse-contro-teramo\/157299\/\" \/>\n<meta property=\"og:site_name\" content=\"VareseNews\" \/>\n<meta property=\"article:publisher\" content=\"https:\/\/www.facebook.com\/varesenews\" \/>\n<meta property=\"article:published_time\" content=\"2010-02-03T00:00:00+00:00\" \/>\n<meta property=\"og:image\" content=\"https:\/\/www3.varesenews.it\/immagini_articoli\/200902\/antonellidunk.jpg\" \/>\n<meta name=\"author\" content=\"Redazione VareseNews\" \/>\n<meta name=\"twitter:card\" content=\"summary_large_image\" \/>\n<meta name=\"twitter:creator\" content=\"@varesenews\" \/>\n<meta name=\"twitter:site\" content=\"@varesenews\" \/>\n<meta name=\"twitter:label1\" content=\"Scritto da\" \/>\n\t<meta name=\"twitter:data1\" content=\"Redazione VareseNews\" \/>\n\t<meta name=\"twitter:label2\" content=\"Tempo di lettura stimato\" \/>\n\t<meta name=\"twitter:data2\" content=\"1 minuto\" \/>\n<script type=\"application\/ld+json\" class=\"yoast-schema-graph\">{\"@context\":\"https:\/\/schema.org\",\"@graph\":[{\"@type\":\"WebPage\",\"@id\":\"https:\/\/staging.varesenews.it\/2010\/02\/cimberio-antonelli-in-forse-contro-teramo\/157299\/\",\"url\":\"https:\/\/staging.varesenews.it\/2010\/02\/cimberio-antonelli-in-forse-contro-teramo\/157299\/\",\"name\":\"Cimberio, Antonelli in forse contro Teramo\",\"isPartOf\":{\"@id\":\"https:\/\/staging.varesenews.it\/#website\"},\"datePublished\":\"2010-02-03T00:00:00+00:00\",\"dateModified\":\"2010-02-03T00:00:00+00:00\",\"author\":{\"@id\":\"https:\/\/staging.varesenews.it\/#\/schema\/person\/fb20c4da0b7b16c291707a20db73e169\"},\"description\":\"Il giovane pivot si \u00e8 infortunato alla caviglia durante l'allenamento del gioved\u00ec sera. Childress a riposo, ma sabato ci sar\u00e0. Aperte le prevendite per la partita\",\"breadcrumb\":{\"@id\":\"https:\/\/staging.varesenews.it\/2010\/02\/cimberio-antonelli-in-forse-contro-teramo\/157299\/#breadcrumb\"},\"inLanguage\":\"it-IT\",\"potentialAction\":[{\"@type\":\"ReadAction\",\"target\":[\"https:\/\/staging.varesenews.it\/2010\/02\/cimberio-antonelli-in-forse-contro-teramo\/157299\/\"]}]},{\"@type\":\"BreadcrumbList\",\"@id\":\"https:\/\/staging.varesenews.it\/2010\/02\/cimberio-antonelli-in-forse-contro-teramo\/157299\/#breadcrumb\",\"itemListElement\":[{\"@type\":\"ListItem\",\"position\":1,\"name\":\"Home\",\"item\":\"https:\/\/www.varesenews.it\/\"},{\"@type\":\"ListItem\",\"position\":2,\"name\":\"Cimberio, Antonelli in forse contro Teramo\"}]},{\"@type\":\"WebSite\",\"@id\":\"https:\/\/staging.varesenews.it\/#website\",\"url\":\"https:\/\/staging.varesenews.it\/\",\"name\":\"VareseNews\",\"description\":\"\",\"potentialAction\":[{\"@type\":\"SearchAction\",\"target\":{\"@type\":\"EntryPoint\",\"urlTemplate\":\"https:\/\/staging.varesenews.it\/?s={search_term_string}\"},\"query-input\":\"required name=search_term_string\"}],\"inLanguage\":\"it-IT\"},{\"@type\":\"Person\",\"@id\":\"https:\/\/staging.varesenews.it\/#\/schema\/person\/fb20c4da0b7b16c291707a20db73e169\",\"name\":\"Redazione VareseNews\",\"image\":{\"@type\":\"ImageObject\",\"inLanguage\":\"it-IT\",\"@id\":\"https:\/\/staging.varesenews.it\/#\/schema\/person\/image\/\",\"url\":\"https:\/\/staging.varesenews.it\/wp-content\/uploads\/2020\/12\/logo_VN_colori_500.png\",\"contentUrl\":\"https:\/\/staging.varesenews.it\/wp-content\/uploads\/2020\/12\/logo_VN_colori_500.png\",\"caption\":\"Redazione VareseNews\"},\"url\":\"https:\/\/staging.varesenews.it\/persona\/redazione1\/\"}]}<\/script>\n<!-- \/ Yoast SEO plugin. -->","yoast_head_json":{"title":"Cimberio, Antonelli in forse contro Teramo","description":"Il giovane pivot si \u00e8 infortunato alla caviglia durante l'allenamento del gioved\u00ec sera. Childress a riposo, ma sabato ci sar\u00e0. Aperte le prevendite per la partita","robots":{"index":"noindex","follow":"follow","max-snippet":"max-snippet:-1","max-image-preview":"max-image-preview:large","max-video-preview":"max-video-preview:-1"},"og_locale":"it_IT","og_type":"article","og_title":"Cimberio, Antonelli in forse contro Teramo","og_description":"Il giovane pivot si \u00e8 infortunato alla caviglia durante l'allenamento del gioved\u00ec sera. Childress a riposo, ma sabato ci sar\u00e0. Aperte le prevendite per la partita","og_url":"https:\/\/staging.varesenews.it\/2010\/02\/cimberio-antonelli-in-forse-contro-teramo\/157299\/","og_site_name":"VareseNews","article_publisher":"https:\/\/www.facebook.com\/varesenews","article_published_time":"2010-02-03T00:00:00+00:00","og_image":[{"url":"https:\/\/www3.varesenews.it\/immagini_articoli\/200902\/antonellidunk.jpg"}],"author":"Redazione VareseNews","twitter_card":"summary_large_image","twitter_creator":"@varesenews","twitter_site":"@varesenews","twitter_misc":{"Scritto da":"Redazione VareseNews","Tempo di lettura stimato":"1 minuto"},"schema":{"@context":"https:\/\/schema.org","@graph":[{"@type":"WebPage","@id":"https:\/\/staging.varesenews.it\/2010\/02\/cimberio-antonelli-in-forse-contro-teramo\/157299\/","url":"https:\/\/staging.varesenews.it\/2010\/02\/cimberio-antonelli-in-forse-contro-teramo\/157299\/","name":"Cimberio, Antonelli in forse contro Teramo","isPartOf":{"@id":"https:\/\/staging.varesenews.it\/#website"},"datePublished":"2010-02-03T00:00:00+00:00","dateModified":"2010-02-03T00:00:00+00:00","author":{"@id":"https:\/\/staging.varesenews.it\/#\/schema\/person\/fb20c4da0b7b16c291707a20db73e169"},"description":"Il giovane pivot si \u00e8 infortunato alla caviglia durante l'allenamento del gioved\u00ec sera. Childress a riposo, ma sabato ci sar\u00e0. Aperte le prevendite per la partita","breadcrumb":{"@id":"https:\/\/staging.varesenews.it\/2010\/02\/cimberio-antonelli-in-forse-contro-teramo\/157299\/#breadcrumb"},"inLanguage":"it-IT","potentialAction":[{"@type":"ReadAction","target":["https:\/\/staging.varesenews.it\/2010\/02\/cimberio-antonelli-in-forse-contro-teramo\/157299\/"]}]},{"@type":"BreadcrumbList","@id":"https:\/\/staging.varesenews.it\/2010\/02\/cimberio-antonelli-in-forse-contro-teramo\/157299\/#breadcrumb","itemListElement":[{"@type":"ListItem","position":1,"name":"Home","item":"https:\/\/www.varesenews.it\/"},{"@type":"ListItem","position":2,"name":"Cimberio, Antonelli in forse contro Teramo"}]},{"@type":"WebSite","@id":"https:\/\/staging.varesenews.it\/#website","url":"https:\/\/staging.varesenews.it\/","name":"VareseNews","description":"","potentialAction":[{"@type":"SearchAction","target":{"@type":"EntryPoint","urlTemplate":"https:\/\/staging.varesenews.it\/?s={search_term_string}"},"query-input":"required name=search_term_string"}],"inLanguage":"it-IT"},{"@type":"Person","@id":"https:\/\/staging.varesenews.it\/#\/schema\/person\/fb20c4da0b7b16c291707a20db73e169","name":"Redazione VareseNews","image":{"@type":"ImageObject","inLanguage":"it-IT","@id":"https:\/\/staging.varesenews.it\/#\/schema\/person\/image\/","url":"https:\/\/staging.varesenews.it\/wp-content\/uploads\/2020\/12\/logo_VN_colori_500.png","contentUrl":"https:\/\/staging.varesenews.it\/wp-content\/uploads\/2020\/12\/logo_VN_colori_500.png","caption":"Redazione VareseNews"},"url":"https:\/\/staging.varesenews.it\/persona\/redazione1\/"}]}},"post_meta":{"id_old":"163304","argomento":"Basket"},"photos":[],"_links":{"self":[{"href":"https:\/\/staging.varesenews.it\/swgapi\/v1\/wp\/v2\/posts\/157299"}],"collection":[{"href":"https:\/\/staging.varesenews.it\/swgapi\/v1\/wp\/v2\/posts"}],"about":[{"href":"https:\/\/staging.varesenews.it\/swgapi\/v1\/wp\/v2\/types\/post"}],"author":[{"embeddable":true,"href":"https:\/\/staging.varesenews.it\/swgapi\/v1\/wp\/v2\/users\/10"}],"replies":[{"embeddable":true,"href":"https:\/\/staging.varesenews.it\/swgapi\/v1\/wp\/v2\/comments?post=157299"}],"version-history":[{"count":0,"href":"https:\/\/staging.varesenews.it\/swgapi\/v1\/wp\/v2\/posts\/157299\/revisions"}],"wp:attachment":[{"href":"https:\/\/staging.varesenews.it\/swgapi\/v1\/wp\/v2\/media?parent=157299"}],"wp:term":[{"taxonomy":"category","embeddable":true,"href":"https:\/\/staging.varesenews.it\/swgapi\/v1\/wp\/v2\/categories?post=157299"},{"taxonomy":"post_tag","embeddable":true,"href":"https:\/\/staging.varesenews.it\/swgapi\/v1\/wp\/v2\/tags?post=157299"}],"curies":[{"name":"wp","href":"https:\/\/api.w.org\/{rel}","templated":true}]}}