{"id":160877,"date":"2009-12-17T00:00:00","date_gmt":"2009-12-17T00:00:00","guid":{"rendered":""},"modified":"2009-12-17T00:00:00","modified_gmt":"2009-12-17T00:00:00","slug":"aperta-una-filiale-lidl-piu-verde","status":"publish","type":"post","link":"https:\/\/staging.varesenews.it\/2009\/12\/aperta-una-filiale-lidl-piu-verde\/160877\/","title":{"rendered":"Aperta una filiale Lidl pi\u00f9 verde"},"content":{"rendered":"<div>Una nuova filiale Lidl, pi&ugrave; moderna e rispettosa dell&rsquo;ambiente. I lavori di ristrutturazione e ampliamento del punto vendita di Cislago (via Cesare Battisti) sono durati poco pi&ugrave; di due mesi e, da luned&igrave; 14 dicembre, il negozio ha riaperto le porte ai clienti, offrendo una superficie di vendita aumentata del 40% rispetto alla precedente (oltre 900 mq).<\/div>\n<div>Molte le novit&agrave; che caratterizzano la nuova filiale: sono stati installati vetri a bassa emissione, che assicurano un elevato grado di isolamento, evitando dispersione di calore e quindi sprechi energetici. Un piccolo accorgimento che, applicato a una struttura caratterizzata da ampie vetrate, consente un risparmio di energia fino al 40%, rispetto a un edificio dotato di vetri tradizionali. Altra grande innovazione &egrave; stata la realizzazione di un impianto d&rsquo;illuminazione con lampadine a basso consumo energetico di ultima generazione.<\/div>\n<div><span style=\"font-style: normal\">Lidl &egrave; un&rsquo;azienda multinazionale operante nell&rsquo;ambito della grande distribuzione, facente parte del gruppo Lidl &amp; Schwarz, fondato nel 1973. Lidl Italia srl &egrave; stata fondata nel 1991 ed ha sede direttiva in prossimit&agrave; di Verona (Arcole). Ad oggi conta circa 550 punti vendita, oltre 9.000 dipendenti e 9 centri distributivi dislocati su tutto il territorio italiano.<\/span><\/div>\n<div>Per informazioni: <a href=\"http:\/\/www.lidl.it\/\">www.lidl.it<\/a><\/div>\n","protected":false},"excerpt":{"rendered":"<p>Luned\u00ec 14 dicembre \u00e8 stato riaperto il punto vendita di Cislago, ristrutturato nel rispetto dell\u2019ambiente<\/p>\n","protected":false},"author":10,"featured_media":0,"comment_status":"open","ping_status":"open","sticky":false,"template":"","format":"standard","meta":{"footnotes":""},"categories":[5],"tags":[],"acf":[],"yoast_head":"<!-- This site is optimized with the Yoast SEO plugin v20.1 - https:\/\/yoast.com\/wordpress\/plugins\/seo\/ -->\n<title>Aperta una filiale Lidl pi\u00f9 verde<\/title>\n<meta name=\"description\" content=\"Luned\u00ec 14 dicembre \u00e8 stato riaperto il punto vendita di Cislago, ristrutturato nel rispetto dell\u2019ambiente\" \/>\n<meta name=\"robots\" content=\"noindex, follow, max-snippet:-1, max-image-preview:large, max-video-preview:-1\" \/>\n<meta property=\"og:locale\" content=\"it_IT\" \/>\n<meta property=\"og:type\" content=\"article\" \/>\n<meta property=\"og:title\" content=\"Aperta una filiale Lidl pi\u00f9 verde\" \/>\n<meta property=\"og:description\" content=\"Luned\u00ec 14 dicembre \u00e8 stato riaperto il punto vendita di Cislago, ristrutturato nel rispetto dell\u2019ambiente\" \/>\n<meta property=\"og:url\" content=\"https:\/\/staging.varesenews.it\/2009\/12\/aperta-una-filiale-lidl-piu-verde\/160877\/\" \/>\n<meta property=\"og:site_name\" content=\"VareseNews\" \/>\n<meta property=\"article:publisher\" content=\"https:\/\/www.facebook.com\/varesenews\" \/>\n<meta property=\"article:published_time\" content=\"2009-12-17T00:00:00+00:00\" \/>\n<meta name=\"author\" content=\"Redazione VareseNews\" \/>\n<meta name=\"twitter:card\" content=\"summary_large_image\" \/>\n<meta name=\"twitter:creator\" content=\"@varesenews\" \/>\n<meta name=\"twitter:site\" content=\"@varesenews\" \/>\n<meta name=\"twitter:label1\" content=\"Scritto da\" \/>\n\t<meta name=\"twitter:data1\" content=\"Redazione VareseNews\" \/>\n\t<meta name=\"twitter:label2\" content=\"Tempo di lettura stimato\" \/>\n\t<meta name=\"twitter:data2\" content=\"1 minuto\" \/>\n<script type=\"application\/ld+json\" class=\"yoast-schema-graph\">{\"@context\":\"https:\/\/schema.org\",\"@graph\":[{\"@type\":\"WebPage\",\"@id\":\"https:\/\/staging.varesenews.it\/2009\/12\/aperta-una-filiale-lidl-piu-verde\/160877\/\",\"url\":\"https:\/\/staging.varesenews.it\/2009\/12\/aperta-una-filiale-lidl-piu-verde\/160877\/\",\"name\":\"Aperta una filiale Lidl pi\u00f9 verde\",\"isPartOf\":{\"@id\":\"https:\/\/staging.varesenews.it\/#website\"},\"datePublished\":\"2009-12-17T00:00:00+00:00\",\"dateModified\":\"2009-12-17T00:00:00+00:00\",\"author\":{\"@id\":\"https:\/\/staging.varesenews.it\/#\/schema\/person\/fb20c4da0b7b16c291707a20db73e169\"},\"description\":\"Luned\u00ec 14 dicembre \u00e8 stato riaperto il punto vendita di Cislago, ristrutturato nel rispetto dell\u2019ambiente\",\"breadcrumb\":{\"@id\":\"https:\/\/staging.varesenews.it\/2009\/12\/aperta-una-filiale-lidl-piu-verde\/160877\/#breadcrumb\"},\"inLanguage\":\"it-IT\",\"potentialAction\":[{\"@type\":\"ReadAction\",\"target\":[\"https:\/\/staging.varesenews.it\/2009\/12\/aperta-una-filiale-lidl-piu-verde\/160877\/\"]}]},{\"@type\":\"BreadcrumbList\",\"@id\":\"https:\/\/staging.varesenews.it\/2009\/12\/aperta-una-filiale-lidl-piu-verde\/160877\/#breadcrumb\",\"itemListElement\":[{\"@type\":\"ListItem\",\"position\":1,\"name\":\"Home\",\"item\":\"https:\/\/www.varesenews.it\/\"},{\"@type\":\"ListItem\",\"position\":2,\"name\":\"Aperta una filiale Lidl pi\u00f9 verde\"}]},{\"@type\":\"WebSite\",\"@id\":\"https:\/\/staging.varesenews.it\/#website\",\"url\":\"https:\/\/staging.varesenews.it\/\",\"name\":\"VareseNews\",\"description\":\"\",\"potentialAction\":[{\"@type\":\"SearchAction\",\"target\":{\"@type\":\"EntryPoint\",\"urlTemplate\":\"https:\/\/staging.varesenews.it\/?s={search_term_string}\"},\"query-input\":\"required name=search_term_string\"}],\"inLanguage\":\"it-IT\"},{\"@type\":\"Person\",\"@id\":\"https:\/\/staging.varesenews.it\/#\/schema\/person\/fb20c4da0b7b16c291707a20db73e169\",\"name\":\"Redazione VareseNews\",\"image\":{\"@type\":\"ImageObject\",\"inLanguage\":\"it-IT\",\"@id\":\"https:\/\/staging.varesenews.it\/#\/schema\/person\/image\/\",\"url\":\"https:\/\/staging.varesenews.it\/wp-content\/uploads\/2020\/12\/logo_VN_colori_500.png\",\"contentUrl\":\"https:\/\/staging.varesenews.it\/wp-content\/uploads\/2020\/12\/logo_VN_colori_500.png\",\"caption\":\"Redazione VareseNews\"},\"url\":\"https:\/\/staging.varesenews.it\/persona\/redazione1\/\"}]}<\/script>\n<!-- \/ Yoast SEO plugin. -->","yoast_head_json":{"title":"Aperta una filiale Lidl pi\u00f9 verde","description":"Luned\u00ec 14 dicembre \u00e8 stato riaperto il punto vendita di Cislago, ristrutturato nel rispetto dell\u2019ambiente","robots":{"index":"noindex","follow":"follow","max-snippet":"max-snippet:-1","max-image-preview":"max-image-preview:large","max-video-preview":"max-video-preview:-1"},"og_locale":"it_IT","og_type":"article","og_title":"Aperta una filiale Lidl pi\u00f9 verde","og_description":"Luned\u00ec 14 dicembre \u00e8 stato riaperto il punto vendita di Cislago, ristrutturato nel rispetto dell\u2019ambiente","og_url":"https:\/\/staging.varesenews.it\/2009\/12\/aperta-una-filiale-lidl-piu-verde\/160877\/","og_site_name":"VareseNews","article_publisher":"https:\/\/www.facebook.com\/varesenews","article_published_time":"2009-12-17T00:00:00+00:00","author":"Redazione VareseNews","twitter_card":"summary_large_image","twitter_creator":"@varesenews","twitter_site":"@varesenews","twitter_misc":{"Scritto da":"Redazione VareseNews","Tempo di lettura stimato":"1 minuto"},"schema":{"@context":"https:\/\/schema.org","@graph":[{"@type":"WebPage","@id":"https:\/\/staging.varesenews.it\/2009\/12\/aperta-una-filiale-lidl-piu-verde\/160877\/","url":"https:\/\/staging.varesenews.it\/2009\/12\/aperta-una-filiale-lidl-piu-verde\/160877\/","name":"Aperta una filiale Lidl pi\u00f9 verde","isPartOf":{"@id":"https:\/\/staging.varesenews.it\/#website"},"datePublished":"2009-12-17T00:00:00+00:00","dateModified":"2009-12-17T00:00:00+00:00","author":{"@id":"https:\/\/staging.varesenews.it\/#\/schema\/person\/fb20c4da0b7b16c291707a20db73e169"},"description":"Luned\u00ec 14 dicembre \u00e8 stato riaperto il punto vendita di Cislago, ristrutturato nel rispetto dell\u2019ambiente","breadcrumb":{"@id":"https:\/\/staging.varesenews.it\/2009\/12\/aperta-una-filiale-lidl-piu-verde\/160877\/#breadcrumb"},"inLanguage":"it-IT","potentialAction":[{"@type":"ReadAction","target":["https:\/\/staging.varesenews.it\/2009\/12\/aperta-una-filiale-lidl-piu-verde\/160877\/"]}]},{"@type":"BreadcrumbList","@id":"https:\/\/staging.varesenews.it\/2009\/12\/aperta-una-filiale-lidl-piu-verde\/160877\/#breadcrumb","itemListElement":[{"@type":"ListItem","position":1,"name":"Home","item":"https:\/\/www.varesenews.it\/"},{"@type":"ListItem","position":2,"name":"Aperta una filiale Lidl pi\u00f9 verde"}]},{"@type":"WebSite","@id":"https:\/\/staging.varesenews.it\/#website","url":"https:\/\/staging.varesenews.it\/","name":"VareseNews","description":"","potentialAction":[{"@type":"SearchAction","target":{"@type":"EntryPoint","urlTemplate":"https:\/\/staging.varesenews.it\/?s={search_term_string}"},"query-input":"required name=search_term_string"}],"inLanguage":"it-IT"},{"@type":"Person","@id":"https:\/\/staging.varesenews.it\/#\/schema\/person\/fb20c4da0b7b16c291707a20db73e169","name":"Redazione VareseNews","image":{"@type":"ImageObject","inLanguage":"it-IT","@id":"https:\/\/staging.varesenews.it\/#\/schema\/person\/image\/","url":"https:\/\/staging.varesenews.it\/wp-content\/uploads\/2020\/12\/logo_VN_colori_500.png","contentUrl":"https:\/\/staging.varesenews.it\/wp-content\/uploads\/2020\/12\/logo_VN_colori_500.png","caption":"Redazione VareseNews"},"url":"https:\/\/staging.varesenews.it\/persona\/redazione1\/"}]}},"post_meta":{"id_old":"159613","argomento":"Cislago"},"photos":[],"_links":{"self":[{"href":"https:\/\/staging.varesenews.it\/swgapi\/v1\/wp\/v2\/posts\/160877"}],"collection":[{"href":"https:\/\/staging.varesenews.it\/swgapi\/v1\/wp\/v2\/posts"}],"about":[{"href":"https:\/\/staging.varesenews.it\/swgapi\/v1\/wp\/v2\/types\/post"}],"author":[{"embeddable":true,"href":"https:\/\/staging.varesenews.it\/swgapi\/v1\/wp\/v2\/users\/10"}],"replies":[{"embeddable":true,"href":"https:\/\/staging.varesenews.it\/swgapi\/v1\/wp\/v2\/comments?post=160877"}],"version-history":[{"count":0,"href":"https:\/\/staging.varesenews.it\/swgapi\/v1\/wp\/v2\/posts\/160877\/revisions"}],"wp:attachment":[{"href":"https:\/\/staging.varesenews.it\/swgapi\/v1\/wp\/v2\/media?parent=160877"}],"wp:term":[{"taxonomy":"category","embeddable":true,"href":"https:\/\/staging.varesenews.it\/swgapi\/v1\/wp\/v2\/categories?post=160877"},{"taxonomy":"post_tag","embeddable":true,"href":"https:\/\/staging.varesenews.it\/swgapi\/v1\/wp\/v2\/tags?post=160877"}],"curies":[{"name":"wp","href":"https:\/\/api.w.org\/{rel}","templated":true}]}}