{"id":160929,"date":"2009-12-17T00:00:00","date_gmt":"2009-12-17T00:00:00","guid":{"rendered":""},"modified":"2009-12-17T00:00:00","modified_gmt":"2009-12-17T00:00:00","slug":"l-intervento-e-slittato-perche-c-erano-altre-priorita","status":"publish","type":"post","link":"https:\/\/staging.varesenews.it\/2009\/12\/l-intervento-e-slittato-perche-c-erano-altre-priorita\/160929\/","title":{"rendered":"&#8220;L&#8217;intervento \u00e8 slittato perch\u00e8 c&#8217;erano altre priorit\u00e0&#8221;"},"content":{"rendered":"<p>La <a target=\"_blank\" href=\"http:\/\/www3.varesenews.it\/varese\/articolo.php?id=159498\"><strong>fontana &egrave; stata parcheggiata <\/strong><\/a>in un parchetto vicino al palazzo comunale, l&#8217;ex&nbsp;sindaco di Buguggiate interviene per spiegare il perch&eacute;.<\/p>\n<p>&quot;Scarsit&agrave; di notizie o sbaglio? Processo alle intenzioni rispetto ad una spesa non ancora sostenuta&#8230; bufala sul cambiamento di intenzioni mai avvenuto&#8230; <br \/>\nAi tempi c&#8217;era l&#8217;occasione e si &egrave; preso al volo la fontana con i complimenti anche della vecchia minoranza coincidente con quella attuale. La fontana non mi risulta essere deperibile&#8230; L&#8217;intervento &egrave; slittato in quanto le priorit&agrave; (scuola e sociale) tanto care al consigliere di minoranza Colombo hanno avuto il sopravvento. <br \/>\nTutto qui&quot;.<br \/>\n________________<\/p>\n<p>Gentile Alessandro Vedani, <br \/>\nnessuna scarsit&agrave; di notizie, ma <strong>abbondanza di domande legittime <\/strong>da parte dei cittadini (come dovrebbe sempre avvenire).&nbsp;Lei &egrave; l&#8217;ex amministratore di quel comune e quindi&nbsp;ha il diritto-dovere di rispondere.<br \/>\nLa saluto cordialmente<br \/>\nper la redazione Michele Mancino<\/p>\n","protected":false},"excerpt":{"rendered":"<p>Il sindaco Alessandro Vedani da risposta in merito alla fontana parcheggiata in un angolo del territorio comunale <\/p>\n","protected":false},"author":10,"featured_media":0,"comment_status":"open","ping_status":"open","sticky":false,"template":"","format":"standard","meta":{"footnotes":""},"categories":[2],"tags":[3353],"acf":[],"yoast_head":"<!-- This site is optimized with the Yoast SEO plugin v20.1 - https:\/\/yoast.com\/wordpress\/plugins\/seo\/ -->\n<title>&quot;L&#039;intervento \u00e8 slittato perch\u00e8 c&#039;erano altre priorit\u00e0&quot;<\/title>\n<meta name=\"description\" content=\"Il sindaco Alessandro Vedani da risposta in merito alla fontana parcheggiata in un angolo del territorio comunale\" \/>\n<meta name=\"robots\" content=\"noindex, follow, max-snippet:-1, max-image-preview:large, max-video-preview:-1\" \/>\n<meta property=\"og:locale\" content=\"it_IT\" \/>\n<meta property=\"og:type\" content=\"article\" \/>\n<meta property=\"og:title\" content=\"&quot;L&#039;intervento \u00e8 slittato perch\u00e8 c&#039;erano altre priorit\u00e0&quot;\" \/>\n<meta property=\"og:description\" content=\"Il sindaco Alessandro Vedani da risposta in merito alla fontana parcheggiata in un angolo del territorio comunale\" \/>\n<meta property=\"og:url\" content=\"https:\/\/staging.varesenews.it\/2009\/12\/l-intervento-e-slittato-perche-c-erano-altre-priorita\/160929\/\" \/>\n<meta property=\"og:site_name\" content=\"VareseNews\" \/>\n<meta property=\"article:publisher\" content=\"https:\/\/www.facebook.com\/varesenews\" \/>\n<meta property=\"article:published_time\" content=\"2009-12-17T00:00:00+00:00\" \/>\n<meta name=\"author\" content=\"Redazione VareseNews\" \/>\n<meta name=\"twitter:card\" content=\"summary_large_image\" \/>\n<meta name=\"twitter:creator\" content=\"@varesenews\" \/>\n<meta name=\"twitter:site\" content=\"@varesenews\" \/>\n<meta name=\"twitter:label1\" content=\"Scritto da\" \/>\n\t<meta name=\"twitter:data1\" content=\"Redazione VareseNews\" \/>\n\t<meta name=\"twitter:label2\" content=\"Tempo di lettura stimato\" \/>\n\t<meta name=\"twitter:data2\" content=\"1 minuto\" \/>\n<script type=\"application\/ld+json\" class=\"yoast-schema-graph\">{\"@context\":\"https:\/\/schema.org\",\"@graph\":[{\"@type\":\"WebPage\",\"@id\":\"https:\/\/staging.varesenews.it\/2009\/12\/l-intervento-e-slittato-perche-c-erano-altre-priorita\/160929\/\",\"url\":\"https:\/\/staging.varesenews.it\/2009\/12\/l-intervento-e-slittato-perche-c-erano-altre-priorita\/160929\/\",\"name\":\"\\\"L'intervento \u00e8 slittato perch\u00e8 c'erano altre priorit\u00e0\\\"\",\"isPartOf\":{\"@id\":\"https:\/\/staging.varesenews.it\/#website\"},\"datePublished\":\"2009-12-17T00:00:00+00:00\",\"dateModified\":\"2009-12-17T00:00:00+00:00\",\"author\":{\"@id\":\"https:\/\/staging.varesenews.it\/#\/schema\/person\/fb20c4da0b7b16c291707a20db73e169\"},\"description\":\"Il sindaco Alessandro Vedani da risposta in merito alla fontana parcheggiata in un angolo del territorio comunale\",\"breadcrumb\":{\"@id\":\"https:\/\/staging.varesenews.it\/2009\/12\/l-intervento-e-slittato-perche-c-erano-altre-priorita\/160929\/#breadcrumb\"},\"inLanguage\":\"it-IT\",\"potentialAction\":[{\"@type\":\"ReadAction\",\"target\":[\"https:\/\/staging.varesenews.it\/2009\/12\/l-intervento-e-slittato-perche-c-erano-altre-priorita\/160929\/\"]}]},{\"@type\":\"BreadcrumbList\",\"@id\":\"https:\/\/staging.varesenews.it\/2009\/12\/l-intervento-e-slittato-perche-c-erano-altre-priorita\/160929\/#breadcrumb\",\"itemListElement\":[{\"@type\":\"ListItem\",\"position\":1,\"name\":\"Home\",\"item\":\"https:\/\/www.varesenews.it\/\"},{\"@type\":\"ListItem\",\"position\":2,\"name\":\"&#8220;L&#8217;intervento \u00e8 slittato perch\u00e8 c&#8217;erano altre priorit\u00e0&#8221;\"}]},{\"@type\":\"WebSite\",\"@id\":\"https:\/\/staging.varesenews.it\/#website\",\"url\":\"https:\/\/staging.varesenews.it\/\",\"name\":\"VareseNews\",\"description\":\"\",\"potentialAction\":[{\"@type\":\"SearchAction\",\"target\":{\"@type\":\"EntryPoint\",\"urlTemplate\":\"https:\/\/staging.varesenews.it\/?s={search_term_string}\"},\"query-input\":\"required name=search_term_string\"}],\"inLanguage\":\"it-IT\"},{\"@type\":\"Person\",\"@id\":\"https:\/\/staging.varesenews.it\/#\/schema\/person\/fb20c4da0b7b16c291707a20db73e169\",\"name\":\"Redazione VareseNews\",\"image\":{\"@type\":\"ImageObject\",\"inLanguage\":\"it-IT\",\"@id\":\"https:\/\/staging.varesenews.it\/#\/schema\/person\/image\/\",\"url\":\"https:\/\/staging.varesenews.it\/wp-content\/uploads\/2020\/12\/logo_VN_colori_500.png\",\"contentUrl\":\"https:\/\/staging.varesenews.it\/wp-content\/uploads\/2020\/12\/logo_VN_colori_500.png\",\"caption\":\"Redazione VareseNews\"},\"url\":\"https:\/\/staging.varesenews.it\/persona\/redazione1\/\"}]}<\/script>\n<!-- \/ Yoast SEO plugin. -->","yoast_head_json":{"title":"\"L'intervento \u00e8 slittato perch\u00e8 c'erano altre priorit\u00e0\"","description":"Il sindaco Alessandro Vedani da risposta in merito alla fontana parcheggiata in un angolo del territorio comunale","robots":{"index":"noindex","follow":"follow","max-snippet":"max-snippet:-1","max-image-preview":"max-image-preview:large","max-video-preview":"max-video-preview:-1"},"og_locale":"it_IT","og_type":"article","og_title":"\"L'intervento \u00e8 slittato perch\u00e8 c'erano altre priorit\u00e0\"","og_description":"Il sindaco Alessandro Vedani da risposta in merito alla fontana parcheggiata in un angolo del territorio comunale","og_url":"https:\/\/staging.varesenews.it\/2009\/12\/l-intervento-e-slittato-perche-c-erano-altre-priorita\/160929\/","og_site_name":"VareseNews","article_publisher":"https:\/\/www.facebook.com\/varesenews","article_published_time":"2009-12-17T00:00:00+00:00","author":"Redazione VareseNews","twitter_card":"summary_large_image","twitter_creator":"@varesenews","twitter_site":"@varesenews","twitter_misc":{"Scritto da":"Redazione VareseNews","Tempo di lettura stimato":"1 minuto"},"schema":{"@context":"https:\/\/schema.org","@graph":[{"@type":"WebPage","@id":"https:\/\/staging.varesenews.it\/2009\/12\/l-intervento-e-slittato-perche-c-erano-altre-priorita\/160929\/","url":"https:\/\/staging.varesenews.it\/2009\/12\/l-intervento-e-slittato-perche-c-erano-altre-priorita\/160929\/","name":"\"L'intervento \u00e8 slittato perch\u00e8 c'erano altre priorit\u00e0\"","isPartOf":{"@id":"https:\/\/staging.varesenews.it\/#website"},"datePublished":"2009-12-17T00:00:00+00:00","dateModified":"2009-12-17T00:00:00+00:00","author":{"@id":"https:\/\/staging.varesenews.it\/#\/schema\/person\/fb20c4da0b7b16c291707a20db73e169"},"description":"Il sindaco Alessandro Vedani da risposta in merito alla fontana parcheggiata in un angolo del territorio comunale","breadcrumb":{"@id":"https:\/\/staging.varesenews.it\/2009\/12\/l-intervento-e-slittato-perche-c-erano-altre-priorita\/160929\/#breadcrumb"},"inLanguage":"it-IT","potentialAction":[{"@type":"ReadAction","target":["https:\/\/staging.varesenews.it\/2009\/12\/l-intervento-e-slittato-perche-c-erano-altre-priorita\/160929\/"]}]},{"@type":"BreadcrumbList","@id":"https:\/\/staging.varesenews.it\/2009\/12\/l-intervento-e-slittato-perche-c-erano-altre-priorita\/160929\/#breadcrumb","itemListElement":[{"@type":"ListItem","position":1,"name":"Home","item":"https:\/\/www.varesenews.it\/"},{"@type":"ListItem","position":2,"name":"&#8220;L&#8217;intervento \u00e8 slittato perch\u00e8 c&#8217;erano altre priorit\u00e0&#8221;"}]},{"@type":"WebSite","@id":"https:\/\/staging.varesenews.it\/#website","url":"https:\/\/staging.varesenews.it\/","name":"VareseNews","description":"","potentialAction":[{"@type":"SearchAction","target":{"@type":"EntryPoint","urlTemplate":"https:\/\/staging.varesenews.it\/?s={search_term_string}"},"query-input":"required name=search_term_string"}],"inLanguage":"it-IT"},{"@type":"Person","@id":"https:\/\/staging.varesenews.it\/#\/schema\/person\/fb20c4da0b7b16c291707a20db73e169","name":"Redazione VareseNews","image":{"@type":"ImageObject","inLanguage":"it-IT","@id":"https:\/\/staging.varesenews.it\/#\/schema\/person\/image\/","url":"https:\/\/staging.varesenews.it\/wp-content\/uploads\/2020\/12\/logo_VN_colori_500.png","contentUrl":"https:\/\/staging.varesenews.it\/wp-content\/uploads\/2020\/12\/logo_VN_colori_500.png","caption":"Redazione VareseNews"},"url":"https:\/\/staging.varesenews.it\/persona\/redazione1\/"}]}},"post_meta":{"id_old":"159557","argomento":"Buguggiate","autore_old":"Alessandro Vedani"},"photos":[],"_links":{"self":[{"href":"https:\/\/staging.varesenews.it\/swgapi\/v1\/wp\/v2\/posts\/160929"}],"collection":[{"href":"https:\/\/staging.varesenews.it\/swgapi\/v1\/wp\/v2\/posts"}],"about":[{"href":"https:\/\/staging.varesenews.it\/swgapi\/v1\/wp\/v2\/types\/post"}],"author":[{"embeddable":true,"href":"https:\/\/staging.varesenews.it\/swgapi\/v1\/wp\/v2\/users\/10"}],"replies":[{"embeddable":true,"href":"https:\/\/staging.varesenews.it\/swgapi\/v1\/wp\/v2\/comments?post=160929"}],"version-history":[{"count":0,"href":"https:\/\/staging.varesenews.it\/swgapi\/v1\/wp\/v2\/posts\/160929\/revisions"}],"wp:attachment":[{"href":"https:\/\/staging.varesenews.it\/swgapi\/v1\/wp\/v2\/media?parent=160929"}],"wp:term":[{"taxonomy":"category","embeddable":true,"href":"https:\/\/staging.varesenews.it\/swgapi\/v1\/wp\/v2\/categories?post=160929"},{"taxonomy":"post_tag","embeddable":true,"href":"https:\/\/staging.varesenews.it\/swgapi\/v1\/wp\/v2\/tags?post=160929"}],"curies":[{"name":"wp","href":"https:\/\/api.w.org\/{rel}","templated":true}]}}