{"id":161806,"date":"2009-12-07T00:00:00","date_gmt":"2009-12-07T00:00:00","guid":{"rendered":""},"modified":"2009-12-07T00:00:00","modified_gmt":"2009-12-07T00:00:00","slug":"cineforum-e-cena-per-l-africa-a-comunita-giovanile","status":"publish","type":"post","link":"https:\/\/staging.varesenews.it\/2009\/12\/cineforum-e-cena-per-l-africa-a-comunita-giovanile\/161806\/","title":{"rendered":"Cineforum e cena per l&#8217;Africa a Comunit\u00e0 Giovanile"},"content":{"rendered":"<p>Comunit&agrave; Giovanile organizza anche per gioved&igrave; 10 dicembre la visione del film Gran Torino di Clint Eastwood. Introduce e commenta il critico cinematografico Dott. Paolo Gamerro. L&#8217;inizio &egrave; previsto per le 21. Venerd&igrave; 11 dicembre la cooperativa Effat&agrave; organizza la Cena per l&#8217;Africa. Quinta edizione della cena di beneficenza che &quot;Gli amici dell&#8217;Africa&quot; organizzano venerd&igrave; 11 dicembre a partire dalle ore 20 in Comunit&agrave; Giovanile a Busto Arsizio. L&#8217;intero ricavato verr&agrave; destinato a Padre Salutaris Mpinge, per la costruzione di un centro di aggregazione giovanile nella citt&agrave; di Ifakara in Tanzania, e all&#8217;Oasi Santa Chiara di Busto Arsizio. In questo modo intendiamo sostenere due progetti missionari importanti, che operano in Africa e sul nostro territorio. La cena sar&agrave; a base di polenta, bruscitt, salumi, formaggi e ettolitri di vino, e tutto al costo di soli 15 euro. Per i bambini il prezzo sar&agrave; ancora pi&ugrave; contenuto. I vegetariani non temano, per loro menu speciale. La serata sar&agrave; inoltre accompagnata da fantastica musica dal vivo. <\/p>\n","protected":false},"excerpt":{"rendered":"<p>Gioved\u00ec 10 proiezione di Gran Torino, il capolavoro di Clint Eastwood, mentre venerd\u00ec 11 dicembre si cener\u00e0 per raccogliere fondi<\/p>\n","protected":false},"author":10,"featured_media":0,"comment_status":"open","ping_status":"open","sticky":false,"template":"","format":"standard","meta":{"footnotes":""},"categories":[4,21],"tags":[4237],"acf":[],"yoast_head":"<!-- This site is optimized with the Yoast SEO plugin v20.1 - https:\/\/yoast.com\/wordpress\/plugins\/seo\/ -->\n<title>Cineforum e cena per l&#039;Africa a Comunit\u00e0 Giovanile<\/title>\n<meta name=\"description\" content=\"Gioved\u00ec 10 proiezione di Gran Torino, il capolavoro di Clint Eastwood, mentre venerd\u00ec 11 dicembre si cener\u00e0 per raccogliere fondi\" \/>\n<meta name=\"robots\" content=\"noindex, follow, max-snippet:-1, max-image-preview:large, max-video-preview:-1\" \/>\n<meta property=\"og:locale\" content=\"it_IT\" \/>\n<meta property=\"og:type\" content=\"article\" \/>\n<meta property=\"og:title\" content=\"Cineforum e cena per l&#039;Africa a Comunit\u00e0 Giovanile\" \/>\n<meta property=\"og:description\" content=\"Gioved\u00ec 10 proiezione di Gran Torino, il capolavoro di Clint Eastwood, mentre venerd\u00ec 11 dicembre si cener\u00e0 per raccogliere fondi\" \/>\n<meta property=\"og:url\" content=\"https:\/\/staging.varesenews.it\/2009\/12\/cineforum-e-cena-per-l-africa-a-comunita-giovanile\/161806\/\" \/>\n<meta property=\"og:site_name\" content=\"VareseNews\" \/>\n<meta property=\"article:publisher\" content=\"https:\/\/www.facebook.com\/varesenews\" \/>\n<meta property=\"article:published_time\" content=\"2009-12-07T00:00:00+00:00\" \/>\n<meta name=\"author\" content=\"Redazione VareseNews\" \/>\n<meta name=\"twitter:card\" content=\"summary_large_image\" \/>\n<meta name=\"twitter:creator\" content=\"@varesenews\" \/>\n<meta name=\"twitter:site\" content=\"@varesenews\" \/>\n<meta name=\"twitter:label1\" content=\"Scritto da\" \/>\n\t<meta name=\"twitter:data1\" content=\"Redazione VareseNews\" \/>\n\t<meta name=\"twitter:label2\" content=\"Tempo di lettura stimato\" \/>\n\t<meta name=\"twitter:data2\" content=\"1 minuto\" \/>\n<script type=\"application\/ld+json\" class=\"yoast-schema-graph\">{\"@context\":\"https:\/\/schema.org\",\"@graph\":[{\"@type\":\"WebPage\",\"@id\":\"https:\/\/staging.varesenews.it\/2009\/12\/cineforum-e-cena-per-l-africa-a-comunita-giovanile\/161806\/\",\"url\":\"https:\/\/staging.varesenews.it\/2009\/12\/cineforum-e-cena-per-l-africa-a-comunita-giovanile\/161806\/\",\"name\":\"Cineforum e cena per l'Africa a Comunit\u00e0 Giovanile\",\"isPartOf\":{\"@id\":\"https:\/\/staging.varesenews.it\/#website\"},\"datePublished\":\"2009-12-07T00:00:00+00:00\",\"dateModified\":\"2009-12-07T00:00:00+00:00\",\"author\":{\"@id\":\"https:\/\/staging.varesenews.it\/#\/schema\/person\/fb20c4da0b7b16c291707a20db73e169\"},\"description\":\"Gioved\u00ec 10 proiezione di Gran Torino, il capolavoro di Clint Eastwood, mentre venerd\u00ec 11 dicembre si cener\u00e0 per raccogliere fondi\",\"breadcrumb\":{\"@id\":\"https:\/\/staging.varesenews.it\/2009\/12\/cineforum-e-cena-per-l-africa-a-comunita-giovanile\/161806\/#breadcrumb\"},\"inLanguage\":\"it-IT\",\"potentialAction\":[{\"@type\":\"ReadAction\",\"target\":[\"https:\/\/staging.varesenews.it\/2009\/12\/cineforum-e-cena-per-l-africa-a-comunita-giovanile\/161806\/\"]}]},{\"@type\":\"BreadcrumbList\",\"@id\":\"https:\/\/staging.varesenews.it\/2009\/12\/cineforum-e-cena-per-l-africa-a-comunita-giovanile\/161806\/#breadcrumb\",\"itemListElement\":[{\"@type\":\"ListItem\",\"position\":1,\"name\":\"Home\",\"item\":\"https:\/\/www.varesenews.it\/\"},{\"@type\":\"ListItem\",\"position\":2,\"name\":\"Cineforum e cena per l&#8217;Africa a Comunit\u00e0 Giovanile\"}]},{\"@type\":\"WebSite\",\"@id\":\"https:\/\/staging.varesenews.it\/#website\",\"url\":\"https:\/\/staging.varesenews.it\/\",\"name\":\"VareseNews\",\"description\":\"\",\"potentialAction\":[{\"@type\":\"SearchAction\",\"target\":{\"@type\":\"EntryPoint\",\"urlTemplate\":\"https:\/\/staging.varesenews.it\/?s={search_term_string}\"},\"query-input\":\"required name=search_term_string\"}],\"inLanguage\":\"it-IT\"},{\"@type\":\"Person\",\"@id\":\"https:\/\/staging.varesenews.it\/#\/schema\/person\/fb20c4da0b7b16c291707a20db73e169\",\"name\":\"Redazione VareseNews\",\"image\":{\"@type\":\"ImageObject\",\"inLanguage\":\"it-IT\",\"@id\":\"https:\/\/staging.varesenews.it\/#\/schema\/person\/image\/\",\"url\":\"https:\/\/staging.varesenews.it\/wp-content\/uploads\/2020\/12\/logo_VN_colori_500.png\",\"contentUrl\":\"https:\/\/staging.varesenews.it\/wp-content\/uploads\/2020\/12\/logo_VN_colori_500.png\",\"caption\":\"Redazione VareseNews\"},\"url\":\"https:\/\/staging.varesenews.it\/persona\/redazione1\/\"}]}<\/script>\n<!-- \/ Yoast SEO plugin. -->","yoast_head_json":{"title":"Cineforum e cena per l'Africa a Comunit\u00e0 Giovanile","description":"Gioved\u00ec 10 proiezione di Gran Torino, il capolavoro di Clint Eastwood, mentre venerd\u00ec 11 dicembre si cener\u00e0 per raccogliere fondi","robots":{"index":"noindex","follow":"follow","max-snippet":"max-snippet:-1","max-image-preview":"max-image-preview:large","max-video-preview":"max-video-preview:-1"},"og_locale":"it_IT","og_type":"article","og_title":"Cineforum e cena per l'Africa a Comunit\u00e0 Giovanile","og_description":"Gioved\u00ec 10 proiezione di Gran Torino, il capolavoro di Clint Eastwood, mentre venerd\u00ec 11 dicembre si cener\u00e0 per raccogliere fondi","og_url":"https:\/\/staging.varesenews.it\/2009\/12\/cineforum-e-cena-per-l-africa-a-comunita-giovanile\/161806\/","og_site_name":"VareseNews","article_publisher":"https:\/\/www.facebook.com\/varesenews","article_published_time":"2009-12-07T00:00:00+00:00","author":"Redazione VareseNews","twitter_card":"summary_large_image","twitter_creator":"@varesenews","twitter_site":"@varesenews","twitter_misc":{"Scritto da":"Redazione VareseNews","Tempo di lettura stimato":"1 minuto"},"schema":{"@context":"https:\/\/schema.org","@graph":[{"@type":"WebPage","@id":"https:\/\/staging.varesenews.it\/2009\/12\/cineforum-e-cena-per-l-africa-a-comunita-giovanile\/161806\/","url":"https:\/\/staging.varesenews.it\/2009\/12\/cineforum-e-cena-per-l-africa-a-comunita-giovanile\/161806\/","name":"Cineforum e cena per l'Africa a Comunit\u00e0 Giovanile","isPartOf":{"@id":"https:\/\/staging.varesenews.it\/#website"},"datePublished":"2009-12-07T00:00:00+00:00","dateModified":"2009-12-07T00:00:00+00:00","author":{"@id":"https:\/\/staging.varesenews.it\/#\/schema\/person\/fb20c4da0b7b16c291707a20db73e169"},"description":"Gioved\u00ec 10 proiezione di Gran Torino, il capolavoro di Clint Eastwood, mentre venerd\u00ec 11 dicembre si cener\u00e0 per raccogliere fondi","breadcrumb":{"@id":"https:\/\/staging.varesenews.it\/2009\/12\/cineforum-e-cena-per-l-africa-a-comunita-giovanile\/161806\/#breadcrumb"},"inLanguage":"it-IT","potentialAction":[{"@type":"ReadAction","target":["https:\/\/staging.varesenews.it\/2009\/12\/cineforum-e-cena-per-l-africa-a-comunita-giovanile\/161806\/"]}]},{"@type":"BreadcrumbList","@id":"https:\/\/staging.varesenews.it\/2009\/12\/cineforum-e-cena-per-l-africa-a-comunita-giovanile\/161806\/#breadcrumb","itemListElement":[{"@type":"ListItem","position":1,"name":"Home","item":"https:\/\/www.varesenews.it\/"},{"@type":"ListItem","position":2,"name":"Cineforum e cena per l&#8217;Africa a Comunit\u00e0 Giovanile"}]},{"@type":"WebSite","@id":"https:\/\/staging.varesenews.it\/#website","url":"https:\/\/staging.varesenews.it\/","name":"VareseNews","description":"","potentialAction":[{"@type":"SearchAction","target":{"@type":"EntryPoint","urlTemplate":"https:\/\/staging.varesenews.it\/?s={search_term_string}"},"query-input":"required name=search_term_string"}],"inLanguage":"it-IT"},{"@type":"Person","@id":"https:\/\/staging.varesenews.it\/#\/schema\/person\/fb20c4da0b7b16c291707a20db73e169","name":"Redazione VareseNews","image":{"@type":"ImageObject","inLanguage":"it-IT","@id":"https:\/\/staging.varesenews.it\/#\/schema\/person\/image\/","url":"https:\/\/staging.varesenews.it\/wp-content\/uploads\/2020\/12\/logo_VN_colori_500.png","contentUrl":"https:\/\/staging.varesenews.it\/wp-content\/uploads\/2020\/12\/logo_VN_colori_500.png","caption":"Redazione VareseNews"},"url":"https:\/\/staging.varesenews.it\/persona\/redazione1\/"}]}},"post_meta":{"id_old":"158651","argomento":"Busto Arsizio"},"photos":[],"_links":{"self":[{"href":"https:\/\/staging.varesenews.it\/swgapi\/v1\/wp\/v2\/posts\/161806"}],"collection":[{"href":"https:\/\/staging.varesenews.it\/swgapi\/v1\/wp\/v2\/posts"}],"about":[{"href":"https:\/\/staging.varesenews.it\/swgapi\/v1\/wp\/v2\/types\/post"}],"author":[{"embeddable":true,"href":"https:\/\/staging.varesenews.it\/swgapi\/v1\/wp\/v2\/users\/10"}],"replies":[{"embeddable":true,"href":"https:\/\/staging.varesenews.it\/swgapi\/v1\/wp\/v2\/comments?post=161806"}],"version-history":[{"count":0,"href":"https:\/\/staging.varesenews.it\/swgapi\/v1\/wp\/v2\/posts\/161806\/revisions"}],"wp:attachment":[{"href":"https:\/\/staging.varesenews.it\/swgapi\/v1\/wp\/v2\/media?parent=161806"}],"wp:term":[{"taxonomy":"category","embeddable":true,"href":"https:\/\/staging.varesenews.it\/swgapi\/v1\/wp\/v2\/categories?post=161806"},{"taxonomy":"post_tag","embeddable":true,"href":"https:\/\/staging.varesenews.it\/swgapi\/v1\/wp\/v2\/tags?post=161806"}],"curies":[{"name":"wp","href":"https:\/\/api.w.org\/{rel}","templated":true}]}}