{"id":164136,"date":"2009-11-12T00:00:00","date_gmt":"2009-11-12T00:00:00","guid":{"rendered":""},"modified":"2009-11-12T00:00:00","modified_gmt":"2009-11-12T00:00:00","slug":"il-pdl-gallaratese-scende-in-piazza-a-difesa-del-crocifisso","status":"publish","type":"post","link":"https:\/\/staging.varesenews.it\/2009\/11\/il-pdl-gallaratese-scende-in-piazza-a-difesa-del-crocifisso\/164136\/","title":{"rendered":"Il Pdl gallaratese scende in piazza a difesa del crocifisso"},"content":{"rendered":"<div>Il<strong> Pdl gallaratese scende in piazza a difesa del crocifisso<\/strong>. Sabato <strong>14 novembre, in Piazza Libert&agrave; e domenica 15 novembre, in via Manzoni,<\/strong> il Popolo della Libert&agrave; di Gallarate sar&agrave; presente, amministratori, eletti, militanti e simpatizzanti, con un gazebo per raccogliere le firme a favore della <strong>petizione popolare presentata l&rsquo;11 novembre presidente del Parlamento Europeo da alcuni parlamentari <\/strong>tra i quali Cristiana Muscardini, Lara Comi e Mario Mauro, con la quale si condanna la recente sentenza della &ldquo;Corte europea di diritti umani che con il suo pronunciamento offende le coscienze dei cittadini europei&rdquo;.<\/div>\n<div>&laquo;Noi non siamo contro i valori rappresentati da altre visioni del mondo ma desideriamo che la nostra cultura e le nostre tradizioni vengano rispettate e tutelate &ndash; si legge in una nota del Pdl di Gallarate -. Non possiamo accettare da cittadini europei che l&rsquo;Unione cancelli e mortifichi le differenze. Il Parlamento europeo che &egrave; l&rsquo;espressione della volont&agrave; popolare deve garantire il rispetto della nostra tradizione&raquo;.<\/div>\n<div>&laquo;Non potremmo pi&ugrave; riconoscerci in una Europa che per via giudiziaria cancella valori e simboli che hanno contribuito alla crescita culturale e sociale della nostra democrazia commenta <strong>Giuseppe Martignoni <\/strong>-. E&rsquo; una iniziativa che da forza ad una concezione della politica che non pu&ograve; essere solo di opportunit&agrave; ma di accrescimento di valori essenziali come la storia, la tradizione e la religione. Valori che da millenni appartengono culturalmente a formazioni politiche liberali e nazionali e che oggi vengono rappresentati principalmente dal Popolo della Libert&agrave;&raquo;. &laquo;Il Parlamento europeo ha il dovere di garantire il rispetto della fede dei cittadini europei, della loro cultura e delle loro tradizioni &ndash; spiega <strong>Massimo Bossi -. <\/strong>E&rsquo; una sentenza che ha aperto una grave ferita che non potr&agrave; rimarginarsi fino a quando questo rispetto non sar&agrave; ripristinato&raquo;.<\/div>\n","protected":false},"excerpt":{"rendered":"<p>Sabato 14 novembre, in Piazza Libert\u00e0 e domenica 15 novembre, in via Manzoni, il Popolo della Libert\u00e0 di Gallarate sar\u00e0 presente con un gazebo<\/p>\n","protected":false},"author":10,"featured_media":0,"comment_status":"open","ping_status":"open","sticky":false,"template":"","format":"standard","meta":{"footnotes":""},"categories":[3],"tags":[3105],"acf":[],"yoast_head":"<!-- This site is optimized with the Yoast SEO plugin v20.1 - https:\/\/yoast.com\/wordpress\/plugins\/seo\/ -->\n<title>Il Pdl gallaratese scende in piazza a difesa del crocifisso<\/title>\n<meta name=\"description\" content=\"Sabato 14 novembre, in Piazza Libert\u00e0 e domenica 15 novembre, in via Manzoni, il Popolo della Libert\u00e0 di Gallarate sar\u00e0 presente con un gazebo\" \/>\n<meta name=\"robots\" content=\"noindex, follow, max-snippet:-1, max-image-preview:large, max-video-preview:-1\" \/>\n<meta property=\"og:locale\" content=\"it_IT\" \/>\n<meta property=\"og:type\" content=\"article\" \/>\n<meta property=\"og:title\" content=\"Il Pdl gallaratese scende in piazza a difesa del crocifisso\" \/>\n<meta property=\"og:description\" content=\"Sabato 14 novembre, in Piazza Libert\u00e0 e domenica 15 novembre, in via Manzoni, il Popolo della Libert\u00e0 di Gallarate sar\u00e0 presente con un gazebo\" \/>\n<meta property=\"og:url\" content=\"https:\/\/staging.varesenews.it\/2009\/11\/il-pdl-gallaratese-scende-in-piazza-a-difesa-del-crocifisso\/164136\/\" \/>\n<meta property=\"og:site_name\" content=\"VareseNews\" \/>\n<meta property=\"article:publisher\" content=\"https:\/\/www.facebook.com\/varesenews\" \/>\n<meta property=\"article:published_time\" content=\"2009-11-12T00:00:00+00:00\" \/>\n<meta name=\"author\" content=\"Redazione VareseNews\" \/>\n<meta name=\"twitter:card\" content=\"summary_large_image\" \/>\n<meta name=\"twitter:creator\" content=\"@varesenews\" \/>\n<meta name=\"twitter:site\" content=\"@varesenews\" \/>\n<meta name=\"twitter:label1\" content=\"Scritto da\" \/>\n\t<meta name=\"twitter:data1\" content=\"Redazione VareseNews\" \/>\n\t<meta name=\"twitter:label2\" content=\"Tempo di lettura stimato\" \/>\n\t<meta name=\"twitter:data2\" content=\"2 minuti\" \/>\n<script type=\"application\/ld+json\" class=\"yoast-schema-graph\">{\"@context\":\"https:\/\/schema.org\",\"@graph\":[{\"@type\":\"WebPage\",\"@id\":\"https:\/\/staging.varesenews.it\/2009\/11\/il-pdl-gallaratese-scende-in-piazza-a-difesa-del-crocifisso\/164136\/\",\"url\":\"https:\/\/staging.varesenews.it\/2009\/11\/il-pdl-gallaratese-scende-in-piazza-a-difesa-del-crocifisso\/164136\/\",\"name\":\"Il Pdl gallaratese scende in piazza a difesa del crocifisso\",\"isPartOf\":{\"@id\":\"https:\/\/staging.varesenews.it\/#website\"},\"datePublished\":\"2009-11-12T00:00:00+00:00\",\"dateModified\":\"2009-11-12T00:00:00+00:00\",\"author\":{\"@id\":\"https:\/\/staging.varesenews.it\/#\/schema\/person\/fb20c4da0b7b16c291707a20db73e169\"},\"description\":\"Sabato 14 novembre, in Piazza Libert\u00e0 e domenica 15 novembre, in via Manzoni, il Popolo della Libert\u00e0 di Gallarate sar\u00e0 presente con un gazebo\",\"breadcrumb\":{\"@id\":\"https:\/\/staging.varesenews.it\/2009\/11\/il-pdl-gallaratese-scende-in-piazza-a-difesa-del-crocifisso\/164136\/#breadcrumb\"},\"inLanguage\":\"it-IT\",\"potentialAction\":[{\"@type\":\"ReadAction\",\"target\":[\"https:\/\/staging.varesenews.it\/2009\/11\/il-pdl-gallaratese-scende-in-piazza-a-difesa-del-crocifisso\/164136\/\"]}]},{\"@type\":\"BreadcrumbList\",\"@id\":\"https:\/\/staging.varesenews.it\/2009\/11\/il-pdl-gallaratese-scende-in-piazza-a-difesa-del-crocifisso\/164136\/#breadcrumb\",\"itemListElement\":[{\"@type\":\"ListItem\",\"position\":1,\"name\":\"Home\",\"item\":\"https:\/\/www.varesenews.it\/\"},{\"@type\":\"ListItem\",\"position\":2,\"name\":\"Il Pdl gallaratese scende in piazza a difesa del crocifisso\"}]},{\"@type\":\"WebSite\",\"@id\":\"https:\/\/staging.varesenews.it\/#website\",\"url\":\"https:\/\/staging.varesenews.it\/\",\"name\":\"VareseNews\",\"description\":\"\",\"potentialAction\":[{\"@type\":\"SearchAction\",\"target\":{\"@type\":\"EntryPoint\",\"urlTemplate\":\"https:\/\/staging.varesenews.it\/?s={search_term_string}\"},\"query-input\":\"required name=search_term_string\"}],\"inLanguage\":\"it-IT\"},{\"@type\":\"Person\",\"@id\":\"https:\/\/staging.varesenews.it\/#\/schema\/person\/fb20c4da0b7b16c291707a20db73e169\",\"name\":\"Redazione VareseNews\",\"image\":{\"@type\":\"ImageObject\",\"inLanguage\":\"it-IT\",\"@id\":\"https:\/\/staging.varesenews.it\/#\/schema\/person\/image\/\",\"url\":\"https:\/\/staging.varesenews.it\/wp-content\/uploads\/2020\/12\/logo_VN_colori_500.png\",\"contentUrl\":\"https:\/\/staging.varesenews.it\/wp-content\/uploads\/2020\/12\/logo_VN_colori_500.png\",\"caption\":\"Redazione VareseNews\"},\"url\":\"https:\/\/staging.varesenews.it\/persona\/redazione1\/\"}]}<\/script>\n<!-- \/ Yoast SEO plugin. -->","yoast_head_json":{"title":"Il Pdl gallaratese scende in piazza a difesa del crocifisso","description":"Sabato 14 novembre, in Piazza Libert\u00e0 e domenica 15 novembre, in via Manzoni, il Popolo della Libert\u00e0 di Gallarate sar\u00e0 presente con un gazebo","robots":{"index":"noindex","follow":"follow","max-snippet":"max-snippet:-1","max-image-preview":"max-image-preview:large","max-video-preview":"max-video-preview:-1"},"og_locale":"it_IT","og_type":"article","og_title":"Il Pdl gallaratese scende in piazza a difesa del crocifisso","og_description":"Sabato 14 novembre, in Piazza Libert\u00e0 e domenica 15 novembre, in via Manzoni, il Popolo della Libert\u00e0 di Gallarate sar\u00e0 presente con un gazebo","og_url":"https:\/\/staging.varesenews.it\/2009\/11\/il-pdl-gallaratese-scende-in-piazza-a-difesa-del-crocifisso\/164136\/","og_site_name":"VareseNews","article_publisher":"https:\/\/www.facebook.com\/varesenews","article_published_time":"2009-11-12T00:00:00+00:00","author":"Redazione VareseNews","twitter_card":"summary_large_image","twitter_creator":"@varesenews","twitter_site":"@varesenews","twitter_misc":{"Scritto da":"Redazione VareseNews","Tempo di lettura stimato":"2 minuti"},"schema":{"@context":"https:\/\/schema.org","@graph":[{"@type":"WebPage","@id":"https:\/\/staging.varesenews.it\/2009\/11\/il-pdl-gallaratese-scende-in-piazza-a-difesa-del-crocifisso\/164136\/","url":"https:\/\/staging.varesenews.it\/2009\/11\/il-pdl-gallaratese-scende-in-piazza-a-difesa-del-crocifisso\/164136\/","name":"Il Pdl gallaratese scende in piazza a difesa del crocifisso","isPartOf":{"@id":"https:\/\/staging.varesenews.it\/#website"},"datePublished":"2009-11-12T00:00:00+00:00","dateModified":"2009-11-12T00:00:00+00:00","author":{"@id":"https:\/\/staging.varesenews.it\/#\/schema\/person\/fb20c4da0b7b16c291707a20db73e169"},"description":"Sabato 14 novembre, in Piazza Libert\u00e0 e domenica 15 novembre, in via Manzoni, il Popolo della Libert\u00e0 di Gallarate sar\u00e0 presente con un gazebo","breadcrumb":{"@id":"https:\/\/staging.varesenews.it\/2009\/11\/il-pdl-gallaratese-scende-in-piazza-a-difesa-del-crocifisso\/164136\/#breadcrumb"},"inLanguage":"it-IT","potentialAction":[{"@type":"ReadAction","target":["https:\/\/staging.varesenews.it\/2009\/11\/il-pdl-gallaratese-scende-in-piazza-a-difesa-del-crocifisso\/164136\/"]}]},{"@type":"BreadcrumbList","@id":"https:\/\/staging.varesenews.it\/2009\/11\/il-pdl-gallaratese-scende-in-piazza-a-difesa-del-crocifisso\/164136\/#breadcrumb","itemListElement":[{"@type":"ListItem","position":1,"name":"Home","item":"https:\/\/www.varesenews.it\/"},{"@type":"ListItem","position":2,"name":"Il Pdl gallaratese scende in piazza a difesa del crocifisso"}]},{"@type":"WebSite","@id":"https:\/\/staging.varesenews.it\/#website","url":"https:\/\/staging.varesenews.it\/","name":"VareseNews","description":"","potentialAction":[{"@type":"SearchAction","target":{"@type":"EntryPoint","urlTemplate":"https:\/\/staging.varesenews.it\/?s={search_term_string}"},"query-input":"required name=search_term_string"}],"inLanguage":"it-IT"},{"@type":"Person","@id":"https:\/\/staging.varesenews.it\/#\/schema\/person\/fb20c4da0b7b16c291707a20db73e169","name":"Redazione VareseNews","image":{"@type":"ImageObject","inLanguage":"it-IT","@id":"https:\/\/staging.varesenews.it\/#\/schema\/person\/image\/","url":"https:\/\/staging.varesenews.it\/wp-content\/uploads\/2020\/12\/logo_VN_colori_500.png","contentUrl":"https:\/\/staging.varesenews.it\/wp-content\/uploads\/2020\/12\/logo_VN_colori_500.png","caption":"Redazione VareseNews"},"url":"https:\/\/staging.varesenews.it\/persona\/redazione1\/"}]}},"post_meta":{"id_old":"156224","argomento":"Gallarate"},"photos":[],"_links":{"self":[{"href":"https:\/\/staging.varesenews.it\/swgapi\/v1\/wp\/v2\/posts\/164136"}],"collection":[{"href":"https:\/\/staging.varesenews.it\/swgapi\/v1\/wp\/v2\/posts"}],"about":[{"href":"https:\/\/staging.varesenews.it\/swgapi\/v1\/wp\/v2\/types\/post"}],"author":[{"embeddable":true,"href":"https:\/\/staging.varesenews.it\/swgapi\/v1\/wp\/v2\/users\/10"}],"replies":[{"embeddable":true,"href":"https:\/\/staging.varesenews.it\/swgapi\/v1\/wp\/v2\/comments?post=164136"}],"version-history":[{"count":0,"href":"https:\/\/staging.varesenews.it\/swgapi\/v1\/wp\/v2\/posts\/164136\/revisions"}],"wp:attachment":[{"href":"https:\/\/staging.varesenews.it\/swgapi\/v1\/wp\/v2\/media?parent=164136"}],"wp:term":[{"taxonomy":"category","embeddable":true,"href":"https:\/\/staging.varesenews.it\/swgapi\/v1\/wp\/v2\/categories?post=164136"},{"taxonomy":"post_tag","embeddable":true,"href":"https:\/\/staging.varesenews.it\/swgapi\/v1\/wp\/v2\/tags?post=164136"}],"curies":[{"name":"wp","href":"https:\/\/api.w.org\/{rel}","templated":true}]}}