{"id":168262,"date":"2009-09-28T00:00:00","date_gmt":"2009-09-28T00:00:00","guid":{"rendered":""},"modified":"2009-09-28T00:00:00","modified_gmt":"2009-09-28T00:00:00","slug":"furto-alla-canottieri-rubato-un-motore","status":"publish","type":"post","link":"https:\/\/staging.varesenews.it\/2009\/09\/furto-alla-canottieri-rubato-un-motore\/168262\/","title":{"rendered":"Furto alla Canottieri, rubato un motore"},"content":{"rendered":"<p>Amaro rientro per la <strong>Canottieri De Bastiani Angera<\/strong> la quale, di ritorno dai Campionati Italiani di Societ&agrave; e Trofeo delle Regioni di Sabaudia, che ha scoperto di aver subito un furto. La squadra angerese infatti, non ha neanche avuto il tempo di festeggiare la medaglia d&rsquo;oro conquistata al Trofeo delle Regioni dalla sua atleta<strong> Ondoli Chiara<\/strong>: nella notte di venerd&igrave; 25 qualcuno ha trafugato il motore dalla barca che fornisce assistenza agli atleti durante le uscite in barca.<\/p>\n<p>&laquo;&Egrave;<strong>&nbsp;gi&agrave; la seconda che capita nell&rsquo;arco di un anno<\/strong> &#8211; ha commentato il presidente <strong>Giorgio Vesco<\/strong>&nbsp;&#8211; ma questa volta procurarsi un altro motore non sar&agrave; facile e questo influir&agrave; pesantemente sulla preparazione&nbsp;invernale dei nostri atleti che necessitano di una barca d&rsquo;appoggio in caso di cappottamento&raquo;.<\/p>\n<p>I ladri, ben attrezzati,&nbsp;hanno approfittato dell&rsquo;oscurit&agrave; per&nbsp;trafugare diversi motori dalle barche ancorate nelle vicinanze della &ldquo;motonautica Angerese&rdquo; .<\/p>\n<p><a target=\"_blank\" href=\"http:\/\/www3.varesenews.it\/varese\/articolo.php?id=104898\">Un altro furto molto simile<\/a> avvenne anche lo scorso anno, ad agosto. Vittima in quel caso fu la Canottieri Varese.&nbsp;<\/p>\n","protected":false},"excerpt":{"rendered":"<p>Il fatto \u00e8 avvenuto nella notte di venerd\u00ec 25 settembre. \u00c8 la seconda volta che la squadra angerese viene presa di mira dai ladri <\/p>\n","protected":false},"author":10,"featured_media":0,"comment_status":"open","ping_status":"open","sticky":false,"template":"","format":"standard","meta":{"footnotes":""},"categories":[14,2],"tags":[230],"acf":[],"yoast_head":"<!-- This site is optimized with the Yoast SEO plugin v20.1 - https:\/\/yoast.com\/wordpress\/plugins\/seo\/ -->\n<title>Furto alla Canottieri, rubato un motore<\/title>\n<meta name=\"description\" content=\"Il fatto \u00e8 avvenuto nella notte di venerd\u00ec 25 settembre. \u00c8 la seconda volta che la squadra angerese viene presa di mira dai ladri\" \/>\n<meta name=\"robots\" content=\"noindex, follow, max-snippet:-1, max-image-preview:large, max-video-preview:-1\" \/>\n<meta property=\"og:locale\" content=\"it_IT\" \/>\n<meta property=\"og:type\" content=\"article\" \/>\n<meta property=\"og:title\" content=\"Furto alla Canottieri, rubato un motore\" \/>\n<meta property=\"og:description\" content=\"Il fatto \u00e8 avvenuto nella notte di venerd\u00ec 25 settembre. \u00c8 la seconda volta che la squadra angerese viene presa di mira dai ladri\" \/>\n<meta property=\"og:url\" content=\"https:\/\/staging.varesenews.it\/2009\/09\/furto-alla-canottieri-rubato-un-motore\/168262\/\" \/>\n<meta property=\"og:site_name\" content=\"VareseNews\" \/>\n<meta property=\"article:publisher\" content=\"https:\/\/www.facebook.com\/varesenews\" \/>\n<meta property=\"article:published_time\" content=\"2009-09-28T00:00:00+00:00\" \/>\n<meta name=\"author\" content=\"Redazione VareseNews\" \/>\n<meta name=\"twitter:card\" content=\"summary_large_image\" \/>\n<meta name=\"twitter:creator\" content=\"@varesenews\" \/>\n<meta name=\"twitter:site\" content=\"@varesenews\" \/>\n<meta name=\"twitter:label1\" content=\"Scritto da\" \/>\n\t<meta name=\"twitter:data1\" content=\"Redazione VareseNews\" \/>\n\t<meta name=\"twitter:label2\" content=\"Tempo di lettura stimato\" \/>\n\t<meta name=\"twitter:data2\" content=\"1 minuto\" \/>\n<script type=\"application\/ld+json\" class=\"yoast-schema-graph\">{\"@context\":\"https:\/\/schema.org\",\"@graph\":[{\"@type\":\"WebPage\",\"@id\":\"https:\/\/staging.varesenews.it\/2009\/09\/furto-alla-canottieri-rubato-un-motore\/168262\/\",\"url\":\"https:\/\/staging.varesenews.it\/2009\/09\/furto-alla-canottieri-rubato-un-motore\/168262\/\",\"name\":\"Furto alla Canottieri, rubato un motore\",\"isPartOf\":{\"@id\":\"https:\/\/staging.varesenews.it\/#website\"},\"datePublished\":\"2009-09-28T00:00:00+00:00\",\"dateModified\":\"2009-09-28T00:00:00+00:00\",\"author\":{\"@id\":\"https:\/\/staging.varesenews.it\/#\/schema\/person\/fb20c4da0b7b16c291707a20db73e169\"},\"description\":\"Il fatto \u00e8 avvenuto nella notte di venerd\u00ec 25 settembre. \u00c8 la seconda volta che la squadra angerese viene presa di mira dai ladri\",\"breadcrumb\":{\"@id\":\"https:\/\/staging.varesenews.it\/2009\/09\/furto-alla-canottieri-rubato-un-motore\/168262\/#breadcrumb\"},\"inLanguage\":\"it-IT\",\"potentialAction\":[{\"@type\":\"ReadAction\",\"target\":[\"https:\/\/staging.varesenews.it\/2009\/09\/furto-alla-canottieri-rubato-un-motore\/168262\/\"]}]},{\"@type\":\"BreadcrumbList\",\"@id\":\"https:\/\/staging.varesenews.it\/2009\/09\/furto-alla-canottieri-rubato-un-motore\/168262\/#breadcrumb\",\"itemListElement\":[{\"@type\":\"ListItem\",\"position\":1,\"name\":\"Home\",\"item\":\"https:\/\/www.varesenews.it\/\"},{\"@type\":\"ListItem\",\"position\":2,\"name\":\"Furto alla Canottieri, rubato un motore\"}]},{\"@type\":\"WebSite\",\"@id\":\"https:\/\/staging.varesenews.it\/#website\",\"url\":\"https:\/\/staging.varesenews.it\/\",\"name\":\"VareseNews\",\"description\":\"\",\"potentialAction\":[{\"@type\":\"SearchAction\",\"target\":{\"@type\":\"EntryPoint\",\"urlTemplate\":\"https:\/\/staging.varesenews.it\/?s={search_term_string}\"},\"query-input\":\"required name=search_term_string\"}],\"inLanguage\":\"it-IT\"},{\"@type\":\"Person\",\"@id\":\"https:\/\/staging.varesenews.it\/#\/schema\/person\/fb20c4da0b7b16c291707a20db73e169\",\"name\":\"Redazione VareseNews\",\"image\":{\"@type\":\"ImageObject\",\"inLanguage\":\"it-IT\",\"@id\":\"https:\/\/staging.varesenews.it\/#\/schema\/person\/image\/\",\"url\":\"https:\/\/staging.varesenews.it\/wp-content\/uploads\/2020\/12\/logo_VN_colori_500.png\",\"contentUrl\":\"https:\/\/staging.varesenews.it\/wp-content\/uploads\/2020\/12\/logo_VN_colori_500.png\",\"caption\":\"Redazione VareseNews\"},\"url\":\"https:\/\/staging.varesenews.it\/persona\/redazione1\/\"}]}<\/script>\n<!-- \/ Yoast SEO plugin. -->","yoast_head_json":{"title":"Furto alla Canottieri, rubato un motore","description":"Il fatto \u00e8 avvenuto nella notte di venerd\u00ec 25 settembre. \u00c8 la seconda volta che la squadra angerese viene presa di mira dai ladri","robots":{"index":"noindex","follow":"follow","max-snippet":"max-snippet:-1","max-image-preview":"max-image-preview:large","max-video-preview":"max-video-preview:-1"},"og_locale":"it_IT","og_type":"article","og_title":"Furto alla Canottieri, rubato un motore","og_description":"Il fatto \u00e8 avvenuto nella notte di venerd\u00ec 25 settembre. \u00c8 la seconda volta che la squadra angerese viene presa di mira dai ladri","og_url":"https:\/\/staging.varesenews.it\/2009\/09\/furto-alla-canottieri-rubato-un-motore\/168262\/","og_site_name":"VareseNews","article_publisher":"https:\/\/www.facebook.com\/varesenews","article_published_time":"2009-09-28T00:00:00+00:00","author":"Redazione VareseNews","twitter_card":"summary_large_image","twitter_creator":"@varesenews","twitter_site":"@varesenews","twitter_misc":{"Scritto da":"Redazione VareseNews","Tempo di lettura stimato":"1 minuto"},"schema":{"@context":"https:\/\/schema.org","@graph":[{"@type":"WebPage","@id":"https:\/\/staging.varesenews.it\/2009\/09\/furto-alla-canottieri-rubato-un-motore\/168262\/","url":"https:\/\/staging.varesenews.it\/2009\/09\/furto-alla-canottieri-rubato-un-motore\/168262\/","name":"Furto alla Canottieri, rubato un motore","isPartOf":{"@id":"https:\/\/staging.varesenews.it\/#website"},"datePublished":"2009-09-28T00:00:00+00:00","dateModified":"2009-09-28T00:00:00+00:00","author":{"@id":"https:\/\/staging.varesenews.it\/#\/schema\/person\/fb20c4da0b7b16c291707a20db73e169"},"description":"Il fatto \u00e8 avvenuto nella notte di venerd\u00ec 25 settembre. \u00c8 la seconda volta che la squadra angerese viene presa di mira dai ladri","breadcrumb":{"@id":"https:\/\/staging.varesenews.it\/2009\/09\/furto-alla-canottieri-rubato-un-motore\/168262\/#breadcrumb"},"inLanguage":"it-IT","potentialAction":[{"@type":"ReadAction","target":["https:\/\/staging.varesenews.it\/2009\/09\/furto-alla-canottieri-rubato-un-motore\/168262\/"]}]},{"@type":"BreadcrumbList","@id":"https:\/\/staging.varesenews.it\/2009\/09\/furto-alla-canottieri-rubato-un-motore\/168262\/#breadcrumb","itemListElement":[{"@type":"ListItem","position":1,"name":"Home","item":"https:\/\/www.varesenews.it\/"},{"@type":"ListItem","position":2,"name":"Furto alla Canottieri, rubato un motore"}]},{"@type":"WebSite","@id":"https:\/\/staging.varesenews.it\/#website","url":"https:\/\/staging.varesenews.it\/","name":"VareseNews","description":"","potentialAction":[{"@type":"SearchAction","target":{"@type":"EntryPoint","urlTemplate":"https:\/\/staging.varesenews.it\/?s={search_term_string}"},"query-input":"required name=search_term_string"}],"inLanguage":"it-IT"},{"@type":"Person","@id":"https:\/\/staging.varesenews.it\/#\/schema\/person\/fb20c4da0b7b16c291707a20db73e169","name":"Redazione VareseNews","image":{"@type":"ImageObject","inLanguage":"it-IT","@id":"https:\/\/staging.varesenews.it\/#\/schema\/person\/image\/","url":"https:\/\/staging.varesenews.it\/wp-content\/uploads\/2020\/12\/logo_VN_colori_500.png","contentUrl":"https:\/\/staging.varesenews.it\/wp-content\/uploads\/2020\/12\/logo_VN_colori_500.png","caption":"Redazione VareseNews"},"url":"https:\/\/staging.varesenews.it\/persona\/redazione1\/"}]}},"post_meta":{"id_old":"151937","argomento":"Angera","autore_old":"m.c.c."},"photos":[],"_links":{"self":[{"href":"https:\/\/staging.varesenews.it\/swgapi\/v1\/wp\/v2\/posts\/168262"}],"collection":[{"href":"https:\/\/staging.varesenews.it\/swgapi\/v1\/wp\/v2\/posts"}],"about":[{"href":"https:\/\/staging.varesenews.it\/swgapi\/v1\/wp\/v2\/types\/post"}],"author":[{"embeddable":true,"href":"https:\/\/staging.varesenews.it\/swgapi\/v1\/wp\/v2\/users\/10"}],"replies":[{"embeddable":true,"href":"https:\/\/staging.varesenews.it\/swgapi\/v1\/wp\/v2\/comments?post=168262"}],"version-history":[{"count":0,"href":"https:\/\/staging.varesenews.it\/swgapi\/v1\/wp\/v2\/posts\/168262\/revisions"}],"wp:attachment":[{"href":"https:\/\/staging.varesenews.it\/swgapi\/v1\/wp\/v2\/media?parent=168262"}],"wp:term":[{"taxonomy":"category","embeddable":true,"href":"https:\/\/staging.varesenews.it\/swgapi\/v1\/wp\/v2\/categories?post=168262"},{"taxonomy":"post_tag","embeddable":true,"href":"https:\/\/staging.varesenews.it\/swgapi\/v1\/wp\/v2\/tags?post=168262"}],"curies":[{"name":"wp","href":"https:\/\/api.w.org\/{rel}","templated":true}]}}