{"id":171444,"date":"2009-08-11T00:00:00","date_gmt":"2009-08-11T00:00:00","guid":{"rendered":""},"modified":"2009-08-11T00:00:00","modified_gmt":"2009-08-11T00:00:00","slug":"la-fisarmonica-suona-vivaldi-e-bach","status":"publish","type":"post","link":"https:\/\/staging.varesenews.it\/2009\/08\/la-fisarmonica-suona-vivaldi-e-bach\/171444\/","title":{"rendered":"La fisarmonica suona Vivaldi e Bach"},"content":{"rendered":"<p><img loading=\"lazy\" decoding=\"async\" width=\"220\" height=\"170\" vspace=\"5\" hspace=\"5\" border=\"1\" align=\"left\" alt=\"\" src=\"https:\/\/www3.varesenews.it\/immagini_articoli\/200908\/fisarmonica.jpg\" \/>Musiche di Antonio <strong>Vivaldi<\/strong>, J.S. <strong>Bach<\/strong>, Sofia <strong>Gubaidulina<\/strong>, Domenico <strong>Scarlatti<\/strong>, Luciano <strong>Berio<\/strong>. Classici, ciascuno nel proprio tempo, che nel programma di &ldquo;Un&rsquo;estate da campione 2009&rdquo;, il cartellone dell&rsquo;Azienda Turistica di <strong>Campione d&rsquo;Italia,<\/strong> saranno per&ograve; interpretati con uno strumento inconsueto, la fisarmonica.<\/p>\n<p><span>E, s&rsquo;intende, da un virtuoso della fisarmonica quale &egrave; <strong>Davide Vendramin<\/strong>, il cui recital in collaborazione con Ceresio Estate &egrave; in calendario mercoled&igrave; 19 agosto, alle 20.45, in uno spazio pubblico, ma inconsueto per un concerto che si terr&agrave; infatti nella Galleria Civica di Campione d&rsquo;Italia. <\/span><\/p>\n<p><span>Il maestro Davide Vendramin, che dopo il diploma, con lode, al Conservatorio di Pesaro ha perfezionato la propria formazione nelle maggiori scuole internazionali, ha suonato con gruppi da camera formati anche da strumentisti della Scala, eseguendo concerti in sale prestigiose, sotto la direzione, tra altri, di Claudio Abbado e Riccardo Chailly. <\/span><\/p>\n<p><span>Una carriera brillante, con registrazioni anche per la Radio Svizzera di lingua italiana, nonch&eacute; per la  Rai. <\/span><\/p>\n<p><span>Davide Vendramin, che insegna fisarmonica al Conservatorio di Latina, ha intitolato il suo recital &ldquo;Push &amp; pull&rdquo;: si tratta di un&rsquo;opportunit&agrave; rara di ascoltare uno dei migliori interpreti mondiali di uno strumento che unisce ad un antico fascino popolare le potenzialit&agrave; della musica classica.<\/span><\/p>\n<div>La partecipazione alla manifestazione, &egrave; libera e gratuita.<\/div>\n<div>&nbsp;<\/div>\n<div>Per maggiori informazioni Azienda Turistica&nbsp;telefono 00 41 91 649 50 51.<\/div>\n","protected":false},"excerpt":{"rendered":"<p>Il musicista Davide Vendramin interpreter\u00e0 i classici. L&#8217;appuntamento \u00e8 per mercoled\u00ec 19 agosto, alle 20.45, nella Galleria Civica <\/p>\n","protected":false},"author":10,"featured_media":0,"comment_status":"open","ping_status":"open","sticky":false,"template":"","format":"standard","meta":{"footnotes":""},"categories":[8,20],"tags":[132,13879,2457],"acf":[],"yoast_head":"<!-- This site is optimized with the Yoast SEO plugin v20.1 - https:\/\/yoast.com\/wordpress\/plugins\/seo\/ -->\n<title>La fisarmonica suona Vivaldi e Bach<\/title>\n<meta name=\"description\" content=\"Il musicista Davide Vendramin interpreter\u00e0 i classici. L&#039;appuntamento \u00e8 per mercoled\u00ec 19 agosto, alle 20.45, nella Galleria Civica\" \/>\n<meta name=\"robots\" content=\"noindex, follow, max-snippet:-1, max-image-preview:large, max-video-preview:-1\" \/>\n<meta property=\"og:locale\" content=\"it_IT\" \/>\n<meta property=\"og:type\" content=\"article\" \/>\n<meta property=\"og:title\" content=\"La fisarmonica suona Vivaldi e Bach\" \/>\n<meta property=\"og:description\" content=\"Il musicista Davide Vendramin interpreter\u00e0 i classici. L&#039;appuntamento \u00e8 per mercoled\u00ec 19 agosto, alle 20.45, nella Galleria Civica\" \/>\n<meta property=\"og:url\" content=\"https:\/\/staging.varesenews.it\/2009\/08\/la-fisarmonica-suona-vivaldi-e-bach\/171444\/\" \/>\n<meta property=\"og:site_name\" content=\"VareseNews\" \/>\n<meta property=\"article:publisher\" content=\"https:\/\/www.facebook.com\/varesenews\" \/>\n<meta property=\"article:published_time\" content=\"2009-08-11T00:00:00+00:00\" \/>\n<meta property=\"og:image\" content=\"https:\/\/www3.varesenews.it\/immagini_articoli\/200908\/fisarmonica.jpg\" \/>\n<meta name=\"author\" content=\"Redazione VareseNews\" \/>\n<meta name=\"twitter:card\" content=\"summary_large_image\" \/>\n<meta name=\"twitter:creator\" content=\"@varesenews\" \/>\n<meta name=\"twitter:site\" content=\"@varesenews\" \/>\n<meta name=\"twitter:label1\" content=\"Scritto da\" \/>\n\t<meta name=\"twitter:data1\" content=\"Redazione VareseNews\" \/>\n\t<meta name=\"twitter:label2\" content=\"Tempo di lettura stimato\" \/>\n\t<meta name=\"twitter:data2\" content=\"1 minuto\" \/>\n<script type=\"application\/ld+json\" class=\"yoast-schema-graph\">{\"@context\":\"https:\/\/schema.org\",\"@graph\":[{\"@type\":\"WebPage\",\"@id\":\"https:\/\/staging.varesenews.it\/2009\/08\/la-fisarmonica-suona-vivaldi-e-bach\/171444\/\",\"url\":\"https:\/\/staging.varesenews.it\/2009\/08\/la-fisarmonica-suona-vivaldi-e-bach\/171444\/\",\"name\":\"La fisarmonica suona Vivaldi e Bach\",\"isPartOf\":{\"@id\":\"https:\/\/staging.varesenews.it\/#website\"},\"datePublished\":\"2009-08-11T00:00:00+00:00\",\"dateModified\":\"2009-08-11T00:00:00+00:00\",\"author\":{\"@id\":\"https:\/\/staging.varesenews.it\/#\/schema\/person\/fb20c4da0b7b16c291707a20db73e169\"},\"description\":\"Il musicista Davide Vendramin interpreter\u00e0 i classici. L'appuntamento \u00e8 per mercoled\u00ec 19 agosto, alle 20.45, nella Galleria Civica\",\"breadcrumb\":{\"@id\":\"https:\/\/staging.varesenews.it\/2009\/08\/la-fisarmonica-suona-vivaldi-e-bach\/171444\/#breadcrumb\"},\"inLanguage\":\"it-IT\",\"potentialAction\":[{\"@type\":\"ReadAction\",\"target\":[\"https:\/\/staging.varesenews.it\/2009\/08\/la-fisarmonica-suona-vivaldi-e-bach\/171444\/\"]}]},{\"@type\":\"BreadcrumbList\",\"@id\":\"https:\/\/staging.varesenews.it\/2009\/08\/la-fisarmonica-suona-vivaldi-e-bach\/171444\/#breadcrumb\",\"itemListElement\":[{\"@type\":\"ListItem\",\"position\":1,\"name\":\"Home\",\"item\":\"https:\/\/www.varesenews.it\/\"},{\"@type\":\"ListItem\",\"position\":2,\"name\":\"La fisarmonica suona Vivaldi e Bach\"}]},{\"@type\":\"WebSite\",\"@id\":\"https:\/\/staging.varesenews.it\/#website\",\"url\":\"https:\/\/staging.varesenews.it\/\",\"name\":\"VareseNews\",\"description\":\"\",\"potentialAction\":[{\"@type\":\"SearchAction\",\"target\":{\"@type\":\"EntryPoint\",\"urlTemplate\":\"https:\/\/staging.varesenews.it\/?s={search_term_string}\"},\"query-input\":\"required name=search_term_string\"}],\"inLanguage\":\"it-IT\"},{\"@type\":\"Person\",\"@id\":\"https:\/\/staging.varesenews.it\/#\/schema\/person\/fb20c4da0b7b16c291707a20db73e169\",\"name\":\"Redazione VareseNews\",\"image\":{\"@type\":\"ImageObject\",\"inLanguage\":\"it-IT\",\"@id\":\"https:\/\/staging.varesenews.it\/#\/schema\/person\/image\/\",\"url\":\"https:\/\/staging.varesenews.it\/wp-content\/uploads\/2020\/12\/logo_VN_colori_500.png\",\"contentUrl\":\"https:\/\/staging.varesenews.it\/wp-content\/uploads\/2020\/12\/logo_VN_colori_500.png\",\"caption\":\"Redazione VareseNews\"},\"url\":\"https:\/\/staging.varesenews.it\/persona\/redazione1\/\"}]}<\/script>\n<!-- \/ Yoast SEO plugin. -->","yoast_head_json":{"title":"La fisarmonica suona Vivaldi e Bach","description":"Il musicista Davide Vendramin interpreter\u00e0 i classici. L'appuntamento \u00e8 per mercoled\u00ec 19 agosto, alle 20.45, nella Galleria Civica","robots":{"index":"noindex","follow":"follow","max-snippet":"max-snippet:-1","max-image-preview":"max-image-preview:large","max-video-preview":"max-video-preview:-1"},"og_locale":"it_IT","og_type":"article","og_title":"La fisarmonica suona Vivaldi e Bach","og_description":"Il musicista Davide Vendramin interpreter\u00e0 i classici. L'appuntamento \u00e8 per mercoled\u00ec 19 agosto, alle 20.45, nella Galleria Civica","og_url":"https:\/\/staging.varesenews.it\/2009\/08\/la-fisarmonica-suona-vivaldi-e-bach\/171444\/","og_site_name":"VareseNews","article_publisher":"https:\/\/www.facebook.com\/varesenews","article_published_time":"2009-08-11T00:00:00+00:00","og_image":[{"url":"https:\/\/www3.varesenews.it\/immagini_articoli\/200908\/fisarmonica.jpg"}],"author":"Redazione VareseNews","twitter_card":"summary_large_image","twitter_creator":"@varesenews","twitter_site":"@varesenews","twitter_misc":{"Scritto da":"Redazione VareseNews","Tempo di lettura stimato":"1 minuto"},"schema":{"@context":"https:\/\/schema.org","@graph":[{"@type":"WebPage","@id":"https:\/\/staging.varesenews.it\/2009\/08\/la-fisarmonica-suona-vivaldi-e-bach\/171444\/","url":"https:\/\/staging.varesenews.it\/2009\/08\/la-fisarmonica-suona-vivaldi-e-bach\/171444\/","name":"La fisarmonica suona Vivaldi e Bach","isPartOf":{"@id":"https:\/\/staging.varesenews.it\/#website"},"datePublished":"2009-08-11T00:00:00+00:00","dateModified":"2009-08-11T00:00:00+00:00","author":{"@id":"https:\/\/staging.varesenews.it\/#\/schema\/person\/fb20c4da0b7b16c291707a20db73e169"},"description":"Il musicista Davide Vendramin interpreter\u00e0 i classici. L'appuntamento \u00e8 per mercoled\u00ec 19 agosto, alle 20.45, nella Galleria Civica","breadcrumb":{"@id":"https:\/\/staging.varesenews.it\/2009\/08\/la-fisarmonica-suona-vivaldi-e-bach\/171444\/#breadcrumb"},"inLanguage":"it-IT","potentialAction":[{"@type":"ReadAction","target":["https:\/\/staging.varesenews.it\/2009\/08\/la-fisarmonica-suona-vivaldi-e-bach\/171444\/"]}]},{"@type":"BreadcrumbList","@id":"https:\/\/staging.varesenews.it\/2009\/08\/la-fisarmonica-suona-vivaldi-e-bach\/171444\/#breadcrumb","itemListElement":[{"@type":"ListItem","position":1,"name":"Home","item":"https:\/\/www.varesenews.it\/"},{"@type":"ListItem","position":2,"name":"La fisarmonica suona Vivaldi e Bach"}]},{"@type":"WebSite","@id":"https:\/\/staging.varesenews.it\/#website","url":"https:\/\/staging.varesenews.it\/","name":"VareseNews","description":"","potentialAction":[{"@type":"SearchAction","target":{"@type":"EntryPoint","urlTemplate":"https:\/\/staging.varesenews.it\/?s={search_term_string}"},"query-input":"required name=search_term_string"}],"inLanguage":"it-IT"},{"@type":"Person","@id":"https:\/\/staging.varesenews.it\/#\/schema\/person\/fb20c4da0b7b16c291707a20db73e169","name":"Redazione VareseNews","image":{"@type":"ImageObject","inLanguage":"it-IT","@id":"https:\/\/staging.varesenews.it\/#\/schema\/person\/image\/","url":"https:\/\/staging.varesenews.it\/wp-content\/uploads\/2020\/12\/logo_VN_colori_500.png","contentUrl":"https:\/\/staging.varesenews.it\/wp-content\/uploads\/2020\/12\/logo_VN_colori_500.png","caption":"Redazione VareseNews"},"url":"https:\/\/staging.varesenews.it\/persona\/redazione1\/"}]}},"post_meta":{"id_old":"148629","argomento":"Campione d'Italia "},"photos":[],"_links":{"self":[{"href":"https:\/\/staging.varesenews.it\/swgapi\/v1\/wp\/v2\/posts\/171444"}],"collection":[{"href":"https:\/\/staging.varesenews.it\/swgapi\/v1\/wp\/v2\/posts"}],"about":[{"href":"https:\/\/staging.varesenews.it\/swgapi\/v1\/wp\/v2\/types\/post"}],"author":[{"embeddable":true,"href":"https:\/\/staging.varesenews.it\/swgapi\/v1\/wp\/v2\/users\/10"}],"replies":[{"embeddable":true,"href":"https:\/\/staging.varesenews.it\/swgapi\/v1\/wp\/v2\/comments?post=171444"}],"version-history":[{"count":0,"href":"https:\/\/staging.varesenews.it\/swgapi\/v1\/wp\/v2\/posts\/171444\/revisions"}],"wp:attachment":[{"href":"https:\/\/staging.varesenews.it\/swgapi\/v1\/wp\/v2\/media?parent=171444"}],"wp:term":[{"taxonomy":"category","embeddable":true,"href":"https:\/\/staging.varesenews.it\/swgapi\/v1\/wp\/v2\/categories?post=171444"},{"taxonomy":"post_tag","embeddable":true,"href":"https:\/\/staging.varesenews.it\/swgapi\/v1\/wp\/v2\/tags?post=171444"}],"curies":[{"name":"wp","href":"https:\/\/api.w.org\/{rel}","templated":true}]}}