{"id":172298,"date":"2009-07-27T00:00:00","date_gmt":"2009-07-27T00:00:00","guid":{"rendered":""},"modified":"2009-07-27T00:00:00","modified_gmt":"2009-07-27T00:00:00","slug":"un-portiere-d-oro-per-la-von","status":"publish","type":"post","link":"https:\/\/staging.varesenews.it\/2009\/07\/un-portiere-d-oro-per-la-von\/172298\/","title":{"rendered":"Un portiere d&#8217;oro per la Von"},"content":{"rendered":"<p><img loading=\"lazy\" decoding=\"async\" height=\"238\" alt=\"\" hspace=\"5\" width=\"200\" align=\"right\" vspace=\"5\" border=\"1\" src=\"https:\/\/www3.varesenews.it\/immagini_articoli\/200907\/ilse1.jpg\" \/>Il blitz &quot;mondiale&quot; dei dirigenti della Varese Olona Nuoto ha dato i suoi frutti. La Yamamay ha infatti <strong>ingaggiato il portiere <\/strong>della nazionale olandese, la 22enne <strong><a target=\"_blank\" href=\"http:\/\/ilsevandermeijden.nl\/\">Ilse Van Der Meijden <\/a><\/strong>che l&#8217;anno scorso ha vinto la medaglia d&#8217;oro alle Olimpiadi di Pechino.<br \/>\nUn risultato su cui le mani di Ilse furono determinanti, visto che le olandesi<strong> eliminarono l&#8217;Italia nei quarti <\/strong>di finale anche grazie a un rigore parato dalla giovane portiere alla ex varesina Beg&eacute; Valkaj. Guardacaso la finale venne vinta dall&#8217;Olanda <strong>contro gli Stati Uniti che schieravano tra i pali Betsey Armstrong, <\/strong>quella che era la prima scelta di Varese per la prossima stagione dopo l&#8217;ottimo campionato scorso ma che di fatto si &egrave; chiamata fuori continuando a rinviare le proposte della triade Fabiano-Fisco-Bologna. L&#8217;arrivo della olandese (che ha giocato negli Usa, all&#8217;universit&agrave;&nbsp;di Southern California,&nbsp;la stessa del cestista italoamericano <a target=\"_blank\" href=\"http:\/\/www3.varesenews.it\/sport\/articolo.php?id=73135\">Daniel Hackett<\/a>)&nbsp;<strong>chiude definitivamente anche la pista cinese<\/strong>, che aveva portato a una trattativa con Jang Yun quando la nazionale asiatica si &egrave; allenata alla Comunale prima dei Mondiali.<\/p>\n<p>La trattativa tra la Von e Van der Meijden <strong>si &egrave; chiusa a Roma durante i Mondiali<\/strong>: il nuovo portiere biancorosso ha firmato e garantito la sua presenza in via Copelli <strong>il prossimo 31 agosto<\/strong>, data del raduno della squadra del neo allenatore Jacopo Bologna. Detto che un oro olimpico non ha bisogno di particolari referenze, nella scelta di Ilse di sbarcare in Italia c&#8217;&egrave; anche <strong>lo zampino di Mauro Maugeri<\/strong>, l&#8217;ex commissario tecnico azzurro ora alla guida dell&#8217;Olanda, che ha consigliato al portiere un&#8217;esperienza nel nostro campionato. &laquo;Van der Meijden &egrave; una ragazza seria e una professionista che per migliorarsi ulteriormente vuole <strong>provare a giocare in uno dei massimi tornei europei<\/strong>&raquo; spiega il ds varesino Walter Fisco. &laquo;Ilde vuole continuare a crescere dal punto di vista tecnico ed &egrave; ben contenta di avere una possibilt&agrave; con Varese. Ora iniziamo a pensare alle pratiche burocratiche e facciamo il tifo per lei ai Mondiali visto che l&#8217;Italia &egrave; uscita di scena&raquo;. <\/p>\n<p>E a proposito di azzurre, non pu&ograve; che balzare all&#8217;occhio <strong>la precoce eliminazione della nazionale <\/strong>di Fiori. Squadra assemblata forse con poco coraggio, visto che si &egrave; cercato di non smobilitare il gruppo storico e di inserire le giovani leve senza troppa convinzione. A pagare queste titubanze &egrave; purtroppo stata <strong>Silvia Motta, che avrebbe meritato una chiamata mondiale <\/strong>alla luce dello straordinario campionato disputato con la calottina della Von. E chiss&agrave; che con la lavenese in acqua, non sarebbe cambiato qualcosa in meglio anche per il Setterosa che, francamente, peggio di cos&igrave; in un mondiale di casa non poteva fare.<\/p>\n","protected":false},"excerpt":{"rendered":"<p>\u00c8 la olandese Van Der Meijden, che a Pechino par\u00f2 un rigore decisivo a Beg\u00e9 Valkaj. Sar\u00e0 a Varese il 31 agosto, giorno del raduno della Yamamay<\/p>\n","protected":false},"author":10,"featured_media":0,"comment_status":"open","ping_status":"open","sticky":false,"template":"","format":"standard","meta":{"footnotes":""},"categories":[14],"tags":[1590,3690],"acf":[],"yoast_head":"<!-- This site is optimized with the Yoast SEO plugin v20.1 - https:\/\/yoast.com\/wordpress\/plugins\/seo\/ -->\n<title>Un portiere d&#039;oro per la Von<\/title>\n<meta name=\"description\" content=\"\u00c8 la olandese Van Der Meijden, che a Pechino par\u00f2 un rigore decisivo a Beg\u00e9 Valkaj. Sar\u00e0 a Varese il 31 agosto, giorno del raduno della Yamamay\" \/>\n<meta name=\"robots\" content=\"noindex, follow, max-snippet:-1, max-image-preview:large, max-video-preview:-1\" \/>\n<meta property=\"og:locale\" content=\"it_IT\" \/>\n<meta property=\"og:type\" content=\"article\" \/>\n<meta property=\"og:title\" content=\"Un portiere d&#039;oro per la Von\" \/>\n<meta property=\"og:description\" content=\"\u00c8 la olandese Van Der Meijden, che a Pechino par\u00f2 un rigore decisivo a Beg\u00e9 Valkaj. Sar\u00e0 a Varese il 31 agosto, giorno del raduno della Yamamay\" \/>\n<meta property=\"og:url\" content=\"https:\/\/staging.varesenews.it\/2009\/07\/un-portiere-d-oro-per-la-von\/172298\/\" \/>\n<meta property=\"og:site_name\" content=\"VareseNews\" \/>\n<meta property=\"article:publisher\" content=\"https:\/\/www.facebook.com\/varesenews\" \/>\n<meta property=\"article:published_time\" content=\"2009-07-27T00:00:00+00:00\" \/>\n<meta property=\"og:image\" content=\"https:\/\/www3.varesenews.it\/immagini_articoli\/200907\/ilse1.jpg\" \/>\n<meta name=\"author\" content=\"Redazione VareseNews\" \/>\n<meta name=\"twitter:card\" content=\"summary_large_image\" \/>\n<meta name=\"twitter:creator\" content=\"@varesenews\" \/>\n<meta name=\"twitter:site\" content=\"@varesenews\" \/>\n<meta name=\"twitter:label1\" content=\"Scritto da\" \/>\n\t<meta name=\"twitter:data1\" content=\"Redazione VareseNews\" \/>\n\t<meta name=\"twitter:label2\" content=\"Tempo di lettura stimato\" \/>\n\t<meta name=\"twitter:data2\" content=\"2 minuti\" \/>\n<script type=\"application\/ld+json\" class=\"yoast-schema-graph\">{\"@context\":\"https:\/\/schema.org\",\"@graph\":[{\"@type\":\"WebPage\",\"@id\":\"https:\/\/staging.varesenews.it\/2009\/07\/un-portiere-d-oro-per-la-von\/172298\/\",\"url\":\"https:\/\/staging.varesenews.it\/2009\/07\/un-portiere-d-oro-per-la-von\/172298\/\",\"name\":\"Un portiere d'oro per la Von\",\"isPartOf\":{\"@id\":\"https:\/\/staging.varesenews.it\/#website\"},\"datePublished\":\"2009-07-27T00:00:00+00:00\",\"dateModified\":\"2009-07-27T00:00:00+00:00\",\"author\":{\"@id\":\"https:\/\/staging.varesenews.it\/#\/schema\/person\/fb20c4da0b7b16c291707a20db73e169\"},\"description\":\"\u00c8 la olandese Van Der Meijden, che a Pechino par\u00f2 un rigore decisivo a Beg\u00e9 Valkaj. Sar\u00e0 a Varese il 31 agosto, giorno del raduno della Yamamay\",\"breadcrumb\":{\"@id\":\"https:\/\/staging.varesenews.it\/2009\/07\/un-portiere-d-oro-per-la-von\/172298\/#breadcrumb\"},\"inLanguage\":\"it-IT\",\"potentialAction\":[{\"@type\":\"ReadAction\",\"target\":[\"https:\/\/staging.varesenews.it\/2009\/07\/un-portiere-d-oro-per-la-von\/172298\/\"]}]},{\"@type\":\"BreadcrumbList\",\"@id\":\"https:\/\/staging.varesenews.it\/2009\/07\/un-portiere-d-oro-per-la-von\/172298\/#breadcrumb\",\"itemListElement\":[{\"@type\":\"ListItem\",\"position\":1,\"name\":\"Home\",\"item\":\"https:\/\/www.varesenews.it\/\"},{\"@type\":\"ListItem\",\"position\":2,\"name\":\"Un portiere d&#8217;oro per la Von\"}]},{\"@type\":\"WebSite\",\"@id\":\"https:\/\/staging.varesenews.it\/#website\",\"url\":\"https:\/\/staging.varesenews.it\/\",\"name\":\"VareseNews\",\"description\":\"\",\"potentialAction\":[{\"@type\":\"SearchAction\",\"target\":{\"@type\":\"EntryPoint\",\"urlTemplate\":\"https:\/\/staging.varesenews.it\/?s={search_term_string}\"},\"query-input\":\"required name=search_term_string\"}],\"inLanguage\":\"it-IT\"},{\"@type\":\"Person\",\"@id\":\"https:\/\/staging.varesenews.it\/#\/schema\/person\/fb20c4da0b7b16c291707a20db73e169\",\"name\":\"Redazione VareseNews\",\"image\":{\"@type\":\"ImageObject\",\"inLanguage\":\"it-IT\",\"@id\":\"https:\/\/staging.varesenews.it\/#\/schema\/person\/image\/\",\"url\":\"https:\/\/staging.varesenews.it\/wp-content\/uploads\/2020\/12\/logo_VN_colori_500.png\",\"contentUrl\":\"https:\/\/staging.varesenews.it\/wp-content\/uploads\/2020\/12\/logo_VN_colori_500.png\",\"caption\":\"Redazione VareseNews\"},\"url\":\"https:\/\/staging.varesenews.it\/persona\/redazione1\/\"}]}<\/script>\n<!-- \/ Yoast SEO plugin. -->","yoast_head_json":{"title":"Un portiere d'oro per la Von","description":"\u00c8 la olandese Van Der Meijden, che a Pechino par\u00f2 un rigore decisivo a Beg\u00e9 Valkaj. Sar\u00e0 a Varese il 31 agosto, giorno del raduno della Yamamay","robots":{"index":"noindex","follow":"follow","max-snippet":"max-snippet:-1","max-image-preview":"max-image-preview:large","max-video-preview":"max-video-preview:-1"},"og_locale":"it_IT","og_type":"article","og_title":"Un portiere d'oro per la Von","og_description":"\u00c8 la olandese Van Der Meijden, che a Pechino par\u00f2 un rigore decisivo a Beg\u00e9 Valkaj. Sar\u00e0 a Varese il 31 agosto, giorno del raduno della Yamamay","og_url":"https:\/\/staging.varesenews.it\/2009\/07\/un-portiere-d-oro-per-la-von\/172298\/","og_site_name":"VareseNews","article_publisher":"https:\/\/www.facebook.com\/varesenews","article_published_time":"2009-07-27T00:00:00+00:00","og_image":[{"url":"https:\/\/www3.varesenews.it\/immagini_articoli\/200907\/ilse1.jpg"}],"author":"Redazione VareseNews","twitter_card":"summary_large_image","twitter_creator":"@varesenews","twitter_site":"@varesenews","twitter_misc":{"Scritto da":"Redazione VareseNews","Tempo di lettura stimato":"2 minuti"},"schema":{"@context":"https:\/\/schema.org","@graph":[{"@type":"WebPage","@id":"https:\/\/staging.varesenews.it\/2009\/07\/un-portiere-d-oro-per-la-von\/172298\/","url":"https:\/\/staging.varesenews.it\/2009\/07\/un-portiere-d-oro-per-la-von\/172298\/","name":"Un portiere d'oro per la Von","isPartOf":{"@id":"https:\/\/staging.varesenews.it\/#website"},"datePublished":"2009-07-27T00:00:00+00:00","dateModified":"2009-07-27T00:00:00+00:00","author":{"@id":"https:\/\/staging.varesenews.it\/#\/schema\/person\/fb20c4da0b7b16c291707a20db73e169"},"description":"\u00c8 la olandese Van Der Meijden, che a Pechino par\u00f2 un rigore decisivo a Beg\u00e9 Valkaj. Sar\u00e0 a Varese il 31 agosto, giorno del raduno della Yamamay","breadcrumb":{"@id":"https:\/\/staging.varesenews.it\/2009\/07\/un-portiere-d-oro-per-la-von\/172298\/#breadcrumb"},"inLanguage":"it-IT","potentialAction":[{"@type":"ReadAction","target":["https:\/\/staging.varesenews.it\/2009\/07\/un-portiere-d-oro-per-la-von\/172298\/"]}]},{"@type":"BreadcrumbList","@id":"https:\/\/staging.varesenews.it\/2009\/07\/un-portiere-d-oro-per-la-von\/172298\/#breadcrumb","itemListElement":[{"@type":"ListItem","position":1,"name":"Home","item":"https:\/\/www.varesenews.it\/"},{"@type":"ListItem","position":2,"name":"Un portiere d&#8217;oro per la Von"}]},{"@type":"WebSite","@id":"https:\/\/staging.varesenews.it\/#website","url":"https:\/\/staging.varesenews.it\/","name":"VareseNews","description":"","potentialAction":[{"@type":"SearchAction","target":{"@type":"EntryPoint","urlTemplate":"https:\/\/staging.varesenews.it\/?s={search_term_string}"},"query-input":"required name=search_term_string"}],"inLanguage":"it-IT"},{"@type":"Person","@id":"https:\/\/staging.varesenews.it\/#\/schema\/person\/fb20c4da0b7b16c291707a20db73e169","name":"Redazione VareseNews","image":{"@type":"ImageObject","inLanguage":"it-IT","@id":"https:\/\/staging.varesenews.it\/#\/schema\/person\/image\/","url":"https:\/\/staging.varesenews.it\/wp-content\/uploads\/2020\/12\/logo_VN_colori_500.png","contentUrl":"https:\/\/staging.varesenews.it\/wp-content\/uploads\/2020\/12\/logo_VN_colori_500.png","caption":"Redazione VareseNews"},"url":"https:\/\/staging.varesenews.it\/persona\/redazione1\/"}]}},"post_meta":{"id_old":"147759","argomento":"Pallanuoto","autore_old":"Damiano Franzetti"},"photos":[],"_links":{"self":[{"href":"https:\/\/staging.varesenews.it\/swgapi\/v1\/wp\/v2\/posts\/172298"}],"collection":[{"href":"https:\/\/staging.varesenews.it\/swgapi\/v1\/wp\/v2\/posts"}],"about":[{"href":"https:\/\/staging.varesenews.it\/swgapi\/v1\/wp\/v2\/types\/post"}],"author":[{"embeddable":true,"href":"https:\/\/staging.varesenews.it\/swgapi\/v1\/wp\/v2\/users\/10"}],"replies":[{"embeddable":true,"href":"https:\/\/staging.varesenews.it\/swgapi\/v1\/wp\/v2\/comments?post=172298"}],"version-history":[{"count":0,"href":"https:\/\/staging.varesenews.it\/swgapi\/v1\/wp\/v2\/posts\/172298\/revisions"}],"wp:attachment":[{"href":"https:\/\/staging.varesenews.it\/swgapi\/v1\/wp\/v2\/media?parent=172298"}],"wp:term":[{"taxonomy":"category","embeddable":true,"href":"https:\/\/staging.varesenews.it\/swgapi\/v1\/wp\/v2\/categories?post=172298"},{"taxonomy":"post_tag","embeddable":true,"href":"https:\/\/staging.varesenews.it\/swgapi\/v1\/wp\/v2\/tags?post=172298"}],"curies":[{"name":"wp","href":"https:\/\/api.w.org\/{rel}","templated":true}]}}