{"id":173892,"date":"2009-07-06T00:00:00","date_gmt":"2009-07-06T00:00:00","guid":{"rendered":""},"modified":"2009-07-06T00:00:00","modified_gmt":"2009-07-06T00:00:00","slug":"divieto-di-transito-in-via-bellini","status":"publish","type":"post","link":"https:\/\/staging.varesenews.it\/2009\/07\/divieto-di-transito-in-via-bellini\/173892\/","title":{"rendered":"Divieto di transito in via Bellini"},"content":{"rendered":"<p>Il Comune di Busto Arsizio informa che &egrave; stata disposta l&rsquo;ordinanza di divieto di transito e sosta in via Bellini per consentire i lavori di realizzazione di un allaccio fognario.<br \/>\nIl divieto temporaneo &egrave; previsto nei giorni di marted&igrave; 7 e mercoled&igrave; 8 luglio, dalle ore 8.00 alle ore 18.30, in via Bellini, nel tratto compreso tra via Melegnano e via Mentana.<br \/>\nCompatibilmente con lo stato dei lavori verr&agrave; consentito il transito ai residenti e ai veicoli diretti alle attivit&agrave; commerciali del tratto in oggetto di via Bellini.<\/p>\n","protected":false},"excerpt":{"rendered":"<p>Il provvedimento sar\u00e0 in vigore marted\u00ec 7 e mercoled\u00ec 8 luglio dalle 8 alle 18.30 per la realizzazione di un allaccio fognario<\/p>\n","protected":false},"author":10,"featured_media":0,"comment_status":"open","ping_status":"open","sticky":false,"template":"","format":"standard","meta":{"footnotes":""},"categories":[4],"tags":[2743],"acf":[],"yoast_head":"<!-- This site is optimized with the Yoast SEO plugin v20.1 - https:\/\/yoast.com\/wordpress\/plugins\/seo\/ -->\n<title>Divieto di transito in via Bellini<\/title>\n<meta name=\"description\" content=\"Il provvedimento sar\u00e0 in vigore marted\u00ec 7 e mercoled\u00ec 8 luglio dalle 8 alle 18.30 per la realizzazione di un allaccio fognario\" \/>\n<meta name=\"robots\" content=\"noindex, follow, max-snippet:-1, max-image-preview:large, max-video-preview:-1\" \/>\n<meta property=\"og:locale\" content=\"it_IT\" \/>\n<meta property=\"og:type\" content=\"article\" \/>\n<meta property=\"og:title\" content=\"Divieto di transito in via Bellini\" \/>\n<meta property=\"og:description\" content=\"Il provvedimento sar\u00e0 in vigore marted\u00ec 7 e mercoled\u00ec 8 luglio dalle 8 alle 18.30 per la realizzazione di un allaccio fognario\" \/>\n<meta property=\"og:url\" content=\"https:\/\/staging.varesenews.it\/2009\/07\/divieto-di-transito-in-via-bellini\/173892\/\" \/>\n<meta property=\"og:site_name\" content=\"VareseNews\" \/>\n<meta property=\"article:publisher\" content=\"https:\/\/www.facebook.com\/varesenews\" \/>\n<meta property=\"article:published_time\" content=\"2009-07-06T00:00:00+00:00\" \/>\n<meta name=\"author\" content=\"Redazione VareseNews\" \/>\n<meta name=\"twitter:card\" content=\"summary_large_image\" \/>\n<meta name=\"twitter:creator\" content=\"@varesenews\" \/>\n<meta name=\"twitter:site\" content=\"@varesenews\" \/>\n<meta name=\"twitter:label1\" content=\"Scritto da\" \/>\n\t<meta name=\"twitter:data1\" content=\"Redazione VareseNews\" \/>\n<script type=\"application\/ld+json\" class=\"yoast-schema-graph\">{\"@context\":\"https:\/\/schema.org\",\"@graph\":[{\"@type\":\"WebPage\",\"@id\":\"https:\/\/staging.varesenews.it\/2009\/07\/divieto-di-transito-in-via-bellini\/173892\/\",\"url\":\"https:\/\/staging.varesenews.it\/2009\/07\/divieto-di-transito-in-via-bellini\/173892\/\",\"name\":\"Divieto di transito in via Bellini\",\"isPartOf\":{\"@id\":\"https:\/\/staging.varesenews.it\/#website\"},\"datePublished\":\"2009-07-06T00:00:00+00:00\",\"dateModified\":\"2009-07-06T00:00:00+00:00\",\"author\":{\"@id\":\"https:\/\/staging.varesenews.it\/#\/schema\/person\/fb20c4da0b7b16c291707a20db73e169\"},\"description\":\"Il provvedimento sar\u00e0 in vigore marted\u00ec 7 e mercoled\u00ec 8 luglio dalle 8 alle 18.30 per la realizzazione di un allaccio fognario\",\"breadcrumb\":{\"@id\":\"https:\/\/staging.varesenews.it\/2009\/07\/divieto-di-transito-in-via-bellini\/173892\/#breadcrumb\"},\"inLanguage\":\"it-IT\",\"potentialAction\":[{\"@type\":\"ReadAction\",\"target\":[\"https:\/\/staging.varesenews.it\/2009\/07\/divieto-di-transito-in-via-bellini\/173892\/\"]}]},{\"@type\":\"BreadcrumbList\",\"@id\":\"https:\/\/staging.varesenews.it\/2009\/07\/divieto-di-transito-in-via-bellini\/173892\/#breadcrumb\",\"itemListElement\":[{\"@type\":\"ListItem\",\"position\":1,\"name\":\"Home\",\"item\":\"https:\/\/www.varesenews.it\/\"},{\"@type\":\"ListItem\",\"position\":2,\"name\":\"Divieto di transito in via Bellini\"}]},{\"@type\":\"WebSite\",\"@id\":\"https:\/\/staging.varesenews.it\/#website\",\"url\":\"https:\/\/staging.varesenews.it\/\",\"name\":\"VareseNews\",\"description\":\"\",\"potentialAction\":[{\"@type\":\"SearchAction\",\"target\":{\"@type\":\"EntryPoint\",\"urlTemplate\":\"https:\/\/staging.varesenews.it\/?s={search_term_string}\"},\"query-input\":\"required name=search_term_string\"}],\"inLanguage\":\"it-IT\"},{\"@type\":\"Person\",\"@id\":\"https:\/\/staging.varesenews.it\/#\/schema\/person\/fb20c4da0b7b16c291707a20db73e169\",\"name\":\"Redazione VareseNews\",\"image\":{\"@type\":\"ImageObject\",\"inLanguage\":\"it-IT\",\"@id\":\"https:\/\/staging.varesenews.it\/#\/schema\/person\/image\/\",\"url\":\"https:\/\/staging.varesenews.it\/wp-content\/uploads\/2020\/12\/logo_VN_colori_500.png\",\"contentUrl\":\"https:\/\/staging.varesenews.it\/wp-content\/uploads\/2020\/12\/logo_VN_colori_500.png\",\"caption\":\"Redazione VareseNews\"},\"url\":\"https:\/\/staging.varesenews.it\/persona\/redazione1\/\"}]}<\/script>\n<!-- \/ Yoast SEO plugin. -->","yoast_head_json":{"title":"Divieto di transito in via Bellini","description":"Il provvedimento sar\u00e0 in vigore marted\u00ec 7 e mercoled\u00ec 8 luglio dalle 8 alle 18.30 per la realizzazione di un allaccio fognario","robots":{"index":"noindex","follow":"follow","max-snippet":"max-snippet:-1","max-image-preview":"max-image-preview:large","max-video-preview":"max-video-preview:-1"},"og_locale":"it_IT","og_type":"article","og_title":"Divieto di transito in via Bellini","og_description":"Il provvedimento sar\u00e0 in vigore marted\u00ec 7 e mercoled\u00ec 8 luglio dalle 8 alle 18.30 per la realizzazione di un allaccio fognario","og_url":"https:\/\/staging.varesenews.it\/2009\/07\/divieto-di-transito-in-via-bellini\/173892\/","og_site_name":"VareseNews","article_publisher":"https:\/\/www.facebook.com\/varesenews","article_published_time":"2009-07-06T00:00:00+00:00","author":"Redazione VareseNews","twitter_card":"summary_large_image","twitter_creator":"@varesenews","twitter_site":"@varesenews","twitter_misc":{"Scritto da":"Redazione VareseNews"},"schema":{"@context":"https:\/\/schema.org","@graph":[{"@type":"WebPage","@id":"https:\/\/staging.varesenews.it\/2009\/07\/divieto-di-transito-in-via-bellini\/173892\/","url":"https:\/\/staging.varesenews.it\/2009\/07\/divieto-di-transito-in-via-bellini\/173892\/","name":"Divieto di transito in via Bellini","isPartOf":{"@id":"https:\/\/staging.varesenews.it\/#website"},"datePublished":"2009-07-06T00:00:00+00:00","dateModified":"2009-07-06T00:00:00+00:00","author":{"@id":"https:\/\/staging.varesenews.it\/#\/schema\/person\/fb20c4da0b7b16c291707a20db73e169"},"description":"Il provvedimento sar\u00e0 in vigore marted\u00ec 7 e mercoled\u00ec 8 luglio dalle 8 alle 18.30 per la realizzazione di un allaccio fognario","breadcrumb":{"@id":"https:\/\/staging.varesenews.it\/2009\/07\/divieto-di-transito-in-via-bellini\/173892\/#breadcrumb"},"inLanguage":"it-IT","potentialAction":[{"@type":"ReadAction","target":["https:\/\/staging.varesenews.it\/2009\/07\/divieto-di-transito-in-via-bellini\/173892\/"]}]},{"@type":"BreadcrumbList","@id":"https:\/\/staging.varesenews.it\/2009\/07\/divieto-di-transito-in-via-bellini\/173892\/#breadcrumb","itemListElement":[{"@type":"ListItem","position":1,"name":"Home","item":"https:\/\/www.varesenews.it\/"},{"@type":"ListItem","position":2,"name":"Divieto di transito in via Bellini"}]},{"@type":"WebSite","@id":"https:\/\/staging.varesenews.it\/#website","url":"https:\/\/staging.varesenews.it\/","name":"VareseNews","description":"","potentialAction":[{"@type":"SearchAction","target":{"@type":"EntryPoint","urlTemplate":"https:\/\/staging.varesenews.it\/?s={search_term_string}"},"query-input":"required name=search_term_string"}],"inLanguage":"it-IT"},{"@type":"Person","@id":"https:\/\/staging.varesenews.it\/#\/schema\/person\/fb20c4da0b7b16c291707a20db73e169","name":"Redazione VareseNews","image":{"@type":"ImageObject","inLanguage":"it-IT","@id":"https:\/\/staging.varesenews.it\/#\/schema\/person\/image\/","url":"https:\/\/staging.varesenews.it\/wp-content\/uploads\/2020\/12\/logo_VN_colori_500.png","contentUrl":"https:\/\/staging.varesenews.it\/wp-content\/uploads\/2020\/12\/logo_VN_colori_500.png","caption":"Redazione VareseNews"},"url":"https:\/\/staging.varesenews.it\/persona\/redazione1\/"}]}},"post_meta":{"id_old":"146102","argomento":"Busto Arsizio"},"photos":[],"_links":{"self":[{"href":"https:\/\/staging.varesenews.it\/swgapi\/v1\/wp\/v2\/posts\/173892"}],"collection":[{"href":"https:\/\/staging.varesenews.it\/swgapi\/v1\/wp\/v2\/posts"}],"about":[{"href":"https:\/\/staging.varesenews.it\/swgapi\/v1\/wp\/v2\/types\/post"}],"author":[{"embeddable":true,"href":"https:\/\/staging.varesenews.it\/swgapi\/v1\/wp\/v2\/users\/10"}],"replies":[{"embeddable":true,"href":"https:\/\/staging.varesenews.it\/swgapi\/v1\/wp\/v2\/comments?post=173892"}],"version-history":[{"count":0,"href":"https:\/\/staging.varesenews.it\/swgapi\/v1\/wp\/v2\/posts\/173892\/revisions"}],"wp:attachment":[{"href":"https:\/\/staging.varesenews.it\/swgapi\/v1\/wp\/v2\/media?parent=173892"}],"wp:term":[{"taxonomy":"category","embeddable":true,"href":"https:\/\/staging.varesenews.it\/swgapi\/v1\/wp\/v2\/categories?post=173892"},{"taxonomy":"post_tag","embeddable":true,"href":"https:\/\/staging.varesenews.it\/swgapi\/v1\/wp\/v2\/tags?post=173892"}],"curies":[{"name":"wp","href":"https:\/\/api.w.org\/{rel}","templated":true}]}}