{"id":176447,"date":"2009-06-05T00:00:00","date_gmt":"2009-06-05T00:00:00","guid":{"rendered":""},"modified":"2009-06-05T00:00:00","modified_gmt":"2009-06-05T00:00:00","slug":"torna-la-notte-bianca-nel-segno-dell-abruzzo","status":"publish","type":"post","link":"https:\/\/staging.varesenews.it\/2009\/06\/torna-la-notte-bianca-nel-segno-dell-abruzzo\/176447\/","title":{"rendered":"Torna la Notte Bianca, nel segno dell&#8217;Abruzzo"},"content":{"rendered":"<p><img loading=\"lazy\" decoding=\"async\" hspace=\"5\" alt=\"\" vspace=\"5\" align=\"left\" width=\"200\" height=\"266\" src=\"https:\/\/www3.varesenews.it\/immagini_articoli\/200906\/notte09.jpg\" \/>Sar&agrave; la <strong>solidariet&agrave; per l&rsquo;Abruzzo<\/strong> il tema centrale per la <strong>terza edizione della Notte Bianca varesina<\/strong> che<strong> sabato 27 giugno 2009<\/strong> torner&agrave; ad animare piazze e vie del centro storico con un ricco calendario di appuntamenti.<\/p>\n<p>Monumenti, ville, musei, luoghi dell&rsquo;arte e della cultura dal centro alla periferia diventeranno palcoscenico d&rsquo;eccezione per <strong>oltre sessanta eventi e iniziative (ancora rigorosamente top-secret) <\/strong>che permetteranno a un pubblico di grandi e piccini di vivere la &ldquo;citt&agrave; giardino&rdquo; in un clima di gioia ed entusiasmo ma, soprattutto, di condivisione e solidariet&agrave;.<\/p>\n<p>&Egrave; proprio con questo obiettivo di fondo che, in un anno caratterizzato da una tragedia di portata nazionale, quale quella del recente terremoto in Abruzzo, si &egrave; voluto contribuire attivamente, ideando un progetto specifico: una raccolta fondi per <strong>sostenere dodici giovani studenti dell&rsquo;Accademia dell&rsquo;Immagine di L&rsquo;Aquila<\/strong>, scuola di cinema della citt&agrave; distrutta sia nella struttura sia nelle apparecchiature tecniche, che realizzeranno un filmato relativo proprio alla Notte varesina come lavoro di chiusura del loro anno scolastico. Un&rsquo;esperienza lavorativa sul campo importante, che permette loro di consolidare le nozioni acquisite nel corso dell&rsquo;anno accademico, attraverso la guida di tutor che seguiranno gli studenti in questo cammino. Un&rsquo;attivit&agrave; altrimenti non realizzabile in autonomia dall&rsquo;istituto. Un&rsquo;elevata entit&agrave; della raccolta fondi potrebbe permettere, inoltre, di indirizzare parte del ricavato all&rsquo;acquisto delle strumentazioni dell&rsquo;Accademia dell&rsquo;Immagine.<\/p>\n<p>&laquo;La Notte Bianca &#8211; spiega il sindaco <strong>Attilio Fontana<\/strong> &#8211; tra divertimento e solidariet&agrave;. Dopo il successo delle precedenti edizioni, Varese si prepara a vivere, per il terzo anno consecutivo, una notte diversa, di musica e di festa, di voglia di stare insieme nelle vie e nelle piazze, facendo dei luoghi pubblici un vero punto di ritrovo e comunit&agrave;. Con un valore aggiunto, per&ograve;: non ci siamo dimenticati, insieme agli organizzatori, della tragedia abruzzese&raquo;.<\/p>\n<p>&laquo;Di fronte alla crisi che tocca un po&#8217; tutti e al terremoto che ha colpito l&#8217;Abruzzo, ci siamo chiesti se fosse opportuno quest&#8217;anno riproporre questa manifestazione. Abbiamo deciso di riproporla perch&eacute; la crisi non si combatte tirando i remi in barca e non facendo pi&ugrave; nulla&raquo;, ha affermato l&#8217;assessore della Promozione del territorio <strong>Enrico Angelini<\/strong>. <\/p>\n<p>&laquo;Sono entusiasta dell&rsquo;iniziativa, per la valenza positiva e culturale del progetto &ndash; conferma l&rsquo;assessore alla cultura e bilancio del Comune di L&rsquo;Aquila, <strong>Anna Maria Ximenes<\/strong> &#8211; che oltre a portare dei benefici concreti verso i nostri giovani, incentivandoli in un momento particolarmente difficile a impegnarsi nuovamente nello studio, sta creando un profondo legame tra le citt&agrave; di Varese e L&rsquo;Aquila&raquo;.<\/p>\n<p><strong>La raccolta fondi a favore del progetto culturale verr&agrave; realizzata attraverso il conto corrente di &rdquo;Varese con l&rsquo;Abruzzo&rdquo;, comitato no profit appositamente creato in occasione della Notte Bianca.&nbsp;VareseNews aprir&agrave; on-line uno spazio appositamente dedicato alla raccolta delle offerte di tutti i varesini e di tutti i simpatizzanti della lunga notte del 27 giugno.<\/strong><\/p>\n<p>Fra le diverse iniziative gi&agrave; avviate, da segnalare la spontanea partecipazione di alcuni negozi e associazioni di commercianti ed esercenti che offriranno i loro prodotti in via totalmente gratuita per la vendita e la raccolta fondi. La solidariet&agrave; prender&agrave; quindi le forme delle bellissime gerbere di Nicora Garden, degli originali bijoux a tema floreale di Calic&ograve;, dei preziosi gioielli in oro realizzati appositamente per la Notte Bianca varesina da Consorzio Orafi. <\/p>\n<p>La vendita degli oggetti prender&agrave; il via con l&rsquo;apertura dell&rsquo;info-point della Notte Bianca in piazza Monte Grappa il 20 giugno 2009.<\/p>\n<p>Parteciper&agrave; all&#8217;evento anche l&#8217;ASL che dal 22 al 27 giugno gestir&agrave; un infopoint in una piazza della citt&agrave; e promuover&agrave; lo spettacolo &quot;Sogni&quot;, finalizzato a sensibilizzare il pubblico sul tema della fragilit&agrave; e della disabilit&agrave;. Tra gli sponsor quest&#8217;anno figura Aspem, che sar&agrave; partner dell&#8217;evento.<\/p>\n","protected":false},"excerpt":{"rendered":"<p>La terza edizione della notte varesina si celebrer\u00e0 sabato 27 giugno. Pi\u00f9 di 60 eventi, con un&#8217;attenzione particolare alla solidariet\u00e0<\/p>\n","protected":false},"author":10,"featured_media":0,"comment_status":"open","ping_status":"open","sticky":false,"template":"","format":"standard","meta":{"footnotes":""},"categories":[21,2],"tags":[8111,38405,130],"acf":[],"yoast_head":"<!-- This site is optimized with the Yoast SEO plugin v20.1 - https:\/\/yoast.com\/wordpress\/plugins\/seo\/ -->\n<title>Torna la Notte Bianca, nel segno dell&#039;Abruzzo<\/title>\n<meta name=\"description\" content=\"La terza edizione della notte varesina si celebrer\u00e0 sabato 27 giugno. Pi\u00f9 di 60 eventi, con un&#039;attenzione particolare alla solidariet\u00e0\" \/>\n<meta name=\"robots\" content=\"noindex, follow, max-snippet:-1, max-image-preview:large, max-video-preview:-1\" \/>\n<meta property=\"og:locale\" content=\"it_IT\" \/>\n<meta property=\"og:type\" content=\"article\" \/>\n<meta property=\"og:title\" content=\"Torna la Notte Bianca, nel segno dell&#039;Abruzzo\" \/>\n<meta property=\"og:description\" content=\"La terza edizione della notte varesina si celebrer\u00e0 sabato 27 giugno. Pi\u00f9 di 60 eventi, con un&#039;attenzione particolare alla solidariet\u00e0\" \/>\n<meta property=\"og:url\" content=\"https:\/\/staging.varesenews.it\/2009\/06\/torna-la-notte-bianca-nel-segno-dell-abruzzo\/176447\/\" \/>\n<meta property=\"og:site_name\" content=\"VareseNews\" \/>\n<meta property=\"article:publisher\" content=\"https:\/\/www.facebook.com\/varesenews\" \/>\n<meta property=\"article:published_time\" content=\"2009-06-05T00:00:00+00:00\" \/>\n<meta property=\"og:image\" content=\"https:\/\/www3.varesenews.it\/immagini_articoli\/200906\/notte09.jpg\" \/>\n<meta name=\"author\" content=\"Redazione VareseNews\" \/>\n<meta name=\"twitter:card\" content=\"summary_large_image\" \/>\n<meta name=\"twitter:creator\" content=\"@varesenews\" \/>\n<meta name=\"twitter:site\" content=\"@varesenews\" \/>\n<meta name=\"twitter:label1\" content=\"Scritto da\" \/>\n\t<meta name=\"twitter:data1\" content=\"Redazione VareseNews\" \/>\n\t<meta name=\"twitter:label2\" content=\"Tempo di lettura stimato\" \/>\n\t<meta name=\"twitter:data2\" content=\"3 minuti\" \/>\n<script type=\"application\/ld+json\" class=\"yoast-schema-graph\">{\"@context\":\"https:\/\/schema.org\",\"@graph\":[{\"@type\":\"WebPage\",\"@id\":\"https:\/\/staging.varesenews.it\/2009\/06\/torna-la-notte-bianca-nel-segno-dell-abruzzo\/176447\/\",\"url\":\"https:\/\/staging.varesenews.it\/2009\/06\/torna-la-notte-bianca-nel-segno-dell-abruzzo\/176447\/\",\"name\":\"Torna la Notte Bianca, nel segno dell'Abruzzo\",\"isPartOf\":{\"@id\":\"https:\/\/staging.varesenews.it\/#website\"},\"datePublished\":\"2009-06-05T00:00:00+00:00\",\"dateModified\":\"2009-06-05T00:00:00+00:00\",\"author\":{\"@id\":\"https:\/\/staging.varesenews.it\/#\/schema\/person\/fb20c4da0b7b16c291707a20db73e169\"},\"description\":\"La terza edizione della notte varesina si celebrer\u00e0 sabato 27 giugno. Pi\u00f9 di 60 eventi, con un'attenzione particolare alla solidariet\u00e0\",\"breadcrumb\":{\"@id\":\"https:\/\/staging.varesenews.it\/2009\/06\/torna-la-notte-bianca-nel-segno-dell-abruzzo\/176447\/#breadcrumb\"},\"inLanguage\":\"it-IT\",\"potentialAction\":[{\"@type\":\"ReadAction\",\"target\":[\"https:\/\/staging.varesenews.it\/2009\/06\/torna-la-notte-bianca-nel-segno-dell-abruzzo\/176447\/\"]}]},{\"@type\":\"BreadcrumbList\",\"@id\":\"https:\/\/staging.varesenews.it\/2009\/06\/torna-la-notte-bianca-nel-segno-dell-abruzzo\/176447\/#breadcrumb\",\"itemListElement\":[{\"@type\":\"ListItem\",\"position\":1,\"name\":\"Home\",\"item\":\"https:\/\/www.varesenews.it\/\"},{\"@type\":\"ListItem\",\"position\":2,\"name\":\"Torna la Notte Bianca, nel segno dell&#8217;Abruzzo\"}]},{\"@type\":\"WebSite\",\"@id\":\"https:\/\/staging.varesenews.it\/#website\",\"url\":\"https:\/\/staging.varesenews.it\/\",\"name\":\"VareseNews\",\"description\":\"\",\"potentialAction\":[{\"@type\":\"SearchAction\",\"target\":{\"@type\":\"EntryPoint\",\"urlTemplate\":\"https:\/\/staging.varesenews.it\/?s={search_term_string}\"},\"query-input\":\"required name=search_term_string\"}],\"inLanguage\":\"it-IT\"},{\"@type\":\"Person\",\"@id\":\"https:\/\/staging.varesenews.it\/#\/schema\/person\/fb20c4da0b7b16c291707a20db73e169\",\"name\":\"Redazione VareseNews\",\"image\":{\"@type\":\"ImageObject\",\"inLanguage\":\"it-IT\",\"@id\":\"https:\/\/staging.varesenews.it\/#\/schema\/person\/image\/\",\"url\":\"https:\/\/staging.varesenews.it\/wp-content\/uploads\/2020\/12\/logo_VN_colori_500.png\",\"contentUrl\":\"https:\/\/staging.varesenews.it\/wp-content\/uploads\/2020\/12\/logo_VN_colori_500.png\",\"caption\":\"Redazione VareseNews\"},\"url\":\"https:\/\/staging.varesenews.it\/persona\/redazione1\/\"}]}<\/script>\n<!-- \/ Yoast SEO plugin. -->","yoast_head_json":{"title":"Torna la Notte Bianca, nel segno dell'Abruzzo","description":"La terza edizione della notte varesina si celebrer\u00e0 sabato 27 giugno. Pi\u00f9 di 60 eventi, con un'attenzione particolare alla solidariet\u00e0","robots":{"index":"noindex","follow":"follow","max-snippet":"max-snippet:-1","max-image-preview":"max-image-preview:large","max-video-preview":"max-video-preview:-1"},"og_locale":"it_IT","og_type":"article","og_title":"Torna la Notte Bianca, nel segno dell'Abruzzo","og_description":"La terza edizione della notte varesina si celebrer\u00e0 sabato 27 giugno. Pi\u00f9 di 60 eventi, con un'attenzione particolare alla solidariet\u00e0","og_url":"https:\/\/staging.varesenews.it\/2009\/06\/torna-la-notte-bianca-nel-segno-dell-abruzzo\/176447\/","og_site_name":"VareseNews","article_publisher":"https:\/\/www.facebook.com\/varesenews","article_published_time":"2009-06-05T00:00:00+00:00","og_image":[{"url":"https:\/\/www3.varesenews.it\/immagini_articoli\/200906\/notte09.jpg"}],"author":"Redazione VareseNews","twitter_card":"summary_large_image","twitter_creator":"@varesenews","twitter_site":"@varesenews","twitter_misc":{"Scritto da":"Redazione VareseNews","Tempo di lettura stimato":"3 minuti"},"schema":{"@context":"https:\/\/schema.org","@graph":[{"@type":"WebPage","@id":"https:\/\/staging.varesenews.it\/2009\/06\/torna-la-notte-bianca-nel-segno-dell-abruzzo\/176447\/","url":"https:\/\/staging.varesenews.it\/2009\/06\/torna-la-notte-bianca-nel-segno-dell-abruzzo\/176447\/","name":"Torna la Notte Bianca, nel segno dell'Abruzzo","isPartOf":{"@id":"https:\/\/staging.varesenews.it\/#website"},"datePublished":"2009-06-05T00:00:00+00:00","dateModified":"2009-06-05T00:00:00+00:00","author":{"@id":"https:\/\/staging.varesenews.it\/#\/schema\/person\/fb20c4da0b7b16c291707a20db73e169"},"description":"La terza edizione della notte varesina si celebrer\u00e0 sabato 27 giugno. Pi\u00f9 di 60 eventi, con un'attenzione particolare alla solidariet\u00e0","breadcrumb":{"@id":"https:\/\/staging.varesenews.it\/2009\/06\/torna-la-notte-bianca-nel-segno-dell-abruzzo\/176447\/#breadcrumb"},"inLanguage":"it-IT","potentialAction":[{"@type":"ReadAction","target":["https:\/\/staging.varesenews.it\/2009\/06\/torna-la-notte-bianca-nel-segno-dell-abruzzo\/176447\/"]}]},{"@type":"BreadcrumbList","@id":"https:\/\/staging.varesenews.it\/2009\/06\/torna-la-notte-bianca-nel-segno-dell-abruzzo\/176447\/#breadcrumb","itemListElement":[{"@type":"ListItem","position":1,"name":"Home","item":"https:\/\/www.varesenews.it\/"},{"@type":"ListItem","position":2,"name":"Torna la Notte Bianca, nel segno dell&#8217;Abruzzo"}]},{"@type":"WebSite","@id":"https:\/\/staging.varesenews.it\/#website","url":"https:\/\/staging.varesenews.it\/","name":"VareseNews","description":"","potentialAction":[{"@type":"SearchAction","target":{"@type":"EntryPoint","urlTemplate":"https:\/\/staging.varesenews.it\/?s={search_term_string}"},"query-input":"required name=search_term_string"}],"inLanguage":"it-IT"},{"@type":"Person","@id":"https:\/\/staging.varesenews.it\/#\/schema\/person\/fb20c4da0b7b16c291707a20db73e169","name":"Redazione VareseNews","image":{"@type":"ImageObject","inLanguage":"it-IT","@id":"https:\/\/staging.varesenews.it\/#\/schema\/person\/image\/","url":"https:\/\/staging.varesenews.it\/wp-content\/uploads\/2020\/12\/logo_VN_colori_500.png","contentUrl":"https:\/\/staging.varesenews.it\/wp-content\/uploads\/2020\/12\/logo_VN_colori_500.png","caption":"Redazione VareseNews"},"url":"https:\/\/staging.varesenews.it\/persona\/redazione1\/"}]}},"post_meta":{"id_old":"143450","argomento":"Varese","id_link_fotogallery":"310456,310457"},"photos":[],"_links":{"self":[{"href":"https:\/\/staging.varesenews.it\/swgapi\/v1\/wp\/v2\/posts\/176447"}],"collection":[{"href":"https:\/\/staging.varesenews.it\/swgapi\/v1\/wp\/v2\/posts"}],"about":[{"href":"https:\/\/staging.varesenews.it\/swgapi\/v1\/wp\/v2\/types\/post"}],"author":[{"embeddable":true,"href":"https:\/\/staging.varesenews.it\/swgapi\/v1\/wp\/v2\/users\/10"}],"replies":[{"embeddable":true,"href":"https:\/\/staging.varesenews.it\/swgapi\/v1\/wp\/v2\/comments?post=176447"}],"version-history":[{"count":0,"href":"https:\/\/staging.varesenews.it\/swgapi\/v1\/wp\/v2\/posts\/176447\/revisions"}],"wp:attachment":[{"href":"https:\/\/staging.varesenews.it\/swgapi\/v1\/wp\/v2\/media?parent=176447"}],"wp:term":[{"taxonomy":"category","embeddable":true,"href":"https:\/\/staging.varesenews.it\/swgapi\/v1\/wp\/v2\/categories?post=176447"},{"taxonomy":"post_tag","embeddable":true,"href":"https:\/\/staging.varesenews.it\/swgapi\/v1\/wp\/v2\/tags?post=176447"}],"curies":[{"name":"wp","href":"https:\/\/api.w.org\/{rel}","templated":true}]}}