{"id":181394,"date":"2009-04-15T00:00:00","date_gmt":"2009-04-15T00:00:00","guid":{"rendered":""},"modified":"2009-04-15T00:00:00","modified_gmt":"2009-04-15T00:00:00","slug":"alan-stivell-all-apollonio-aperte-le-prevendite","status":"publish","type":"post","link":"https:\/\/staging.varesenews.it\/2009\/04\/alan-stivell-all-apollonio-aperte-le-prevendite\/181394\/","title":{"rendered":"Alan Stivell all&#8217;Apollonio, aperte le prevendite"},"content":{"rendered":"<p>L&#8217;artista bretone <strong>Alan Stivell<\/strong> presenter&agrave; il suo concerto al Teatro Apollonio di Piazza Repubblica, marted&igrave; 26 maggio, alle 21. Il concerto aprir&agrave; la 3&deg; edizione del festival &quot;Insubria, terra d&#8217;Europa&quot; che si svolger&agrave; dal 26 al 31 maggio a Varese e di cui sar&agrave; presto disponibile il programma completo sul sito: www.insubriaterradeuropa.net.<\/p>\n<p>Per acquistare i biglietti:<br \/>\nTeatro di Varese, piazza Repubblica &#8211; Varese.<br \/>\nTel. 0332.247897 &#8211; 284224<br \/>\nOrari biglietteria: da luned&igrave; a sabato: 11:00 &#8211; 14:00 e 17:00 &#8211; 19:00 (nei giorni di spettacolo botteghino aperto 20:00 &#8211; 21:00).<\/p>\n<p>Platea: 40,00* euro + prevendita<br \/>\nGallerie: 35,00* euro + prevendita<br \/>\n(*riduzione di 5 euro per i soci di Terra Insubre rivolgendosi alla biglietteria del teatro)<\/p>\n<p>Prevendita on line:<br \/>\nwww.ticketone.it<br \/>\nPunti vendita: IPER Varese, Viale Belforte, 315 &ndash; Varese (Tel. 0332.345778) &#8211; Casa del Disco<br \/>\nPiazza Podest&agrave; &ndash; Varese (Tel. 0332.232229) &#8211; Sede di Terra Insubre, Via Frasconi, 4 &#8211; Varese<br \/>\n(Tel. 0332.286542).<\/p>\n","protected":false},"excerpt":{"rendered":"<p>L&#8217;artista bretone presenter\u00e0 il suo concerto al Teatro di Piazza Repubblica, marted\u00ec 26 maggio, alle 21. Il concerto aprir\u00e0 la 3\u00b0 edizione del festival &#8220;Insubria, terra d&#8217;Europa&#8221;<\/p>\n","protected":false},"author":10,"featured_media":0,"comment_status":"open","ping_status":"open","sticky":false,"template":"","format":"standard","meta":{"footnotes":""},"categories":[20,21,2],"tags":[1066],"acf":[],"yoast_head":"<!-- This site is optimized with the Yoast SEO plugin v20.1 - https:\/\/yoast.com\/wordpress\/plugins\/seo\/ -->\n<title>Alan Stivell all&#039;Apollonio, aperte le prevendite<\/title>\n<meta name=\"description\" content=\"L&#039;artista bretone presenter\u00e0 il suo concerto al Teatro di Piazza Repubblica, marted\u00ec 26 maggio, alle 21. Il concerto aprir\u00e0 la 3\u00b0 edizione del festival &quot;Insubria, terra d&#039;Europa&quot;\" \/>\n<meta name=\"robots\" content=\"noindex, follow, max-snippet:-1, max-image-preview:large, max-video-preview:-1\" \/>\n<meta property=\"og:locale\" content=\"it_IT\" \/>\n<meta property=\"og:type\" content=\"article\" \/>\n<meta property=\"og:title\" content=\"Alan Stivell all&#039;Apollonio, aperte le prevendite\" \/>\n<meta property=\"og:description\" content=\"L&#039;artista bretone presenter\u00e0 il suo concerto al Teatro di Piazza Repubblica, marted\u00ec 26 maggio, alle 21. Il concerto aprir\u00e0 la 3\u00b0 edizione del festival &quot;Insubria, terra d&#039;Europa&quot;\" \/>\n<meta property=\"og:url\" content=\"https:\/\/staging.varesenews.it\/2009\/04\/alan-stivell-all-apollonio-aperte-le-prevendite\/181394\/\" \/>\n<meta property=\"og:site_name\" content=\"VareseNews\" \/>\n<meta property=\"article:publisher\" content=\"https:\/\/www.facebook.com\/varesenews\" \/>\n<meta property=\"article:published_time\" content=\"2009-04-15T00:00:00+00:00\" \/>\n<meta name=\"author\" content=\"Redazione VareseNews\" \/>\n<meta name=\"twitter:card\" content=\"summary_large_image\" \/>\n<meta name=\"twitter:creator\" content=\"@varesenews\" \/>\n<meta name=\"twitter:site\" content=\"@varesenews\" \/>\n<meta name=\"twitter:label1\" content=\"Scritto da\" \/>\n\t<meta name=\"twitter:data1\" content=\"Redazione VareseNews\" \/>\n\t<meta name=\"twitter:label2\" content=\"Tempo di lettura stimato\" \/>\n\t<meta name=\"twitter:data2\" content=\"1 minuto\" \/>\n<script type=\"application\/ld+json\" class=\"yoast-schema-graph\">{\"@context\":\"https:\/\/schema.org\",\"@graph\":[{\"@type\":\"WebPage\",\"@id\":\"https:\/\/staging.varesenews.it\/2009\/04\/alan-stivell-all-apollonio-aperte-le-prevendite\/181394\/\",\"url\":\"https:\/\/staging.varesenews.it\/2009\/04\/alan-stivell-all-apollonio-aperte-le-prevendite\/181394\/\",\"name\":\"Alan Stivell all'Apollonio, aperte le prevendite\",\"isPartOf\":{\"@id\":\"https:\/\/staging.varesenews.it\/#website\"},\"datePublished\":\"2009-04-15T00:00:00+00:00\",\"dateModified\":\"2009-04-15T00:00:00+00:00\",\"author\":{\"@id\":\"https:\/\/staging.varesenews.it\/#\/schema\/person\/fb20c4da0b7b16c291707a20db73e169\"},\"description\":\"L'artista bretone presenter\u00e0 il suo concerto al Teatro di Piazza Repubblica, marted\u00ec 26 maggio, alle 21. Il concerto aprir\u00e0 la 3\u00b0 edizione del festival \\\"Insubria, terra d'Europa\\\"\",\"breadcrumb\":{\"@id\":\"https:\/\/staging.varesenews.it\/2009\/04\/alan-stivell-all-apollonio-aperte-le-prevendite\/181394\/#breadcrumb\"},\"inLanguage\":\"it-IT\",\"potentialAction\":[{\"@type\":\"ReadAction\",\"target\":[\"https:\/\/staging.varesenews.it\/2009\/04\/alan-stivell-all-apollonio-aperte-le-prevendite\/181394\/\"]}]},{\"@type\":\"BreadcrumbList\",\"@id\":\"https:\/\/staging.varesenews.it\/2009\/04\/alan-stivell-all-apollonio-aperte-le-prevendite\/181394\/#breadcrumb\",\"itemListElement\":[{\"@type\":\"ListItem\",\"position\":1,\"name\":\"Home\",\"item\":\"https:\/\/www.varesenews.it\/\"},{\"@type\":\"ListItem\",\"position\":2,\"name\":\"Alan Stivell all&#8217;Apollonio, aperte le prevendite\"}]},{\"@type\":\"WebSite\",\"@id\":\"https:\/\/staging.varesenews.it\/#website\",\"url\":\"https:\/\/staging.varesenews.it\/\",\"name\":\"VareseNews\",\"description\":\"\",\"potentialAction\":[{\"@type\":\"SearchAction\",\"target\":{\"@type\":\"EntryPoint\",\"urlTemplate\":\"https:\/\/staging.varesenews.it\/?s={search_term_string}\"},\"query-input\":\"required name=search_term_string\"}],\"inLanguage\":\"it-IT\"},{\"@type\":\"Person\",\"@id\":\"https:\/\/staging.varesenews.it\/#\/schema\/person\/fb20c4da0b7b16c291707a20db73e169\",\"name\":\"Redazione VareseNews\",\"image\":{\"@type\":\"ImageObject\",\"inLanguage\":\"it-IT\",\"@id\":\"https:\/\/staging.varesenews.it\/#\/schema\/person\/image\/\",\"url\":\"https:\/\/staging.varesenews.it\/wp-content\/uploads\/2020\/12\/logo_VN_colori_500.png\",\"contentUrl\":\"https:\/\/staging.varesenews.it\/wp-content\/uploads\/2020\/12\/logo_VN_colori_500.png\",\"caption\":\"Redazione VareseNews\"},\"url\":\"https:\/\/staging.varesenews.it\/persona\/redazione1\/\"}]}<\/script>\n<!-- \/ Yoast SEO plugin. -->","yoast_head_json":{"title":"Alan Stivell all'Apollonio, aperte le prevendite","description":"L'artista bretone presenter\u00e0 il suo concerto al Teatro di Piazza Repubblica, marted\u00ec 26 maggio, alle 21. Il concerto aprir\u00e0 la 3\u00b0 edizione del festival \"Insubria, terra d'Europa\"","robots":{"index":"noindex","follow":"follow","max-snippet":"max-snippet:-1","max-image-preview":"max-image-preview:large","max-video-preview":"max-video-preview:-1"},"og_locale":"it_IT","og_type":"article","og_title":"Alan Stivell all'Apollonio, aperte le prevendite","og_description":"L'artista bretone presenter\u00e0 il suo concerto al Teatro di Piazza Repubblica, marted\u00ec 26 maggio, alle 21. Il concerto aprir\u00e0 la 3\u00b0 edizione del festival \"Insubria, terra d'Europa\"","og_url":"https:\/\/staging.varesenews.it\/2009\/04\/alan-stivell-all-apollonio-aperte-le-prevendite\/181394\/","og_site_name":"VareseNews","article_publisher":"https:\/\/www.facebook.com\/varesenews","article_published_time":"2009-04-15T00:00:00+00:00","author":"Redazione VareseNews","twitter_card":"summary_large_image","twitter_creator":"@varesenews","twitter_site":"@varesenews","twitter_misc":{"Scritto da":"Redazione VareseNews","Tempo di lettura stimato":"1 minuto"},"schema":{"@context":"https:\/\/schema.org","@graph":[{"@type":"WebPage","@id":"https:\/\/staging.varesenews.it\/2009\/04\/alan-stivell-all-apollonio-aperte-le-prevendite\/181394\/","url":"https:\/\/staging.varesenews.it\/2009\/04\/alan-stivell-all-apollonio-aperte-le-prevendite\/181394\/","name":"Alan Stivell all'Apollonio, aperte le prevendite","isPartOf":{"@id":"https:\/\/staging.varesenews.it\/#website"},"datePublished":"2009-04-15T00:00:00+00:00","dateModified":"2009-04-15T00:00:00+00:00","author":{"@id":"https:\/\/staging.varesenews.it\/#\/schema\/person\/fb20c4da0b7b16c291707a20db73e169"},"description":"L'artista bretone presenter\u00e0 il suo concerto al Teatro di Piazza Repubblica, marted\u00ec 26 maggio, alle 21. Il concerto aprir\u00e0 la 3\u00b0 edizione del festival \"Insubria, terra d'Europa\"","breadcrumb":{"@id":"https:\/\/staging.varesenews.it\/2009\/04\/alan-stivell-all-apollonio-aperte-le-prevendite\/181394\/#breadcrumb"},"inLanguage":"it-IT","potentialAction":[{"@type":"ReadAction","target":["https:\/\/staging.varesenews.it\/2009\/04\/alan-stivell-all-apollonio-aperte-le-prevendite\/181394\/"]}]},{"@type":"BreadcrumbList","@id":"https:\/\/staging.varesenews.it\/2009\/04\/alan-stivell-all-apollonio-aperte-le-prevendite\/181394\/#breadcrumb","itemListElement":[{"@type":"ListItem","position":1,"name":"Home","item":"https:\/\/www.varesenews.it\/"},{"@type":"ListItem","position":2,"name":"Alan Stivell all&#8217;Apollonio, aperte le prevendite"}]},{"@type":"WebSite","@id":"https:\/\/staging.varesenews.it\/#website","url":"https:\/\/staging.varesenews.it\/","name":"VareseNews","description":"","potentialAction":[{"@type":"SearchAction","target":{"@type":"EntryPoint","urlTemplate":"https:\/\/staging.varesenews.it\/?s={search_term_string}"},"query-input":"required name=search_term_string"}],"inLanguage":"it-IT"},{"@type":"Person","@id":"https:\/\/staging.varesenews.it\/#\/schema\/person\/fb20c4da0b7b16c291707a20db73e169","name":"Redazione VareseNews","image":{"@type":"ImageObject","inLanguage":"it-IT","@id":"https:\/\/staging.varesenews.it\/#\/schema\/person\/image\/","url":"https:\/\/staging.varesenews.it\/wp-content\/uploads\/2020\/12\/logo_VN_colori_500.png","contentUrl":"https:\/\/staging.varesenews.it\/wp-content\/uploads\/2020\/12\/logo_VN_colori_500.png","caption":"Redazione VareseNews"},"url":"https:\/\/staging.varesenews.it\/persona\/redazione1\/"}]}},"post_meta":{"id_old":"138278","argomento":"Varese"},"photos":[],"_links":{"self":[{"href":"https:\/\/staging.varesenews.it\/swgapi\/v1\/wp\/v2\/posts\/181394"}],"collection":[{"href":"https:\/\/staging.varesenews.it\/swgapi\/v1\/wp\/v2\/posts"}],"about":[{"href":"https:\/\/staging.varesenews.it\/swgapi\/v1\/wp\/v2\/types\/post"}],"author":[{"embeddable":true,"href":"https:\/\/staging.varesenews.it\/swgapi\/v1\/wp\/v2\/users\/10"}],"replies":[{"embeddable":true,"href":"https:\/\/staging.varesenews.it\/swgapi\/v1\/wp\/v2\/comments?post=181394"}],"version-history":[{"count":0,"href":"https:\/\/staging.varesenews.it\/swgapi\/v1\/wp\/v2\/posts\/181394\/revisions"}],"wp:attachment":[{"href":"https:\/\/staging.varesenews.it\/swgapi\/v1\/wp\/v2\/media?parent=181394"}],"wp:term":[{"taxonomy":"category","embeddable":true,"href":"https:\/\/staging.varesenews.it\/swgapi\/v1\/wp\/v2\/categories?post=181394"},{"taxonomy":"post_tag","embeddable":true,"href":"https:\/\/staging.varesenews.it\/swgapi\/v1\/wp\/v2\/tags?post=181394"}],"curies":[{"name":"wp","href":"https:\/\/api.w.org\/{rel}","templated":true}]}}