{"id":181556,"date":"2009-04-13T00:00:00","date_gmt":"2009-04-13T00:00:00","guid":{"rendered":""},"modified":"2009-04-13T00:00:00","modified_gmt":"2009-04-13T00:00:00","slug":"brucia-la-chiesa-pompieri-mobilitati","status":"publish","type":"post","link":"https:\/\/staging.varesenews.it\/2009\/04\/brucia-la-chiesa-pompieri-mobilitati\/181556\/","title":{"rendered":"&#8220;Brucia la chiesa&#8221;, pompieri mobilitati"},"content":{"rendered":"<p>Allarme incendio la sera di pasqua a Bedero Valcuvia: a prendere fuoco un locale attiguo alla chiesa. Alle 22,30 sono piombati sul posto in forze i vigili del fuoco, con squadre da Varese, Luino, Somma Lombardo e i volontari di Laveno Mombello, autobotti, autopompe ed autoscale. L&#8217;incendio aveva coinvolto un locale un tempo usato come sacrestia, ora adibito a deposito, consumando tra l&#8217;altro le scale del campanile. Le strade strette non hanno reso semplice l&#8217;intervento dei mezzi, comunque l&#8217;incendio non si &egrave; rivelato fortunatamente grave come temuto. I pompieri sono rimasti in loco fino all&#8217;1,30, spente le fiamme, per valutare i danni ai locali coinvolti. Ancora da stabilire la causa scatenante del fatto.<\/p>\n","protected":false},"excerpt":{"rendered":"<p>Ad andare a fuoco la sera di Pasqua\u00e8 stato  in realt\u00e0 un locale attiguo, un tempo usato come sacrestia. Danni limitati, ma \u00e8 bruciata la scala del campanile<\/p>\n","protected":false},"author":10,"featured_media":0,"comment_status":"open","ping_status":"open","sticky":false,"template":"","format":"standard","meta":{"footnotes":""},"categories":[2],"tags":[1183],"acf":[],"yoast_head":"<!-- This site is optimized with the Yoast SEO plugin v20.1 - https:\/\/yoast.com\/wordpress\/plugins\/seo\/ -->\n<title>&quot;Brucia la chiesa&quot;, pompieri mobilitati<\/title>\n<meta name=\"description\" content=\"Ad andare a fuoco la sera di Pasqua\u00e8 stato in realt\u00e0 un locale attiguo, un tempo usato come sacrestia. Danni limitati, ma \u00e8 bruciata la scala del campanile\" \/>\n<meta name=\"robots\" content=\"noindex, follow, max-snippet:-1, max-image-preview:large, max-video-preview:-1\" \/>\n<meta property=\"og:locale\" content=\"it_IT\" \/>\n<meta property=\"og:type\" content=\"article\" \/>\n<meta property=\"og:title\" content=\"&quot;Brucia la chiesa&quot;, pompieri mobilitati\" \/>\n<meta property=\"og:description\" content=\"Ad andare a fuoco la sera di Pasqua\u00e8 stato in realt\u00e0 un locale attiguo, un tempo usato come sacrestia. Danni limitati, ma \u00e8 bruciata la scala del campanile\" \/>\n<meta property=\"og:url\" content=\"https:\/\/staging.varesenews.it\/2009\/04\/brucia-la-chiesa-pompieri-mobilitati\/181556\/\" \/>\n<meta property=\"og:site_name\" content=\"VareseNews\" \/>\n<meta property=\"article:publisher\" content=\"https:\/\/www.facebook.com\/varesenews\" \/>\n<meta property=\"article:published_time\" content=\"2009-04-13T00:00:00+00:00\" \/>\n<meta name=\"author\" content=\"Redazione VareseNews\" \/>\n<meta name=\"twitter:card\" content=\"summary_large_image\" \/>\n<meta name=\"twitter:creator\" content=\"@varesenews\" \/>\n<meta name=\"twitter:site\" content=\"@varesenews\" \/>\n<meta name=\"twitter:label1\" content=\"Scritto da\" \/>\n\t<meta name=\"twitter:data1\" content=\"Redazione VareseNews\" \/>\n\t<meta name=\"twitter:label2\" content=\"Tempo di lettura stimato\" \/>\n\t<meta name=\"twitter:data2\" content=\"1 minuto\" \/>\n<script type=\"application\/ld+json\" class=\"yoast-schema-graph\">{\"@context\":\"https:\/\/schema.org\",\"@graph\":[{\"@type\":\"WebPage\",\"@id\":\"https:\/\/staging.varesenews.it\/2009\/04\/brucia-la-chiesa-pompieri-mobilitati\/181556\/\",\"url\":\"https:\/\/staging.varesenews.it\/2009\/04\/brucia-la-chiesa-pompieri-mobilitati\/181556\/\",\"name\":\"\\\"Brucia la chiesa\\\", pompieri mobilitati\",\"isPartOf\":{\"@id\":\"https:\/\/staging.varesenews.it\/#website\"},\"datePublished\":\"2009-04-13T00:00:00+00:00\",\"dateModified\":\"2009-04-13T00:00:00+00:00\",\"author\":{\"@id\":\"https:\/\/staging.varesenews.it\/#\/schema\/person\/fb20c4da0b7b16c291707a20db73e169\"},\"description\":\"Ad andare a fuoco la sera di Pasqua\u00e8 stato in realt\u00e0 un locale attiguo, un tempo usato come sacrestia. Danni limitati, ma \u00e8 bruciata la scala del campanile\",\"breadcrumb\":{\"@id\":\"https:\/\/staging.varesenews.it\/2009\/04\/brucia-la-chiesa-pompieri-mobilitati\/181556\/#breadcrumb\"},\"inLanguage\":\"it-IT\",\"potentialAction\":[{\"@type\":\"ReadAction\",\"target\":[\"https:\/\/staging.varesenews.it\/2009\/04\/brucia-la-chiesa-pompieri-mobilitati\/181556\/\"]}]},{\"@type\":\"BreadcrumbList\",\"@id\":\"https:\/\/staging.varesenews.it\/2009\/04\/brucia-la-chiesa-pompieri-mobilitati\/181556\/#breadcrumb\",\"itemListElement\":[{\"@type\":\"ListItem\",\"position\":1,\"name\":\"Home\",\"item\":\"https:\/\/www.varesenews.it\/\"},{\"@type\":\"ListItem\",\"position\":2,\"name\":\"&#8220;Brucia la chiesa&#8221;, pompieri mobilitati\"}]},{\"@type\":\"WebSite\",\"@id\":\"https:\/\/staging.varesenews.it\/#website\",\"url\":\"https:\/\/staging.varesenews.it\/\",\"name\":\"VareseNews\",\"description\":\"\",\"potentialAction\":[{\"@type\":\"SearchAction\",\"target\":{\"@type\":\"EntryPoint\",\"urlTemplate\":\"https:\/\/staging.varesenews.it\/?s={search_term_string}\"},\"query-input\":\"required name=search_term_string\"}],\"inLanguage\":\"it-IT\"},{\"@type\":\"Person\",\"@id\":\"https:\/\/staging.varesenews.it\/#\/schema\/person\/fb20c4da0b7b16c291707a20db73e169\",\"name\":\"Redazione VareseNews\",\"image\":{\"@type\":\"ImageObject\",\"inLanguage\":\"it-IT\",\"@id\":\"https:\/\/staging.varesenews.it\/#\/schema\/person\/image\/\",\"url\":\"https:\/\/staging.varesenews.it\/wp-content\/uploads\/2020\/12\/logo_VN_colori_500.png\",\"contentUrl\":\"https:\/\/staging.varesenews.it\/wp-content\/uploads\/2020\/12\/logo_VN_colori_500.png\",\"caption\":\"Redazione VareseNews\"},\"url\":\"https:\/\/staging.varesenews.it\/persona\/redazione1\/\"}]}<\/script>\n<!-- \/ Yoast SEO plugin. -->","yoast_head_json":{"title":"\"Brucia la chiesa\", pompieri mobilitati","description":"Ad andare a fuoco la sera di Pasqua\u00e8 stato in realt\u00e0 un locale attiguo, un tempo usato come sacrestia. Danni limitati, ma \u00e8 bruciata la scala del campanile","robots":{"index":"noindex","follow":"follow","max-snippet":"max-snippet:-1","max-image-preview":"max-image-preview:large","max-video-preview":"max-video-preview:-1"},"og_locale":"it_IT","og_type":"article","og_title":"\"Brucia la chiesa\", pompieri mobilitati","og_description":"Ad andare a fuoco la sera di Pasqua\u00e8 stato in realt\u00e0 un locale attiguo, un tempo usato come sacrestia. Danni limitati, ma \u00e8 bruciata la scala del campanile","og_url":"https:\/\/staging.varesenews.it\/2009\/04\/brucia-la-chiesa-pompieri-mobilitati\/181556\/","og_site_name":"VareseNews","article_publisher":"https:\/\/www.facebook.com\/varesenews","article_published_time":"2009-04-13T00:00:00+00:00","author":"Redazione VareseNews","twitter_card":"summary_large_image","twitter_creator":"@varesenews","twitter_site":"@varesenews","twitter_misc":{"Scritto da":"Redazione VareseNews","Tempo di lettura stimato":"1 minuto"},"schema":{"@context":"https:\/\/schema.org","@graph":[{"@type":"WebPage","@id":"https:\/\/staging.varesenews.it\/2009\/04\/brucia-la-chiesa-pompieri-mobilitati\/181556\/","url":"https:\/\/staging.varesenews.it\/2009\/04\/brucia-la-chiesa-pompieri-mobilitati\/181556\/","name":"\"Brucia la chiesa\", pompieri mobilitati","isPartOf":{"@id":"https:\/\/staging.varesenews.it\/#website"},"datePublished":"2009-04-13T00:00:00+00:00","dateModified":"2009-04-13T00:00:00+00:00","author":{"@id":"https:\/\/staging.varesenews.it\/#\/schema\/person\/fb20c4da0b7b16c291707a20db73e169"},"description":"Ad andare a fuoco la sera di Pasqua\u00e8 stato in realt\u00e0 un locale attiguo, un tempo usato come sacrestia. Danni limitati, ma \u00e8 bruciata la scala del campanile","breadcrumb":{"@id":"https:\/\/staging.varesenews.it\/2009\/04\/brucia-la-chiesa-pompieri-mobilitati\/181556\/#breadcrumb"},"inLanguage":"it-IT","potentialAction":[{"@type":"ReadAction","target":["https:\/\/staging.varesenews.it\/2009\/04\/brucia-la-chiesa-pompieri-mobilitati\/181556\/"]}]},{"@type":"BreadcrumbList","@id":"https:\/\/staging.varesenews.it\/2009\/04\/brucia-la-chiesa-pompieri-mobilitati\/181556\/#breadcrumb","itemListElement":[{"@type":"ListItem","position":1,"name":"Home","item":"https:\/\/www.varesenews.it\/"},{"@type":"ListItem","position":2,"name":"&#8220;Brucia la chiesa&#8221;, pompieri mobilitati"}]},{"@type":"WebSite","@id":"https:\/\/staging.varesenews.it\/#website","url":"https:\/\/staging.varesenews.it\/","name":"VareseNews","description":"","potentialAction":[{"@type":"SearchAction","target":{"@type":"EntryPoint","urlTemplate":"https:\/\/staging.varesenews.it\/?s={search_term_string}"},"query-input":"required name=search_term_string"}],"inLanguage":"it-IT"},{"@type":"Person","@id":"https:\/\/staging.varesenews.it\/#\/schema\/person\/fb20c4da0b7b16c291707a20db73e169","name":"Redazione VareseNews","image":{"@type":"ImageObject","inLanguage":"it-IT","@id":"https:\/\/staging.varesenews.it\/#\/schema\/person\/image\/","url":"https:\/\/staging.varesenews.it\/wp-content\/uploads\/2020\/12\/logo_VN_colori_500.png","contentUrl":"https:\/\/staging.varesenews.it\/wp-content\/uploads\/2020\/12\/logo_VN_colori_500.png","caption":"Redazione VareseNews"},"url":"https:\/\/staging.varesenews.it\/persona\/redazione1\/"}]}},"post_meta":{"id_old":"138115","argomento":"Bedero Valcuvia"},"photos":[],"_links":{"self":[{"href":"https:\/\/staging.varesenews.it\/swgapi\/v1\/wp\/v2\/posts\/181556"}],"collection":[{"href":"https:\/\/staging.varesenews.it\/swgapi\/v1\/wp\/v2\/posts"}],"about":[{"href":"https:\/\/staging.varesenews.it\/swgapi\/v1\/wp\/v2\/types\/post"}],"author":[{"embeddable":true,"href":"https:\/\/staging.varesenews.it\/swgapi\/v1\/wp\/v2\/users\/10"}],"replies":[{"embeddable":true,"href":"https:\/\/staging.varesenews.it\/swgapi\/v1\/wp\/v2\/comments?post=181556"}],"version-history":[{"count":0,"href":"https:\/\/staging.varesenews.it\/swgapi\/v1\/wp\/v2\/posts\/181556\/revisions"}],"wp:attachment":[{"href":"https:\/\/staging.varesenews.it\/swgapi\/v1\/wp\/v2\/media?parent=181556"}],"wp:term":[{"taxonomy":"category","embeddable":true,"href":"https:\/\/staging.varesenews.it\/swgapi\/v1\/wp\/v2\/categories?post=181556"},{"taxonomy":"post_tag","embeddable":true,"href":"https:\/\/staging.varesenews.it\/swgapi\/v1\/wp\/v2\/tags?post=181556"}],"curies":[{"name":"wp","href":"https:\/\/api.w.org\/{rel}","templated":true}]}}