{"id":202449,"date":"2009-01-15T00:00:00","date_gmt":"2009-01-15T00:00:00","guid":{"rendered":""},"modified":"2009-01-15T00:00:00","modified_gmt":"2009-01-15T00:00:00","slug":"una-giornata-tipo-ci-costa-a-testa-23-euro","status":"publish","type":"post","link":"https:\/\/staging.varesenews.it\/2009\/01\/una-giornata-tipo-ci-costa-a-testa-23-euro\/202449\/","title":{"rendered":"Una giornata tipo? Ci costa a testa 23 euro"},"content":{"rendered":"<p><font face=\"arial,helvetica,sans-serif\"><strong>Ventitr&egrave; euro al giorno<\/strong>. &Egrave; questa la spesa media in Lombardia per <strong>un giorno tipo di chi lavora fuori casa<\/strong>: una colazione al bar, un quotidiano, una pausa caff&egrave;, un pranzo fuori con pizza e caff&egrave;, un aperitivo veloce, andata e ritorno a casa con il trasporto pubblico urbano ed infine la cena casalinga con primo e secondo. Como <strong>&egrave; la provincia pi&ugrave; economica<\/strong>: al giorno bastano 21 euro e 30 centesimi. <strong>Varese &egrave; la pi&ugrave; cara<\/strong>: per le stesse cose ne servono quasi 24. In Lombardia in sei mesi tra i servizi aumenta di pi&ugrave; il gas per riscaldamento e cottura dei cibi, rispettivamente +11,2% e +9,3%; diminuisce la spesa per un taglio di capelli dal parrucchiere (-0,3% per i tagli da uomo, -0,4% per quelli da signora). I dati emergono dall&rsquo;indagine &ldquo;<strong>I prezzi di alcuni servizi a Monza e in Lombardia<\/strong>&rdquo;, realizzata dalla <strong>Camera di Commercio di&nbsp; Monza e Brianza<\/strong> con il coordinamento scientifico di Ref-Ricerche per l&rsquo;economia e la finanza e presentata oggi presso la sede della Camera di commercio di Monza e Brianza.<\/p>\n<p><strong>Dove si pu&ograve; risparmiare<\/strong> &#8211; I lombardi per risparmiare dovrebbero fare colazione e mangiare la pizza a Como. Nel capoluogo lariano si pu&ograve; riuscire a prendere caff&egrave; e brioche con un euro e 62 centesimi e pranzare in pizzeria con 7 e3uro e 77 centesimi. Sotto la media lombarda per i caff&egrave; Bergamo e Varese, per la pizza Bergamo, Cremona e Brescia, Monza in linea in entrambi i casi.&nbsp;<\/p>\n<p><strong>Le variazioni degli ultimi sei mesi: le consumazioni al bar &#8211;<\/strong> In Lombardia le consumazioni al bar sono cresciute mediamente dell&rsquo;1,5%, dato lievemente superiore alla media in Italia pari all&rsquo;1,4%. Brescia e Como sono le province dove i prezzi sono maggiormente rincarati (rispettivamente +3,7% e +3%). Monza registra un aumento dell&rsquo;1%, dato inferiore sia alla media lombarda che a quella italiana. Per colazione e pranzo i maggiori aumenti si registrano nelle piazze dove il livello dei prezzi &egrave; pi&ugrave; basso. In particolare un caff&egrave; e una brioche a Brescia costano il 7,1% e il 5% in pi&ugrave; rispetto a sei mesi fa mentre l&rsquo;aumento pi&ugrave; elevato per un toast si registra a Como (+10,1%). <\/p>\n<p><strong>Le variazioni degli ultimi sei mesi: il pasto in pizzeria<\/strong> &#8211; In Lombardia mangiare una pizza costa mediamente l&rsquo;1,3% in pi&ugrave; rispetto a sei mesi fa. Monza &egrave; in controtendenza: il prezzo per pizza e bibita scende dell&rsquo;1,2%. Brescia registra invece +4,7%. <br \/>\nLe variazioni degli ultimi sei mesi: i servizi alla persona &#8211; In Lombardia per tintoria e parrucchiere si spende lo 0,6% in pi&ugrave; rispetto a sei mesi fa. In particolare per lavare e stirare un abito si registra un aumento di +1,2%. Scende invece il taglio dal parrucchiere (in media -0,3% per i tagli da uomo, -0,4% per quelli da signora) ma sale la messa in piega (+1,2%). A Monza complessivamente le variazioni dei prezzi dei servizi alla persona sono in linea con la media regionale. I maggiori aumenti si registrano a Brescia (3%). <\/p>\n<p><strong>Le variazioni degli ultimi sei mesi: i servizi pubblici locali<\/strong> &#8211; In Lombardia per i servizi pubblici locali si registra una variazione semestrale pari a +7,4%. Ad incidere maggiormente sull&rsquo;aumento &egrave; il costo del gas per riscaldamento e cottura cibi: +11,2% e +9,3%, considerando un consumo ipotetico rispettivamente di 1200 mc e 100 mc di gas all&rsquo;anno, dati sui quali pesano ancora i&nbsp; passati aumenti del petrolio. <br \/>\n<\/font><\/p>\n","protected":false},"excerpt":{"rendered":"<p>I risultati dall\u2019indagine \u201cI prezzi di alcuni servizi a Monza e in Lombardia\u201d. La pi\u00f9 cara \u00e8 Varese, la pi\u00f9 economica Como<\/p>\n","protected":false},"author":10,"featured_media":0,"comment_status":"open","ping_status":"open","sticky":false,"template":"","format":"standard","meta":{"footnotes":""},"categories":[2],"tags":[359],"acf":[],"yoast_head":"<!-- This site is optimized with the Yoast SEO plugin v20.1 - https:\/\/yoast.com\/wordpress\/plugins\/seo\/ -->\n<title>Una giornata tipo? Ci costa a testa 23 euro<\/title>\n<meta name=\"description\" content=\"I risultati dall\u2019indagine \u201cI prezzi di alcuni servizi a Monza e in Lombardia\u201d. La pi\u00f9 cara \u00e8 Varese, la pi\u00f9 economica Como\" \/>\n<meta name=\"robots\" content=\"noindex, follow, max-snippet:-1, max-image-preview:large, max-video-preview:-1\" \/>\n<meta property=\"og:locale\" content=\"it_IT\" \/>\n<meta property=\"og:type\" content=\"article\" \/>\n<meta property=\"og:title\" content=\"Una giornata tipo? Ci costa a testa 23 euro\" \/>\n<meta property=\"og:description\" content=\"I risultati dall\u2019indagine \u201cI prezzi di alcuni servizi a Monza e in Lombardia\u201d. La pi\u00f9 cara \u00e8 Varese, la pi\u00f9 economica Como\" \/>\n<meta property=\"og:url\" content=\"https:\/\/staging.varesenews.it\/2009\/01\/una-giornata-tipo-ci-costa-a-testa-23-euro\/202449\/\" \/>\n<meta property=\"og:site_name\" content=\"VareseNews\" \/>\n<meta property=\"article:publisher\" content=\"https:\/\/www.facebook.com\/varesenews\" \/>\n<meta property=\"article:published_time\" content=\"2009-01-15T00:00:00+00:00\" \/>\n<meta name=\"author\" content=\"Redazione VareseNews\" \/>\n<meta name=\"twitter:card\" content=\"summary_large_image\" \/>\n<meta name=\"twitter:creator\" content=\"@varesenews\" \/>\n<meta name=\"twitter:site\" content=\"@varesenews\" \/>\n<meta name=\"twitter:label1\" content=\"Scritto da\" \/>\n\t<meta name=\"twitter:data1\" content=\"Redazione VareseNews\" \/>\n\t<meta name=\"twitter:label2\" content=\"Tempo di lettura stimato\" \/>\n\t<meta name=\"twitter:data2\" content=\"3 minuti\" \/>\n<script type=\"application\/ld+json\" class=\"yoast-schema-graph\">{\"@context\":\"https:\/\/schema.org\",\"@graph\":[{\"@type\":\"WebPage\",\"@id\":\"https:\/\/staging.varesenews.it\/2009\/01\/una-giornata-tipo-ci-costa-a-testa-23-euro\/202449\/\",\"url\":\"https:\/\/staging.varesenews.it\/2009\/01\/una-giornata-tipo-ci-costa-a-testa-23-euro\/202449\/\",\"name\":\"Una giornata tipo? Ci costa a testa 23 euro\",\"isPartOf\":{\"@id\":\"https:\/\/staging.varesenews.it\/#website\"},\"datePublished\":\"2009-01-15T00:00:00+00:00\",\"dateModified\":\"2009-01-15T00:00:00+00:00\",\"author\":{\"@id\":\"https:\/\/staging.varesenews.it\/#\/schema\/person\/fb20c4da0b7b16c291707a20db73e169\"},\"description\":\"I risultati dall\u2019indagine \u201cI prezzi di alcuni servizi a Monza e in Lombardia\u201d. La pi\u00f9 cara \u00e8 Varese, la pi\u00f9 economica Como\",\"breadcrumb\":{\"@id\":\"https:\/\/staging.varesenews.it\/2009\/01\/una-giornata-tipo-ci-costa-a-testa-23-euro\/202449\/#breadcrumb\"},\"inLanguage\":\"it-IT\",\"potentialAction\":[{\"@type\":\"ReadAction\",\"target\":[\"https:\/\/staging.varesenews.it\/2009\/01\/una-giornata-tipo-ci-costa-a-testa-23-euro\/202449\/\"]}]},{\"@type\":\"BreadcrumbList\",\"@id\":\"https:\/\/staging.varesenews.it\/2009\/01\/una-giornata-tipo-ci-costa-a-testa-23-euro\/202449\/#breadcrumb\",\"itemListElement\":[{\"@type\":\"ListItem\",\"position\":1,\"name\":\"Home\",\"item\":\"https:\/\/www.varesenews.it\/\"},{\"@type\":\"ListItem\",\"position\":2,\"name\":\"Una giornata tipo? Ci costa a testa 23 euro\"}]},{\"@type\":\"WebSite\",\"@id\":\"https:\/\/staging.varesenews.it\/#website\",\"url\":\"https:\/\/staging.varesenews.it\/\",\"name\":\"VareseNews\",\"description\":\"\",\"potentialAction\":[{\"@type\":\"SearchAction\",\"target\":{\"@type\":\"EntryPoint\",\"urlTemplate\":\"https:\/\/staging.varesenews.it\/?s={search_term_string}\"},\"query-input\":\"required name=search_term_string\"}],\"inLanguage\":\"it-IT\"},{\"@type\":\"Person\",\"@id\":\"https:\/\/staging.varesenews.it\/#\/schema\/person\/fb20c4da0b7b16c291707a20db73e169\",\"name\":\"Redazione VareseNews\",\"image\":{\"@type\":\"ImageObject\",\"inLanguage\":\"it-IT\",\"@id\":\"https:\/\/staging.varesenews.it\/#\/schema\/person\/image\/\",\"url\":\"https:\/\/staging.varesenews.it\/wp-content\/uploads\/2020\/12\/logo_VN_colori_500.png\",\"contentUrl\":\"https:\/\/staging.varesenews.it\/wp-content\/uploads\/2020\/12\/logo_VN_colori_500.png\",\"caption\":\"Redazione VareseNews\"},\"url\":\"https:\/\/staging.varesenews.it\/persona\/redazione1\/\"}]}<\/script>\n<!-- \/ Yoast SEO plugin. -->","yoast_head_json":{"title":"Una giornata tipo? Ci costa a testa 23 euro","description":"I risultati dall\u2019indagine \u201cI prezzi di alcuni servizi a Monza e in Lombardia\u201d. La pi\u00f9 cara \u00e8 Varese, la pi\u00f9 economica Como","robots":{"index":"noindex","follow":"follow","max-snippet":"max-snippet:-1","max-image-preview":"max-image-preview:large","max-video-preview":"max-video-preview:-1"},"og_locale":"it_IT","og_type":"article","og_title":"Una giornata tipo? Ci costa a testa 23 euro","og_description":"I risultati dall\u2019indagine \u201cI prezzi di alcuni servizi a Monza e in Lombardia\u201d. La pi\u00f9 cara \u00e8 Varese, la pi\u00f9 economica Como","og_url":"https:\/\/staging.varesenews.it\/2009\/01\/una-giornata-tipo-ci-costa-a-testa-23-euro\/202449\/","og_site_name":"VareseNews","article_publisher":"https:\/\/www.facebook.com\/varesenews","article_published_time":"2009-01-15T00:00:00+00:00","author":"Redazione VareseNews","twitter_card":"summary_large_image","twitter_creator":"@varesenews","twitter_site":"@varesenews","twitter_misc":{"Scritto da":"Redazione VareseNews","Tempo di lettura stimato":"3 minuti"},"schema":{"@context":"https:\/\/schema.org","@graph":[{"@type":"WebPage","@id":"https:\/\/staging.varesenews.it\/2009\/01\/una-giornata-tipo-ci-costa-a-testa-23-euro\/202449\/","url":"https:\/\/staging.varesenews.it\/2009\/01\/una-giornata-tipo-ci-costa-a-testa-23-euro\/202449\/","name":"Una giornata tipo? Ci costa a testa 23 euro","isPartOf":{"@id":"https:\/\/staging.varesenews.it\/#website"},"datePublished":"2009-01-15T00:00:00+00:00","dateModified":"2009-01-15T00:00:00+00:00","author":{"@id":"https:\/\/staging.varesenews.it\/#\/schema\/person\/fb20c4da0b7b16c291707a20db73e169"},"description":"I risultati dall\u2019indagine \u201cI prezzi di alcuni servizi a Monza e in Lombardia\u201d. La pi\u00f9 cara \u00e8 Varese, la pi\u00f9 economica Como","breadcrumb":{"@id":"https:\/\/staging.varesenews.it\/2009\/01\/una-giornata-tipo-ci-costa-a-testa-23-euro\/202449\/#breadcrumb"},"inLanguage":"it-IT","potentialAction":[{"@type":"ReadAction","target":["https:\/\/staging.varesenews.it\/2009\/01\/una-giornata-tipo-ci-costa-a-testa-23-euro\/202449\/"]}]},{"@type":"BreadcrumbList","@id":"https:\/\/staging.varesenews.it\/2009\/01\/una-giornata-tipo-ci-costa-a-testa-23-euro\/202449\/#breadcrumb","itemListElement":[{"@type":"ListItem","position":1,"name":"Home","item":"https:\/\/www.varesenews.it\/"},{"@type":"ListItem","position":2,"name":"Una giornata tipo? Ci costa a testa 23 euro"}]},{"@type":"WebSite","@id":"https:\/\/staging.varesenews.it\/#website","url":"https:\/\/staging.varesenews.it\/","name":"VareseNews","description":"","potentialAction":[{"@type":"SearchAction","target":{"@type":"EntryPoint","urlTemplate":"https:\/\/staging.varesenews.it\/?s={search_term_string}"},"query-input":"required name=search_term_string"}],"inLanguage":"it-IT"},{"@type":"Person","@id":"https:\/\/staging.varesenews.it\/#\/schema\/person\/fb20c4da0b7b16c291707a20db73e169","name":"Redazione VareseNews","image":{"@type":"ImageObject","inLanguage":"it-IT","@id":"https:\/\/staging.varesenews.it\/#\/schema\/person\/image\/","url":"https:\/\/staging.varesenews.it\/wp-content\/uploads\/2020\/12\/logo_VN_colori_500.png","contentUrl":"https:\/\/staging.varesenews.it\/wp-content\/uploads\/2020\/12\/logo_VN_colori_500.png","caption":"Redazione VareseNews"},"url":"https:\/\/staging.varesenews.it\/persona\/redazione1\/"}]}},"post_meta":{"id_old":"116463","argomento":"Varese - Milano"},"photos":[],"_links":{"self":[{"href":"https:\/\/staging.varesenews.it\/swgapi\/v1\/wp\/v2\/posts\/202449"}],"collection":[{"href":"https:\/\/staging.varesenews.it\/swgapi\/v1\/wp\/v2\/posts"}],"about":[{"href":"https:\/\/staging.varesenews.it\/swgapi\/v1\/wp\/v2\/types\/post"}],"author":[{"embeddable":true,"href":"https:\/\/staging.varesenews.it\/swgapi\/v1\/wp\/v2\/users\/10"}],"replies":[{"embeddable":true,"href":"https:\/\/staging.varesenews.it\/swgapi\/v1\/wp\/v2\/comments?post=202449"}],"version-history":[{"count":0,"href":"https:\/\/staging.varesenews.it\/swgapi\/v1\/wp\/v2\/posts\/202449\/revisions"}],"wp:attachment":[{"href":"https:\/\/staging.varesenews.it\/swgapi\/v1\/wp\/v2\/media?parent=202449"}],"wp:term":[{"taxonomy":"category","embeddable":true,"href":"https:\/\/staging.varesenews.it\/swgapi\/v1\/wp\/v2\/categories?post=202449"},{"taxonomy":"post_tag","embeddable":true,"href":"https:\/\/staging.varesenews.it\/swgapi\/v1\/wp\/v2\/tags?post=202449"}],"curies":[{"name":"wp","href":"https:\/\/api.w.org\/{rel}","templated":true}]}}