{"id":203213,"date":"2008-12-29T00:00:00","date_gmt":"2008-12-29T00:00:00","guid":{"rendered":""},"modified":"2008-12-29T00:00:00","modified_gmt":"2008-12-29T00:00:00","slug":"la-nuova-agesp-secondo-antonio-corrado-inciucio-e-servito","status":"publish","type":"post","link":"https:\/\/staging.varesenews.it\/2008\/12\/la-nuova-agesp-secondo-antonio-corrado-inciucio-e-servito\/203213\/","title":{"rendered":"La nuova Agesp secondo Antonio Corrado:\u00abL&#8217;inciucio \u00e8 servito\u00bb"},"content":{"rendered":"<p><span style=\"font-family: arial,helvetica,sans-serif;\">Agesp servizi secondo Antonio Corrado. Il consigliere comunale di Rifondazione Comunista fa passare il Natale e torna alla carica sull&#8217;approvazione dello statuto della nuova societ\u00e0 da parte dell&#8217;ultimo consiglio comunale. Per Corrado l&#8217;inciucio destra -Pd \u00e8 servito: \u00abDa un lato la destra crea una societ\u00e0 senza motivo, poi ci mette persone incompetenti con i risultati che si sono visti: abbiamo dovuto vendere Agesp trasporti alla Stie e Agesp holding per 3 anni consecutivi \u00e8 stata in perdita. Ora si propone nuova societ\u00e0 e un nuovo cda, che ha di nuovo solo il presidente &#8211; fantoccio, in quanto decider\u00e0 tutto l&#8217;amministratore delegato Paola Reguzzoni\u00bb. Questo per quanto riguarda Agesp servizi vista dalla maggioranza mentre dall&#8217;altra: \u00ab Il Pd vota contro in consiglio comunale, dice che non si capisce perch\u00e8 viene fatta la nuova societ\u00e0 e poi ci entra con Mazza nel cda. In sostanza sono la ruota di scorta della destra e penso che tanti loro elettori saranno scontenti. Faccio gli auguri a chi ancora a sinistra vuole parlare col Pd quando ormai \u00e8 chiaro che Il loro interlocutore \u00e8 la destra\u00bb.\u00a0<\/span><\/p>\n<div style=\"text-align: left;\">&nbsp;<\/div>\n","protected":false},"excerpt":{"rendered":"<p>Il consigliere di Rifondazione lascia passare il Natale e attacca maggioranza e Pd sul nuovo assetto societario della societ\u00e0 di servizi del Comune<\/p>\n","protected":false},"author":10,"featured_media":0,"comment_status":"open","ping_status":"open","sticky":false,"template":"","format":"standard","meta":{"footnotes":""},"categories":[4],"tags":[],"acf":[],"yoast_head":"<!-- This site is optimized with the Yoast SEO plugin v20.1 - https:\/\/yoast.com\/wordpress\/plugins\/seo\/ -->\n<title>La nuova Agesp secondo Antonio Corrado:\u00abL&#039;inciucio \u00e8 servito\u00bb<\/title>\n<meta name=\"description\" content=\"Il consigliere di Rifondazione lascia passare il Natale e attacca maggioranza e Pd sul nuovo assetto societario della societ\u00e0 di servizi del Comune\" \/>\n<meta name=\"robots\" content=\"noindex, follow, max-snippet:-1, max-image-preview:large, max-video-preview:-1\" \/>\n<meta property=\"og:locale\" content=\"it_IT\" \/>\n<meta property=\"og:type\" content=\"article\" \/>\n<meta property=\"og:title\" content=\"La nuova Agesp secondo Antonio Corrado:\u00abL&#039;inciucio \u00e8 servito\u00bb\" \/>\n<meta property=\"og:description\" content=\"Il consigliere di Rifondazione lascia passare il Natale e attacca maggioranza e Pd sul nuovo assetto societario della societ\u00e0 di servizi del Comune\" \/>\n<meta property=\"og:url\" content=\"https:\/\/staging.varesenews.it\/2008\/12\/la-nuova-agesp-secondo-antonio-corrado-inciucio-e-servito\/203213\/\" \/>\n<meta property=\"og:site_name\" content=\"VareseNews\" \/>\n<meta property=\"article:publisher\" content=\"https:\/\/www.facebook.com\/varesenews\" \/>\n<meta property=\"article:published_time\" content=\"2008-12-29T00:00:00+00:00\" \/>\n<meta name=\"author\" content=\"Redazione VareseNews\" \/>\n<meta name=\"twitter:card\" content=\"summary_large_image\" \/>\n<meta name=\"twitter:creator\" content=\"@varesenews\" \/>\n<meta name=\"twitter:site\" content=\"@varesenews\" \/>\n<meta name=\"twitter:label1\" content=\"Scritto da\" \/>\n\t<meta name=\"twitter:data1\" content=\"Redazione VareseNews\" \/>\n\t<meta name=\"twitter:label2\" content=\"Tempo di lettura stimato\" \/>\n\t<meta name=\"twitter:data2\" content=\"1 minuto\" \/>\n<script type=\"application\/ld+json\" class=\"yoast-schema-graph\">{\"@context\":\"https:\/\/schema.org\",\"@graph\":[{\"@type\":\"WebPage\",\"@id\":\"https:\/\/staging.varesenews.it\/2008\/12\/la-nuova-agesp-secondo-antonio-corrado-inciucio-e-servito\/203213\/\",\"url\":\"https:\/\/staging.varesenews.it\/2008\/12\/la-nuova-agesp-secondo-antonio-corrado-inciucio-e-servito\/203213\/\",\"name\":\"La nuova Agesp secondo Antonio Corrado:\u00abL'inciucio \u00e8 servito\u00bb\",\"isPartOf\":{\"@id\":\"https:\/\/staging.varesenews.it\/#website\"},\"datePublished\":\"2008-12-29T00:00:00+00:00\",\"dateModified\":\"2008-12-29T00:00:00+00:00\",\"author\":{\"@id\":\"https:\/\/staging.varesenews.it\/#\/schema\/person\/fb20c4da0b7b16c291707a20db73e169\"},\"description\":\"Il consigliere di Rifondazione lascia passare il Natale e attacca maggioranza e Pd sul nuovo assetto societario della societ\u00e0 di servizi del Comune\",\"breadcrumb\":{\"@id\":\"https:\/\/staging.varesenews.it\/2008\/12\/la-nuova-agesp-secondo-antonio-corrado-inciucio-e-servito\/203213\/#breadcrumb\"},\"inLanguage\":\"it-IT\",\"potentialAction\":[{\"@type\":\"ReadAction\",\"target\":[\"https:\/\/staging.varesenews.it\/2008\/12\/la-nuova-agesp-secondo-antonio-corrado-inciucio-e-servito\/203213\/\"]}]},{\"@type\":\"BreadcrumbList\",\"@id\":\"https:\/\/staging.varesenews.it\/2008\/12\/la-nuova-agesp-secondo-antonio-corrado-inciucio-e-servito\/203213\/#breadcrumb\",\"itemListElement\":[{\"@type\":\"ListItem\",\"position\":1,\"name\":\"Home\",\"item\":\"https:\/\/www.varesenews.it\/\"},{\"@type\":\"ListItem\",\"position\":2,\"name\":\"La nuova Agesp secondo Antonio Corrado:\u00abL&#8217;inciucio \u00e8 servito\u00bb\"}]},{\"@type\":\"WebSite\",\"@id\":\"https:\/\/staging.varesenews.it\/#website\",\"url\":\"https:\/\/staging.varesenews.it\/\",\"name\":\"VareseNews\",\"description\":\"\",\"potentialAction\":[{\"@type\":\"SearchAction\",\"target\":{\"@type\":\"EntryPoint\",\"urlTemplate\":\"https:\/\/staging.varesenews.it\/?s={search_term_string}\"},\"query-input\":\"required name=search_term_string\"}],\"inLanguage\":\"it-IT\"},{\"@type\":\"Person\",\"@id\":\"https:\/\/staging.varesenews.it\/#\/schema\/person\/fb20c4da0b7b16c291707a20db73e169\",\"name\":\"Redazione VareseNews\",\"image\":{\"@type\":\"ImageObject\",\"inLanguage\":\"it-IT\",\"@id\":\"https:\/\/staging.varesenews.it\/#\/schema\/person\/image\/\",\"url\":\"https:\/\/staging.varesenews.it\/wp-content\/uploads\/2020\/12\/logo_VN_colori_500.png\",\"contentUrl\":\"https:\/\/staging.varesenews.it\/wp-content\/uploads\/2020\/12\/logo_VN_colori_500.png\",\"caption\":\"Redazione VareseNews\"},\"url\":\"https:\/\/staging.varesenews.it\/persona\/redazione1\/\"}]}<\/script>\n<!-- \/ Yoast SEO plugin. -->","yoast_head_json":{"title":"La nuova Agesp secondo Antonio Corrado:\u00abL'inciucio \u00e8 servito\u00bb","description":"Il consigliere di Rifondazione lascia passare il Natale e attacca maggioranza e Pd sul nuovo assetto societario della societ\u00e0 di servizi del Comune","robots":{"index":"noindex","follow":"follow","max-snippet":"max-snippet:-1","max-image-preview":"max-image-preview:large","max-video-preview":"max-video-preview:-1"},"og_locale":"it_IT","og_type":"article","og_title":"La nuova Agesp secondo Antonio Corrado:\u00abL'inciucio \u00e8 servito\u00bb","og_description":"Il consigliere di Rifondazione lascia passare il Natale e attacca maggioranza e Pd sul nuovo assetto societario della societ\u00e0 di servizi del Comune","og_url":"https:\/\/staging.varesenews.it\/2008\/12\/la-nuova-agesp-secondo-antonio-corrado-inciucio-e-servito\/203213\/","og_site_name":"VareseNews","article_publisher":"https:\/\/www.facebook.com\/varesenews","article_published_time":"2008-12-29T00:00:00+00:00","author":"Redazione VareseNews","twitter_card":"summary_large_image","twitter_creator":"@varesenews","twitter_site":"@varesenews","twitter_misc":{"Scritto da":"Redazione VareseNews","Tempo di lettura stimato":"1 minuto"},"schema":{"@context":"https:\/\/schema.org","@graph":[{"@type":"WebPage","@id":"https:\/\/staging.varesenews.it\/2008\/12\/la-nuova-agesp-secondo-antonio-corrado-inciucio-e-servito\/203213\/","url":"https:\/\/staging.varesenews.it\/2008\/12\/la-nuova-agesp-secondo-antonio-corrado-inciucio-e-servito\/203213\/","name":"La nuova Agesp secondo Antonio Corrado:\u00abL'inciucio \u00e8 servito\u00bb","isPartOf":{"@id":"https:\/\/staging.varesenews.it\/#website"},"datePublished":"2008-12-29T00:00:00+00:00","dateModified":"2008-12-29T00:00:00+00:00","author":{"@id":"https:\/\/staging.varesenews.it\/#\/schema\/person\/fb20c4da0b7b16c291707a20db73e169"},"description":"Il consigliere di Rifondazione lascia passare il Natale e attacca maggioranza e Pd sul nuovo assetto societario della societ\u00e0 di servizi del Comune","breadcrumb":{"@id":"https:\/\/staging.varesenews.it\/2008\/12\/la-nuova-agesp-secondo-antonio-corrado-inciucio-e-servito\/203213\/#breadcrumb"},"inLanguage":"it-IT","potentialAction":[{"@type":"ReadAction","target":["https:\/\/staging.varesenews.it\/2008\/12\/la-nuova-agesp-secondo-antonio-corrado-inciucio-e-servito\/203213\/"]}]},{"@type":"BreadcrumbList","@id":"https:\/\/staging.varesenews.it\/2008\/12\/la-nuova-agesp-secondo-antonio-corrado-inciucio-e-servito\/203213\/#breadcrumb","itemListElement":[{"@type":"ListItem","position":1,"name":"Home","item":"https:\/\/www.varesenews.it\/"},{"@type":"ListItem","position":2,"name":"La nuova Agesp secondo Antonio Corrado:\u00abL&#8217;inciucio \u00e8 servito\u00bb"}]},{"@type":"WebSite","@id":"https:\/\/staging.varesenews.it\/#website","url":"https:\/\/staging.varesenews.it\/","name":"VareseNews","description":"","potentialAction":[{"@type":"SearchAction","target":{"@type":"EntryPoint","urlTemplate":"https:\/\/staging.varesenews.it\/?s={search_term_string}"},"query-input":"required name=search_term_string"}],"inLanguage":"it-IT"},{"@type":"Person","@id":"https:\/\/staging.varesenews.it\/#\/schema\/person\/fb20c4da0b7b16c291707a20db73e169","name":"Redazione VareseNews","image":{"@type":"ImageObject","inLanguage":"it-IT","@id":"https:\/\/staging.varesenews.it\/#\/schema\/person\/image\/","url":"https:\/\/staging.varesenews.it\/wp-content\/uploads\/2020\/12\/logo_VN_colori_500.png","contentUrl":"https:\/\/staging.varesenews.it\/wp-content\/uploads\/2020\/12\/logo_VN_colori_500.png","caption":"Redazione VareseNews"},"url":"https:\/\/staging.varesenews.it\/persona\/redazione1\/"}]}},"post_meta":{"id_old":"115531","argomento":"Busto Arsizio"},"photos":[],"_links":{"self":[{"href":"https:\/\/staging.varesenews.it\/swgapi\/v1\/wp\/v2\/posts\/203213"}],"collection":[{"href":"https:\/\/staging.varesenews.it\/swgapi\/v1\/wp\/v2\/posts"}],"about":[{"href":"https:\/\/staging.varesenews.it\/swgapi\/v1\/wp\/v2\/types\/post"}],"author":[{"embeddable":true,"href":"https:\/\/staging.varesenews.it\/swgapi\/v1\/wp\/v2\/users\/10"}],"replies":[{"embeddable":true,"href":"https:\/\/staging.varesenews.it\/swgapi\/v1\/wp\/v2\/comments?post=203213"}],"version-history":[{"count":0,"href":"https:\/\/staging.varesenews.it\/swgapi\/v1\/wp\/v2\/posts\/203213\/revisions"}],"wp:attachment":[{"href":"https:\/\/staging.varesenews.it\/swgapi\/v1\/wp\/v2\/media?parent=203213"}],"wp:term":[{"taxonomy":"category","embeddable":true,"href":"https:\/\/staging.varesenews.it\/swgapi\/v1\/wp\/v2\/categories?post=203213"},{"taxonomy":"post_tag","embeddable":true,"href":"https:\/\/staging.varesenews.it\/swgapi\/v1\/wp\/v2\/tags?post=203213"}],"curies":[{"name":"wp","href":"https:\/\/api.w.org\/{rel}","templated":true}]}}