{"id":204701,"date":"2008-12-03T00:00:00","date_gmt":"2008-12-03T00:00:00","guid":{"rendered":""},"modified":"2008-12-03T00:00:00","modified_gmt":"2008-12-03T00:00:00","slug":"il-terzo-periodo-tradisce-l-under-15","status":"publish","type":"post","link":"https:\/\/staging.varesenews.it\/2008\/12\/il-terzo-periodo-tradisce-l-under-15\/204701\/","title":{"rendered":"Il terzo periodo tradisce l&#8217;under 15"},"content":{"rendered":"<p class=\"MsoNormal\" style=\"MARGIN: 0cm 0cm 0pt; mso-layout-grid-align: none\"><span style=\"FONT-SIZE: 10pt; COLOR: black; FONT-FAMILY: Arial\"><font face=\"arial,helvetica,sans-serif\"><font size=\"3\">Perde (83-73) anche <strong>sul campo di Cremona<\/strong> la Whirlpool <\/font><\/font><\/span><span style=\"FONT-SIZE: 10pt; COLOR: black; FONT-FAMILY: Arial\"><font face=\"arial,helvetica,sans-serif\"><font size=\"3\">under 15 di Andrea Meneghin. <\/font><\/font><\/span><span style=\"FONT-SIZE: 10pt; COLOR: black; FONT-FAMILY: Arial\"><font face=\"arial,helvetica,sans-serif\"><font size=\"3\">La squadra biancorossa \u00e8 partita in maniera positiva e ha tenuto bene per il <strong>primo quarto chiudendo in vantaggio<\/strong> 21-20 sulla sirena. <\/font><\/font><\/span><span style=\"FONT-SIZE: 10pt; COLOR: black; FONT-FAMILY: Arial\"><font face=\"arial,helvetica,sans-serif\"><font size=\"3\">Alla ripresa del gioco, nel secondo periodo, si \u00e8 per\u00f2 ritornati nel buio: troppi errori sotto canestro in attacco\u00a0e una difesa non proprio ermetica permettono agli avversari di superare facilmente Piatti e compagni che all&#8217;intervallo pagano un passivo importante, 47-33.<br \/>Una tendenza che non si ferma nel terzo tempo, anzi: Cremona lascia due soli punti alla Whirlpool e<strong> allunga irrimediabilmente sul 68-35.<br \/><\/strong><\/font><\/font><\/span><span style=\"COLOR: black; FONT-FAMILY: \"Tms Rmn\"\"><font face=\"arial,helvetica,sans-serif\">Nell&#8217;ultimo quarto i ragazzi dimezzano il divario <strong>rimontando fino al meno 10<\/strong> ma non c&#8217;\u00e8 pi\u00f9 tempo per proseguire la risalita. Finisce 83-73 e per Corna \u00e8 una soddisfazione amara chiudere da top scorer con 19 punti.<\/font><\/span><\/p>\n<p class=\"MsoNormal\" style=\"MARGIN: 0cm 0cm 0pt; mso-layout-grid-align: none\"><span style=\"COLOR: black; FONT-FAMILY: \"Tms Rmn\"\"><font face=\"arial,helvetica,sans-serif\"><span style=\"mso-spacerun: yes\">\u00a0<br \/><strong><font size=\"2\">Cremona &#8211; Whirlpool Varese 83-73<\/font><\/strong><\/span><\/p>\n<p \/><\/font><\/span><\/p>\n<p class=\"MsoNormal\" style=\"MARGIN: 0cm 0cm 0pt; mso-layout-grid-align: none\"><span style=\"COLOR: black; FONT-FAMILY: \"Tms Rmn\"\"><font face=\"arial,helvetica,sans-serif\"><font size=\"2\"><span style=\"mso-spacerun: yes\">\u00a0<\/span><\/p>\n<p \/><\/font><\/font><\/span><\/p>\n<p class=\"MsoNormal\" style=\"MARGIN: 0cm 0cm 0pt; mso-layout-grid-align: none\"><font size=\"2\"><span style=\"COLOR: black; FONT-FAMILY: \"Tms Rmn\"\"><font face=\"arial,helvetica,sans-serif\"><strong>Cremona:<\/strong> Campanini 3, Fiammenghini 5, Auricchio 1, Bassini, Marinoni 18, Dini 11, Galli 14, Bonetti 7, Maccheda 6, Ghelfi, Cocchi 9, Strada 8.<br \/><\/font><\/span><span style=\"COLOR: black; FONT-FAMILY: \"Tms Rmn\"\"><font face=\"arial,helvetica,sans-serif\"><strong>Varese:<\/strong> Croon 1, Mainetti 7, Bruno 10, Bianchi 16, Piatti 14, Ferrario 1, Pramaggiore 2, Corna 19, Zattra 1.<\/font><\/span><\/font><\/p>\n","protected":false},"excerpt":{"rendered":"<p>A Cremona i ragazzi di Meneghin partono bene ma dopo l&#8217;intervallo vengono travolti. Non basta la rimonta finale: 83-73<\/p>\n","protected":false},"author":10,"featured_media":0,"comment_status":"open","ping_status":"open","sticky":false,"template":"","format":"standard","meta":{"footnotes":""},"categories":[44667],"tags":[],"acf":[],"yoast_head":"<!-- This site is optimized with the Yoast SEO plugin v20.1 - https:\/\/yoast.com\/wordpress\/plugins\/seo\/ -->\n<title>Il terzo periodo tradisce l&#039;under 15<\/title>\n<meta name=\"description\" content=\"A Cremona i ragazzi di Meneghin partono bene ma dopo l&#039;intervallo vengono travolti. Non basta la rimonta finale: 83-73\" \/>\n<meta name=\"robots\" content=\"noindex, follow, max-snippet:-1, max-image-preview:large, max-video-preview:-1\" \/>\n<meta property=\"og:locale\" content=\"it_IT\" \/>\n<meta property=\"og:type\" content=\"article\" \/>\n<meta property=\"og:title\" content=\"Il terzo periodo tradisce l&#039;under 15\" \/>\n<meta property=\"og:description\" content=\"A Cremona i ragazzi di Meneghin partono bene ma dopo l&#039;intervallo vengono travolti. Non basta la rimonta finale: 83-73\" \/>\n<meta property=\"og:url\" content=\"https:\/\/staging.varesenews.it\/2008\/12\/il-terzo-periodo-tradisce-l-under-15\/204701\/\" \/>\n<meta property=\"og:site_name\" content=\"VareseNews\" \/>\n<meta property=\"article:publisher\" content=\"https:\/\/www.facebook.com\/varesenews\" \/>\n<meta property=\"article:published_time\" content=\"2008-12-03T00:00:00+00:00\" \/>\n<meta name=\"author\" content=\"Redazione VareseNews\" \/>\n<meta name=\"twitter:card\" content=\"summary_large_image\" \/>\n<meta name=\"twitter:creator\" content=\"@varesenews\" \/>\n<meta name=\"twitter:site\" content=\"@varesenews\" \/>\n<meta name=\"twitter:label1\" content=\"Scritto da\" \/>\n\t<meta name=\"twitter:data1\" content=\"Redazione VareseNews\" \/>\n\t<meta name=\"twitter:label2\" content=\"Tempo di lettura stimato\" \/>\n\t<meta name=\"twitter:data2\" content=\"1 minuto\" \/>\n<script type=\"application\/ld+json\" class=\"yoast-schema-graph\">{\"@context\":\"https:\/\/schema.org\",\"@graph\":[{\"@type\":\"WebPage\",\"@id\":\"https:\/\/staging.varesenews.it\/2008\/12\/il-terzo-periodo-tradisce-l-under-15\/204701\/\",\"url\":\"https:\/\/staging.varesenews.it\/2008\/12\/il-terzo-periodo-tradisce-l-under-15\/204701\/\",\"name\":\"Il terzo periodo tradisce l'under 15\",\"isPartOf\":{\"@id\":\"https:\/\/staging.varesenews.it\/#website\"},\"datePublished\":\"2008-12-03T00:00:00+00:00\",\"dateModified\":\"2008-12-03T00:00:00+00:00\",\"author\":{\"@id\":\"https:\/\/staging.varesenews.it\/#\/schema\/person\/fb20c4da0b7b16c291707a20db73e169\"},\"description\":\"A Cremona i ragazzi di Meneghin partono bene ma dopo l'intervallo vengono travolti. Non basta la rimonta finale: 83-73\",\"breadcrumb\":{\"@id\":\"https:\/\/staging.varesenews.it\/2008\/12\/il-terzo-periodo-tradisce-l-under-15\/204701\/#breadcrumb\"},\"inLanguage\":\"it-IT\",\"potentialAction\":[{\"@type\":\"ReadAction\",\"target\":[\"https:\/\/staging.varesenews.it\/2008\/12\/il-terzo-periodo-tradisce-l-under-15\/204701\/\"]}]},{\"@type\":\"BreadcrumbList\",\"@id\":\"https:\/\/staging.varesenews.it\/2008\/12\/il-terzo-periodo-tradisce-l-under-15\/204701\/#breadcrumb\",\"itemListElement\":[{\"@type\":\"ListItem\",\"position\":1,\"name\":\"Home\",\"item\":\"https:\/\/www.varesenews.it\/\"},{\"@type\":\"ListItem\",\"position\":2,\"name\":\"Il terzo periodo tradisce l&#8217;under 15\"}]},{\"@type\":\"WebSite\",\"@id\":\"https:\/\/staging.varesenews.it\/#website\",\"url\":\"https:\/\/staging.varesenews.it\/\",\"name\":\"VareseNews\",\"description\":\"\",\"potentialAction\":[{\"@type\":\"SearchAction\",\"target\":{\"@type\":\"EntryPoint\",\"urlTemplate\":\"https:\/\/staging.varesenews.it\/?s={search_term_string}\"},\"query-input\":\"required name=search_term_string\"}],\"inLanguage\":\"it-IT\"},{\"@type\":\"Person\",\"@id\":\"https:\/\/staging.varesenews.it\/#\/schema\/person\/fb20c4da0b7b16c291707a20db73e169\",\"name\":\"Redazione VareseNews\",\"image\":{\"@type\":\"ImageObject\",\"inLanguage\":\"it-IT\",\"@id\":\"https:\/\/staging.varesenews.it\/#\/schema\/person\/image\/\",\"url\":\"https:\/\/staging.varesenews.it\/wp-content\/uploads\/2020\/12\/logo_VN_colori_500.png\",\"contentUrl\":\"https:\/\/staging.varesenews.it\/wp-content\/uploads\/2020\/12\/logo_VN_colori_500.png\",\"caption\":\"Redazione VareseNews\"},\"url\":\"https:\/\/staging.varesenews.it\/persona\/redazione1\/\"}]}<\/script>\n<!-- \/ Yoast SEO plugin. -->","yoast_head_json":{"title":"Il terzo periodo tradisce l'under 15","description":"A Cremona i ragazzi di Meneghin partono bene ma dopo l'intervallo vengono travolti. Non basta la rimonta finale: 83-73","robots":{"index":"noindex","follow":"follow","max-snippet":"max-snippet:-1","max-image-preview":"max-image-preview:large","max-video-preview":"max-video-preview:-1"},"og_locale":"it_IT","og_type":"article","og_title":"Il terzo periodo tradisce l'under 15","og_description":"A Cremona i ragazzi di Meneghin partono bene ma dopo l'intervallo vengono travolti. Non basta la rimonta finale: 83-73","og_url":"https:\/\/staging.varesenews.it\/2008\/12\/il-terzo-periodo-tradisce-l-under-15\/204701\/","og_site_name":"VareseNews","article_publisher":"https:\/\/www.facebook.com\/varesenews","article_published_time":"2008-12-03T00:00:00+00:00","author":"Redazione VareseNews","twitter_card":"summary_large_image","twitter_creator":"@varesenews","twitter_site":"@varesenews","twitter_misc":{"Scritto da":"Redazione VareseNews","Tempo di lettura stimato":"1 minuto"},"schema":{"@context":"https:\/\/schema.org","@graph":[{"@type":"WebPage","@id":"https:\/\/staging.varesenews.it\/2008\/12\/il-terzo-periodo-tradisce-l-under-15\/204701\/","url":"https:\/\/staging.varesenews.it\/2008\/12\/il-terzo-periodo-tradisce-l-under-15\/204701\/","name":"Il terzo periodo tradisce l'under 15","isPartOf":{"@id":"https:\/\/staging.varesenews.it\/#website"},"datePublished":"2008-12-03T00:00:00+00:00","dateModified":"2008-12-03T00:00:00+00:00","author":{"@id":"https:\/\/staging.varesenews.it\/#\/schema\/person\/fb20c4da0b7b16c291707a20db73e169"},"description":"A Cremona i ragazzi di Meneghin partono bene ma dopo l'intervallo vengono travolti. Non basta la rimonta finale: 83-73","breadcrumb":{"@id":"https:\/\/staging.varesenews.it\/2008\/12\/il-terzo-periodo-tradisce-l-under-15\/204701\/#breadcrumb"},"inLanguage":"it-IT","potentialAction":[{"@type":"ReadAction","target":["https:\/\/staging.varesenews.it\/2008\/12\/il-terzo-periodo-tradisce-l-under-15\/204701\/"]}]},{"@type":"BreadcrumbList","@id":"https:\/\/staging.varesenews.it\/2008\/12\/il-terzo-periodo-tradisce-l-under-15\/204701\/#breadcrumb","itemListElement":[{"@type":"ListItem","position":1,"name":"Home","item":"https:\/\/www.varesenews.it\/"},{"@type":"ListItem","position":2,"name":"Il terzo periodo tradisce l&#8217;under 15"}]},{"@type":"WebSite","@id":"https:\/\/staging.varesenews.it\/#website","url":"https:\/\/staging.varesenews.it\/","name":"VareseNews","description":"","potentialAction":[{"@type":"SearchAction","target":{"@type":"EntryPoint","urlTemplate":"https:\/\/staging.varesenews.it\/?s={search_term_string}"},"query-input":"required name=search_term_string"}],"inLanguage":"it-IT"},{"@type":"Person","@id":"https:\/\/staging.varesenews.it\/#\/schema\/person\/fb20c4da0b7b16c291707a20db73e169","name":"Redazione VareseNews","image":{"@type":"ImageObject","inLanguage":"it-IT","@id":"https:\/\/staging.varesenews.it\/#\/schema\/person\/image\/","url":"https:\/\/staging.varesenews.it\/wp-content\/uploads\/2020\/12\/logo_VN_colori_500.png","contentUrl":"https:\/\/staging.varesenews.it\/wp-content\/uploads\/2020\/12\/logo_VN_colori_500.png","caption":"Redazione VareseNews"},"url":"https:\/\/staging.varesenews.it\/persona\/redazione1\/"}]}},"post_meta":{"id_old":"113619","argomento":"Basket"},"photos":[],"_links":{"self":[{"href":"https:\/\/staging.varesenews.it\/swgapi\/v1\/wp\/v2\/posts\/204701"}],"collection":[{"href":"https:\/\/staging.varesenews.it\/swgapi\/v1\/wp\/v2\/posts"}],"about":[{"href":"https:\/\/staging.varesenews.it\/swgapi\/v1\/wp\/v2\/types\/post"}],"author":[{"embeddable":true,"href":"https:\/\/staging.varesenews.it\/swgapi\/v1\/wp\/v2\/users\/10"}],"replies":[{"embeddable":true,"href":"https:\/\/staging.varesenews.it\/swgapi\/v1\/wp\/v2\/comments?post=204701"}],"version-history":[{"count":0,"href":"https:\/\/staging.varesenews.it\/swgapi\/v1\/wp\/v2\/posts\/204701\/revisions"}],"wp:attachment":[{"href":"https:\/\/staging.varesenews.it\/swgapi\/v1\/wp\/v2\/media?parent=204701"}],"wp:term":[{"taxonomy":"category","embeddable":true,"href":"https:\/\/staging.varesenews.it\/swgapi\/v1\/wp\/v2\/categories?post=204701"},{"taxonomy":"post_tag","embeddable":true,"href":"https:\/\/staging.varesenews.it\/swgapi\/v1\/wp\/v2\/tags?post=204701"}],"curies":[{"name":"wp","href":"https:\/\/api.w.org\/{rel}","templated":true}]}}