{"id":205168,"date":"2008-11-26T00:00:00","date_gmt":"2008-11-26T00:00:00","guid":{"rendered":""},"modified":"2008-11-26T00:00:00","modified_gmt":"2008-11-26T00:00:00","slug":"legge-urbanistica-si-dimette-renato-soru","status":"publish","type":"post","link":"https:\/\/staging.varesenews.it\/2008\/11\/legge-urbanistica-si-dimette-renato-soru\/205168\/","title":{"rendered":"Legge urbanistica, si dimette Renato Soru"},"content":{"rendered":"<p><font face=\"arial,helvetica,sans-serif\">Il presidente della Regione Sardegna, Renato Soru, si \u00e8 dimesso nella serata del 25 novembre 2008 dal suo incarico, con una comunicazione al Consiglio regionale che stava per approvare la nuova legge urbanistica. <br \/>Le sue dimissioni sono arrivate dopo la bocciatura a scrutinio palese di una norma transitoria inserita nella proposta di legge urbanistica che doveva essere approvata in serata, che specificava tra le procedure di applicazione del Piano paesaggistico regionale per le zone interne dell&#8217;isola la necessit\u00e0 di approvazione della Giunta invece che da parte del Consiglio Regionale . <br \/>Il provvedimento avrebbe\u00a0sostituito la vecchia normativa del 1989 e faceva parte integrante del programma di governo del territorio voluto da Soru, iniziato con la legge &quot;salvacoste&quot; del 2004 e proseguito con il Piano paesaggistico.<br \/>Tra gli aspetti caratterizzanti della legge urbanistica, ora congelata, ci sono la conferma del divieto di inedificabilit\u00e0 assoluta nella fascia dei 300 metri dal mare; il principio della compensazione con aree o crediti volumetrici per i proprietari di beni immobili da vincolare per rilevante interesse pubblico; gli incentivi per l&#8217;utilizzo di materiali non inquinanti e che favoriscano il risparmio energetico; il sistema del silenzio-assenso nelle concessioni edilizie.\u00a0 <br \/>&quot;So di essere stato eletto direttamente, con la fiducia dei cittadini, ma non si pu\u00f2 governare senza la fiducia della maggioranza in Consiglio regionale. &#8211; ha spiegato Soru &#8211; Ancora di pi\u00f9 perch\u00e9, subito dopo, avremmo dovuto discutere la legge finanziaria che non si pu\u00f2 affrontare nel clima, appunto, di una fiducia interrotta oggi&quot;. <br \/>&quot;Non sar\u00e0 l&#8217;ultimo giorno della mia esperienza politica&quot;, ha per\u00f2 sottolineato Soru nell&#8217;intervento nell&#8217;aula del Consiglio regionale durante il quale ha annunciato le sue dimissioni.<br \/><\/font><\/p>\n","protected":false},"excerpt":{"rendered":"<p>Il presidente della Regione Sardegna lascia dopo la bocciatura a scrutinio palese di una norma che metteva a rischio la legge &#8220;salvacosta&#8221;<\/p>\n","protected":false},"author":10,"featured_media":0,"comment_status":"open","ping_status":"open","sticky":false,"template":"","format":"standard","meta":{"footnotes":""},"categories":[9],"tags":[],"acf":[],"yoast_head":"<!-- This site is optimized with the Yoast SEO plugin v20.1 - https:\/\/yoast.com\/wordpress\/plugins\/seo\/ -->\n<title>Legge urbanistica, si dimette Renato Soru<\/title>\n<meta name=\"description\" content=\"Il presidente della Regione Sardegna lascia dopo la bocciatura a scrutinio palese di una norma che metteva a rischio la legge &quot;salvacosta&quot;\" \/>\n<meta name=\"robots\" content=\"noindex, follow, max-snippet:-1, max-image-preview:large, max-video-preview:-1\" \/>\n<meta property=\"og:locale\" content=\"it_IT\" \/>\n<meta property=\"og:type\" content=\"article\" \/>\n<meta property=\"og:title\" content=\"Legge urbanistica, si dimette Renato Soru\" \/>\n<meta property=\"og:description\" content=\"Il presidente della Regione Sardegna lascia dopo la bocciatura a scrutinio palese di una norma che metteva a rischio la legge &quot;salvacosta&quot;\" \/>\n<meta property=\"og:url\" content=\"https:\/\/staging.varesenews.it\/2008\/11\/legge-urbanistica-si-dimette-renato-soru\/205168\/\" \/>\n<meta property=\"og:site_name\" content=\"VareseNews\" \/>\n<meta property=\"article:publisher\" content=\"https:\/\/www.facebook.com\/varesenews\" \/>\n<meta property=\"article:published_time\" content=\"2008-11-26T00:00:00+00:00\" \/>\n<meta name=\"author\" content=\"Redazione VareseNews\" \/>\n<meta name=\"twitter:card\" content=\"summary_large_image\" \/>\n<meta name=\"twitter:creator\" content=\"@varesenews\" \/>\n<meta name=\"twitter:site\" content=\"@varesenews\" \/>\n<meta name=\"twitter:label1\" content=\"Scritto da\" \/>\n\t<meta name=\"twitter:data1\" content=\"Redazione VareseNews\" \/>\n\t<meta name=\"twitter:label2\" content=\"Tempo di lettura stimato\" \/>\n\t<meta name=\"twitter:data2\" content=\"1 minuto\" \/>\n<script type=\"application\/ld+json\" class=\"yoast-schema-graph\">{\"@context\":\"https:\/\/schema.org\",\"@graph\":[{\"@type\":\"WebPage\",\"@id\":\"https:\/\/staging.varesenews.it\/2008\/11\/legge-urbanistica-si-dimette-renato-soru\/205168\/\",\"url\":\"https:\/\/staging.varesenews.it\/2008\/11\/legge-urbanistica-si-dimette-renato-soru\/205168\/\",\"name\":\"Legge urbanistica, si dimette Renato Soru\",\"isPartOf\":{\"@id\":\"https:\/\/staging.varesenews.it\/#website\"},\"datePublished\":\"2008-11-26T00:00:00+00:00\",\"dateModified\":\"2008-11-26T00:00:00+00:00\",\"author\":{\"@id\":\"https:\/\/staging.varesenews.it\/#\/schema\/person\/fb20c4da0b7b16c291707a20db73e169\"},\"description\":\"Il presidente della Regione Sardegna lascia dopo la bocciatura a scrutinio palese di una norma che metteva a rischio la legge \\\"salvacosta\\\"\",\"breadcrumb\":{\"@id\":\"https:\/\/staging.varesenews.it\/2008\/11\/legge-urbanistica-si-dimette-renato-soru\/205168\/#breadcrumb\"},\"inLanguage\":\"it-IT\",\"potentialAction\":[{\"@type\":\"ReadAction\",\"target\":[\"https:\/\/staging.varesenews.it\/2008\/11\/legge-urbanistica-si-dimette-renato-soru\/205168\/\"]}]},{\"@type\":\"BreadcrumbList\",\"@id\":\"https:\/\/staging.varesenews.it\/2008\/11\/legge-urbanistica-si-dimette-renato-soru\/205168\/#breadcrumb\",\"itemListElement\":[{\"@type\":\"ListItem\",\"position\":1,\"name\":\"Home\",\"item\":\"https:\/\/www.varesenews.it\/\"},{\"@type\":\"ListItem\",\"position\":2,\"name\":\"Legge urbanistica, si dimette Renato Soru\"}]},{\"@type\":\"WebSite\",\"@id\":\"https:\/\/staging.varesenews.it\/#website\",\"url\":\"https:\/\/staging.varesenews.it\/\",\"name\":\"VareseNews\",\"description\":\"\",\"potentialAction\":[{\"@type\":\"SearchAction\",\"target\":{\"@type\":\"EntryPoint\",\"urlTemplate\":\"https:\/\/staging.varesenews.it\/?s={search_term_string}\"},\"query-input\":\"required name=search_term_string\"}],\"inLanguage\":\"it-IT\"},{\"@type\":\"Person\",\"@id\":\"https:\/\/staging.varesenews.it\/#\/schema\/person\/fb20c4da0b7b16c291707a20db73e169\",\"name\":\"Redazione VareseNews\",\"image\":{\"@type\":\"ImageObject\",\"inLanguage\":\"it-IT\",\"@id\":\"https:\/\/staging.varesenews.it\/#\/schema\/person\/image\/\",\"url\":\"https:\/\/staging.varesenews.it\/wp-content\/uploads\/2020\/12\/logo_VN_colori_500.png\",\"contentUrl\":\"https:\/\/staging.varesenews.it\/wp-content\/uploads\/2020\/12\/logo_VN_colori_500.png\",\"caption\":\"Redazione VareseNews\"},\"url\":\"https:\/\/staging.varesenews.it\/persona\/redazione1\/\"}]}<\/script>\n<!-- \/ Yoast SEO plugin. -->","yoast_head_json":{"title":"Legge urbanistica, si dimette Renato Soru","description":"Il presidente della Regione Sardegna lascia dopo la bocciatura a scrutinio palese di una norma che metteva a rischio la legge \"salvacosta\"","robots":{"index":"noindex","follow":"follow","max-snippet":"max-snippet:-1","max-image-preview":"max-image-preview:large","max-video-preview":"max-video-preview:-1"},"og_locale":"it_IT","og_type":"article","og_title":"Legge urbanistica, si dimette Renato Soru","og_description":"Il presidente della Regione Sardegna lascia dopo la bocciatura a scrutinio palese di una norma che metteva a rischio la legge \"salvacosta\"","og_url":"https:\/\/staging.varesenews.it\/2008\/11\/legge-urbanistica-si-dimette-renato-soru\/205168\/","og_site_name":"VareseNews","article_publisher":"https:\/\/www.facebook.com\/varesenews","article_published_time":"2008-11-26T00:00:00+00:00","author":"Redazione VareseNews","twitter_card":"summary_large_image","twitter_creator":"@varesenews","twitter_site":"@varesenews","twitter_misc":{"Scritto da":"Redazione VareseNews","Tempo di lettura stimato":"1 minuto"},"schema":{"@context":"https:\/\/schema.org","@graph":[{"@type":"WebPage","@id":"https:\/\/staging.varesenews.it\/2008\/11\/legge-urbanistica-si-dimette-renato-soru\/205168\/","url":"https:\/\/staging.varesenews.it\/2008\/11\/legge-urbanistica-si-dimette-renato-soru\/205168\/","name":"Legge urbanistica, si dimette Renato Soru","isPartOf":{"@id":"https:\/\/staging.varesenews.it\/#website"},"datePublished":"2008-11-26T00:00:00+00:00","dateModified":"2008-11-26T00:00:00+00:00","author":{"@id":"https:\/\/staging.varesenews.it\/#\/schema\/person\/fb20c4da0b7b16c291707a20db73e169"},"description":"Il presidente della Regione Sardegna lascia dopo la bocciatura a scrutinio palese di una norma che metteva a rischio la legge \"salvacosta\"","breadcrumb":{"@id":"https:\/\/staging.varesenews.it\/2008\/11\/legge-urbanistica-si-dimette-renato-soru\/205168\/#breadcrumb"},"inLanguage":"it-IT","potentialAction":[{"@type":"ReadAction","target":["https:\/\/staging.varesenews.it\/2008\/11\/legge-urbanistica-si-dimette-renato-soru\/205168\/"]}]},{"@type":"BreadcrumbList","@id":"https:\/\/staging.varesenews.it\/2008\/11\/legge-urbanistica-si-dimette-renato-soru\/205168\/#breadcrumb","itemListElement":[{"@type":"ListItem","position":1,"name":"Home","item":"https:\/\/www.varesenews.it\/"},{"@type":"ListItem","position":2,"name":"Legge urbanistica, si dimette Renato Soru"}]},{"@type":"WebSite","@id":"https:\/\/staging.varesenews.it\/#website","url":"https:\/\/staging.varesenews.it\/","name":"VareseNews","description":"","potentialAction":[{"@type":"SearchAction","target":{"@type":"EntryPoint","urlTemplate":"https:\/\/staging.varesenews.it\/?s={search_term_string}"},"query-input":"required name=search_term_string"}],"inLanguage":"it-IT"},{"@type":"Person","@id":"https:\/\/staging.varesenews.it\/#\/schema\/person\/fb20c4da0b7b16c291707a20db73e169","name":"Redazione VareseNews","image":{"@type":"ImageObject","inLanguage":"it-IT","@id":"https:\/\/staging.varesenews.it\/#\/schema\/person\/image\/","url":"https:\/\/staging.varesenews.it\/wp-content\/uploads\/2020\/12\/logo_VN_colori_500.png","contentUrl":"https:\/\/staging.varesenews.it\/wp-content\/uploads\/2020\/12\/logo_VN_colori_500.png","caption":"Redazione VareseNews"},"url":"https:\/\/staging.varesenews.it\/persona\/redazione1\/"}]}},"post_meta":{"id_old":"113028","argomento":"CAGLIARI"},"photos":[],"_links":{"self":[{"href":"https:\/\/staging.varesenews.it\/swgapi\/v1\/wp\/v2\/posts\/205168"}],"collection":[{"href":"https:\/\/staging.varesenews.it\/swgapi\/v1\/wp\/v2\/posts"}],"about":[{"href":"https:\/\/staging.varesenews.it\/swgapi\/v1\/wp\/v2\/types\/post"}],"author":[{"embeddable":true,"href":"https:\/\/staging.varesenews.it\/swgapi\/v1\/wp\/v2\/users\/10"}],"replies":[{"embeddable":true,"href":"https:\/\/staging.varesenews.it\/swgapi\/v1\/wp\/v2\/comments?post=205168"}],"version-history":[{"count":0,"href":"https:\/\/staging.varesenews.it\/swgapi\/v1\/wp\/v2\/posts\/205168\/revisions"}],"wp:attachment":[{"href":"https:\/\/staging.varesenews.it\/swgapi\/v1\/wp\/v2\/media?parent=205168"}],"wp:term":[{"taxonomy":"category","embeddable":true,"href":"https:\/\/staging.varesenews.it\/swgapi\/v1\/wp\/v2\/categories?post=205168"},{"taxonomy":"post_tag","embeddable":true,"href":"https:\/\/staging.varesenews.it\/swgapi\/v1\/wp\/v2\/tags?post=205168"}],"curies":[{"name":"wp","href":"https:\/\/api.w.org\/{rel}","templated":true}]}}