{"id":206982,"date":"2008-10-30T00:00:00","date_gmt":"2008-10-30T00:00:00","guid":{"rendered":""},"modified":"2008-10-30T00:00:00","modified_gmt":"2008-10-30T00:00:00","slug":"slogan-e-firme-contro-la-riforma-anche-varese-scende-in-piazza","status":"publish","type":"post","link":"https:\/\/staging.varesenews.it\/2008\/10\/slogan-e-firme-contro-la-riforma-anche-varese-scende-in-piazza\/206982\/","title":{"rendered":"Slogan e firme contro la riforma, anche Varese scende in piazza"},"content":{"rendered":"<p><font face=\"arial,helvetica,sans-serif\">&quot;Sotto la pioggia e la tempesta\u00a0\u00e8 solo l&#8217;inizio della protesta&quot;; &quot;leggere, scrivere, fare due conti: questa \u00e8 la scuola che vuole Tremonti&quot;. <br \/><\/font><font face=\"arial,helvetica,sans-serif\"><strong>In trecento<\/strong> si sono ritrovati in<strong> piazza XX Settembre a Varese<\/strong> per protestare contro la Riforma Gelmini. Hanno scelto la piazza varesina\u00a0preferendola al corteo\u00a0organizzato a Milano. Erano soprattutto studenti del classico e del Manzoni ( linguistico e psicopedagogico), mentre i compagni dell&#8217;artistico sono andati\u00a0nel capoluogo lombardo. Accanto a loro insegnanti delle superiori ( qualcuna) e maestre ( poche).<br \/>Guardati a vista da vigili, carabinieri e polizia, i giovani hanno urlato slogan, cantato e <strong>raccolto firme<\/strong> tentando di ripararsi dalla pioggia battente sotto i portici. Poi,\u00a0<strong>verso alle 10, sono partiti in corteo<\/strong>, una &quot;mini passeggiata&quot;\u00a0<strong>fino a Piazza Monte Grappa<\/strong>\u00a0sotto lo sguardo indifferente dei varesini indaffarati: \u00abAbbiamo voluto dimostrare che anche a Varese gli studenti sono preoccupati e non hanno timore di scendere in strada per urlarlo\u00bb dice <strong>Pietro<\/strong>, uno degli organizzatori, <strong>studente del liceo classico<\/strong><br \/>\u00abSiamo preoccupati per il futuro della nostra scuola &#8211; spiega\u00a0un suo compagno del Cairoli &#8211; chiediamo una scuola che sappia ascoltare gli studenti e li aiuti a formarsi\u00bb.<br \/><\/font><font face=\"arial,helvetica,sans-serif\">\u00abSono in piazza come docente e come madre in difesa della scuola pubblica &#8211; commenta <strong>Silvia<\/strong>,\u00a0 <strong>professoressa delle superiori<\/strong> &#8211; Si vuole smantellare un sistema su cui ci impegniamo da anni\u00bb.<br \/><\/font><font face=\"arial,helvetica,sans-serif\">Particolarmente arrabbiate sono le &quot;sparute&quot; maestre che hanno scelto la piazza varesina per protestare: \u00abCome si fa a reintrodurre il maestro unico? La nostra societ\u00e0 non \u00e8 pi\u00f9 quella di 40&#8217;anni fa. I bambini sono diversi, hanno pi\u00f9 competenze, chiedono pi\u00f9 cultura. La maestra non \u00e8 una tuttologa\u00bb dice <strong>Patrizia<\/strong>, maestra della primaria con un passato nella materna: \u00abIl sistema negli asili viene studiato all&#8217;estero. \u00c8 un modello pedagogico attento, una scuola delle conoscenze, che ora si vuol trasformare in parcheggio\u00bb<br \/><\/font><font face=\"arial,helvetica,sans-serif\">&quot;Chi non salta la Gelmini \u00e8&quot; grida la piazza saltando energicamente, anche un po&#8217; per scaldarsi: \u00ab La prima ricaduta a Varese &#8211; commenta <strong>Monica, docente della primaria<\/strong> &#8211; sar\u00e0 la chiusura della scuola della Rasa, con grave disagio per i bambini e per il personale che rimarr\u00e0 senza lavoro\u00bb.<br \/><strong>Alcune docenti del Manzoni <\/strong>sono entrare in un bar: devono scrivere il documento che sottoporranno l collegio docenti convocato in modo straordinario: \u00ab In quella sede veluteremo se e quali misura di protesta assumere\u00bb spiega una professoressa. <br \/><strong>Collegio docenti in programma il 6 novembre anche al Cairoli<\/strong>: in discussione c&#8217;\u00e8 lo spirito dell Riforma e una mozione molto dura che potrebbe\u00a0riservare sorprese alla didattica.\u00a0\u00a0<\/p>\n<p>Nelle scuole varesine, intanto, si lavora: al classico \u00e8 presente la met\u00e0 del corpo insegnante e la met\u00e0 della popolazione studentesca, allo psicopedagogico sono in\u00a0 classe 120 ragazzi divisi in gruppi a far lezione con i docenti, al linguistico una decina di professori stanno seguendo 75 ragazzi. \u00abHo scelto di venire a scuola perch\u00e8 oggi la protesta \u00e8 dei docenti &#8211;\u00a0commenta uno studente dellopsicopedagogico &#8211; Nessuno, inoltre, \u00e8 stato in grado di dirmi come cambier\u00e0 la mia scuola. Quindi, per il momento, preferisco studiare e prepararmi\u00bb.<\/font><\/p>\n","protected":false},"excerpt":{"rendered":"<p>Oltre trecento i ragazzi giunti nel centro cittadino per protestare. Maestre e prof in manifestazione con gli studenti<\/p>\n","protected":false},"author":10,"featured_media":0,"comment_status":"open","ping_status":"open","sticky":false,"template":"","format":"standard","meta":{"footnotes":""},"categories":[90],"tags":[],"acf":[],"yoast_head":"<!-- This site is optimized with the Yoast SEO plugin v20.1 - https:\/\/yoast.com\/wordpress\/plugins\/seo\/ -->\n<title>Slogan e firme contro la riforma, anche Varese scende in piazza<\/title>\n<meta name=\"description\" content=\"Oltre trecento i ragazzi giunti nel centro cittadino per protestare. Maestre e prof in manifestazione con gli studenti\" \/>\n<meta name=\"robots\" content=\"noindex, follow, max-snippet:-1, max-image-preview:large, max-video-preview:-1\" \/>\n<meta property=\"og:locale\" content=\"it_IT\" \/>\n<meta property=\"og:type\" content=\"article\" \/>\n<meta property=\"og:title\" content=\"Slogan e firme contro la riforma, anche Varese scende in piazza\" \/>\n<meta property=\"og:description\" content=\"Oltre trecento i ragazzi giunti nel centro cittadino per protestare. Maestre e prof in manifestazione con gli studenti\" \/>\n<meta property=\"og:url\" content=\"https:\/\/staging.varesenews.it\/2008\/10\/slogan-e-firme-contro-la-riforma-anche-varese-scende-in-piazza\/206982\/\" \/>\n<meta property=\"og:site_name\" content=\"VareseNews\" \/>\n<meta property=\"article:publisher\" content=\"https:\/\/www.facebook.com\/varesenews\" \/>\n<meta property=\"article:published_time\" content=\"2008-10-30T00:00:00+00:00\" \/>\n<meta name=\"author\" content=\"Redazione VareseNews\" \/>\n<meta name=\"twitter:card\" content=\"summary_large_image\" \/>\n<meta name=\"twitter:creator\" content=\"@varesenews\" \/>\n<meta name=\"twitter:site\" content=\"@varesenews\" \/>\n<meta name=\"twitter:label1\" content=\"Scritto da\" \/>\n\t<meta name=\"twitter:data1\" content=\"Redazione VareseNews\" \/>\n\t<meta name=\"twitter:label2\" content=\"Tempo di lettura stimato\" \/>\n\t<meta name=\"twitter:data2\" content=\"2 minuti\" \/>\n<script type=\"application\/ld+json\" class=\"yoast-schema-graph\">{\"@context\":\"https:\/\/schema.org\",\"@graph\":[{\"@type\":\"WebPage\",\"@id\":\"https:\/\/staging.varesenews.it\/2008\/10\/slogan-e-firme-contro-la-riforma-anche-varese-scende-in-piazza\/206982\/\",\"url\":\"https:\/\/staging.varesenews.it\/2008\/10\/slogan-e-firme-contro-la-riforma-anche-varese-scende-in-piazza\/206982\/\",\"name\":\"Slogan e firme contro la riforma, anche Varese scende in piazza\",\"isPartOf\":{\"@id\":\"https:\/\/staging.varesenews.it\/#website\"},\"datePublished\":\"2008-10-30T00:00:00+00:00\",\"dateModified\":\"2008-10-30T00:00:00+00:00\",\"author\":{\"@id\":\"https:\/\/staging.varesenews.it\/#\/schema\/person\/fb20c4da0b7b16c291707a20db73e169\"},\"description\":\"Oltre trecento i ragazzi giunti nel centro cittadino per protestare. Maestre e prof in manifestazione con gli studenti\",\"breadcrumb\":{\"@id\":\"https:\/\/staging.varesenews.it\/2008\/10\/slogan-e-firme-contro-la-riforma-anche-varese-scende-in-piazza\/206982\/#breadcrumb\"},\"inLanguage\":\"it-IT\",\"potentialAction\":[{\"@type\":\"ReadAction\",\"target\":[\"https:\/\/staging.varesenews.it\/2008\/10\/slogan-e-firme-contro-la-riforma-anche-varese-scende-in-piazza\/206982\/\"]}]},{\"@type\":\"BreadcrumbList\",\"@id\":\"https:\/\/staging.varesenews.it\/2008\/10\/slogan-e-firme-contro-la-riforma-anche-varese-scende-in-piazza\/206982\/#breadcrumb\",\"itemListElement\":[{\"@type\":\"ListItem\",\"position\":1,\"name\":\"Home\",\"item\":\"https:\/\/www.varesenews.it\/\"},{\"@type\":\"ListItem\",\"position\":2,\"name\":\"Slogan e firme contro la riforma, anche Varese scende in piazza\"}]},{\"@type\":\"WebSite\",\"@id\":\"https:\/\/staging.varesenews.it\/#website\",\"url\":\"https:\/\/staging.varesenews.it\/\",\"name\":\"VareseNews\",\"description\":\"\",\"potentialAction\":[{\"@type\":\"SearchAction\",\"target\":{\"@type\":\"EntryPoint\",\"urlTemplate\":\"https:\/\/staging.varesenews.it\/?s={search_term_string}\"},\"query-input\":\"required name=search_term_string\"}],\"inLanguage\":\"it-IT\"},{\"@type\":\"Person\",\"@id\":\"https:\/\/staging.varesenews.it\/#\/schema\/person\/fb20c4da0b7b16c291707a20db73e169\",\"name\":\"Redazione VareseNews\",\"image\":{\"@type\":\"ImageObject\",\"inLanguage\":\"it-IT\",\"@id\":\"https:\/\/staging.varesenews.it\/#\/schema\/person\/image\/\",\"url\":\"https:\/\/staging.varesenews.it\/wp-content\/uploads\/2020\/12\/logo_VN_colori_500.png\",\"contentUrl\":\"https:\/\/staging.varesenews.it\/wp-content\/uploads\/2020\/12\/logo_VN_colori_500.png\",\"caption\":\"Redazione VareseNews\"},\"url\":\"https:\/\/staging.varesenews.it\/persona\/redazione1\/\"}]}<\/script>\n<!-- \/ Yoast SEO plugin. -->","yoast_head_json":{"title":"Slogan e firme contro la riforma, anche Varese scende in piazza","description":"Oltre trecento i ragazzi giunti nel centro cittadino per protestare. Maestre e prof in manifestazione con gli studenti","robots":{"index":"noindex","follow":"follow","max-snippet":"max-snippet:-1","max-image-preview":"max-image-preview:large","max-video-preview":"max-video-preview:-1"},"og_locale":"it_IT","og_type":"article","og_title":"Slogan e firme contro la riforma, anche Varese scende in piazza","og_description":"Oltre trecento i ragazzi giunti nel centro cittadino per protestare. Maestre e prof in manifestazione con gli studenti","og_url":"https:\/\/staging.varesenews.it\/2008\/10\/slogan-e-firme-contro-la-riforma-anche-varese-scende-in-piazza\/206982\/","og_site_name":"VareseNews","article_publisher":"https:\/\/www.facebook.com\/varesenews","article_published_time":"2008-10-30T00:00:00+00:00","author":"Redazione VareseNews","twitter_card":"summary_large_image","twitter_creator":"@varesenews","twitter_site":"@varesenews","twitter_misc":{"Scritto da":"Redazione VareseNews","Tempo di lettura stimato":"2 minuti"},"schema":{"@context":"https:\/\/schema.org","@graph":[{"@type":"WebPage","@id":"https:\/\/staging.varesenews.it\/2008\/10\/slogan-e-firme-contro-la-riforma-anche-varese-scende-in-piazza\/206982\/","url":"https:\/\/staging.varesenews.it\/2008\/10\/slogan-e-firme-contro-la-riforma-anche-varese-scende-in-piazza\/206982\/","name":"Slogan e firme contro la riforma, anche Varese scende in piazza","isPartOf":{"@id":"https:\/\/staging.varesenews.it\/#website"},"datePublished":"2008-10-30T00:00:00+00:00","dateModified":"2008-10-30T00:00:00+00:00","author":{"@id":"https:\/\/staging.varesenews.it\/#\/schema\/person\/fb20c4da0b7b16c291707a20db73e169"},"description":"Oltre trecento i ragazzi giunti nel centro cittadino per protestare. Maestre e prof in manifestazione con gli studenti","breadcrumb":{"@id":"https:\/\/staging.varesenews.it\/2008\/10\/slogan-e-firme-contro-la-riforma-anche-varese-scende-in-piazza\/206982\/#breadcrumb"},"inLanguage":"it-IT","potentialAction":[{"@type":"ReadAction","target":["https:\/\/staging.varesenews.it\/2008\/10\/slogan-e-firme-contro-la-riforma-anche-varese-scende-in-piazza\/206982\/"]}]},{"@type":"BreadcrumbList","@id":"https:\/\/staging.varesenews.it\/2008\/10\/slogan-e-firme-contro-la-riforma-anche-varese-scende-in-piazza\/206982\/#breadcrumb","itemListElement":[{"@type":"ListItem","position":1,"name":"Home","item":"https:\/\/www.varesenews.it\/"},{"@type":"ListItem","position":2,"name":"Slogan e firme contro la riforma, anche Varese scende in piazza"}]},{"@type":"WebSite","@id":"https:\/\/staging.varesenews.it\/#website","url":"https:\/\/staging.varesenews.it\/","name":"VareseNews","description":"","potentialAction":[{"@type":"SearchAction","target":{"@type":"EntryPoint","urlTemplate":"https:\/\/staging.varesenews.it\/?s={search_term_string}"},"query-input":"required name=search_term_string"}],"inLanguage":"it-IT"},{"@type":"Person","@id":"https:\/\/staging.varesenews.it\/#\/schema\/person\/fb20c4da0b7b16c291707a20db73e169","name":"Redazione VareseNews","image":{"@type":"ImageObject","inLanguage":"it-IT","@id":"https:\/\/staging.varesenews.it\/#\/schema\/person\/image\/","url":"https:\/\/staging.varesenews.it\/wp-content\/uploads\/2020\/12\/logo_VN_colori_500.png","contentUrl":"https:\/\/staging.varesenews.it\/wp-content\/uploads\/2020\/12\/logo_VN_colori_500.png","caption":"Redazione VareseNews"},"url":"https:\/\/staging.varesenews.it\/persona\/redazione1\/"}]}},"post_meta":{"id_old":"110766","argomento":"Varese","autore_old":"Alessandra Toni","id_link_fotogallery":"311440"},"photos":[],"_links":{"self":[{"href":"https:\/\/staging.varesenews.it\/swgapi\/v1\/wp\/v2\/posts\/206982"}],"collection":[{"href":"https:\/\/staging.varesenews.it\/swgapi\/v1\/wp\/v2\/posts"}],"about":[{"href":"https:\/\/staging.varesenews.it\/swgapi\/v1\/wp\/v2\/types\/post"}],"author":[{"embeddable":true,"href":"https:\/\/staging.varesenews.it\/swgapi\/v1\/wp\/v2\/users\/10"}],"replies":[{"embeddable":true,"href":"https:\/\/staging.varesenews.it\/swgapi\/v1\/wp\/v2\/comments?post=206982"}],"version-history":[{"count":0,"href":"https:\/\/staging.varesenews.it\/swgapi\/v1\/wp\/v2\/posts\/206982\/revisions"}],"wp:attachment":[{"href":"https:\/\/staging.varesenews.it\/swgapi\/v1\/wp\/v2\/media?parent=206982"}],"wp:term":[{"taxonomy":"category","embeddable":true,"href":"https:\/\/staging.varesenews.it\/swgapi\/v1\/wp\/v2\/categories?post=206982"},{"taxonomy":"post_tag","embeddable":true,"href":"https:\/\/staging.varesenews.it\/swgapi\/v1\/wp\/v2\/tags?post=206982"}],"curies":[{"name":"wp","href":"https:\/\/api.w.org\/{rel}","templated":true}]}}