{"id":208390,"date":"2008-11-26T00:00:00","date_gmt":"2008-11-26T00:00:00","guid":{"rendered":""},"modified":"2008-11-26T00:00:00","modified_gmt":"2008-11-26T00:00:00","slug":"i-sub-di-busto-sul-verbano-per-il-presepe-sommerso","status":"publish","type":"post","link":"https:\/\/staging.varesenews.it\/2008\/11\/i-sub-di-busto-sul-verbano-per-il-presepe-sommerso\/208390\/","title":{"rendered":"I sub di Busto sul Verbano per il presepe sommerso"},"content":{"rendered":"<p><span style=\"FONT-FAMILY: arial,helvetica,sans-serif\">Un po&#8217; in anticipo sui tempi il Natale fa capolino con il\u00a0Centro Subacqueo Atlantis di Busto Arsizio che annuncia la riconferma della manifestazione che si tiene a Castelveccana, sul lago Maggiore. La seconda edizione del Presepe Sommerso che quest&#8217;anno vede come istituzione patrocinante oltre agli enti dello scorso anno anche il Comune di Caronno Pertusella e la Regione Lombardia mentre\u00a0si attende la riconferma da parte della Provincia di Varese. La novit\u00e0 della manifestazione sar\u00e0 una staffetta che il giorno 13 dicembre, a partire dalle 13,\u00a0collegher\u00e0 Caronno Pertusella a Busto Arsizio trasportando con s\u00e8 il simbolo della Nativit\u00e0 fino a piazza San Giovanni di Busto Arsizio dove, alle 18,30, il presepe verr\u00e0 benedetto. Il giorno seguente la staffetta effettuer\u00e0 il giro del Comune di Castelveccana per poi consegnare ai sub il simbolo che unito al Presepe verr\u00e0 posato nel lago Maggiore il 14 dicembre alle 10.<\/span> <\/p>\n","protected":false},"excerpt":{"rendered":"<p>Una staffetta con il simbolo della nativit\u00e0 e l&#8217;immmersione a largo di Castelveccana. Cos\u00ec il centro nautico annuncia come festegger\u00e0 il Natale<\/p>\n","protected":false},"author":10,"featured_media":0,"comment_status":"open","ping_status":"open","sticky":false,"template":"","format":"standard","meta":{"footnotes":""},"categories":[4],"tags":[],"acf":[],"yoast_head":"<!-- This site is optimized with the Yoast SEO plugin v20.1 - https:\/\/yoast.com\/wordpress\/plugins\/seo\/ -->\n<title>I sub di Busto sul Verbano per il presepe sommerso<\/title>\n<meta name=\"description\" content=\"Una staffetta con il simbolo della nativit\u00e0 e l&#039;immmersione a largo di Castelveccana. Cos\u00ec il centro nautico annuncia come festegger\u00e0 il Natale\" \/>\n<meta name=\"robots\" content=\"noindex, follow, max-snippet:-1, max-image-preview:large, max-video-preview:-1\" \/>\n<meta property=\"og:locale\" content=\"it_IT\" \/>\n<meta property=\"og:type\" content=\"article\" \/>\n<meta property=\"og:title\" content=\"I sub di Busto sul Verbano per il presepe sommerso\" \/>\n<meta property=\"og:description\" content=\"Una staffetta con il simbolo della nativit\u00e0 e l&#039;immmersione a largo di Castelveccana. Cos\u00ec il centro nautico annuncia come festegger\u00e0 il Natale\" \/>\n<meta property=\"og:url\" content=\"https:\/\/staging.varesenews.it\/2008\/11\/i-sub-di-busto-sul-verbano-per-il-presepe-sommerso\/208390\/\" \/>\n<meta property=\"og:site_name\" content=\"VareseNews\" \/>\n<meta property=\"article:publisher\" content=\"https:\/\/www.facebook.com\/varesenews\" \/>\n<meta property=\"article:published_time\" content=\"2008-11-26T00:00:00+00:00\" \/>\n<meta name=\"author\" content=\"Redazione VareseNews\" \/>\n<meta name=\"twitter:card\" content=\"summary_large_image\" \/>\n<meta name=\"twitter:creator\" content=\"@varesenews\" \/>\n<meta name=\"twitter:site\" content=\"@varesenews\" \/>\n<meta name=\"twitter:label1\" content=\"Scritto da\" \/>\n\t<meta name=\"twitter:data1\" content=\"Redazione VareseNews\" \/>\n\t<meta name=\"twitter:label2\" content=\"Tempo di lettura stimato\" \/>\n\t<meta name=\"twitter:data2\" content=\"1 minuto\" \/>\n<script type=\"application\/ld+json\" class=\"yoast-schema-graph\">{\"@context\":\"https:\/\/schema.org\",\"@graph\":[{\"@type\":\"WebPage\",\"@id\":\"https:\/\/staging.varesenews.it\/2008\/11\/i-sub-di-busto-sul-verbano-per-il-presepe-sommerso\/208390\/\",\"url\":\"https:\/\/staging.varesenews.it\/2008\/11\/i-sub-di-busto-sul-verbano-per-il-presepe-sommerso\/208390\/\",\"name\":\"I sub di Busto sul Verbano per il presepe sommerso\",\"isPartOf\":{\"@id\":\"https:\/\/staging.varesenews.it\/#website\"},\"datePublished\":\"2008-11-26T00:00:00+00:00\",\"dateModified\":\"2008-11-26T00:00:00+00:00\",\"author\":{\"@id\":\"https:\/\/staging.varesenews.it\/#\/schema\/person\/fb20c4da0b7b16c291707a20db73e169\"},\"description\":\"Una staffetta con il simbolo della nativit\u00e0 e l'immmersione a largo di Castelveccana. Cos\u00ec il centro nautico annuncia come festegger\u00e0 il Natale\",\"breadcrumb\":{\"@id\":\"https:\/\/staging.varesenews.it\/2008\/11\/i-sub-di-busto-sul-verbano-per-il-presepe-sommerso\/208390\/#breadcrumb\"},\"inLanguage\":\"it-IT\",\"potentialAction\":[{\"@type\":\"ReadAction\",\"target\":[\"https:\/\/staging.varesenews.it\/2008\/11\/i-sub-di-busto-sul-verbano-per-il-presepe-sommerso\/208390\/\"]}]},{\"@type\":\"BreadcrumbList\",\"@id\":\"https:\/\/staging.varesenews.it\/2008\/11\/i-sub-di-busto-sul-verbano-per-il-presepe-sommerso\/208390\/#breadcrumb\",\"itemListElement\":[{\"@type\":\"ListItem\",\"position\":1,\"name\":\"Home\",\"item\":\"https:\/\/www.varesenews.it\/\"},{\"@type\":\"ListItem\",\"position\":2,\"name\":\"I sub di Busto sul Verbano per il presepe sommerso\"}]},{\"@type\":\"WebSite\",\"@id\":\"https:\/\/staging.varesenews.it\/#website\",\"url\":\"https:\/\/staging.varesenews.it\/\",\"name\":\"VareseNews\",\"description\":\"\",\"potentialAction\":[{\"@type\":\"SearchAction\",\"target\":{\"@type\":\"EntryPoint\",\"urlTemplate\":\"https:\/\/staging.varesenews.it\/?s={search_term_string}\"},\"query-input\":\"required name=search_term_string\"}],\"inLanguage\":\"it-IT\"},{\"@type\":\"Person\",\"@id\":\"https:\/\/staging.varesenews.it\/#\/schema\/person\/fb20c4da0b7b16c291707a20db73e169\",\"name\":\"Redazione VareseNews\",\"image\":{\"@type\":\"ImageObject\",\"inLanguage\":\"it-IT\",\"@id\":\"https:\/\/staging.varesenews.it\/#\/schema\/person\/image\/\",\"url\":\"https:\/\/staging.varesenews.it\/wp-content\/uploads\/2020\/12\/logo_VN_colori_500.png\",\"contentUrl\":\"https:\/\/staging.varesenews.it\/wp-content\/uploads\/2020\/12\/logo_VN_colori_500.png\",\"caption\":\"Redazione VareseNews\"},\"url\":\"https:\/\/staging.varesenews.it\/persona\/redazione1\/\"}]}<\/script>\n<!-- \/ Yoast SEO plugin. -->","yoast_head_json":{"title":"I sub di Busto sul Verbano per il presepe sommerso","description":"Una staffetta con il simbolo della nativit\u00e0 e l'immmersione a largo di Castelveccana. Cos\u00ec il centro nautico annuncia come festegger\u00e0 il Natale","robots":{"index":"noindex","follow":"follow","max-snippet":"max-snippet:-1","max-image-preview":"max-image-preview:large","max-video-preview":"max-video-preview:-1"},"og_locale":"it_IT","og_type":"article","og_title":"I sub di Busto sul Verbano per il presepe sommerso","og_description":"Una staffetta con il simbolo della nativit\u00e0 e l'immmersione a largo di Castelveccana. Cos\u00ec il centro nautico annuncia come festegger\u00e0 il Natale","og_url":"https:\/\/staging.varesenews.it\/2008\/11\/i-sub-di-busto-sul-verbano-per-il-presepe-sommerso\/208390\/","og_site_name":"VareseNews","article_publisher":"https:\/\/www.facebook.com\/varesenews","article_published_time":"2008-11-26T00:00:00+00:00","author":"Redazione VareseNews","twitter_card":"summary_large_image","twitter_creator":"@varesenews","twitter_site":"@varesenews","twitter_misc":{"Scritto da":"Redazione VareseNews","Tempo di lettura stimato":"1 minuto"},"schema":{"@context":"https:\/\/schema.org","@graph":[{"@type":"WebPage","@id":"https:\/\/staging.varesenews.it\/2008\/11\/i-sub-di-busto-sul-verbano-per-il-presepe-sommerso\/208390\/","url":"https:\/\/staging.varesenews.it\/2008\/11\/i-sub-di-busto-sul-verbano-per-il-presepe-sommerso\/208390\/","name":"I sub di Busto sul Verbano per il presepe sommerso","isPartOf":{"@id":"https:\/\/staging.varesenews.it\/#website"},"datePublished":"2008-11-26T00:00:00+00:00","dateModified":"2008-11-26T00:00:00+00:00","author":{"@id":"https:\/\/staging.varesenews.it\/#\/schema\/person\/fb20c4da0b7b16c291707a20db73e169"},"description":"Una staffetta con il simbolo della nativit\u00e0 e l'immmersione a largo di Castelveccana. Cos\u00ec il centro nautico annuncia come festegger\u00e0 il Natale","breadcrumb":{"@id":"https:\/\/staging.varesenews.it\/2008\/11\/i-sub-di-busto-sul-verbano-per-il-presepe-sommerso\/208390\/#breadcrumb"},"inLanguage":"it-IT","potentialAction":[{"@type":"ReadAction","target":["https:\/\/staging.varesenews.it\/2008\/11\/i-sub-di-busto-sul-verbano-per-il-presepe-sommerso\/208390\/"]}]},{"@type":"BreadcrumbList","@id":"https:\/\/staging.varesenews.it\/2008\/11\/i-sub-di-busto-sul-verbano-per-il-presepe-sommerso\/208390\/#breadcrumb","itemListElement":[{"@type":"ListItem","position":1,"name":"Home","item":"https:\/\/www.varesenews.it\/"},{"@type":"ListItem","position":2,"name":"I sub di Busto sul Verbano per il presepe sommerso"}]},{"@type":"WebSite","@id":"https:\/\/staging.varesenews.it\/#website","url":"https:\/\/staging.varesenews.it\/","name":"VareseNews","description":"","potentialAction":[{"@type":"SearchAction","target":{"@type":"EntryPoint","urlTemplate":"https:\/\/staging.varesenews.it\/?s={search_term_string}"},"query-input":"required name=search_term_string"}],"inLanguage":"it-IT"},{"@type":"Person","@id":"https:\/\/staging.varesenews.it\/#\/schema\/person\/fb20c4da0b7b16c291707a20db73e169","name":"Redazione VareseNews","image":{"@type":"ImageObject","inLanguage":"it-IT","@id":"https:\/\/staging.varesenews.it\/#\/schema\/person\/image\/","url":"https:\/\/staging.varesenews.it\/wp-content\/uploads\/2020\/12\/logo_VN_colori_500.png","contentUrl":"https:\/\/staging.varesenews.it\/wp-content\/uploads\/2020\/12\/logo_VN_colori_500.png","caption":"Redazione VareseNews"},"url":"https:\/\/staging.varesenews.it\/persona\/redazione1\/"}]}},"post_meta":{"id_old":"108987","argomento":"Busto Arsizio"},"photos":[],"_links":{"self":[{"href":"https:\/\/staging.varesenews.it\/swgapi\/v1\/wp\/v2\/posts\/208390"}],"collection":[{"href":"https:\/\/staging.varesenews.it\/swgapi\/v1\/wp\/v2\/posts"}],"about":[{"href":"https:\/\/staging.varesenews.it\/swgapi\/v1\/wp\/v2\/types\/post"}],"author":[{"embeddable":true,"href":"https:\/\/staging.varesenews.it\/swgapi\/v1\/wp\/v2\/users\/10"}],"replies":[{"embeddable":true,"href":"https:\/\/staging.varesenews.it\/swgapi\/v1\/wp\/v2\/comments?post=208390"}],"version-history":[{"count":0,"href":"https:\/\/staging.varesenews.it\/swgapi\/v1\/wp\/v2\/posts\/208390\/revisions"}],"wp:attachment":[{"href":"https:\/\/staging.varesenews.it\/swgapi\/v1\/wp\/v2\/media?parent=208390"}],"wp:term":[{"taxonomy":"category","embeddable":true,"href":"https:\/\/staging.varesenews.it\/swgapi\/v1\/wp\/v2\/categories?post=208390"},{"taxonomy":"post_tag","embeddable":true,"href":"https:\/\/staging.varesenews.it\/swgapi\/v1\/wp\/v2\/tags?post=208390"}],"curies":[{"name":"wp","href":"https:\/\/api.w.org\/{rel}","templated":true}]}}