{"id":209721,"date":"2008-09-21T00:00:00","date_gmt":"2008-09-21T00:00:00","guid":{"rendered":""},"modified":"2008-09-21T00:00:00","modified_gmt":"2008-09-21T00:00:00","slug":"donne-e-pedali-il-mondiale-comincia-dalle-miss","status":"publish","type":"post","link":"https:\/\/staging.varesenews.it\/2008\/09\/donne-e-pedali-il-mondiale-comincia-dalle-miss\/209721\/","title":{"rendered":"Donne e Pedali, il mondiale comincia dalle miss"},"content":{"rendered":"<p style=\"margin-bottom: 0cm; font-family: arial,helvetica,sans-serif;\"><font size=\"3\"><img decoding=\"async\" vspace=\"3\" hspace=\"3\" border=\"0\" align=\"left\" src=\"https:\/\/www3.varesenews.it\/immagini_articoli\/200809\/miss1.jpg\" style=\"width: 331px; height: 249px;\" \/><\/font><font size=\"3\">Dal casin\u00f2 alla Fiera, il Cycling stadium regala oltre agli eventi tutte le atmosfere possibili, in questa bella settimana di settembre. <br \/>E finch\u00e8 la competizione non intende entrare nel vivo, diventando gara e sudore dei ciclisti, gli incontri mantengono spirito ludico e chiacchere da strapaese, che la gente gradisce e premia con la partecipazione in massa. <\/p>\n<p>Ed \u00e8 con questo spirito ludico e strapaesano che \u00e8 stata affrontata la serata in cui sono state incoronate le <span style=\"font-weight: bold;\">sei miss mondiali<\/span>, ragazze scelte tra 27 finaliste cui spetter\u00e0 il ruolo, nel corso delle dirette televisive mondiali, di angeli e hostess degli sportivi vincitori: sempre accanto a un ciclista stanco ma felice, a una magnum di spumante, a una telecamera.<\/font><\/p>\n<p style=\"margin-bottom: 0cm; font-family: arial,helvetica,sans-serif;\"><font size=\"3\">Scelta e premiazione delle fortunate sono avvenute nella serata del 20 settembre, serata iniziata alle 22 in un pot pourri di sfilate a tema, brani di cantanti emergenti, sorrisi smaglianti per i giurati in prima fila.<\/font><\/p>\n<p style=\"margin-bottom: 0cm; font-family: arial,helvetica,sans-serif;\"><font size=\"3\"><img decoding=\"async\" vspace=\"3\" hspace=\"3\" border=\"0\" align=\"left\" src=\"https:\/\/www3.varesenews.it\/immagini_articoli\/200809\/prosperinichiappucci.JPG\" style=\"width: 308px; height: 231px;\" \/>Che vedevano impegnato come implacabile tritasguardi di signorine l&#8217;assessore regionale allo sport <span style=\"font-weight: bold;\">Piergianni Prosperini<\/span>, che ha esibito un piglio da professionista nella valutazione di miss, tant&#8217;\u00e8 che per giudicarle meglio se l&#8217;\u00e8 vagliate persino in coda sulla scaletta, prima della manifestazione. <br \/>Con lui una guest star dallo charme ciclistico: <span style=\"font-weight: bold;\">Claudio Chiappucci<\/span>, dal ricciolo pi\u00f9 \u201cel diablo\u201d del solito, in qualit\u00e0 di presidente di giuria, composta da ben due file di alti rappresentanti di sponsor, rappresentanti della stampa specializzata e no, e collaboratori. <br \/>Tra i quali c&#8217;era anche la presidenza di Varese 2008 al gran completo &#8211; <span style=\"font-weight: bold;\">Amedeo Colombo, Renzo Oldani e Silvio Pezzotta<\/span> &#8211; e il numero 4 di Whirlpool Europe, nonch\u00e8 responsabile della comunicazione della multinazionale, <span style=\"font-weight: bold;\">Giuseppe Geneletti<\/span>.<br \/><\/font><\/p>\n<p style=\"margin-bottom: 0cm; font-family: arial,helvetica,sans-serif;\"><font size=\"3\">Tra i cantanti emergenti, anche vere e proprie case history, come quella di <a href=\"http:\/\/www.fabiocancellara.com\/\"><span style=\"font-weight: bold;\">Fabio Cancellara<\/span><\/a>, cugino del campioine olimpico e mondiale a cronometro svizzero <span style=\"font-weight: bold;\">Fabian Cancellara<\/span>, svizzero, che a Varese per\u00f2 probabilmente non verr\u00e0. Fabio invece s\u00ec, e ha regalato al pubblico la bellezza di tre pezzi composti da lui, tra cui uno inedito.<br \/>Alla serata da miss poi non potevano mancare gli abiti d&#8217;alta moda, quelli dal gusto lacuale vagamente anni sessanta della <span style=\"font-weight: bold;\">Maison Cordini di Laveno<\/span>, che fornir\u00e0 tutti gli abiti da cerimonia dei mondiali. O gli stacchetti anche curiosi come quello dell&#8217;organizzatore fai da te, <span style=\"font-weight: bold;\">Piero Monticelli<\/span>, che oltre a far girare per bene tutta la baracca ha avuto il tempo di esibirsi al sax. <\/p>\n<p><img decoding=\"async\" vspace=\"3\" hspace=\"3\" border=\"0\" align=\"left\" src=\"https:\/\/www3.varesenews.it\/immagini_articoli\/200809\/missmondiali_.JPG\" style=\"width: 283px; height: 212px;\" \/>Le ragazze come a solito erano tutte belle e quasi tutte assolutamente a loro agio sulla passerella. Non solo: malgrado la giovane et\u00e0 erano abbastanza &quot;scafate&quot; da reggere le battute di Chiappucci e Prosperini, e persino non tirarsi indietro di fronte alla palese richiesta del numero del cellulare. <br \/><span style=\"font-weight: bold;\">Pronte quindi a destreggiarsi col peggio di questa professione<\/span>, che hanno l&#8217;aria quasi tutte di avere come sogno nel cassetto: e questa manifestazione non \u00e8 per loro di poco conto, perch\u00e8 regala una esposizione televisiva effimera ma mondiale, che per ua ragazza in grado di bucare lo schermo potrebbe pure essere il primo passo. E se cos\u00ec non sar\u00e0, poco male: saranno sopravvissute anche a questa esperienza, il che fortifica e non guasta.<\/font><\/p>\n<p style=\"margin-bottom: 0cm; font-family: arial,helvetica,sans-serif;\"><font size=\"3\"><img decoding=\"async\" vspace=\"3\" hspace=\"3\" border=\"0\" align=\"left\" style=\"width: 295px; height: 279px;\" src=\"https:\/\/www3.varesenews.it\/immagini_articoli\/200809\/miss6.jpg\" \/>Alla fine, cio\u00e8 dopo la mezzanotte, \u00e8 arrivato anche il responso: le sei prescelte (7 a dire il vero, perch\u00e8 prevista anche una riserva) sulle 27 finaliste sono quasi tutte della zona: <b>Martina Tranchida, 18 anni, di Varese; Silvia Maggio, 19 anni, di Mercallo con Casone; Eliana Badanai, 27 anni, di Castiglione Olona; Gloria Bertazzoni, 18 anni, di Varese; Valentina Gorla, 17 anni, di Solbiate Olona; Gessica David, 25 anni, di Lecco. Unica fuori regione la <\/b><span>20enne <\/span><b>Veronica Marconati, 20 anni, di Mogliano Veneto. <\/b><span><br \/><\/span><\/font><\/p>\n<p style=\"margin-bottom: 0cm; font-family: arial,helvetica,sans-serif;\"><font size=\"3\"><span>Tra loro, inltre, \u00e8 stata scelta la Miss in senso stretto, la prima classificata, anche se poi da lavorare ci sar\u00e0 per tutte: si tratta di <span style=\"font-weight: bold;\">della bruna Gessica David <font size=\"2\">(a sinistra dell&#8217;organizzatore Monticelli, nella foto)<\/font><\/span>. Ora anche per loro, con tutti i sorrisi e la loro vitalit\u00e0, il motto \u00e8 uno solo: pedalare.<\/p>\n<p><\/span><\/font><\/p>\n","protected":false},"excerpt":{"rendered":"<p>Selezionate nella serata del 20 settembre al Cycling stadium le sei ragazze che premieranno i ciclisti e faranno da &#8220;portabandiera&#8221; dei mondiali varesini<\/p>\n","protected":false},"author":10,"featured_media":0,"comment_status":"open","ping_status":"open","sticky":false,"template":"","format":"standard","meta":{"footnotes":""},"categories":[44667],"tags":[],"acf":[],"yoast_head":"<!-- This site is optimized with the Yoast SEO plugin v20.1 - https:\/\/yoast.com\/wordpress\/plugins\/seo\/ -->\n<title>Donne e Pedali, il mondiale comincia dalle miss<\/title>\n<meta name=\"description\" content=\"Selezionate nella serata del 20 settembre al Cycling stadium le sei ragazze che premieranno i ciclisti e faranno da &quot;portabandiera&quot; dei mondiali varesini\" \/>\n<meta name=\"robots\" content=\"noindex, follow, max-snippet:-1, max-image-preview:large, max-video-preview:-1\" \/>\n<meta property=\"og:locale\" content=\"it_IT\" \/>\n<meta property=\"og:type\" content=\"article\" \/>\n<meta property=\"og:title\" content=\"Donne e Pedali, il mondiale comincia dalle miss\" \/>\n<meta property=\"og:description\" content=\"Selezionate nella serata del 20 settembre al Cycling stadium le sei ragazze che premieranno i ciclisti e faranno da &quot;portabandiera&quot; dei mondiali varesini\" \/>\n<meta property=\"og:url\" content=\"https:\/\/staging.varesenews.it\/2008\/09\/donne-e-pedali-il-mondiale-comincia-dalle-miss\/209721\/\" \/>\n<meta property=\"og:site_name\" content=\"VareseNews\" \/>\n<meta property=\"article:publisher\" content=\"https:\/\/www.facebook.com\/varesenews\" \/>\n<meta property=\"article:published_time\" content=\"2008-09-21T00:00:00+00:00\" \/>\n<meta property=\"og:image\" content=\"https:\/\/www3.varesenews.it\/immagini_articoli\/200809\/miss1.jpg\" \/>\n<meta name=\"author\" content=\"Redazione VareseNews\" \/>\n<meta name=\"twitter:card\" content=\"summary_large_image\" \/>\n<meta name=\"twitter:creator\" content=\"@varesenews\" \/>\n<meta name=\"twitter:site\" content=\"@varesenews\" \/>\n<meta name=\"twitter:label1\" content=\"Scritto da\" \/>\n\t<meta name=\"twitter:data1\" content=\"Redazione VareseNews\" \/>\n\t<meta name=\"twitter:label2\" content=\"Tempo di lettura stimato\" \/>\n\t<meta name=\"twitter:data2\" content=\"3 minuti\" \/>\n<script type=\"application\/ld+json\" class=\"yoast-schema-graph\">{\"@context\":\"https:\/\/schema.org\",\"@graph\":[{\"@type\":\"WebPage\",\"@id\":\"https:\/\/staging.varesenews.it\/2008\/09\/donne-e-pedali-il-mondiale-comincia-dalle-miss\/209721\/\",\"url\":\"https:\/\/staging.varesenews.it\/2008\/09\/donne-e-pedali-il-mondiale-comincia-dalle-miss\/209721\/\",\"name\":\"Donne e Pedali, il mondiale comincia dalle miss\",\"isPartOf\":{\"@id\":\"https:\/\/staging.varesenews.it\/#website\"},\"datePublished\":\"2008-09-21T00:00:00+00:00\",\"dateModified\":\"2008-09-21T00:00:00+00:00\",\"author\":{\"@id\":\"https:\/\/staging.varesenews.it\/#\/schema\/person\/fb20c4da0b7b16c291707a20db73e169\"},\"description\":\"Selezionate nella serata del 20 settembre al Cycling stadium le sei ragazze che premieranno i ciclisti e faranno da \\\"portabandiera\\\" dei mondiali varesini\",\"breadcrumb\":{\"@id\":\"https:\/\/staging.varesenews.it\/2008\/09\/donne-e-pedali-il-mondiale-comincia-dalle-miss\/209721\/#breadcrumb\"},\"inLanguage\":\"it-IT\",\"potentialAction\":[{\"@type\":\"ReadAction\",\"target\":[\"https:\/\/staging.varesenews.it\/2008\/09\/donne-e-pedali-il-mondiale-comincia-dalle-miss\/209721\/\"]}]},{\"@type\":\"BreadcrumbList\",\"@id\":\"https:\/\/staging.varesenews.it\/2008\/09\/donne-e-pedali-il-mondiale-comincia-dalle-miss\/209721\/#breadcrumb\",\"itemListElement\":[{\"@type\":\"ListItem\",\"position\":1,\"name\":\"Home\",\"item\":\"https:\/\/www.varesenews.it\/\"},{\"@type\":\"ListItem\",\"position\":2,\"name\":\"Donne e Pedali, il mondiale comincia dalle miss\"}]},{\"@type\":\"WebSite\",\"@id\":\"https:\/\/staging.varesenews.it\/#website\",\"url\":\"https:\/\/staging.varesenews.it\/\",\"name\":\"VareseNews\",\"description\":\"\",\"potentialAction\":[{\"@type\":\"SearchAction\",\"target\":{\"@type\":\"EntryPoint\",\"urlTemplate\":\"https:\/\/staging.varesenews.it\/?s={search_term_string}\"},\"query-input\":\"required name=search_term_string\"}],\"inLanguage\":\"it-IT\"},{\"@type\":\"Person\",\"@id\":\"https:\/\/staging.varesenews.it\/#\/schema\/person\/fb20c4da0b7b16c291707a20db73e169\",\"name\":\"Redazione VareseNews\",\"image\":{\"@type\":\"ImageObject\",\"inLanguage\":\"it-IT\",\"@id\":\"https:\/\/staging.varesenews.it\/#\/schema\/person\/image\/\",\"url\":\"https:\/\/staging.varesenews.it\/wp-content\/uploads\/2020\/12\/logo_VN_colori_500.png\",\"contentUrl\":\"https:\/\/staging.varesenews.it\/wp-content\/uploads\/2020\/12\/logo_VN_colori_500.png\",\"caption\":\"Redazione VareseNews\"},\"url\":\"https:\/\/staging.varesenews.it\/persona\/redazione1\/\"}]}<\/script>\n<!-- \/ Yoast SEO plugin. -->","yoast_head_json":{"title":"Donne e Pedali, il mondiale comincia dalle miss","description":"Selezionate nella serata del 20 settembre al Cycling stadium le sei ragazze che premieranno i ciclisti e faranno da \"portabandiera\" dei mondiali varesini","robots":{"index":"noindex","follow":"follow","max-snippet":"max-snippet:-1","max-image-preview":"max-image-preview:large","max-video-preview":"max-video-preview:-1"},"og_locale":"it_IT","og_type":"article","og_title":"Donne e Pedali, il mondiale comincia dalle miss","og_description":"Selezionate nella serata del 20 settembre al Cycling stadium le sei ragazze che premieranno i ciclisti e faranno da \"portabandiera\" dei mondiali varesini","og_url":"https:\/\/staging.varesenews.it\/2008\/09\/donne-e-pedali-il-mondiale-comincia-dalle-miss\/209721\/","og_site_name":"VareseNews","article_publisher":"https:\/\/www.facebook.com\/varesenews","article_published_time":"2008-09-21T00:00:00+00:00","og_image":[{"url":"https:\/\/www3.varesenews.it\/immagini_articoli\/200809\/miss1.jpg"}],"author":"Redazione VareseNews","twitter_card":"summary_large_image","twitter_creator":"@varesenews","twitter_site":"@varesenews","twitter_misc":{"Scritto da":"Redazione VareseNews","Tempo di lettura stimato":"3 minuti"},"schema":{"@context":"https:\/\/schema.org","@graph":[{"@type":"WebPage","@id":"https:\/\/staging.varesenews.it\/2008\/09\/donne-e-pedali-il-mondiale-comincia-dalle-miss\/209721\/","url":"https:\/\/staging.varesenews.it\/2008\/09\/donne-e-pedali-il-mondiale-comincia-dalle-miss\/209721\/","name":"Donne e Pedali, il mondiale comincia dalle miss","isPartOf":{"@id":"https:\/\/staging.varesenews.it\/#website"},"datePublished":"2008-09-21T00:00:00+00:00","dateModified":"2008-09-21T00:00:00+00:00","author":{"@id":"https:\/\/staging.varesenews.it\/#\/schema\/person\/fb20c4da0b7b16c291707a20db73e169"},"description":"Selezionate nella serata del 20 settembre al Cycling stadium le sei ragazze che premieranno i ciclisti e faranno da \"portabandiera\" dei mondiali varesini","breadcrumb":{"@id":"https:\/\/staging.varesenews.it\/2008\/09\/donne-e-pedali-il-mondiale-comincia-dalle-miss\/209721\/#breadcrumb"},"inLanguage":"it-IT","potentialAction":[{"@type":"ReadAction","target":["https:\/\/staging.varesenews.it\/2008\/09\/donne-e-pedali-il-mondiale-comincia-dalle-miss\/209721\/"]}]},{"@type":"BreadcrumbList","@id":"https:\/\/staging.varesenews.it\/2008\/09\/donne-e-pedali-il-mondiale-comincia-dalle-miss\/209721\/#breadcrumb","itemListElement":[{"@type":"ListItem","position":1,"name":"Home","item":"https:\/\/www.varesenews.it\/"},{"@type":"ListItem","position":2,"name":"Donne e Pedali, il mondiale comincia dalle miss"}]},{"@type":"WebSite","@id":"https:\/\/staging.varesenews.it\/#website","url":"https:\/\/staging.varesenews.it\/","name":"VareseNews","description":"","potentialAction":[{"@type":"SearchAction","target":{"@type":"EntryPoint","urlTemplate":"https:\/\/staging.varesenews.it\/?s={search_term_string}"},"query-input":"required name=search_term_string"}],"inLanguage":"it-IT"},{"@type":"Person","@id":"https:\/\/staging.varesenews.it\/#\/schema\/person\/fb20c4da0b7b16c291707a20db73e169","name":"Redazione VareseNews","image":{"@type":"ImageObject","inLanguage":"it-IT","@id":"https:\/\/staging.varesenews.it\/#\/schema\/person\/image\/","url":"https:\/\/staging.varesenews.it\/wp-content\/uploads\/2020\/12\/logo_VN_colori_500.png","contentUrl":"https:\/\/staging.varesenews.it\/wp-content\/uploads\/2020\/12\/logo_VN_colori_500.png","caption":"Redazione VareseNews"},"url":"https:\/\/staging.varesenews.it\/persona\/redazione1\/"}]}},"post_meta":{"id_old":"107332","argomento":"Varese","autore_old":"Stefania Radman (Foto di Salvatore Porcu)","id_link_fotogallery":"311617"},"photos":[],"_links":{"self":[{"href":"https:\/\/staging.varesenews.it\/swgapi\/v1\/wp\/v2\/posts\/209721"}],"collection":[{"href":"https:\/\/staging.varesenews.it\/swgapi\/v1\/wp\/v2\/posts"}],"about":[{"href":"https:\/\/staging.varesenews.it\/swgapi\/v1\/wp\/v2\/types\/post"}],"author":[{"embeddable":true,"href":"https:\/\/staging.varesenews.it\/swgapi\/v1\/wp\/v2\/users\/10"}],"replies":[{"embeddable":true,"href":"https:\/\/staging.varesenews.it\/swgapi\/v1\/wp\/v2\/comments?post=209721"}],"version-history":[{"count":0,"href":"https:\/\/staging.varesenews.it\/swgapi\/v1\/wp\/v2\/posts\/209721\/revisions"}],"wp:attachment":[{"href":"https:\/\/staging.varesenews.it\/swgapi\/v1\/wp\/v2\/media?parent=209721"}],"wp:term":[{"taxonomy":"category","embeddable":true,"href":"https:\/\/staging.varesenews.it\/swgapi\/v1\/wp\/v2\/categories?post=209721"},{"taxonomy":"post_tag","embeddable":true,"href":"https:\/\/staging.varesenews.it\/swgapi\/v1\/wp\/v2\/tags?post=209721"}],"curies":[{"name":"wp","href":"https:\/\/api.w.org\/{rel}","templated":true}]}}