{"id":213029,"date":"2008-07-08T00:00:00","date_gmt":"2008-07-08T00:00:00","guid":{"rendered":""},"modified":"2008-07-08T00:00:00","modified_gmt":"2008-07-08T00:00:00","slug":"ultimo-appuntamento-con-268-ajkovskij","status":"publish","type":"post","link":"https:\/\/staging.varesenews.it\/2008\/07\/ultimo-appuntamento-con-268-ajkovskij\/213029\/","title":{"rendered":"Ultimo appuntamento con &#268;ajkovskij"},"content":{"rendered":"<p class=\"MsoNormal\" style=\"MARGIN: 0cm 0cm 0pt\"><span style=\"FONT-FAMILY: Arial\"><img decoding=\"async\" hspace=\"3\" src=\"https:\/\/www3.varesenews.it\/immagini_articoli\/200807\/LEONARD%20ELSCHENBROICH.jpg\" align=\"left\" vspace=\"3\" border=\"0\" \/>Ottava edizione per il tradizionale appuntamento estivo con la musica a Villa Panza: Omaggio a &#268;ajkovskij \u00e8 il titolo della rassegna che il FAI \u2013 Fondo per l\u2019Ambiente Italiano, in collaborazione con il Maestro Fabio Sartorelli e con <personname w:st=\"on\" productid=\"la Societ\u00e0\">la Societ\u00e0<\/personname> del Quartetto di Milano, offre quest\u2019anno a tutti gli appassionati di musica classica. <\/p>\n<p \/><\/span><\/p>\n<p class=\"MsoNormal\" style=\"MARGIN: 0cm 0cm 0pt\"><span style=\"FONT-FAMILY: Arial\">Per tre straordinarie serate il cortile d\u2019onore della settecentesca Villa e collezione Panza diventa la romantica cornice di indimenticabili esibizioni musicali, affidate al talento di giovani artisti, vincitori di importanti concorsi internazionali: un pianista, un quartetto d\u2019archi e un duo violoncello e pianoforte. <\/p>\n<p \/><\/span><\/p>\n<p class=\"MsoNormal\" style=\"MARGIN: 0cm 0cm 0pt\"><span style=\"FONT-FAMILY: Arial\">Ultimo appuntamento della rassegna \u00e8 quello di gioved\u00ec 10 luglio con il giovane e talentuoso violoncellista Leonard Elschenbroich, vincitore dell\u2019ultima edizione del Borletti-Buitoni Trust,<span style=\"mso-spacerun: yes\">\u00a0 <\/span>iniziativa nata per sostenere e aiutare giovani talenti da tutto il mondo, e di altri prestigiosi premi. Accompagnato dalla pianista Polina Leschenko, Elschenbroich omagger\u00e0 Schumann (Fantasiest\u00fccke per violoncello e pianoforte), Prokof\u2019ev (Sonata per violoncello in do maggiore opera 119), Schnittke (Suite in old Style) e Chopin (Polonaise per violoncello e pianoforte), oltre che naturalmente &#268;ajkovskij, di cui saranno proposte piccole trascrizioni (Pezzo capriccioso opera 62; Valse Sentimentale; Herbstlied Melodie) nate nel segno di un virtuosismo e una leggerezza salottiere e qui proposte a corollario di una estiva spensieratezza.<\/p>\n<p \/><\/span><\/p>\n<p class=\"MsoNormal\" style=\"MARGIN: 0cm 0cm 0pt\"><span style=\"FONT-FAMILY: Arial\">I tre appuntamenti della rassegna compongono un Omaggio a &#268;ajkovskij che si configura come un vero e proprio viaggio di ampio respiro nella musica russa fra Otto e Novecento, il cui punto di partenza sono le inesauribili invenzioni musicali di &#268;ajkovskij e il punto d\u2019arrivo le profonde inquietudini di \u0160ostakovi&#269;. Se il primo porta a spettacolare perfezione le grandi e le piccole forme della tradizione romantica, il secondo le piega a disincantata visione del mondo, eleggendole a specchio ora grottesco, ora ironico, ora pessimistico della societ\u00e0 russa al tempo di Stalin. A met\u00e0 tra questi due estremi troviamo altri due grandissimi esponenti della musica russa: Sergej Rachmaninov, il compositore forse spiritualmente pi\u00f9 vicino a &#268;ajkovskij, e Sergej Prokof\u2019ev.<\/p>\n<p \/><\/span><\/p>\n<p class=\"MsoNormal\" style=\"MARGIN: 0cm 0cm 0pt\"><span style=\"FONT-FAMILY: Arial\"><\/p>\n<p>\u00a0<\/p>\n<p><\/span><\/p>\n<p class=\"MsoNormal\" style=\"MARGIN: 0cm 0cm 0pt\"><span style=\"FONT-FAMILY: Arial\"><\/p>\n<p>\u00a0<\/p>\n<p><\/span><\/p>\n<p class=\"MsoNormal\" style=\"MARGIN: 0cm 0cm 0pt\"><span style=\"FONT-FAMILY: Arial\">\u201cOmaggio a &#268;ajkovskij\u201d<\/p>\n<p \/><\/span><\/p>\n<p class=\"MsoNormal\" style=\"MARGIN: 0cm 0cm 0pt\"><span style=\"FONT-FAMILY: Arial\">Villa e Collezione Panza, Varese <\/p>\n<p \/><\/span><\/p>\n<p class=\"MsoNormal\" style=\"MARGIN: 0cm 0cm 0pt\"><span style=\"FONT-FAMILY: Arial\">gioved\u00ec 10 luglio 2008 ore 21.00<\/p>\n<p \/><\/span><\/p>\n<p class=\"MsoNormal\" style=\"MARGIN: 0cm 0cm 0pt\"><span style=\"FONT-FAMILY: Arial\"><\/p>\n<p>\u00a0<\/p>\n<p><\/span><\/p>\n<p class=\"MsoNormal\" style=\"MARGIN: 0cm 0cm 0pt\"><span style=\"FONT-FAMILY: Arial\">Leonard Elschenbroich, violoncello<\/p>\n<p \/><\/span><\/p>\n<p class=\"MsoNormal\" style=\"MARGIN: 0cm 0cm 0pt\"><span style=\"FONT-FAMILY: Arial\">Vincitore del Borletti-Buitoni Trust e Landgraf-v-Hessen-Prize \u2013 Kronberg Cello Festival, 2008<\/p>\n<p \/><\/span><\/p>\n<p class=\"MsoNormal\" style=\"MARGIN: 0cm 0cm 0pt\"><span lang=\"EN-GB\" style=\"FONT-FAMILY: Arial; mso-ansi-language: EN-GB\">Top Cellist Prize \u2013 Verbier Academy, 2003<\/p>\n<p \/><\/span><\/p>\n<p class=\"MsoNormal\" style=\"MARGIN: 0cm 0cm 0pt\"><span style=\"FONT-FAMILY: Arial\">Polina Leschenko, pianoforte <\/p>\n<p \/><\/span><\/p>\n<p class=\"MsoNormal\" style=\"MARGIN: 0cm 0cm 0pt\"><span style=\"FONT-FAMILY: Arial\">Musiche di Chopin, Schumann, &#268;ajkovskij, Schnittke Prokof\u2019ev<\/p>\n<p \/><\/span><\/p>\n<p class=\"MsoNormal\" style=\"MARGIN: 0cm 0cm 0pt\"><span style=\"FONT-FAMILY: Arial\">In caso di cattivo tempo i concerti si terranno al Teatro Apollonio di Varese \u2013 piazza Repubblica.<\/p>\n<p \/><\/span><\/p>\n<p class=\"MsoNormal\" style=\"MARGIN: 0cm 0cm 0pt\"><span style=\"FONT-FAMILY: Arial\">Entrata: \u20ac 25 (Aderenti FAI e Soci del Quartetto di Milano: \u20ac 22) <\/p>\n<p \/><\/span><\/p>\n<p class=\"MsoNormal\" style=\"MARGIN: 0cm 0cm 0pt\"><span style=\"FONT-FAMILY: Arial\">Abbonamenti per tre concerti: \u20ac 75 (Aderenti FAI e Soci del Quartetto di Milano: \u20ac 60) <\/p>\n<p \/><\/span><\/p>\n<p class=\"MsoNormal\" style=\"MARGIN: 0cm 0cm 0pt\"><span style=\"FONT-FAMILY: Arial\">Orario: 21.00<\/p>\n<p \/><\/span><\/p>\n<p class=\"MsoNormal\" style=\"MARGIN: 0cm 0cm 0pt\"><span style=\"FONT-FAMILY: Arial\">Per informazioni e prenotazioni: <\/p>\n<p \/><\/span><\/p>\n<p class=\"MsoNormal\" style=\"MARGIN: 0cm 0cm 0pt\"><span style=\"FONT-FAMILY: Arial\">Villa e Collezione Panza. Dal marted\u00ec alla domenica ore 10-18: tel. <span onmouseup=\"function anonymous()\n{\nskype_tb_imgOnOff(this,1,'0',true,16,'');return skype_tb_stopEvents();\n}\" class=\"skype_tb_injection\" onmousedown=\"function anonymous()\n{\nskype_tb_imgOnOff(this,2,'0',true,16,'');return skype_tb_stopEvents();\n}\" id=\"softomate_highlight_0\" onmouseover=\"function anonymous()\n{\nskype_tb_imgOnOff(this,1,'0',true,16,'');\n}\" title=\"Call this phone number in Italy with Skype: +390332283960\" onclick=\"function anonymous()\n{\ndoRunCMD('call','0',null,0);return skype_tb_stopEvents();\n}\" onmouseout=\"function anonymous()\n{\nskype_tb_imgOnOff(this,0,'0',true,16,'');\n}\" context=\"0332\/283960\" durex=\"0\" iamrtl=\"0\"><span onmouseup=\"function anonymous()\n{\ndoSkypeFlag(this,'0',1,1,16);return skype_tb_stopEvents();\n}\" class=\"skype_tb_imgA\" onmousedown=\"function anonymous()\n{\ndoSkypeFlag(this,'0',2,1,16);return skype_tb_stopEvents();\n}\" id=\"skype_tb_droppart_0\" onmouseover=\"function anonymous()\n{\ndoSkypeFlag(this,'0',1,1,16);\n}\" title=\"Skype actions\" style=\"BACKGROUND-IMAGE: url(C:\\DOCUME~1\\radman\\IMPOST~1\\Temp\\__SkypeIEToolbar_Cache\\265fe28f6d4bb9d9489ccac49c19ace0\\static\\inactive_a.compat.flex.w16.gif)\" onclick=\"function anonymous()\n{\nskype_tb_SwitchDrop(this,'0','sms=0');return skype_tb_stopEvents();\n}\" onmouseout=\"function anonymous()\n{\ndoSkypeFlag(this,'0',0,1,16);\n}\"><span class=\"skype_tb_imgFlag\" id=\"skype_tb_img_f0\" style=\"BACKGROUND-IMAGE: url(C:\\DOCUME~1\\radman\\IMPOST~1\\Temp\\__SkypeIEToolbar_Cache\\265fe28f6d4bb9d9489ccac49c19ace0\\static\\famfamfam\/IT.gif)\"><\/span><\/span><span class=\"skype_tb_imgS\" id=\"skype_tb_img_s0\" style=\"BACKGROUND-IMAGE: url(C:\\DOCUME~1\\radman\\IMPOST~1\\Temp\\__SkypeIEToolbar_Cache\\265fe28f6d4bb9d9489ccac49c19ace0\\static\\inactive_s.compat.gif)\"><\/span><span class=\"skype_tb_injectionIn\" id=\"skype_tb_text0\" style=\"BACKGROUND-IMAGE: url(C:\\DOCUME~1\\radman\\IMPOST~1\\Temp\\__SkypeIEToolbar_Cache\\265fe28f6d4bb9d9489ccac49c19ace0\\static\\inactive_m.compat.gif)\"><span class=\"skype_tb_innerText\" id=\"skype_tb_innerText0\">0332\/283960<\/span><\/span><span class=\"skype_tb_imgR\" id=\"skype_tb_img_r0\" style=\"BACKGROUND-IMAGE: url(C:\\DOCUME~1\\radman\\IMPOST~1\\Temp\\__SkypeIEToolbar_Cache\\265fe28f6d4bb9d9489ccac49c19ace0\\static\\inactive_r.compat.gif)\"><\/span><\/span> faibiumo@fondoambiente.it <\/p>\n<p \/><\/span><\/p>\n<p class=\"MsoNormal\" style=\"MARGIN: 0cm 0cm 0pt\"><span style=\"FONT-FAMILY: Arial\">Societ\u00e0 del Quartetto di Milano. Dal luned\u00ec al venerd\u00ec ore 13.30-17.30: tel. <span onmouseup=\"function anonymous()\n{\nskype_tb_imgOnOff(this,1,'1',true,16,'');return skype_tb_stopEvents();\n}\" class=\"skype_tb_injection\" onmousedown=\"function anonymous()\n{\nskype_tb_imgOnOff(this,2,'1',true,16,'');return skype_tb_stopEvents();\n}\" id=\"softomate_highlight_1\" onmouseover=\"function anonymous()\n{\nskype_tb_imgOnOff(this,1,'1',true,16,'');\n}\" title=\"Call this phone number in Italy with Skype: +3902795393\" onclick=\"function anonymous()\n{\ndoRunCMD('call','1',null,0);return skype_tb_stopEvents();\n}\" onmouseout=\"function anonymous()\n{\nskype_tb_imgOnOff(this,0,'1',true,16,'');\n}\" context=\"02\/795393\" durex=\"0\" iamrtl=\"0\"><span onmouseup=\"function anonymous()\n{\ndoSkypeFlag(this,'1',1,1,16);return skype_tb_stopEvents();\n}\" class=\"skype_tb_imgA\" onmousedown=\"function anonymous()\n{\ndoSkypeFlag(this,'1',2,1,16);return skype_tb_stopEvents();\n}\" id=\"skype_tb_droppart_1\" onmouseover=\"function anonymous()\n{\ndoSkypeFlag(this,'1',1,1,16);\n}\" title=\"Skype actions\" style=\"BACKGROUND-IMAGE: url(C:\\DOCUME~1\\radman\\IMPOST~1\\Temp\\__SkypeIEToolbar_Cache\\265fe28f6d4bb9d9489ccac49c19ace0\\static\\inactive_a.compat.flex.w16.gif)\" onclick=\"function anonymous()\n{\nskype_tb_SwitchDrop(this,'1','sms=0');return skype_tb_stopEvents();\n}\" onmouseout=\"function anonymous()\n{\ndoSkypeFlag(this,'1',0,1,16);\n}\"><span class=\"skype_tb_imgFlag\" id=\"skype_tb_img_f1\" style=\"BACKGROUND-IMAGE: url(C:\\DOCUME~1\\radman\\IMPOST~1\\Temp\\__SkypeIEToolbar_Cache\\265fe28f6d4bb9d9489ccac49c19ace0\\static\\famfamfam\/IT.gif)\"><\/span><\/span><span class=\"skype_tb_imgS\" id=\"skype_tb_img_s1\"><\/span><span class=\"skype_tb_injectionIn\" id=\"skype_tb_text1\"><span class=\"skype_tb_innerText\" id=\"skype_tb_innerText1\">02\/795393<\/span><\/span><span class=\"skype_tb_imgR\" id=\"skype_tb_img_r1\"><\/span><\/span><\/span><\/p>\n<p class=\"MsoNormal\" style=\"MARGIN: 0cm 0cm 0pt\"><span style=\"FONT-FAMILY: Arial\">www.quartettomilano.it<\/p>\n<p \/><\/span><\/p>\n","protected":false},"excerpt":{"rendered":"<p>A Villa Panza concerto finale del ciclo dedicato al grande compositore<\/p>\n","protected":false},"author":10,"featured_media":0,"comment_status":"open","ping_status":"open","sticky":false,"template":"","format":"standard","meta":{"footnotes":""},"categories":[20],"tags":[],"acf":[],"yoast_head":"<!-- This site is optimized with the Yoast SEO plugin v20.1 - https:\/\/yoast.com\/wordpress\/plugins\/seo\/ -->\n<title>Ultimo appuntamento con &#268;ajkovskij<\/title>\n<meta name=\"description\" content=\"A Villa Panza concerto finale del ciclo dedicato al grande compositore\" \/>\n<meta name=\"robots\" content=\"noindex, follow, max-snippet:-1, max-image-preview:large, max-video-preview:-1\" \/>\n<meta property=\"og:locale\" content=\"it_IT\" \/>\n<meta property=\"og:type\" content=\"article\" \/>\n<meta property=\"og:title\" content=\"Ultimo appuntamento con &#268;ajkovskij\" \/>\n<meta property=\"og:description\" content=\"A Villa Panza concerto finale del ciclo dedicato al grande compositore\" \/>\n<meta property=\"og:url\" content=\"https:\/\/staging.varesenews.it\/2008\/07\/ultimo-appuntamento-con-268-ajkovskij\/213029\/\" \/>\n<meta property=\"og:site_name\" content=\"VareseNews\" \/>\n<meta property=\"article:publisher\" content=\"https:\/\/www.facebook.com\/varesenews\" \/>\n<meta property=\"article:published_time\" content=\"2008-07-08T00:00:00+00:00\" \/>\n<meta property=\"og:image\" content=\"https:\/\/www3.varesenews.it\/immagini_articoli\/200807\/LEONARD%20ELSCHENBROICH.jpg\" \/>\n<meta name=\"author\" content=\"Redazione VareseNews\" \/>\n<meta name=\"twitter:card\" content=\"summary_large_image\" \/>\n<meta name=\"twitter:creator\" content=\"@varesenews\" \/>\n<meta name=\"twitter:site\" content=\"@varesenews\" \/>\n<meta name=\"twitter:label1\" content=\"Scritto da\" \/>\n\t<meta name=\"twitter:data1\" content=\"Redazione VareseNews\" \/>\n\t<meta name=\"twitter:label2\" content=\"Tempo di lettura stimato\" \/>\n\t<meta name=\"twitter:data2\" content=\"2 minuti\" \/>\n<script type=\"application\/ld+json\" class=\"yoast-schema-graph\">{\"@context\":\"https:\/\/schema.org\",\"@graph\":[{\"@type\":\"WebPage\",\"@id\":\"https:\/\/staging.varesenews.it\/2008\/07\/ultimo-appuntamento-con-268-ajkovskij\/213029\/\",\"url\":\"https:\/\/staging.varesenews.it\/2008\/07\/ultimo-appuntamento-con-268-ajkovskij\/213029\/\",\"name\":\"Ultimo appuntamento con &#268;ajkovskij\",\"isPartOf\":{\"@id\":\"https:\/\/staging.varesenews.it\/#website\"},\"datePublished\":\"2008-07-08T00:00:00+00:00\",\"dateModified\":\"2008-07-08T00:00:00+00:00\",\"author\":{\"@id\":\"https:\/\/staging.varesenews.it\/#\/schema\/person\/fb20c4da0b7b16c291707a20db73e169\"},\"description\":\"A Villa Panza concerto finale del ciclo dedicato al grande compositore\",\"breadcrumb\":{\"@id\":\"https:\/\/staging.varesenews.it\/2008\/07\/ultimo-appuntamento-con-268-ajkovskij\/213029\/#breadcrumb\"},\"inLanguage\":\"it-IT\",\"potentialAction\":[{\"@type\":\"ReadAction\",\"target\":[\"https:\/\/staging.varesenews.it\/2008\/07\/ultimo-appuntamento-con-268-ajkovskij\/213029\/\"]}]},{\"@type\":\"BreadcrumbList\",\"@id\":\"https:\/\/staging.varesenews.it\/2008\/07\/ultimo-appuntamento-con-268-ajkovskij\/213029\/#breadcrumb\",\"itemListElement\":[{\"@type\":\"ListItem\",\"position\":1,\"name\":\"Home\",\"item\":\"https:\/\/www.varesenews.it\/\"},{\"@type\":\"ListItem\",\"position\":2,\"name\":\"Ultimo appuntamento con &#268;ajkovskij\"}]},{\"@type\":\"WebSite\",\"@id\":\"https:\/\/staging.varesenews.it\/#website\",\"url\":\"https:\/\/staging.varesenews.it\/\",\"name\":\"VareseNews\",\"description\":\"\",\"potentialAction\":[{\"@type\":\"SearchAction\",\"target\":{\"@type\":\"EntryPoint\",\"urlTemplate\":\"https:\/\/staging.varesenews.it\/?s={search_term_string}\"},\"query-input\":\"required name=search_term_string\"}],\"inLanguage\":\"it-IT\"},{\"@type\":\"Person\",\"@id\":\"https:\/\/staging.varesenews.it\/#\/schema\/person\/fb20c4da0b7b16c291707a20db73e169\",\"name\":\"Redazione VareseNews\",\"image\":{\"@type\":\"ImageObject\",\"inLanguage\":\"it-IT\",\"@id\":\"https:\/\/staging.varesenews.it\/#\/schema\/person\/image\/\",\"url\":\"https:\/\/staging.varesenews.it\/wp-content\/uploads\/2020\/12\/logo_VN_colori_500.png\",\"contentUrl\":\"https:\/\/staging.varesenews.it\/wp-content\/uploads\/2020\/12\/logo_VN_colori_500.png\",\"caption\":\"Redazione VareseNews\"},\"url\":\"https:\/\/staging.varesenews.it\/persona\/redazione1\/\"}]}<\/script>\n<!-- \/ Yoast SEO plugin. -->","yoast_head_json":{"title":"Ultimo appuntamento con &#268;ajkovskij","description":"A Villa Panza concerto finale del ciclo dedicato al grande compositore","robots":{"index":"noindex","follow":"follow","max-snippet":"max-snippet:-1","max-image-preview":"max-image-preview:large","max-video-preview":"max-video-preview:-1"},"og_locale":"it_IT","og_type":"article","og_title":"Ultimo appuntamento con &#268;ajkovskij","og_description":"A Villa Panza concerto finale del ciclo dedicato al grande compositore","og_url":"https:\/\/staging.varesenews.it\/2008\/07\/ultimo-appuntamento-con-268-ajkovskij\/213029\/","og_site_name":"VareseNews","article_publisher":"https:\/\/www.facebook.com\/varesenews","article_published_time":"2008-07-08T00:00:00+00:00","og_image":[{"url":"https:\/\/www3.varesenews.it\/immagini_articoli\/200807\/LEONARD%20ELSCHENBROICH.jpg"}],"author":"Redazione VareseNews","twitter_card":"summary_large_image","twitter_creator":"@varesenews","twitter_site":"@varesenews","twitter_misc":{"Scritto da":"Redazione VareseNews","Tempo di lettura stimato":"2 minuti"},"schema":{"@context":"https:\/\/schema.org","@graph":[{"@type":"WebPage","@id":"https:\/\/staging.varesenews.it\/2008\/07\/ultimo-appuntamento-con-268-ajkovskij\/213029\/","url":"https:\/\/staging.varesenews.it\/2008\/07\/ultimo-appuntamento-con-268-ajkovskij\/213029\/","name":"Ultimo appuntamento con &#268;ajkovskij","isPartOf":{"@id":"https:\/\/staging.varesenews.it\/#website"},"datePublished":"2008-07-08T00:00:00+00:00","dateModified":"2008-07-08T00:00:00+00:00","author":{"@id":"https:\/\/staging.varesenews.it\/#\/schema\/person\/fb20c4da0b7b16c291707a20db73e169"},"description":"A Villa Panza concerto finale del ciclo dedicato al grande compositore","breadcrumb":{"@id":"https:\/\/staging.varesenews.it\/2008\/07\/ultimo-appuntamento-con-268-ajkovskij\/213029\/#breadcrumb"},"inLanguage":"it-IT","potentialAction":[{"@type":"ReadAction","target":["https:\/\/staging.varesenews.it\/2008\/07\/ultimo-appuntamento-con-268-ajkovskij\/213029\/"]}]},{"@type":"BreadcrumbList","@id":"https:\/\/staging.varesenews.it\/2008\/07\/ultimo-appuntamento-con-268-ajkovskij\/213029\/#breadcrumb","itemListElement":[{"@type":"ListItem","position":1,"name":"Home","item":"https:\/\/www.varesenews.it\/"},{"@type":"ListItem","position":2,"name":"Ultimo appuntamento con &#268;ajkovskij"}]},{"@type":"WebSite","@id":"https:\/\/staging.varesenews.it\/#website","url":"https:\/\/staging.varesenews.it\/","name":"VareseNews","description":"","potentialAction":[{"@type":"SearchAction","target":{"@type":"EntryPoint","urlTemplate":"https:\/\/staging.varesenews.it\/?s={search_term_string}"},"query-input":"required name=search_term_string"}],"inLanguage":"it-IT"},{"@type":"Person","@id":"https:\/\/staging.varesenews.it\/#\/schema\/person\/fb20c4da0b7b16c291707a20db73e169","name":"Redazione VareseNews","image":{"@type":"ImageObject","inLanguage":"it-IT","@id":"https:\/\/staging.varesenews.it\/#\/schema\/person\/image\/","url":"https:\/\/staging.varesenews.it\/wp-content\/uploads\/2020\/12\/logo_VN_colori_500.png","contentUrl":"https:\/\/staging.varesenews.it\/wp-content\/uploads\/2020\/12\/logo_VN_colori_500.png","caption":"Redazione VareseNews"},"url":"https:\/\/staging.varesenews.it\/persona\/redazione1\/"}]}},"post_meta":{"id_old":"103102","argomento":"Varese"},"photos":[],"_links":{"self":[{"href":"https:\/\/staging.varesenews.it\/swgapi\/v1\/wp\/v2\/posts\/213029"}],"collection":[{"href":"https:\/\/staging.varesenews.it\/swgapi\/v1\/wp\/v2\/posts"}],"about":[{"href":"https:\/\/staging.varesenews.it\/swgapi\/v1\/wp\/v2\/types\/post"}],"author":[{"embeddable":true,"href":"https:\/\/staging.varesenews.it\/swgapi\/v1\/wp\/v2\/users\/10"}],"replies":[{"embeddable":true,"href":"https:\/\/staging.varesenews.it\/swgapi\/v1\/wp\/v2\/comments?post=213029"}],"version-history":[{"count":0,"href":"https:\/\/staging.varesenews.it\/swgapi\/v1\/wp\/v2\/posts\/213029\/revisions"}],"wp:attachment":[{"href":"https:\/\/staging.varesenews.it\/swgapi\/v1\/wp\/v2\/media?parent=213029"}],"wp:term":[{"taxonomy":"category","embeddable":true,"href":"https:\/\/staging.varesenews.it\/swgapi\/v1\/wp\/v2\/categories?post=213029"},{"taxonomy":"post_tag","embeddable":true,"href":"https:\/\/staging.varesenews.it\/swgapi\/v1\/wp\/v2\/tags?post=213029"}],"curies":[{"name":"wp","href":"https:\/\/api.w.org\/{rel}","templated":true}]}}