{"id":213430,"date":"2008-06-30T00:00:00","date_gmt":"2008-06-30T00:00:00","guid":{"rendered":""},"modified":"2008-06-30T00:00:00","modified_gmt":"2008-06-30T00:00:00","slug":"paccioretti-basta-invenzioni-per-me-parlano-i-fatti","status":"publish","type":"post","link":"https:\/\/staging.varesenews.it\/2008\/06\/paccioretti-basta-invenzioni-per-me-parlano-i-fatti\/213430\/","title":{"rendered":"Paccioretti: &#8220;Basta invenzioni, per me parlano i fatti&#8221;"},"content":{"rendered":"<p><i style=\"mso-bidi-font-style: normal\"><\/p>\n<p \/>\n<p class=\"MsoNormal\" style=\"MARGIN: 0cm 0cm 0pt\"><i style=\"mso-bidi-font-style: normal\">Emilio Paccioretti, ex assessore di Somarate, replica con una nota inviata alla redazione a quelle che lui stesso definisce \u201ccattiverie di chi ha il tempo di inventarsi una realt\u00e0 tutta sua\u201d. Si tratta delle accuse delle minoranze (Lega Nord e Pdl in testa, ma anche la Lista Civica) e dei sospetti che le opposizioni hanno sparso a piene mani nelle ultime settimane. Di seguito le parole dell\u2019ex assessore Paccioretti, passato alla direzione della Fondazione Montevecchio<\/i><\/p>\n<p \/>\n<p class=\"MsoNormal\" style=\"MARGIN: 0cm 0cm 0pt\">Ci sono persone che hanno del gran tempo da perdere e amano inventarsi la realt\u00e0 all\u2019insegna di una discreta fantasia e perfidia, con l\u2019obiettivo di cercare di screditare<span style=\"mso-spacerun: yes\">\u00a0 <\/span>le persone. Ma i fatti sono pi\u00f9 forti delle parole.\u00a0<\/p>\n<p \/>\n<p class=\"MsoNormal\" style=\"MARGIN: 0cm 0cm 0pt\">La proposta deliberativa delle<span style=\"mso-spacerun: yes\">\u00a0 <\/span>minoranze di ben 6-7 pagine, che mi riguarda, e scritta con lo stesso stile delle lettere anonime che a arrivano ogni tanto in comune, piene di ingiurie velate, allusioni vigliacche etc. La trasmetter\u00f2 al Comandante dei Carabinieri chiedendo l\u2019apertura di un indagine, perch\u00e9 probabilmente tra i firmatari si nasconde uno<span style=\"mso-spacerun: yes\">\u00a0 <\/span>o pi\u00f9 diffamatori in genere anonimi.<\/p>\n<p \/>\n<p class=\"MsoNormal\" style=\"MARGIN: 0cm 0cm 0pt\">Il contenuto del lungo documento si pu\u00f2 riassumere in tre\/quattro punti.\u00a0<\/p>\n<p \/>\n<p class=\"MsoNormal\" style=\"MARGIN: 0cm 0cm 0pt\">a)<span style=\"mso-tab-count: 1\">\u00a0\u00a0\u00a0\u00a0\u00a0\u00a0\u00a0\u00a0 <\/span>Una serie di illazioni basate sul nulla. <\/p>\n<p \/>\n<p class=\"MsoNormal\" style=\"MARGIN: 0cm 0cm 0pt\">b)<span style=\"mso-tab-count: 1\">\u00a0\u00a0\u00a0\u00a0\u00a0\u00a0\u00a0\u00a0 <\/span>Sottovalutazione e sopravvalutazione del ruolo del sottoscritto. O ho fatto troppo o troppo poco. Una cosa o l\u2019altra. Impossibile tutte due insieme.\u201dSindaco Ombra\u201d \u00e8 un ruolo che non mi si addice, perch\u00e9 purtroppo tendo sempre ad espormi in prima persona. Le persone ombra hanno altre caratteristiche.<\/p>\n<p \/>\n<p class=\"MsoNormal\" style=\"MARGIN: 0cm 0cm 0pt\">c)<span style=\"mso-tab-count: 1\">\u00a0\u00a0\u00a0\u00a0\u00a0\u00a0\u00a0\u00a0 <\/span>Non rassegnazione ad essere stati esclusi dopo 12 dall\u2019amministrazione grazie anche al contributo del sottoscritto, che nel frattempo si sta dando da fare perch\u00e9 questa esclusione continui anche per la prossima legislatura. Visti gli oppositori non dovrebbe essere difficile.<\/p>\n<p \/>\n<p class=\"MsoNormal\" style=\"MARGIN: 0cm 0cm 0pt\">d)<span style=\"mso-tab-count: 1\">\u00a0\u00a0\u00a0\u00a0\u00a0\u00a0\u00a0\u00a0 <\/span>Grande attenzione alle questioni urbanistiche, per le quali lo scrivente si \u00e8 impegnato proprio nel senso opposto: tagliare fuori operatori locali che sostanzialmente vivevano prevalentemente di commesse pubbliche, progettate malamente, dai costi incrementali etc. Il criterio che in questi casi ho cercato e cerco di applicare e di parlare e coinvolgere direttamente i proprietari. Per evitare ad es, che qualcuno in commissione si opponga ad es. all\u2019acquisto di bene pubblico, mentre su un altro tavolo tratti un suo mandato d\u2019agenzia, privato, per la la vendita quale intermediario della stessa propriet\u00e0. Mi sono battuto e mi batto per risolvere l\u2019obbrobrio del centro storico, pzza e dintorni, di S.Macario. In<span style=\"mso-spacerun: yes\">\u00a0 <\/span>uno stato di degrado, totale grazie anche al contributo dei uno dei primi firmatari del documento, che con un pezzo di casa in via S.Michele al Carso da anni compromette la sicurezza dei passanti. Per cui colgo l\u2019occasione per invitare<span style=\"mso-spacerun: yes\">\u00a0 <\/span>l\u2019ufficio tecnico e i vigili urbani a fare uno scrupoloso sopraluogo perch\u00e9 al pi\u00f9 presto l\u2019edificio venga messo in sicurezza a spese del proprietario, sempre pronto a dare lezione di interesse pubblico a tutti.\u00a0\u00a0<\/p>\n<p \/>\n<p class=\"MsoNormal\" style=\"MARGIN: 0cm 0cm 0pt\">Personalmente sia come cittadino, che come tecnico con un ruolo e fine importante: salvaguardare e valorizzare Villa Montevecchio come patrimonio dell\u2019intera comunit\u00e0, continuer\u00f2 a far parte di questa amministrazione e a seguire come membro di maggioranza le questioni di maggior interesse per lo sviluppo della citt\u00e0: PII., Centri storici, PGT, lavori pubblici, etc.\u00a0<\/p>\n<p \/>\n<p class=\"MsoNormal\" style=\"MARGIN: 0cm 0cm 0pt\">Vicenda delle mie dimissioni. Come sanno i ben informati di maggioranza e minoranza, avevo deciso di dimettermi da sei mesi proprio per dar vita alla fondazione Montevecchio (altro bene a lungo trascurato dalle amministrazioni precedenti, neppure l\u2019accatastamento era stato fatto, la villa risultava ancora come abitazione civile), la vicenda precari \u00e8 coincisa con la costituzione della fondazione e le dimissioni conseguenti. Non male, in fondo si \u00e8 data visibilit\u00e0 a due impostazioni diverse. Quale sia di interesse di piccole corporazioni parasindacali, invece che della maggioranza dei cittadini basta parlare con la gente per strada la domenica mattina o nei bar. La gente ha capito sia i ricatti di una minoranza di parenti, moglie, cognate, mamme, suocere e mariti coalizzati in una sorta di sindacato, sia la strumentalit\u00e0 della minoranza.\u00a0\u00a0<\/p>\n<p \/>\n<p class=\"MsoNormal\" style=\"MARGIN: 0cm 0cm 0pt\">Ci tengo a ribadire che in tutto il periodo in cui io ho fatto l\u2019assessore mai sono stato in conflitto di interesse ( tanto meno per i corsi di formazione, svolti dagli stessi che in Universit\u00e0 lavorano per la Regione Lombardia, Comune limitrofi di centro destra, provincia, etc.) , come invece qualche consigliere di minoranza e,<span style=\"mso-spacerun: yes\">\u00a0 <\/span>nella vicenda precari anche di maggioranza, costretti ad abbandonare l\u2019aula perch\u00e9 erano in approvazione progetti propri o l\u2019assunzione di propri congiunti.<\/p>\n<p \/>\n<p class=\"MsoNormal\" style=\"MARGIN: 0cm 0cm 0pt\">Di fatto non mi sono mai occupato di gestione del personale, ma solo di introdurre sistemi di pianificazione e controllo. Dai dipendenti comunali che hanno collaborato con me non ho avuto che la massima disponibilit\u00e0 e collaborazione. Da loro ho ricevuto e continuo a ricevere attestati di stima e nostalgia in merito alla mia partenza. Ancora oggi qualcuno che sperava nell\u2019isolamento di pochi facinorosi che condizionano tutti, mi accusano di non aver completato l\u2019opera. Rimpiangono la mia franchezza<span style=\"mso-spacerun: yes\">\u00a0 <\/span>nel denunciare modi di lavorare, processi troppo burocratici, orari inadeguati ai bisogni dei cittadini e dei servizi, etc. Speriamo tutti nel ministro Brunetta, nella on. Lanzillotta, o nell\u2019on. Ichino, ex avvocato sindacale, oggi prof Universitario e parlamentare PD, del quale consiglio \u201cI nulla facenti\u201d ed Oscar Mondatori 9\u20ac , e che al di l\u00e0 del titolo paradossale \u00e8 un libricino di amore per la Pubblica Amministrazione.\u00a0<\/p>\n<p \/>\n<p class=\"MsoNormal\" style=\"MARGIN: 0cm 0cm 0pt\">Le mie piccole indennit\u00e0 contrariamente a chi arraffa anche quelle, sono state spese tutte in attivit\u00e0 pubblica per la rappresentanza del ruolo che ricoprivo e l\u2019ultima di Presidente del CdA, della Fondazione Montevecchio di 3000\u20ac lordi, impostami dal notaio come rappresentante legale della Fondazione, per l\u2019assicurazione sulla responsabilit\u00e0 civile di tutti i membri del Consiglio di amministrazione.\u00a0\u00a0<\/p>\n<p \/>\n<p class=\"MsoNormal\" style=\"MARGIN: 0cm 0cm 0pt\">Ritengo che per quanto riguarda Samarate, il risultato elettorale del PD non sia per nulla stato un flop. Pur senza il sostegno di nessun piccolo apparato dei vecchi partiti, il risultato \u00e8 stato tra i primi della provincia. (indebolito nel collegio per lo scarso risultato di Lonate dove il PD \u00e8 all\u2019opposizione). Anzi ritengo che una candidatura come la mia e pi\u00f9 del 22% di consensi abbia espresso un bisogno di PD \u201cscevro da vecchie storie e appartenenze\u201d<span style=\"mso-spacerun: yes\">\u00a0 <\/span>senza particolari sfumature e una forte base di partenza per far chiarezza di tutti gli opportunismi che un\u2019alleanza come l\u2019Unione si portava dentro a livello nazionale e si porta dentro a livello locale. L\u2019opposizione di centro destra forse questo lo intuisce grazie a qualche spione della maggioranza , ma gioca male, scegliendosi sempre interlocutori e temi sbagliati che da soli bastano a ricompattare la maggioranza che anzi senza i miei strappi secondo il loro ragionamento non potr\u00e0 che essere pi\u00f9 forte di prima.\u00a0<\/p>\n<p \/>\n<p class=\"MsoNormal\" style=\"MARGIN: 0cm 0cm 0pt\">Se questo sar\u00e0 il risultato bene ! Tutti pi\u00f9 tranquilli e ciascuno al proprio posto. L\u2019opposizione all\u2019opposizione, la maggioranza alla maggioranza ed io in una posizione dove lavorer\u00f2 come ho sempre lavorato perch\u00e9 questa maggioranza arrivi alla fine del mandato. Spero di riuscire a fare bene quello che so fare. Con ambizioni ben al di l\u00e0 per\u00f2 del livello locale o provinciale (ente che si vuole sciogliere), ma bens\u00ec a livello GLOCALE come si dice oggi: una sintesi di una visione e azione in mondo globale, pur senza perdere la propria identit\u00e0 territoriale. Una dimensione dove siamo gi\u00e0 tutti immersi, solo che alcuni \u00e8 bene che stiano a livello locale, al chiuso delle<span style=\"mso-spacerun: yes\">\u00a0 <\/span>polemiche inutili in Consiglio Comunale e facendo parlare di s\u00e9 al massimo sulla Prealpina evitando di fare brutte figure fuori da Samarate.\u00a0<\/p>\n<p \/>\n<p class=\"MsoNormal\" style=\"MARGIN: 0cm 0cm 0pt\">Gradirei<span style=\"mso-spacerun: yes\">\u00a0 <\/span>inoltre che i giovani giornalisti che prendono per oro colato tutto quello che qualcuno gli passa, pur di scrivere un pezzo che qualcuno gli paga , verificassero i documenti e in questo caso noterebbero che su quello di mia censura<span style=\"mso-spacerun: yes\">\u00a0 <\/span>manca una firma importante. Credo non sia casuale perch\u00e9 l\u2019interessato sa le cose come stanno veramente e con questa non firma ha dimostrato un senso della propria dignit\u00e0 politica che i suoi colleghi non sempre hanno. Non a caso \u00e8 l\u2019unico politicamente capace di intendere e volere. Con lui e con altre persone ragionevoli, oggi fuori dalla Giunta cercher\u00f2 di dialogare per costruire a Samarate un PD nuovo e per la prossima legislatura una maggioranza pi\u00f9 compatta.\u00a0<\/p>\n<p \/>\n<p class=\"MsoNormal\" style=\"MARGIN: 0cm 0cm 0pt\">D\u2019ora in avanti spero che i miei oppositori la smettano, parler\u00f2 solo della Fondazione Montevecchio e del suo sviluppo, un bene da rivalorizzare rapidamente, pena la denuncia di tutti quelli che negli anni precedenti l\u2019hanno pesantemente trascurato.\u00a0<\/p>\n<p \/>\n<p class=\"MsoNormal\" style=\"MARGIN: 0cm 0cm 0pt\">Emilio Paccioretti<\/p>\n<p><\/i>\u00a0<\/p>\n","protected":false},"excerpt":{"rendered":"<p>L&#8217;ex assessore replica con una nota a quelle che lui stesso definisce \u201ccattiverie di chi ha il tempo di inventarsi una realt\u00e0 tutta sua&#8221;<\/p>\n","protected":false},"author":10,"featured_media":0,"comment_status":"open","ping_status":"open","sticky":false,"template":"","format":"standard","meta":{"footnotes":""},"categories":[3],"tags":[],"acf":[],"yoast_head":"<!-- This site is optimized with the Yoast SEO plugin v20.1 - https:\/\/yoast.com\/wordpress\/plugins\/seo\/ -->\n<title>Paccioretti: &quot;Basta invenzioni, per me parlano i fatti&quot;<\/title>\n<meta name=\"description\" content=\"L&#039;ex assessore replica con una nota a quelle che lui stesso definisce \u201ccattiverie di chi ha il tempo di inventarsi una realt\u00e0 tutta sua&quot;\" \/>\n<meta name=\"robots\" content=\"noindex, follow, max-snippet:-1, max-image-preview:large, max-video-preview:-1\" \/>\n<meta property=\"og:locale\" content=\"it_IT\" \/>\n<meta property=\"og:type\" content=\"article\" \/>\n<meta property=\"og:title\" content=\"Paccioretti: &quot;Basta invenzioni, per me parlano i fatti&quot;\" \/>\n<meta property=\"og:description\" content=\"L&#039;ex assessore replica con una nota a quelle che lui stesso definisce \u201ccattiverie di chi ha il tempo di inventarsi una realt\u00e0 tutta sua&quot;\" \/>\n<meta property=\"og:url\" content=\"https:\/\/staging.varesenews.it\/2008\/06\/paccioretti-basta-invenzioni-per-me-parlano-i-fatti\/213430\/\" \/>\n<meta property=\"og:site_name\" content=\"VareseNews\" \/>\n<meta property=\"article:publisher\" content=\"https:\/\/www.facebook.com\/varesenews\" \/>\n<meta property=\"article:published_time\" content=\"2008-06-30T00:00:00+00:00\" \/>\n<meta name=\"author\" content=\"Redazione VareseNews\" \/>\n<meta name=\"twitter:card\" content=\"summary_large_image\" \/>\n<meta name=\"twitter:creator\" content=\"@varesenews\" \/>\n<meta name=\"twitter:site\" content=\"@varesenews\" \/>\n<meta name=\"twitter:label1\" content=\"Scritto da\" \/>\n\t<meta name=\"twitter:data1\" content=\"Redazione VareseNews\" \/>\n\t<meta name=\"twitter:label2\" content=\"Tempo di lettura stimato\" \/>\n\t<meta name=\"twitter:data2\" content=\"7 minuti\" \/>\n<script type=\"application\/ld+json\" class=\"yoast-schema-graph\">{\"@context\":\"https:\/\/schema.org\",\"@graph\":[{\"@type\":\"WebPage\",\"@id\":\"https:\/\/staging.varesenews.it\/2008\/06\/paccioretti-basta-invenzioni-per-me-parlano-i-fatti\/213430\/\",\"url\":\"https:\/\/staging.varesenews.it\/2008\/06\/paccioretti-basta-invenzioni-per-me-parlano-i-fatti\/213430\/\",\"name\":\"Paccioretti: \\\"Basta invenzioni, per me parlano i fatti\\\"\",\"isPartOf\":{\"@id\":\"https:\/\/staging.varesenews.it\/#website\"},\"datePublished\":\"2008-06-30T00:00:00+00:00\",\"dateModified\":\"2008-06-30T00:00:00+00:00\",\"author\":{\"@id\":\"https:\/\/staging.varesenews.it\/#\/schema\/person\/fb20c4da0b7b16c291707a20db73e169\"},\"description\":\"L'ex assessore replica con una nota a quelle che lui stesso definisce \u201ccattiverie di chi ha il tempo di inventarsi una realt\u00e0 tutta sua\\\"\",\"breadcrumb\":{\"@id\":\"https:\/\/staging.varesenews.it\/2008\/06\/paccioretti-basta-invenzioni-per-me-parlano-i-fatti\/213430\/#breadcrumb\"},\"inLanguage\":\"it-IT\",\"potentialAction\":[{\"@type\":\"ReadAction\",\"target\":[\"https:\/\/staging.varesenews.it\/2008\/06\/paccioretti-basta-invenzioni-per-me-parlano-i-fatti\/213430\/\"]}]},{\"@type\":\"BreadcrumbList\",\"@id\":\"https:\/\/staging.varesenews.it\/2008\/06\/paccioretti-basta-invenzioni-per-me-parlano-i-fatti\/213430\/#breadcrumb\",\"itemListElement\":[{\"@type\":\"ListItem\",\"position\":1,\"name\":\"Home\",\"item\":\"https:\/\/www.varesenews.it\/\"},{\"@type\":\"ListItem\",\"position\":2,\"name\":\"Paccioretti: &#8220;Basta invenzioni, per me parlano i fatti&#8221;\"}]},{\"@type\":\"WebSite\",\"@id\":\"https:\/\/staging.varesenews.it\/#website\",\"url\":\"https:\/\/staging.varesenews.it\/\",\"name\":\"VareseNews\",\"description\":\"\",\"potentialAction\":[{\"@type\":\"SearchAction\",\"target\":{\"@type\":\"EntryPoint\",\"urlTemplate\":\"https:\/\/staging.varesenews.it\/?s={search_term_string}\"},\"query-input\":\"required name=search_term_string\"}],\"inLanguage\":\"it-IT\"},{\"@type\":\"Person\",\"@id\":\"https:\/\/staging.varesenews.it\/#\/schema\/person\/fb20c4da0b7b16c291707a20db73e169\",\"name\":\"Redazione VareseNews\",\"image\":{\"@type\":\"ImageObject\",\"inLanguage\":\"it-IT\",\"@id\":\"https:\/\/staging.varesenews.it\/#\/schema\/person\/image\/\",\"url\":\"https:\/\/staging.varesenews.it\/wp-content\/uploads\/2020\/12\/logo_VN_colori_500.png\",\"contentUrl\":\"https:\/\/staging.varesenews.it\/wp-content\/uploads\/2020\/12\/logo_VN_colori_500.png\",\"caption\":\"Redazione VareseNews\"},\"url\":\"https:\/\/staging.varesenews.it\/persona\/redazione1\/\"}]}<\/script>\n<!-- \/ Yoast SEO plugin. -->","yoast_head_json":{"title":"Paccioretti: \"Basta invenzioni, per me parlano i fatti\"","description":"L'ex assessore replica con una nota a quelle che lui stesso definisce \u201ccattiverie di chi ha il tempo di inventarsi una realt\u00e0 tutta sua\"","robots":{"index":"noindex","follow":"follow","max-snippet":"max-snippet:-1","max-image-preview":"max-image-preview:large","max-video-preview":"max-video-preview:-1"},"og_locale":"it_IT","og_type":"article","og_title":"Paccioretti: \"Basta invenzioni, per me parlano i fatti\"","og_description":"L'ex assessore replica con una nota a quelle che lui stesso definisce \u201ccattiverie di chi ha il tempo di inventarsi una realt\u00e0 tutta sua\"","og_url":"https:\/\/staging.varesenews.it\/2008\/06\/paccioretti-basta-invenzioni-per-me-parlano-i-fatti\/213430\/","og_site_name":"VareseNews","article_publisher":"https:\/\/www.facebook.com\/varesenews","article_published_time":"2008-06-30T00:00:00+00:00","author":"Redazione VareseNews","twitter_card":"summary_large_image","twitter_creator":"@varesenews","twitter_site":"@varesenews","twitter_misc":{"Scritto da":"Redazione VareseNews","Tempo di lettura stimato":"7 minuti"},"schema":{"@context":"https:\/\/schema.org","@graph":[{"@type":"WebPage","@id":"https:\/\/staging.varesenews.it\/2008\/06\/paccioretti-basta-invenzioni-per-me-parlano-i-fatti\/213430\/","url":"https:\/\/staging.varesenews.it\/2008\/06\/paccioretti-basta-invenzioni-per-me-parlano-i-fatti\/213430\/","name":"Paccioretti: \"Basta invenzioni, per me parlano i fatti\"","isPartOf":{"@id":"https:\/\/staging.varesenews.it\/#website"},"datePublished":"2008-06-30T00:00:00+00:00","dateModified":"2008-06-30T00:00:00+00:00","author":{"@id":"https:\/\/staging.varesenews.it\/#\/schema\/person\/fb20c4da0b7b16c291707a20db73e169"},"description":"L'ex assessore replica con una nota a quelle che lui stesso definisce \u201ccattiverie di chi ha il tempo di inventarsi una realt\u00e0 tutta sua\"","breadcrumb":{"@id":"https:\/\/staging.varesenews.it\/2008\/06\/paccioretti-basta-invenzioni-per-me-parlano-i-fatti\/213430\/#breadcrumb"},"inLanguage":"it-IT","potentialAction":[{"@type":"ReadAction","target":["https:\/\/staging.varesenews.it\/2008\/06\/paccioretti-basta-invenzioni-per-me-parlano-i-fatti\/213430\/"]}]},{"@type":"BreadcrumbList","@id":"https:\/\/staging.varesenews.it\/2008\/06\/paccioretti-basta-invenzioni-per-me-parlano-i-fatti\/213430\/#breadcrumb","itemListElement":[{"@type":"ListItem","position":1,"name":"Home","item":"https:\/\/www.varesenews.it\/"},{"@type":"ListItem","position":2,"name":"Paccioretti: &#8220;Basta invenzioni, per me parlano i fatti&#8221;"}]},{"@type":"WebSite","@id":"https:\/\/staging.varesenews.it\/#website","url":"https:\/\/staging.varesenews.it\/","name":"VareseNews","description":"","potentialAction":[{"@type":"SearchAction","target":{"@type":"EntryPoint","urlTemplate":"https:\/\/staging.varesenews.it\/?s={search_term_string}"},"query-input":"required name=search_term_string"}],"inLanguage":"it-IT"},{"@type":"Person","@id":"https:\/\/staging.varesenews.it\/#\/schema\/person\/fb20c4da0b7b16c291707a20db73e169","name":"Redazione VareseNews","image":{"@type":"ImageObject","inLanguage":"it-IT","@id":"https:\/\/staging.varesenews.it\/#\/schema\/person\/image\/","url":"https:\/\/staging.varesenews.it\/wp-content\/uploads\/2020\/12\/logo_VN_colori_500.png","contentUrl":"https:\/\/staging.varesenews.it\/wp-content\/uploads\/2020\/12\/logo_VN_colori_500.png","caption":"Redazione VareseNews"},"url":"https:\/\/staging.varesenews.it\/persona\/redazione1\/"}]}},"post_meta":{"id_old":"102584","argomento":"Samarate"},"photos":[],"_links":{"self":[{"href":"https:\/\/staging.varesenews.it\/swgapi\/v1\/wp\/v2\/posts\/213430"}],"collection":[{"href":"https:\/\/staging.varesenews.it\/swgapi\/v1\/wp\/v2\/posts"}],"about":[{"href":"https:\/\/staging.varesenews.it\/swgapi\/v1\/wp\/v2\/types\/post"}],"author":[{"embeddable":true,"href":"https:\/\/staging.varesenews.it\/swgapi\/v1\/wp\/v2\/users\/10"}],"replies":[{"embeddable":true,"href":"https:\/\/staging.varesenews.it\/swgapi\/v1\/wp\/v2\/comments?post=213430"}],"version-history":[{"count":0,"href":"https:\/\/staging.varesenews.it\/swgapi\/v1\/wp\/v2\/posts\/213430\/revisions"}],"wp:attachment":[{"href":"https:\/\/staging.varesenews.it\/swgapi\/v1\/wp\/v2\/media?parent=213430"}],"wp:term":[{"taxonomy":"category","embeddable":true,"href":"https:\/\/staging.varesenews.it\/swgapi\/v1\/wp\/v2\/categories?post=213430"},{"taxonomy":"post_tag","embeddable":true,"href":"https:\/\/staging.varesenews.it\/swgapi\/v1\/wp\/v2\/tags?post=213430"}],"curies":[{"name":"wp","href":"https:\/\/api.w.org\/{rel}","templated":true}]}}