{"id":217430,"date":"2008-04-27T00:00:00","date_gmt":"2008-04-27T00:00:00","guid":{"rendered":""},"modified":"2008-04-27T00:00:00","modified_gmt":"2008-04-27T00:00:00","slug":"escursione-al-monte-s-antonio","status":"publish","type":"post","link":"https:\/\/staging.varesenews.it\/2008\/04\/escursione-al-monte-s-antonio\/217430\/","title":{"rendered":"Escursione al monte S. Antonio"},"content":{"rendered":"<p><font face=\"arial,helvetica,sans-serif\">Ci sono trek che hanno un particolare fascino paesaggistico, altri rivelano la bellezza della natura, altri ancora con un contenuto storico importante. La tradizionale escursione al monte S.Antonio, organizzata dalla Pro Loco di Castelveccana racchiude un mix di tutti questi aspetti. L\u2019escursione avr\u00e0 luogo gioved\u00ec 1\u00b0 Maggio e sar\u00e0 effettuata in compagnia delle Guardie Ecologiche. La partenza dalla sede della Pro Loco \u00e8 fissata alle ore 8,30. Tutta l\u2019escursione \u00e8 attentamente monitorata dallo staff della Pro Loco, guidata dal presidente Paolo Albertoli.<br \/><\/font><\/p>\n<p><font face=\"arial,helvetica,sans-serif\">L\u2019iniziativa \u00e8 un\u2019occasione per incontrare amici e fare una camminata piacevole ed interessante per gli aspetti, paesaggistici, naturalisti e storici.<br \/>L\u2019itinerario da Cald\u00e8 risale la montagna per scoprire o rivedere la cascata della Froda, il masso delle incisioni rupestri, la chiesa di S. Antonio e il Percorso Vita. Partendo dalla piazza Lago si supera la stazione FS di Cald\u00e8, si prende la strada delle &quot;bollette&quot;, si attraversa la strada statale Luino-Laveno, la frazione di Rasate. e si imbocca il sentiero che porta a Pira costeggiando muri di recinzione a secco, ancora in buono stato.<br \/><\/font><\/p>\n<p><font face=\"arial,helvetica,sans-serif\">Si attraversano boschi di castagno, dove si possono ammirare specie di flora e fauna autoctone, punteggiate da piccole polle d\u2019acqua, ricche di girini, che conducono alla maestosa cascata della Froda. Si incontrano delle vecchie vasche che erano adibite all&#8217;allevamento di trote; pi\u00f9 avanti un ponticello in ferro e alcuni gradini di ferro infissi nella roccia aiutano ad arrivare alla pozza di base della cascata della Froda, dove precipita l&#8217;acqua dopo un salto di quasi cento metri, formando un suggestivo anfiteatro, scavato nella roccia calcarea. Per poter vedere il masso con le incisioni rupestri e le macine si ripercorre il sentiero lungo il torrente fino ai ruderi delle vasche, si guada il torrente e lo si risale sul lato destro fino ad un piccolo affluente; in 15&#8242; si arriva al &quot;Masso delle incisioni e delle macine&quot; detto anche Sass de la Masna. Il Masso reca incisioni rupestri, le pi\u00f9 antiche databili alla fine dell\u2019et\u00e0 del bronzo (X secolo A.C.)<br \/><\/font><\/p>\n<p><font face=\"arial,helvetica,sans-serif\">Da qui si pu\u00f2 agevolmente raggiungere la Chiesetta di Sant\u2019Antonio al Monte risalente al secolo XI, balcone panoramico sul Lago Maggiore. Accanto alla chiesa si trova la locanda S.Antonio. Al ritorno si raggiunge la localit\u00e0 Pira da dove si pu\u00f2 percorrere il Percorso Vita, un sentiero immerso in un bosco di castagni, che mette a disposizione sedici attrezzi ginnici per ritemprare il corpo e la mente. A met\u00e0 percorso si incontra la Cappella di Pianch\u00e8 che serviva da riparo ai pastori e boscaioli. Per mezzogiorno si pu\u00f2 scegliere fra la colazione al sacco o il pranzo presso la locanda S.Antonio. Prenotazioni al numero 346 2119073.<\/font><\/p>\n","protected":false},"excerpt":{"rendered":"<p>Organizza la Pro Loco di Castelveccana per il 1\u00b0 maggio<\/p>\n","protected":false},"author":10,"featured_media":0,"comment_status":"open","ping_status":"open","sticky":false,"template":"","format":"standard","meta":{"footnotes":""},"categories":[2],"tags":[],"acf":[],"yoast_head":"<!-- This site is optimized with the Yoast SEO plugin v20.1 - https:\/\/yoast.com\/wordpress\/plugins\/seo\/ -->\n<title>Escursione al monte S. Antonio<\/title>\n<meta name=\"description\" content=\"Organizza la Pro Loco di Castelveccana per il 1\u00b0 maggio\" \/>\n<meta name=\"robots\" content=\"noindex, follow, max-snippet:-1, max-image-preview:large, max-video-preview:-1\" \/>\n<meta property=\"og:locale\" content=\"it_IT\" \/>\n<meta property=\"og:type\" content=\"article\" \/>\n<meta property=\"og:title\" content=\"Escursione al monte S. Antonio\" \/>\n<meta property=\"og:description\" content=\"Organizza la Pro Loco di Castelveccana per il 1\u00b0 maggio\" \/>\n<meta property=\"og:url\" content=\"https:\/\/staging.varesenews.it\/2008\/04\/escursione-al-monte-s-antonio\/217430\/\" \/>\n<meta property=\"og:site_name\" content=\"VareseNews\" \/>\n<meta property=\"article:publisher\" content=\"https:\/\/www.facebook.com\/varesenews\" \/>\n<meta property=\"article:published_time\" content=\"2008-04-27T00:00:00+00:00\" \/>\n<meta name=\"author\" content=\"Redazione VareseNews\" \/>\n<meta name=\"twitter:card\" content=\"summary_large_image\" \/>\n<meta name=\"twitter:creator\" content=\"@varesenews\" \/>\n<meta name=\"twitter:site\" content=\"@varesenews\" \/>\n<meta name=\"twitter:label1\" content=\"Scritto da\" \/>\n\t<meta name=\"twitter:data1\" content=\"Redazione VareseNews\" \/>\n\t<meta name=\"twitter:label2\" content=\"Tempo di lettura stimato\" \/>\n\t<meta name=\"twitter:data2\" content=\"2 minuti\" \/>\n<script type=\"application\/ld+json\" class=\"yoast-schema-graph\">{\"@context\":\"https:\/\/schema.org\",\"@graph\":[{\"@type\":\"WebPage\",\"@id\":\"https:\/\/staging.varesenews.it\/2008\/04\/escursione-al-monte-s-antonio\/217430\/\",\"url\":\"https:\/\/staging.varesenews.it\/2008\/04\/escursione-al-monte-s-antonio\/217430\/\",\"name\":\"Escursione al monte S. Antonio\",\"isPartOf\":{\"@id\":\"https:\/\/staging.varesenews.it\/#website\"},\"datePublished\":\"2008-04-27T00:00:00+00:00\",\"dateModified\":\"2008-04-27T00:00:00+00:00\",\"author\":{\"@id\":\"https:\/\/staging.varesenews.it\/#\/schema\/person\/fb20c4da0b7b16c291707a20db73e169\"},\"description\":\"Organizza la Pro Loco di Castelveccana per il 1\u00b0 maggio\",\"breadcrumb\":{\"@id\":\"https:\/\/staging.varesenews.it\/2008\/04\/escursione-al-monte-s-antonio\/217430\/#breadcrumb\"},\"inLanguage\":\"it-IT\",\"potentialAction\":[{\"@type\":\"ReadAction\",\"target\":[\"https:\/\/staging.varesenews.it\/2008\/04\/escursione-al-monte-s-antonio\/217430\/\"]}]},{\"@type\":\"BreadcrumbList\",\"@id\":\"https:\/\/staging.varesenews.it\/2008\/04\/escursione-al-monte-s-antonio\/217430\/#breadcrumb\",\"itemListElement\":[{\"@type\":\"ListItem\",\"position\":1,\"name\":\"Home\",\"item\":\"https:\/\/www.varesenews.it\/\"},{\"@type\":\"ListItem\",\"position\":2,\"name\":\"Escursione al monte S. Antonio\"}]},{\"@type\":\"WebSite\",\"@id\":\"https:\/\/staging.varesenews.it\/#website\",\"url\":\"https:\/\/staging.varesenews.it\/\",\"name\":\"VareseNews\",\"description\":\"\",\"potentialAction\":[{\"@type\":\"SearchAction\",\"target\":{\"@type\":\"EntryPoint\",\"urlTemplate\":\"https:\/\/staging.varesenews.it\/?s={search_term_string}\"},\"query-input\":\"required name=search_term_string\"}],\"inLanguage\":\"it-IT\"},{\"@type\":\"Person\",\"@id\":\"https:\/\/staging.varesenews.it\/#\/schema\/person\/fb20c4da0b7b16c291707a20db73e169\",\"name\":\"Redazione VareseNews\",\"image\":{\"@type\":\"ImageObject\",\"inLanguage\":\"it-IT\",\"@id\":\"https:\/\/staging.varesenews.it\/#\/schema\/person\/image\/\",\"url\":\"https:\/\/staging.varesenews.it\/wp-content\/uploads\/2020\/12\/logo_VN_colori_500.png\",\"contentUrl\":\"https:\/\/staging.varesenews.it\/wp-content\/uploads\/2020\/12\/logo_VN_colori_500.png\",\"caption\":\"Redazione VareseNews\"},\"url\":\"https:\/\/staging.varesenews.it\/persona\/redazione1\/\"}]}<\/script>\n<!-- \/ Yoast SEO plugin. -->","yoast_head_json":{"title":"Escursione al monte S. Antonio","description":"Organizza la Pro Loco di Castelveccana per il 1\u00b0 maggio","robots":{"index":"noindex","follow":"follow","max-snippet":"max-snippet:-1","max-image-preview":"max-image-preview:large","max-video-preview":"max-video-preview:-1"},"og_locale":"it_IT","og_type":"article","og_title":"Escursione al monte S. Antonio","og_description":"Organizza la Pro Loco di Castelveccana per il 1\u00b0 maggio","og_url":"https:\/\/staging.varesenews.it\/2008\/04\/escursione-al-monte-s-antonio\/217430\/","og_site_name":"VareseNews","article_publisher":"https:\/\/www.facebook.com\/varesenews","article_published_time":"2008-04-27T00:00:00+00:00","author":"Redazione VareseNews","twitter_card":"summary_large_image","twitter_creator":"@varesenews","twitter_site":"@varesenews","twitter_misc":{"Scritto da":"Redazione VareseNews","Tempo di lettura stimato":"2 minuti"},"schema":{"@context":"https:\/\/schema.org","@graph":[{"@type":"WebPage","@id":"https:\/\/staging.varesenews.it\/2008\/04\/escursione-al-monte-s-antonio\/217430\/","url":"https:\/\/staging.varesenews.it\/2008\/04\/escursione-al-monte-s-antonio\/217430\/","name":"Escursione al monte S. Antonio","isPartOf":{"@id":"https:\/\/staging.varesenews.it\/#website"},"datePublished":"2008-04-27T00:00:00+00:00","dateModified":"2008-04-27T00:00:00+00:00","author":{"@id":"https:\/\/staging.varesenews.it\/#\/schema\/person\/fb20c4da0b7b16c291707a20db73e169"},"description":"Organizza la Pro Loco di Castelveccana per il 1\u00b0 maggio","breadcrumb":{"@id":"https:\/\/staging.varesenews.it\/2008\/04\/escursione-al-monte-s-antonio\/217430\/#breadcrumb"},"inLanguage":"it-IT","potentialAction":[{"@type":"ReadAction","target":["https:\/\/staging.varesenews.it\/2008\/04\/escursione-al-monte-s-antonio\/217430\/"]}]},{"@type":"BreadcrumbList","@id":"https:\/\/staging.varesenews.it\/2008\/04\/escursione-al-monte-s-antonio\/217430\/#breadcrumb","itemListElement":[{"@type":"ListItem","position":1,"name":"Home","item":"https:\/\/www.varesenews.it\/"},{"@type":"ListItem","position":2,"name":"Escursione al monte S. Antonio"}]},{"@type":"WebSite","@id":"https:\/\/staging.varesenews.it\/#website","url":"https:\/\/staging.varesenews.it\/","name":"VareseNews","description":"","potentialAction":[{"@type":"SearchAction","target":{"@type":"EntryPoint","urlTemplate":"https:\/\/staging.varesenews.it\/?s={search_term_string}"},"query-input":"required name=search_term_string"}],"inLanguage":"it-IT"},{"@type":"Person","@id":"https:\/\/staging.varesenews.it\/#\/schema\/person\/fb20c4da0b7b16c291707a20db73e169","name":"Redazione VareseNews","image":{"@type":"ImageObject","inLanguage":"it-IT","@id":"https:\/\/staging.varesenews.it\/#\/schema\/person\/image\/","url":"https:\/\/staging.varesenews.it\/wp-content\/uploads\/2020\/12\/logo_VN_colori_500.png","contentUrl":"https:\/\/staging.varesenews.it\/wp-content\/uploads\/2020\/12\/logo_VN_colori_500.png","caption":"Redazione VareseNews"},"url":"https:\/\/staging.varesenews.it\/persona\/redazione1\/"}]}},"post_meta":{"id_old":"97286","argomento":"Castelveccana"},"photos":[],"_links":{"self":[{"href":"https:\/\/staging.varesenews.it\/swgapi\/v1\/wp\/v2\/posts\/217430"}],"collection":[{"href":"https:\/\/staging.varesenews.it\/swgapi\/v1\/wp\/v2\/posts"}],"about":[{"href":"https:\/\/staging.varesenews.it\/swgapi\/v1\/wp\/v2\/types\/post"}],"author":[{"embeddable":true,"href":"https:\/\/staging.varesenews.it\/swgapi\/v1\/wp\/v2\/users\/10"}],"replies":[{"embeddable":true,"href":"https:\/\/staging.varesenews.it\/swgapi\/v1\/wp\/v2\/comments?post=217430"}],"version-history":[{"count":0,"href":"https:\/\/staging.varesenews.it\/swgapi\/v1\/wp\/v2\/posts\/217430\/revisions"}],"wp:attachment":[{"href":"https:\/\/staging.varesenews.it\/swgapi\/v1\/wp\/v2\/media?parent=217430"}],"wp:term":[{"taxonomy":"category","embeddable":true,"href":"https:\/\/staging.varesenews.it\/swgapi\/v1\/wp\/v2\/categories?post=217430"},{"taxonomy":"post_tag","embeddable":true,"href":"https:\/\/staging.varesenews.it\/swgapi\/v1\/wp\/v2\/tags?post=217430"}],"curies":[{"name":"wp","href":"https:\/\/api.w.org\/{rel}","templated":true}]}}