{"id":217566,"date":"2008-04-24T00:00:00","date_gmt":"2008-04-24T00:00:00","guid":{"rendered":""},"modified":"2008-04-24T00:00:00","modified_gmt":"2008-04-24T00:00:00","slug":"premio-toyp-2008-i-magnifici-cinque","status":"publish","type":"post","link":"https:\/\/staging.varesenews.it\/2008\/04\/premio-toyp-2008-i-magnifici-cinque\/217566\/","title":{"rendered":"Premio Toyp 2008, i &#8220;magnifici cinque&#8221;"},"content":{"rendered":"<p><font face=\"arial,helvetica,sans-serif\">Si \u00e8 svolta ieri sera ai Molini Marzoli di Busto Arsizio l&#8217;annuale cerimonia di consegne dei <strong>premi Toyp (The Outstanding Young Person) provinciali 2008<\/strong>, organizzata come sempre dal Lom Varese della Junior Chamber International, che ha avuto di recente anche l&#8217;onore di ospitare il presidente mondiale della JCI, l&#8217;irlandese Graham Hanlon.\u00a0A presentare, come sempre, la giornalista Chiara Milani.<\/font><\/p>\n<p><font face=\"arial,helvetica,sans-serif\"><img decoding=\"async\" hspace=\"3\" src=\"https:\/\/www3.varesenews.it\/immagini_articoli\/200804\/100_6715.jpg\" align=\"left\" vspace=\"3\" border=\"0\" \/>Cinque i giovani tra i 18 e i 40 anni della nostra provincia premiati per l&#8217;impegno e i risultati ottenuti in distinte aree professionali e non solo: cinque &quot;storie esemplari&quot;. Questi i vincitori: per il volontariato <strong>Veronica Tamborini<\/strong>, 22enne di Laveno Mombello; per il business il 39enne <strong>Andrea Colombo<\/strong>, di Busto Arsizio; per la cultura <strong>Sabina Pellizzari<\/strong>, 35 anni, di Olgiate Olona; per la ricerca la 32enne <strong>Laura Pentassuglia<\/strong>, di Malnate ma &quot;trapiantata&quot; per lavoro\u00a0in America; per la crescita personale e lo sport l&#8217;&quot;airone&quot;<strong> Fabrizio Macchi<\/strong>, 37 anni, di Varese.<\/font><\/p>\n<p><font face=\"arial,helvetica,sans-serif\"><em>I vincitori<\/em><\/font><\/p>\n<p><font face=\"arial,helvetica,sans-serif\"><em><strong>Veronica Tamborini<\/strong><\/em><\/p>\n<p>A ventidue anni appena si \u00e8 meritata il premio del Lom Varese della JCI per l&#8217;impegno mostrato con la <\/font><a href=\"http:\/\/www.estonlus.it\/\"><font face=\"arial,helvetica,sans-serif\">Est onlus<\/font><\/a><font face=\"arial,helvetica,sans-serif\">, associazione che organizza campi di volontariato nei Paesi dell&#8217;Est europeo &#8211; Romania, Bulgaria, Russia, Moldavia, Ucraina &#8211; portando animazione e allegria in orfanotrofi e\u00a0reparti ospedalieri\u00a0pediatrici, e vivendo a contatto con bambini e ragazzi vittime di situazioni economiche e sociali tuttora assai difficili. Veronica ha cominciato a diciassette anni a partecipare ad attivit\u00e0 di volontariato all&#8217;estero. \u00ab\u00c8 nata quasi per caso, dalla voglia di qualcosa di cmpletamente nuovo, di aiutare ragazzi meno fortunati di noi. Ai giovani dico di provarla, \u00e8 un&#8217;esperienza che segna la vita in positivo. Ricordo ancora un bambino rumeno di un orfanotrofio che sulle mani con il pennarello mi scrisse &quot;te iubesc&quot;, ti voglio bene. Da allor atorno a trovarlo tutti gli anni, lui e tanti altri che seguiamo\u00bb.<\/font><\/p>\n<p><font face=\"arial,helvetica,sans-serif\"><em><strong>Andrea Colombo<\/strong><\/em><\/p>\n<p>Self made man: cos\u00ec \u00e8 stato definito il 39enne Colombo, che ieri ha ricevuto ben altro premio che il Toyp: \u00e8 diventato pap\u00e0 per la prima volta. Manager in un importante gruppo tessile multinazionale, era partito ventenne come apprendista magliere, facendo poi carriera alla Bellora grazie al mix di dinamismo e mabizione che lo caratterizzano. \u00c8 stato definito anche \u00abun manager operaio\u00bb, che, parole sue, \u00abimpara di persona a fare le cose per poter stabilire come farle al meglio\u00bb. I suoi principi? Rsipettare gli altri e il loro lavoro, saper fare squadre, tenere allenati e svegli mente e corpo. \u00abIl tessile?\u00bb dice de suo settore. \u00abCi credo, ma in un tessile adatto ai tempi, tecnologico, fatto di qualit\u00e0 e ricerca\u00bb.<\/font><\/p>\n<p><font face=\"arial,helvetica,sans-serif\"><em><strong>Sabina Pellizzari<\/strong><\/em><\/font><\/p>\n<p><font face=\"arial,helvetica,sans-serif\">Trentacinquenne di Olgiate, madre di tre bambini, \u00e8 premiata per l&#8217;impegno a favore del <\/font><a href=\"http:\/\/xoomer.alice.it\/corozephiro\/CORO%20ZEPHIRO.htm\"><font face=\"arial,helvetica,sans-serif\">coro di voci bianche\u00a0Zephiro<\/font><\/a><font face=\"arial,helvetica,sans-serif\">, che difonde la cultura musicale tra i pi\u00f9 piccoli. \u00abSono molto bravi i bambini, di una costanza disarmante\u00bb dice del coro,e sibitosi in sala Tramogge fra gli applausi. Un&#8217;esperienza che avvicina i ragazzini al bel canto, di generi diversissimi tra loro,\u00a0ma anche\u00a0alle lingue straniere. Nei prossimi giorni il coro far\u00e0 audizioni nellesuole del territorio, alla ricerca di nuovi talenti da valorizzare.\u00a0Per Natale sar\u00e0 realizzato un CD il cui ricavato andr\u00e0 in beneficenza a un ospedale pediatrico.<\/font><\/p>\n<p><font face=\"arial,helvetica,sans-serif\"><em><strong>Laura Pentassuglia<\/strong><\/em><\/font><\/p>\n<p><font face=\"arial,helvetica,sans-serif\">Malnatese, trentadue anni, Laura vive e lavora a Nashville, negli Stati Uniti, presso il Vanderbilt Center, dove \u00e8 ricercatrice. A ritirare il premio \u00e8 stata sua madre: gli impegni non le consentivano di tornare in Italia. Il suo lavoro \u00e8 particolarmnte concentrato sui tumori al seno e sui nuovi medicinali e chemioterapici. In particolare il trastuzumab, un\u00a0anticorpo monoclonale usato nei tumori al seno positivi ad HER2. Nell&#8217;intervista registrata giorni fa durante un breve ritorno a casa, la ricercatrice invita i giovani a provare l&#8217;esperienza del lavoro all&#8217;estero: \u00abQui in America\u00a0c&#8217;\u00e8 fame di ricerca, ti aprono tutte le porte. So che \u00e8 difficile lasciare gli affetti e il proprio Paese, ma i risultati raccolti lo valgono: per me la massima soddisfazione \u00e8 stata di veder riconosciuti i miei studi. Ho lasciato l&#8217;Italia perch\u00e8 da laureata che voleva intraprendere un cammino di ricerca non volevo continuare a dipendere dai miei. Ai ragazzi dico che bisogna provarci, non aver paura di lasciare tutto per la nuova esperienza, dire almeno di averci provato, per non vivere poi con il rimorso di non averlo fatto\u00bb.<\/font><\/p>\n<p><font face=\"arial,helvetica,sans-serif\"><em><strong>Fabrizio Macchi<\/strong><\/em><\/font><\/p>\n<p><font face=\"arial,helvetica,sans-serif\">Trentasette anni, varesino, campione di ciclismo, \u00e8 l&#8217;emblema vivente della forza d&#8217;animo e della voglia di vivere. Mutilato di una gamba a seguito di una lunga e dolorosa malattia patita nell&#8217;adolescenza, dopo tre anni e mezzo d&#8217;ospedale e decine di interventi \u00e8 tornato a vivere grazie alla fisioterapia e allo sport. Oggi \u00e8 sposato e ha un figlio. Medaglia di bronzo ad Atene nell&#8217;inseguimento, si sta allenando per le Paralimpiadi di Pechino. Gi\u00e0 giornalista sportivo per Sky, ha scritto l&#8217;autobiografia &quot;Pi\u00f9 forte del male&quot;; sulla sua storia anche\u00a0una rappresentazione teatrale, &quot;Io non mi fermo&quot;. a sua lezione? \u00abLa vita \u00e8 un dono, \u00e8 bella e merita di essere vissuta. Tutto \u00e8 possibile, bisogna provarci\u00bb.\u00a0La sua molla, oltre a una forza incrollabile e a uno spirito positivo,\u00a0\u00e8 stata la commiserazione altrui, le domande e gli sguardi stupiti che gli rivolgevano: \u00abIo ho una disabilit\u00e0 che si vede, ma tanti ne hanno di invisibili, e neppure se ne rendono conto\u00bb.<\/font><\/p>\n","protected":false},"excerpt":{"rendered":"<p>Cinque &#8220;storie esemplari&#8221; per l&#8217;annuale premio della Junior Chamber International: fra questi anche lo sportivo Fabrizio Macchi e la ricercatrice Laura Pentassuglia<\/p>\n","protected":false},"author":10,"featured_media":0,"comment_status":"open","ping_status":"open","sticky":false,"template":"","format":"standard","meta":{"footnotes":""},"categories":[4],"tags":[],"acf":[],"yoast_head":"<!-- This site is optimized with the Yoast SEO plugin v20.1 - https:\/\/yoast.com\/wordpress\/plugins\/seo\/ -->\n<title>Premio Toyp 2008, i &quot;magnifici cinque&quot;<\/title>\n<meta name=\"description\" content=\"Cinque &quot;storie esemplari&quot; per l&#039;annuale premio della Junior Chamber International: fra questi anche lo sportivo Fabrizio Macchi e la ricercatrice Laura Pentassuglia\" \/>\n<meta name=\"robots\" content=\"noindex, follow, max-snippet:-1, max-image-preview:large, max-video-preview:-1\" \/>\n<meta property=\"og:locale\" content=\"it_IT\" \/>\n<meta property=\"og:type\" content=\"article\" \/>\n<meta property=\"og:title\" content=\"Premio Toyp 2008, i &quot;magnifici cinque&quot;\" \/>\n<meta property=\"og:description\" content=\"Cinque &quot;storie esemplari&quot; per l&#039;annuale premio della Junior Chamber International: fra questi anche lo sportivo Fabrizio Macchi e la ricercatrice Laura Pentassuglia\" \/>\n<meta property=\"og:url\" content=\"https:\/\/staging.varesenews.it\/2008\/04\/premio-toyp-2008-i-magnifici-cinque\/217566\/\" \/>\n<meta property=\"og:site_name\" content=\"VareseNews\" \/>\n<meta property=\"article:publisher\" content=\"https:\/\/www.facebook.com\/varesenews\" \/>\n<meta property=\"article:published_time\" content=\"2008-04-24T00:00:00+00:00\" \/>\n<meta property=\"og:image\" content=\"https:\/\/www3.varesenews.it\/immagini_articoli\/200804\/100_6715.jpg\" \/>\n<meta name=\"author\" content=\"Redazione VareseNews\" \/>\n<meta name=\"twitter:card\" content=\"summary_large_image\" \/>\n<meta name=\"twitter:creator\" content=\"@varesenews\" \/>\n<meta name=\"twitter:site\" content=\"@varesenews\" \/>\n<meta name=\"twitter:label1\" content=\"Scritto da\" \/>\n\t<meta name=\"twitter:data1\" content=\"Redazione VareseNews\" \/>\n\t<meta name=\"twitter:label2\" content=\"Tempo di lettura stimato\" \/>\n\t<meta name=\"twitter:data2\" content=\"4 minuti\" \/>\n<script type=\"application\/ld+json\" class=\"yoast-schema-graph\">{\"@context\":\"https:\/\/schema.org\",\"@graph\":[{\"@type\":\"WebPage\",\"@id\":\"https:\/\/staging.varesenews.it\/2008\/04\/premio-toyp-2008-i-magnifici-cinque\/217566\/\",\"url\":\"https:\/\/staging.varesenews.it\/2008\/04\/premio-toyp-2008-i-magnifici-cinque\/217566\/\",\"name\":\"Premio Toyp 2008, i \\\"magnifici cinque\\\"\",\"isPartOf\":{\"@id\":\"https:\/\/staging.varesenews.it\/#website\"},\"datePublished\":\"2008-04-24T00:00:00+00:00\",\"dateModified\":\"2008-04-24T00:00:00+00:00\",\"author\":{\"@id\":\"https:\/\/staging.varesenews.it\/#\/schema\/person\/fb20c4da0b7b16c291707a20db73e169\"},\"description\":\"Cinque \\\"storie esemplari\\\" per l'annuale premio della Junior Chamber International: fra questi anche lo sportivo Fabrizio Macchi e la ricercatrice Laura Pentassuglia\",\"breadcrumb\":{\"@id\":\"https:\/\/staging.varesenews.it\/2008\/04\/premio-toyp-2008-i-magnifici-cinque\/217566\/#breadcrumb\"},\"inLanguage\":\"it-IT\",\"potentialAction\":[{\"@type\":\"ReadAction\",\"target\":[\"https:\/\/staging.varesenews.it\/2008\/04\/premio-toyp-2008-i-magnifici-cinque\/217566\/\"]}]},{\"@type\":\"BreadcrumbList\",\"@id\":\"https:\/\/staging.varesenews.it\/2008\/04\/premio-toyp-2008-i-magnifici-cinque\/217566\/#breadcrumb\",\"itemListElement\":[{\"@type\":\"ListItem\",\"position\":1,\"name\":\"Home\",\"item\":\"https:\/\/www.varesenews.it\/\"},{\"@type\":\"ListItem\",\"position\":2,\"name\":\"Premio Toyp 2008, i &#8220;magnifici cinque&#8221;\"}]},{\"@type\":\"WebSite\",\"@id\":\"https:\/\/staging.varesenews.it\/#website\",\"url\":\"https:\/\/staging.varesenews.it\/\",\"name\":\"VareseNews\",\"description\":\"\",\"potentialAction\":[{\"@type\":\"SearchAction\",\"target\":{\"@type\":\"EntryPoint\",\"urlTemplate\":\"https:\/\/staging.varesenews.it\/?s={search_term_string}\"},\"query-input\":\"required name=search_term_string\"}],\"inLanguage\":\"it-IT\"},{\"@type\":\"Person\",\"@id\":\"https:\/\/staging.varesenews.it\/#\/schema\/person\/fb20c4da0b7b16c291707a20db73e169\",\"name\":\"Redazione VareseNews\",\"image\":{\"@type\":\"ImageObject\",\"inLanguage\":\"it-IT\",\"@id\":\"https:\/\/staging.varesenews.it\/#\/schema\/person\/image\/\",\"url\":\"https:\/\/staging.varesenews.it\/wp-content\/uploads\/2020\/12\/logo_VN_colori_500.png\",\"contentUrl\":\"https:\/\/staging.varesenews.it\/wp-content\/uploads\/2020\/12\/logo_VN_colori_500.png\",\"caption\":\"Redazione VareseNews\"},\"url\":\"https:\/\/staging.varesenews.it\/persona\/redazione1\/\"}]}<\/script>\n<!-- \/ Yoast SEO plugin. -->","yoast_head_json":{"title":"Premio Toyp 2008, i \"magnifici cinque\"","description":"Cinque \"storie esemplari\" per l'annuale premio della Junior Chamber International: fra questi anche lo sportivo Fabrizio Macchi e la ricercatrice Laura Pentassuglia","robots":{"index":"noindex","follow":"follow","max-snippet":"max-snippet:-1","max-image-preview":"max-image-preview:large","max-video-preview":"max-video-preview:-1"},"og_locale":"it_IT","og_type":"article","og_title":"Premio Toyp 2008, i \"magnifici cinque\"","og_description":"Cinque \"storie esemplari\" per l'annuale premio della Junior Chamber International: fra questi anche lo sportivo Fabrizio Macchi e la ricercatrice Laura Pentassuglia","og_url":"https:\/\/staging.varesenews.it\/2008\/04\/premio-toyp-2008-i-magnifici-cinque\/217566\/","og_site_name":"VareseNews","article_publisher":"https:\/\/www.facebook.com\/varesenews","article_published_time":"2008-04-24T00:00:00+00:00","og_image":[{"url":"https:\/\/www3.varesenews.it\/immagini_articoli\/200804\/100_6715.jpg"}],"author":"Redazione VareseNews","twitter_card":"summary_large_image","twitter_creator":"@varesenews","twitter_site":"@varesenews","twitter_misc":{"Scritto da":"Redazione VareseNews","Tempo di lettura stimato":"4 minuti"},"schema":{"@context":"https:\/\/schema.org","@graph":[{"@type":"WebPage","@id":"https:\/\/staging.varesenews.it\/2008\/04\/premio-toyp-2008-i-magnifici-cinque\/217566\/","url":"https:\/\/staging.varesenews.it\/2008\/04\/premio-toyp-2008-i-magnifici-cinque\/217566\/","name":"Premio Toyp 2008, i \"magnifici cinque\"","isPartOf":{"@id":"https:\/\/staging.varesenews.it\/#website"},"datePublished":"2008-04-24T00:00:00+00:00","dateModified":"2008-04-24T00:00:00+00:00","author":{"@id":"https:\/\/staging.varesenews.it\/#\/schema\/person\/fb20c4da0b7b16c291707a20db73e169"},"description":"Cinque \"storie esemplari\" per l'annuale premio della Junior Chamber International: fra questi anche lo sportivo Fabrizio Macchi e la ricercatrice Laura Pentassuglia","breadcrumb":{"@id":"https:\/\/staging.varesenews.it\/2008\/04\/premio-toyp-2008-i-magnifici-cinque\/217566\/#breadcrumb"},"inLanguage":"it-IT","potentialAction":[{"@type":"ReadAction","target":["https:\/\/staging.varesenews.it\/2008\/04\/premio-toyp-2008-i-magnifici-cinque\/217566\/"]}]},{"@type":"BreadcrumbList","@id":"https:\/\/staging.varesenews.it\/2008\/04\/premio-toyp-2008-i-magnifici-cinque\/217566\/#breadcrumb","itemListElement":[{"@type":"ListItem","position":1,"name":"Home","item":"https:\/\/www.varesenews.it\/"},{"@type":"ListItem","position":2,"name":"Premio Toyp 2008, i &#8220;magnifici cinque&#8221;"}]},{"@type":"WebSite","@id":"https:\/\/staging.varesenews.it\/#website","url":"https:\/\/staging.varesenews.it\/","name":"VareseNews","description":"","potentialAction":[{"@type":"SearchAction","target":{"@type":"EntryPoint","urlTemplate":"https:\/\/staging.varesenews.it\/?s={search_term_string}"},"query-input":"required name=search_term_string"}],"inLanguage":"it-IT"},{"@type":"Person","@id":"https:\/\/staging.varesenews.it\/#\/schema\/person\/fb20c4da0b7b16c291707a20db73e169","name":"Redazione VareseNews","image":{"@type":"ImageObject","inLanguage":"it-IT","@id":"https:\/\/staging.varesenews.it\/#\/schema\/person\/image\/","url":"https:\/\/staging.varesenews.it\/wp-content\/uploads\/2020\/12\/logo_VN_colori_500.png","contentUrl":"https:\/\/staging.varesenews.it\/wp-content\/uploads\/2020\/12\/logo_VN_colori_500.png","caption":"Redazione VareseNews"},"url":"https:\/\/staging.varesenews.it\/persona\/redazione1\/"}]}},"post_meta":{"id_old":"97110","argomento":"Busto Arsizio","autore_old":"SdA"},"photos":[],"_links":{"self":[{"href":"https:\/\/staging.varesenews.it\/swgapi\/v1\/wp\/v2\/posts\/217566"}],"collection":[{"href":"https:\/\/staging.varesenews.it\/swgapi\/v1\/wp\/v2\/posts"}],"about":[{"href":"https:\/\/staging.varesenews.it\/swgapi\/v1\/wp\/v2\/types\/post"}],"author":[{"embeddable":true,"href":"https:\/\/staging.varesenews.it\/swgapi\/v1\/wp\/v2\/users\/10"}],"replies":[{"embeddable":true,"href":"https:\/\/staging.varesenews.it\/swgapi\/v1\/wp\/v2\/comments?post=217566"}],"version-history":[{"count":0,"href":"https:\/\/staging.varesenews.it\/swgapi\/v1\/wp\/v2\/posts\/217566\/revisions"}],"wp:attachment":[{"href":"https:\/\/staging.varesenews.it\/swgapi\/v1\/wp\/v2\/media?parent=217566"}],"wp:term":[{"taxonomy":"category","embeddable":true,"href":"https:\/\/staging.varesenews.it\/swgapi\/v1\/wp\/v2\/categories?post=217566"},{"taxonomy":"post_tag","embeddable":true,"href":"https:\/\/staging.varesenews.it\/swgapi\/v1\/wp\/v2\/tags?post=217566"}],"curies":[{"name":"wp","href":"https:\/\/api.w.org\/{rel}","templated":true}]}}