{"id":217961,"date":"2008-04-17T00:00:00","date_gmt":"2008-04-17T00:00:00","guid":{"rendered":""},"modified":"2008-04-17T00:00:00","modified_gmt":"2008-04-17T00:00:00","slug":"a-varese-campioni-di-wireless","status":"publish","type":"post","link":"https:\/\/staging.varesenews.it\/2008\/04\/a-varese-campioni-di-wireless\/217961\/","title":{"rendered":"A Varese campioni di wireless"},"content":{"rendered":"<p><font face=\"arial,helvetica,sans-serif\"><img loading=\"lazy\" decoding=\"async\" style=\"WIDTH: 273px; HEIGHT: 203px\" height=\"203\" hspace=\"3\" src=\"https:\/\/www3.varesenews.it\/immagini_articoli\/200702\/spada1.jpg\" width=\"273\" align=\"right\" vspace=\"3\" border=\"0\" \/>Tutto \u00e8 partito da Gazzada e dal Campo dei fiori. <a href=\"\/insubria\/articolo.php?id=64973\">Un anno fa <\/a><strong><a href=\"\/varese\/articolo.php?id=66090\" target=\"_blank\">il varesino Luca Spada<\/a> e la sua <a href=\"http:\/\/www.ngi.it\/\" target=\"_blank\">Ngi<\/a><\/strong> hanno iniziato a fornire connettivit\u00e0 wireless. Una linea diretta da Settimo milanese e da l\u00ec una semplice antenna che portava 100Mb in cima alla montagna sopra Varese. <strong>Da allora <a href=\"http:\/\/www.ngi.it\/eolo\/index.asp\" target=\"_blank\">Eolo<\/a>, il\u00a0nome del progetto, \u00e8 cresciuto in modo energico.<\/strong>\u00a0Copre il 95% del Varesotto e raggiunge\u00a0gli abitanti di 1400\u00a0comuni con un incremento di cento municipi al mese. Ha attive 66 BTS, le antenne che garantiscono la connettivit\u00e0, ed entro la fine dell&#8217;anno ne verranno istallate altre 100. <br \/><strong>Luca Spada \u00e8 soddisfatto di questo risultato<\/strong>. \u00abLa nostra provincia \u00e8 quella che <strong>ha la copertura wireless migliore in Italia<\/strong>. Restano fuori solo\u00a0la Valveddasca e alcune zone d&#8217;ombra su cui stiamo lavorando\u00bb.<\/font><\/p>\n<p><font face=\"arial,helvetica,sans-serif\"><strong>Qual \u00e8 l&#8217;infrastruttura e quanti clienti avete in provincia?<\/strong><br \/>\u00abAbbiamo installato 30 BTS e gli utenti collegati sono oltre 4mila. Di questi circa tre quarti non potevano avere un Adsl e oggi invece possono navigare tranquillamente con una buona banda larga\u00bb.<\/font><\/p>\n<p><font face=\"arial,helvetica,sans-serif\"><strong><img loading=\"lazy\" decoding=\"async\" style=\"WIDTH: 264px; HEIGHT: 170px\" height=\"170\" hspace=\"3\" src=\"https:\/\/www3.varesenews.it\/immagini_articoli\/200702\/eolo4.jpg\" width=\"264\" align=\"left\" vspace=\"3\" border=\"0\" \/>Quali sono i prossimi sviluppi?<br \/><\/strong>\u00abEntro l&#8217;anno arriveremo a coprire il territorio cha va da Udine alla Liguria. Stiamo investendo\u00a0cinque\u00a0milioni di euro. Da settembre poi Varese sar\u00e0 la provincia test per un nuovo servizio, primo in Italia, che garantir\u00e0 una banda larghissima wireless dedicata alle aziende per\u00a0avere una linea simile alla fibra ottica fino a 10 Gb\u00bb.<\/font><\/p>\n<p><font face=\"arial,helvetica,sans-serif\"><strong>Chi finanzia i vostri progetti?<br \/><\/strong>\u00abI privati. La nostra \u00e8 un&#8217;azienda che non vive di finanziamenti pubblici. Anzi a questo proposito abbiamo un forte rammarico per la montagna di soldi pubblici che sono stati buttati via in questi anni\u00bb.<\/font><\/p>\n<p><font face=\"arial,helvetica,sans-serif\"><strong>Perch\u00e9 buttati via?<br \/><\/strong>\u00abLe amministrazioni che non erano raggiunte dalla banda larga\u00a0 hanno fatto dei bandi di gara per attivare un servizio di connettivit\u00e0 wireless simile al nostro. Questi bandi per\u00f2\u00a0sono stati\u00a0sbagliati perch\u00e9 si \u00e8 confuso il servizio con il prodotto con il risultato che oggi, quando va bene funziona tutto male, in altri casi addirittura non \u00e8 mai partito niente. L&#8217;errore \u00e8 credere che la connettivit\u00e0 sia solo un problema di infrastrutture. Chi fa questo lavoro deve garantire un servizio 365 giorni all&#8217;anno, 24 ore su 24 e deve fare assistenza, \u00a0manutenzione e gestire lo sviluppo. Se crescono gli utenti vanno previste revisioni altrimenti non funziona niente. Tutto questo non \u00e8 stato previsto e ora se ne vedono i risultati. Noi facciamo business e la nostra societ\u00e0 va molto bene e quindi non abbiamo bisogno di soldi pubblici per dare questi servizi\u00bb.<\/font><\/p>\n<p><font face=\"arial,helvetica,sans-serif\"><strong>Come sta andando la diffusione di Internet nel nostro paese?<br \/><\/strong>\u00abLa realt\u00e0 \u00e8 cambiata radicalmente nell&#8217;ultimo anno. C&#8217;\u00e8 stato un boom di connessioni a banda larga tra il 2000 e il 2007. Ora siamo in un mercato maturo e quindi i nuovi clienti su cavo sono molto pochi. I dati che fornisce la Telecom parla di 12 milioni di famiglie connesse. Allo stato attuale ci sono circa tremila comuni senza banda larga che equivalno a 4-5 milioni di famiglie\u00bb.<\/font><\/p>\n<p><font face=\"arial,helvetica,sans-serif\"><strong>Che sviluppi possiamo prevedere per Internet?<br \/><\/strong>\u00abNoi sviluppiamo infrastrutture, altri lavorano alle applicazioni. \u00c8 chiaro che le due questioni sono legate e oggi si possono fare progetti che fino a poco tempo fa erano impossibili. La tecnologia ha fatto passi avanti da gigante, i problemi adesso sono altri\u00bb.<\/font><\/p>\n<p><font face=\"arial,helvetica,sans-serif\"><strong>Cio\u00e8?<br \/><\/strong>\u00abNegli Stati Uniti si parla da tempo <a href=\"http:\/\/it.wikipedia.org\/wiki\/Open_Spectrum\" target=\"_blank\">dell&#8217;open spectrum<\/a>. Ossia della possibilit\u00e0 di sfruttare liberamente tutto l&#8217;etere. Fino a quando la radio trasmissione era analogica lo Stato era il garante delle frequenze. Con l&#8217;avvento del digitale questa funzione dovrebbe cessare e invece il Governo, per incassare soldi,\u00a0si \u00e8 tenuto questo ruolo e ha liberalizzato solo lo 0,2% delle frequenze comprimendo cos\u00ec la possibilit\u00e0 di sviluppo. Oggi la tecnologia permetterebbe di gestire i dati in modo molto pi\u00f9 veloce e pratico, basti pensare al bluetooth e al WiFi. Noi invece per Internet possiamo disporre solo di linee a 2 Mb e questo limita molto perch\u00e9 con una Bts possiamo gestire circa 300 utenti, poi si satura. Questo costringe a infrastrutture molto capillari e costose quando basterebbe poter avere la concessione di utilizzo di una banda maggiore\u00bb.<\/font><\/p>\n<p><font face=\"arial,helvetica,sans-serif\"><strong>Insomma uno degli esempi dei costi della mancata liberalizzazione?<br \/><\/strong>\u00abSi, aggravato dal fatto che si devono fare maggiori investimenti e in pi\u00f9 assistere allo sperpero di denaro pubblico di tutti noi contribuenti\u00bb.<\/font><\/p>\n","protected":false},"excerpt":{"rendered":"<p>Luca Spada racconta l&#8217;avventura di Eolo che in un anno ha rivoluzionato la connettivit\u00e0 e lancia un&#8217;accusa alle amministrazioni: &#8220;Peccato aver buttato tanti soldi pubblici&#8221;<\/p>\n","protected":false},"author":10,"featured_media":0,"comment_status":"open","ping_status":"open","sticky":false,"template":"","format":"standard","meta":{"footnotes":""},"categories":[9],"tags":[],"acf":[],"yoast_head":"<!-- This site is optimized with the Yoast SEO plugin v20.1 - https:\/\/yoast.com\/wordpress\/plugins\/seo\/ -->\n<title>A Varese campioni di wireless<\/title>\n<meta name=\"description\" content=\"Luca Spada racconta l&#039;avventura di Eolo che in un anno ha rivoluzionato la connettivit\u00e0 e lancia un&#039;accusa alle amministrazioni: &quot;Peccato aver buttato tanti soldi pubblici&quot;\" \/>\n<meta name=\"robots\" content=\"noindex, follow, max-snippet:-1, max-image-preview:large, max-video-preview:-1\" \/>\n<meta property=\"og:locale\" content=\"it_IT\" \/>\n<meta property=\"og:type\" content=\"article\" \/>\n<meta property=\"og:title\" content=\"A Varese campioni di wireless\" \/>\n<meta property=\"og:description\" content=\"Luca Spada racconta l&#039;avventura di Eolo che in un anno ha rivoluzionato la connettivit\u00e0 e lancia un&#039;accusa alle amministrazioni: &quot;Peccato aver buttato tanti soldi pubblici&quot;\" \/>\n<meta property=\"og:url\" content=\"https:\/\/staging.varesenews.it\/2008\/04\/a-varese-campioni-di-wireless\/217961\/\" \/>\n<meta property=\"og:site_name\" content=\"VareseNews\" \/>\n<meta property=\"article:publisher\" content=\"https:\/\/www.facebook.com\/varesenews\" \/>\n<meta property=\"article:published_time\" content=\"2008-04-17T00:00:00+00:00\" \/>\n<meta property=\"og:image\" content=\"https:\/\/www3.varesenews.it\/immagini_articoli\/200702\/spada1.jpg\" \/>\n<meta name=\"author\" content=\"Redazione VareseNews\" \/>\n<meta name=\"twitter:card\" content=\"summary_large_image\" \/>\n<meta name=\"twitter:creator\" content=\"@varesenews\" \/>\n<meta name=\"twitter:site\" content=\"@varesenews\" \/>\n<meta name=\"twitter:label1\" content=\"Scritto da\" \/>\n\t<meta name=\"twitter:data1\" content=\"Redazione VareseNews\" \/>\n\t<meta name=\"twitter:label2\" content=\"Tempo di lettura stimato\" \/>\n\t<meta name=\"twitter:data2\" content=\"3 minuti\" \/>\n<script type=\"application\/ld+json\" class=\"yoast-schema-graph\">{\"@context\":\"https:\/\/schema.org\",\"@graph\":[{\"@type\":\"WebPage\",\"@id\":\"https:\/\/staging.varesenews.it\/2008\/04\/a-varese-campioni-di-wireless\/217961\/\",\"url\":\"https:\/\/staging.varesenews.it\/2008\/04\/a-varese-campioni-di-wireless\/217961\/\",\"name\":\"A Varese campioni di wireless\",\"isPartOf\":{\"@id\":\"https:\/\/staging.varesenews.it\/#website\"},\"datePublished\":\"2008-04-17T00:00:00+00:00\",\"dateModified\":\"2008-04-17T00:00:00+00:00\",\"author\":{\"@id\":\"https:\/\/staging.varesenews.it\/#\/schema\/person\/fb20c4da0b7b16c291707a20db73e169\"},\"description\":\"Luca Spada racconta l'avventura di Eolo che in un anno ha rivoluzionato la connettivit\u00e0 e lancia un'accusa alle amministrazioni: \\\"Peccato aver buttato tanti soldi pubblici\\\"\",\"breadcrumb\":{\"@id\":\"https:\/\/staging.varesenews.it\/2008\/04\/a-varese-campioni-di-wireless\/217961\/#breadcrumb\"},\"inLanguage\":\"it-IT\",\"potentialAction\":[{\"@type\":\"ReadAction\",\"target\":[\"https:\/\/staging.varesenews.it\/2008\/04\/a-varese-campioni-di-wireless\/217961\/\"]}]},{\"@type\":\"BreadcrumbList\",\"@id\":\"https:\/\/staging.varesenews.it\/2008\/04\/a-varese-campioni-di-wireless\/217961\/#breadcrumb\",\"itemListElement\":[{\"@type\":\"ListItem\",\"position\":1,\"name\":\"Home\",\"item\":\"https:\/\/www.varesenews.it\/\"},{\"@type\":\"ListItem\",\"position\":2,\"name\":\"A Varese campioni di wireless\"}]},{\"@type\":\"WebSite\",\"@id\":\"https:\/\/staging.varesenews.it\/#website\",\"url\":\"https:\/\/staging.varesenews.it\/\",\"name\":\"VareseNews\",\"description\":\"\",\"potentialAction\":[{\"@type\":\"SearchAction\",\"target\":{\"@type\":\"EntryPoint\",\"urlTemplate\":\"https:\/\/staging.varesenews.it\/?s={search_term_string}\"},\"query-input\":\"required name=search_term_string\"}],\"inLanguage\":\"it-IT\"},{\"@type\":\"Person\",\"@id\":\"https:\/\/staging.varesenews.it\/#\/schema\/person\/fb20c4da0b7b16c291707a20db73e169\",\"name\":\"Redazione VareseNews\",\"image\":{\"@type\":\"ImageObject\",\"inLanguage\":\"it-IT\",\"@id\":\"https:\/\/staging.varesenews.it\/#\/schema\/person\/image\/\",\"url\":\"https:\/\/staging.varesenews.it\/wp-content\/uploads\/2020\/12\/logo_VN_colori_500.png\",\"contentUrl\":\"https:\/\/staging.varesenews.it\/wp-content\/uploads\/2020\/12\/logo_VN_colori_500.png\",\"caption\":\"Redazione VareseNews\"},\"url\":\"https:\/\/staging.varesenews.it\/persona\/redazione1\/\"}]}<\/script>\n<!-- \/ Yoast SEO plugin. -->","yoast_head_json":{"title":"A Varese campioni di wireless","description":"Luca Spada racconta l'avventura di Eolo che in un anno ha rivoluzionato la connettivit\u00e0 e lancia un'accusa alle amministrazioni: \"Peccato aver buttato tanti soldi pubblici\"","robots":{"index":"noindex","follow":"follow","max-snippet":"max-snippet:-1","max-image-preview":"max-image-preview:large","max-video-preview":"max-video-preview:-1"},"og_locale":"it_IT","og_type":"article","og_title":"A Varese campioni di wireless","og_description":"Luca Spada racconta l'avventura di Eolo che in un anno ha rivoluzionato la connettivit\u00e0 e lancia un'accusa alle amministrazioni: \"Peccato aver buttato tanti soldi pubblici\"","og_url":"https:\/\/staging.varesenews.it\/2008\/04\/a-varese-campioni-di-wireless\/217961\/","og_site_name":"VareseNews","article_publisher":"https:\/\/www.facebook.com\/varesenews","article_published_time":"2008-04-17T00:00:00+00:00","og_image":[{"url":"https:\/\/www3.varesenews.it\/immagini_articoli\/200702\/spada1.jpg"}],"author":"Redazione VareseNews","twitter_card":"summary_large_image","twitter_creator":"@varesenews","twitter_site":"@varesenews","twitter_misc":{"Scritto da":"Redazione VareseNews","Tempo di lettura stimato":"3 minuti"},"schema":{"@context":"https:\/\/schema.org","@graph":[{"@type":"WebPage","@id":"https:\/\/staging.varesenews.it\/2008\/04\/a-varese-campioni-di-wireless\/217961\/","url":"https:\/\/staging.varesenews.it\/2008\/04\/a-varese-campioni-di-wireless\/217961\/","name":"A Varese campioni di wireless","isPartOf":{"@id":"https:\/\/staging.varesenews.it\/#website"},"datePublished":"2008-04-17T00:00:00+00:00","dateModified":"2008-04-17T00:00:00+00:00","author":{"@id":"https:\/\/staging.varesenews.it\/#\/schema\/person\/fb20c4da0b7b16c291707a20db73e169"},"description":"Luca Spada racconta l'avventura di Eolo che in un anno ha rivoluzionato la connettivit\u00e0 e lancia un'accusa alle amministrazioni: \"Peccato aver buttato tanti soldi pubblici\"","breadcrumb":{"@id":"https:\/\/staging.varesenews.it\/2008\/04\/a-varese-campioni-di-wireless\/217961\/#breadcrumb"},"inLanguage":"it-IT","potentialAction":[{"@type":"ReadAction","target":["https:\/\/staging.varesenews.it\/2008\/04\/a-varese-campioni-di-wireless\/217961\/"]}]},{"@type":"BreadcrumbList","@id":"https:\/\/staging.varesenews.it\/2008\/04\/a-varese-campioni-di-wireless\/217961\/#breadcrumb","itemListElement":[{"@type":"ListItem","position":1,"name":"Home","item":"https:\/\/www.varesenews.it\/"},{"@type":"ListItem","position":2,"name":"A Varese campioni di wireless"}]},{"@type":"WebSite","@id":"https:\/\/staging.varesenews.it\/#website","url":"https:\/\/staging.varesenews.it\/","name":"VareseNews","description":"","potentialAction":[{"@type":"SearchAction","target":{"@type":"EntryPoint","urlTemplate":"https:\/\/staging.varesenews.it\/?s={search_term_string}"},"query-input":"required name=search_term_string"}],"inLanguage":"it-IT"},{"@type":"Person","@id":"https:\/\/staging.varesenews.it\/#\/schema\/person\/fb20c4da0b7b16c291707a20db73e169","name":"Redazione VareseNews","image":{"@type":"ImageObject","inLanguage":"it-IT","@id":"https:\/\/staging.varesenews.it\/#\/schema\/person\/image\/","url":"https:\/\/staging.varesenews.it\/wp-content\/uploads\/2020\/12\/logo_VN_colori_500.png","contentUrl":"https:\/\/staging.varesenews.it\/wp-content\/uploads\/2020\/12\/logo_VN_colori_500.png","caption":"Redazione VareseNews"},"url":"https:\/\/staging.varesenews.it\/persona\/redazione1\/"}]}},"post_meta":{"id_old":"96591","argomento":"Internet - tecnologia","autore_old":"Marco  Giovannelli","id_link_fotogallery":"313705"},"photos":[],"_links":{"self":[{"href":"https:\/\/staging.varesenews.it\/swgapi\/v1\/wp\/v2\/posts\/217961"}],"collection":[{"href":"https:\/\/staging.varesenews.it\/swgapi\/v1\/wp\/v2\/posts"}],"about":[{"href":"https:\/\/staging.varesenews.it\/swgapi\/v1\/wp\/v2\/types\/post"}],"author":[{"embeddable":true,"href":"https:\/\/staging.varesenews.it\/swgapi\/v1\/wp\/v2\/users\/10"}],"replies":[{"embeddable":true,"href":"https:\/\/staging.varesenews.it\/swgapi\/v1\/wp\/v2\/comments?post=217961"}],"version-history":[{"count":0,"href":"https:\/\/staging.varesenews.it\/swgapi\/v1\/wp\/v2\/posts\/217961\/revisions"}],"wp:attachment":[{"href":"https:\/\/staging.varesenews.it\/swgapi\/v1\/wp\/v2\/media?parent=217961"}],"wp:term":[{"taxonomy":"category","embeddable":true,"href":"https:\/\/staging.varesenews.it\/swgapi\/v1\/wp\/v2\/categories?post=217961"},{"taxonomy":"post_tag","embeddable":true,"href":"https:\/\/staging.varesenews.it\/swgapi\/v1\/wp\/v2\/tags?post=217961"}],"curies":[{"name":"wp","href":"https:\/\/api.w.org\/{rel}","templated":true}]}}