{"id":219070,"date":"2008-04-01T00:00:00","date_gmt":"2008-04-01T00:00:00","guid":{"rendered":""},"modified":"2008-04-01T00:00:00","modified_gmt":"2008-04-01T00:00:00","slug":"aspem-lega-pronta-a-votare-con-il-pd","status":"publish","type":"post","link":"https:\/\/staging.varesenews.it\/2008\/04\/aspem-lega-pronta-a-votare-con-il-pd\/219070\/","title":{"rendered":"Aspem, Lega pronta a votare con il Pd"},"content":{"rendered":"<p class=\"MsoNormal\" style=\"MARGIN: 0cm 0cm 0pt\"><font face=\"arial,helvetica,sans-serif\">Piuttosto che darla vinta a Forza Italia, <personname w:st=\"on\" productid=\"La Lega\" \/>la Lega<\/personname \/> voter\u00e0 l\u2019aggregazione di Aspem con una azienda lombarda o veneta insieme al Pd. E\u2019 la logica concussione della battaglia politica in atto in comune. Il sindaco <strong>Attilio Fontana<\/strong> ha ribadito ieri sera, in <strong>consiglio comunale<\/strong>, che intende fare una scelta per il futuro della societ\u00e0 multiservizi, a vantaggio della citt\u00e0. Il primo cittadino \u00e8 fermamente convinto che le tre proposte di fusione presentate (Lgh, A2A, Ascopiave) siano ottime proposte e che sarebbe un danno perderle. <\/font><\/p>\n<p class=\"MsoNormal\" style=\"MARGIN: 0cm 0cm 0pt\"><font face=\"arial,helvetica,sans-serif\"><\/font><\/p>\n<p class=\"MsoNormal\" style=\"MARGIN: 0cm 0cm 0pt\"><font face=\"arial,helvetica,sans-serif\"><strong><br \/>Il patto trasversale<\/strong><br \/>Il sindaco ha fatto capire che non prende in considerazione una <strong>quarta proposta<\/strong> (che agli atti non c\u2019\u00e8), quella di aggregazione provinciale in Prealpi Servizi (con Amsc Gallarate e Agesp Busto Arsizio), e\u00a0garantito che si presenter\u00e0 al consiglio comunale. <strong>Chi voter\u00e0 con lui?<\/strong> Il Pd, se ci saranno le condizioni, lo far\u00e0. Per\u00a0Emiliano Cacioppo e Roberto Molinari \u201cla proposte migliore avr\u00e0 il nostro consenso\u201d. <\/font><\/p>\n<p class=\"MsoNormal\" style=\"MARGIN: 0cm 0cm 0pt\"><font face=\"arial,helvetica,sans-serif\"><\/font><\/p>\n<p class=\"MsoNormal\" style=\"MARGIN: 0cm 0cm 0pt\"><font face=\"arial,helvetica,sans-serif\"><strong><br \/>Il dilemma di Forza Italia<\/strong>. <br \/>Finch\u00e9 tra i berluscones il numero uno era Gianpaolo Ermolli, anche i forzisti stavano col sindaco. Ora che <strong>il vicesindaco si \u00e8 dimesso<\/strong>, non si sa. In consiglio hanno parlato, tra gli altri, il capogruppo Roberti Puricelli e il segretario cittadino Aldo Colombo, smorzando i toni e invocando prudenza, ma non hanno chiarito che cosa intenda fare il partito, che oggettivamente si trova in una fase di travaglio.\u00a0<span style=\"mso-spacerun: yes\">\u00a0<\/span><\/font><\/p>\n<p class=\"MsoNormal\" style=\"MARGIN: 0cm 0cm 0pt\"><font face=\"arial,helvetica,sans-serif\"><span style=\"mso-spacerun: yes\"><\/span><\/font><\/p>\n<p class=\"MsoNormal\" style=\"MARGIN: 0cm 0cm 0pt\"><font face=\"arial,helvetica,sans-serif\"><personname w:st=\"on\" productid=\"La Lega\" \/><strong><br \/>Il carroccio a tutto gas<\/strong><\/font><\/p>\n<p class=\"MsoNormal\" style=\"MARGIN: 0cm 0cm 0pt\"><font face=\"arial,helvetica,sans-serif\">La <strong>Lega<\/strong><\/personname \/><strong> \u00e8 invece chiarissima<\/strong> e mantiene una linea coerente: \u201cSosteniamo il sindaco\u201d dicono i leghisti a partire dal capogruppo Sergio Ghiringhelli. Il carroccio star\u00e0 con Fontana fino alla fine. Al sindaco, dicono alcuni, \u00e8 stata rifilata una polpetta avvelenata: gli alleati hanno sfiduciato Ermolli e l\u2019assessore alle partecipate Fabio Carella (che Fontana ha difeso e ringraziato), sotto elezioni, e gli hanno imposto di mandare gi\u00f9 il rospo sapendo che non si pu\u00f2 dimettere prima delle urne senza creare un danno anche al suo partito. <\/font><\/p>\n<p class=\"MsoNormal\" style=\"MARGIN: 0cm 0cm 0pt\"><font face=\"arial,helvetica,sans-serif\"><\/font><\/p>\n<p class=\"MsoNormal\" style=\"MARGIN: 0cm 0cm 0pt\"><font face=\"arial,helvetica,sans-serif\"><strong><br \/>Le trame<br \/><\/strong>In questo modo, <strong>l\u2019asse provinciale di Forza Italia<\/strong> guidato da Nino Caianiello e che tifa per l\u2019aggregazione provinciale, pensa di arrivare al dopo elezioni, fare il rimpasto di giunta e, una volta espugnata la segreteria cittadina, vincere la partita cambiando tutti gli assessori. I mediatori dentro Forza Italia cercano un accordo e per il <strong>ruolo di vicesindaco<\/strong> si fanno i nomi di Giorgio DeWolf, Carlo Baroni, Ciro Grassia, ma anche nella bufera i pi\u00f9 responsabili sono convinti che, comunque, un accordo per non lasciare che Aspem si depauperi nell\u2019immobilismo, alla fine si trover\u00e0. <\/font><\/p>\n<p class=\"MsoNormal\" style=\"MARGIN: 0cm 0cm 0pt\"><font face=\"arial,helvetica,sans-serif\">Dietro la scelta della Lega giocano anche considerazioni di carattere politico, forse spiace una Prealpi Servizi a guida Forza Italia nella <strong>casa di Bossi<\/strong>. Ma \u00e8 comunque il mercato a chiedere una scelta. Mentre c\u2019\u00e8 ancora una volta da registrare come <strong>la politica fatta in questo modo tenga poco in conto le istituzioni<\/strong>, basti pensare che nessuno ha mai detto con chiarezza che cosa stia realmente accadendo. <\/font><\/p>\n<p class=\"MsoNormal\" style=\"MARGIN: 0cm 0cm 0pt\"><font face=\"arial,helvetica,sans-serif\"><\/font><\/p>\n<p class=\"MsoNormal\" style=\"MARGIN: 0cm 0cm 0pt\"><font face=\"arial,helvetica,sans-serif\"><\/font><\/p>\n<p class=\"MsoNormal\" style=\"MARGIN: 0cm 0cm 0pt\"><font face=\"arial,helvetica,sans-serif\"><br \/>Dall\u2019opposizione \u00e8 anche venuta la richiesta di <strong>dimissioni <\/strong>per Ciro Calemme (Forza Italia), presidente di Aspem Reti, apertamente schierato contro la linea del sindaco. Critiche verso\u00a0Caianiello\u00a0anche da Zappoli (Rifondazione), mentre Pitarresi (Pdci) ha detto che Carella aveva ben operato. Il socialista Vanetti ha esortato a operare per il bene dei cittadini, Nicoletti (Movimento Libero) ha\u00a0affermato che la giunta ha fallito in tutto.<\/font><\/p>\n","protected":false},"excerpt":{"rendered":"<p>In consiglio comunale Fontana ribadisce: io vado avanti e sar\u00e0 l&#8217;aula a decidere<\/p>\n","protected":false},"author":10,"featured_media":0,"comment_status":"open","ping_status":"open","sticky":false,"template":"","format":"standard","meta":{"footnotes":""},"categories":[2],"tags":[],"acf":[],"yoast_head":"<!-- This site is optimized with the Yoast SEO plugin v20.1 - https:\/\/yoast.com\/wordpress\/plugins\/seo\/ -->\n<title>Aspem, Lega pronta a votare con il Pd<\/title>\n<meta name=\"description\" content=\"In consiglio comunale Fontana ribadisce: io vado avanti e sar\u00e0 l&#039;aula a decidere\" \/>\n<meta name=\"robots\" content=\"noindex, follow, max-snippet:-1, max-image-preview:large, max-video-preview:-1\" \/>\n<meta property=\"og:locale\" content=\"it_IT\" \/>\n<meta property=\"og:type\" content=\"article\" \/>\n<meta property=\"og:title\" content=\"Aspem, Lega pronta a votare con il Pd\" \/>\n<meta property=\"og:description\" content=\"In consiglio comunale Fontana ribadisce: io vado avanti e sar\u00e0 l&#039;aula a decidere\" \/>\n<meta property=\"og:url\" content=\"https:\/\/staging.varesenews.it\/2008\/04\/aspem-lega-pronta-a-votare-con-il-pd\/219070\/\" \/>\n<meta property=\"og:site_name\" content=\"VareseNews\" \/>\n<meta property=\"article:publisher\" content=\"https:\/\/www.facebook.com\/varesenews\" \/>\n<meta property=\"article:published_time\" content=\"2008-04-01T00:00:00+00:00\" \/>\n<meta name=\"author\" content=\"Redazione VareseNews\" \/>\n<meta name=\"twitter:card\" content=\"summary_large_image\" \/>\n<meta name=\"twitter:creator\" content=\"@varesenews\" \/>\n<meta name=\"twitter:site\" content=\"@varesenews\" \/>\n<meta name=\"twitter:label1\" content=\"Scritto da\" \/>\n\t<meta name=\"twitter:data1\" content=\"Redazione VareseNews\" \/>\n\t<meta name=\"twitter:label2\" content=\"Tempo di lettura stimato\" \/>\n\t<meta name=\"twitter:data2\" content=\"3 minuti\" \/>\n<script type=\"application\/ld+json\" class=\"yoast-schema-graph\">{\"@context\":\"https:\/\/schema.org\",\"@graph\":[{\"@type\":\"WebPage\",\"@id\":\"https:\/\/staging.varesenews.it\/2008\/04\/aspem-lega-pronta-a-votare-con-il-pd\/219070\/\",\"url\":\"https:\/\/staging.varesenews.it\/2008\/04\/aspem-lega-pronta-a-votare-con-il-pd\/219070\/\",\"name\":\"Aspem, Lega pronta a votare con il Pd\",\"isPartOf\":{\"@id\":\"https:\/\/staging.varesenews.it\/#website\"},\"datePublished\":\"2008-04-01T00:00:00+00:00\",\"dateModified\":\"2008-04-01T00:00:00+00:00\",\"author\":{\"@id\":\"https:\/\/staging.varesenews.it\/#\/schema\/person\/fb20c4da0b7b16c291707a20db73e169\"},\"description\":\"In consiglio comunale Fontana ribadisce: io vado avanti e sar\u00e0 l'aula a decidere\",\"breadcrumb\":{\"@id\":\"https:\/\/staging.varesenews.it\/2008\/04\/aspem-lega-pronta-a-votare-con-il-pd\/219070\/#breadcrumb\"},\"inLanguage\":\"it-IT\",\"potentialAction\":[{\"@type\":\"ReadAction\",\"target\":[\"https:\/\/staging.varesenews.it\/2008\/04\/aspem-lega-pronta-a-votare-con-il-pd\/219070\/\"]}]},{\"@type\":\"BreadcrumbList\",\"@id\":\"https:\/\/staging.varesenews.it\/2008\/04\/aspem-lega-pronta-a-votare-con-il-pd\/219070\/#breadcrumb\",\"itemListElement\":[{\"@type\":\"ListItem\",\"position\":1,\"name\":\"Home\",\"item\":\"https:\/\/www.varesenews.it\/\"},{\"@type\":\"ListItem\",\"position\":2,\"name\":\"Aspem, Lega pronta a votare con il Pd\"}]},{\"@type\":\"WebSite\",\"@id\":\"https:\/\/staging.varesenews.it\/#website\",\"url\":\"https:\/\/staging.varesenews.it\/\",\"name\":\"VareseNews\",\"description\":\"\",\"potentialAction\":[{\"@type\":\"SearchAction\",\"target\":{\"@type\":\"EntryPoint\",\"urlTemplate\":\"https:\/\/staging.varesenews.it\/?s={search_term_string}\"},\"query-input\":\"required name=search_term_string\"}],\"inLanguage\":\"it-IT\"},{\"@type\":\"Person\",\"@id\":\"https:\/\/staging.varesenews.it\/#\/schema\/person\/fb20c4da0b7b16c291707a20db73e169\",\"name\":\"Redazione VareseNews\",\"image\":{\"@type\":\"ImageObject\",\"inLanguage\":\"it-IT\",\"@id\":\"https:\/\/staging.varesenews.it\/#\/schema\/person\/image\/\",\"url\":\"https:\/\/staging.varesenews.it\/wp-content\/uploads\/2020\/12\/logo_VN_colori_500.png\",\"contentUrl\":\"https:\/\/staging.varesenews.it\/wp-content\/uploads\/2020\/12\/logo_VN_colori_500.png\",\"caption\":\"Redazione VareseNews\"},\"url\":\"https:\/\/staging.varesenews.it\/persona\/redazione1\/\"}]}<\/script>\n<!-- \/ Yoast SEO plugin. -->","yoast_head_json":{"title":"Aspem, Lega pronta a votare con il Pd","description":"In consiglio comunale Fontana ribadisce: io vado avanti e sar\u00e0 l'aula a decidere","robots":{"index":"noindex","follow":"follow","max-snippet":"max-snippet:-1","max-image-preview":"max-image-preview:large","max-video-preview":"max-video-preview:-1"},"og_locale":"it_IT","og_type":"article","og_title":"Aspem, Lega pronta a votare con il Pd","og_description":"In consiglio comunale Fontana ribadisce: io vado avanti e sar\u00e0 l'aula a decidere","og_url":"https:\/\/staging.varesenews.it\/2008\/04\/aspem-lega-pronta-a-votare-con-il-pd\/219070\/","og_site_name":"VareseNews","article_publisher":"https:\/\/www.facebook.com\/varesenews","article_published_time":"2008-04-01T00:00:00+00:00","author":"Redazione VareseNews","twitter_card":"summary_large_image","twitter_creator":"@varesenews","twitter_site":"@varesenews","twitter_misc":{"Scritto da":"Redazione VareseNews","Tempo di lettura stimato":"3 minuti"},"schema":{"@context":"https:\/\/schema.org","@graph":[{"@type":"WebPage","@id":"https:\/\/staging.varesenews.it\/2008\/04\/aspem-lega-pronta-a-votare-con-il-pd\/219070\/","url":"https:\/\/staging.varesenews.it\/2008\/04\/aspem-lega-pronta-a-votare-con-il-pd\/219070\/","name":"Aspem, Lega pronta a votare con il Pd","isPartOf":{"@id":"https:\/\/staging.varesenews.it\/#website"},"datePublished":"2008-04-01T00:00:00+00:00","dateModified":"2008-04-01T00:00:00+00:00","author":{"@id":"https:\/\/staging.varesenews.it\/#\/schema\/person\/fb20c4da0b7b16c291707a20db73e169"},"description":"In consiglio comunale Fontana ribadisce: io vado avanti e sar\u00e0 l'aula a decidere","breadcrumb":{"@id":"https:\/\/staging.varesenews.it\/2008\/04\/aspem-lega-pronta-a-votare-con-il-pd\/219070\/#breadcrumb"},"inLanguage":"it-IT","potentialAction":[{"@type":"ReadAction","target":["https:\/\/staging.varesenews.it\/2008\/04\/aspem-lega-pronta-a-votare-con-il-pd\/219070\/"]}]},{"@type":"BreadcrumbList","@id":"https:\/\/staging.varesenews.it\/2008\/04\/aspem-lega-pronta-a-votare-con-il-pd\/219070\/#breadcrumb","itemListElement":[{"@type":"ListItem","position":1,"name":"Home","item":"https:\/\/www.varesenews.it\/"},{"@type":"ListItem","position":2,"name":"Aspem, Lega pronta a votare con il Pd"}]},{"@type":"WebSite","@id":"https:\/\/staging.varesenews.it\/#website","url":"https:\/\/staging.varesenews.it\/","name":"VareseNews","description":"","potentialAction":[{"@type":"SearchAction","target":{"@type":"EntryPoint","urlTemplate":"https:\/\/staging.varesenews.it\/?s={search_term_string}"},"query-input":"required name=search_term_string"}],"inLanguage":"it-IT"},{"@type":"Person","@id":"https:\/\/staging.varesenews.it\/#\/schema\/person\/fb20c4da0b7b16c291707a20db73e169","name":"Redazione VareseNews","image":{"@type":"ImageObject","inLanguage":"it-IT","@id":"https:\/\/staging.varesenews.it\/#\/schema\/person\/image\/","url":"https:\/\/staging.varesenews.it\/wp-content\/uploads\/2020\/12\/logo_VN_colori_500.png","contentUrl":"https:\/\/staging.varesenews.it\/wp-content\/uploads\/2020\/12\/logo_VN_colori_500.png","caption":"Redazione VareseNews"},"url":"https:\/\/staging.varesenews.it\/persona\/redazione1\/"}]}},"post_meta":{"id_old":"95094","argomento":"Varese","autore_old":"Roberto Rotondo"},"photos":[],"_links":{"self":[{"href":"https:\/\/staging.varesenews.it\/swgapi\/v1\/wp\/v2\/posts\/219070"}],"collection":[{"href":"https:\/\/staging.varesenews.it\/swgapi\/v1\/wp\/v2\/posts"}],"about":[{"href":"https:\/\/staging.varesenews.it\/swgapi\/v1\/wp\/v2\/types\/post"}],"author":[{"embeddable":true,"href":"https:\/\/staging.varesenews.it\/swgapi\/v1\/wp\/v2\/users\/10"}],"replies":[{"embeddable":true,"href":"https:\/\/staging.varesenews.it\/swgapi\/v1\/wp\/v2\/comments?post=219070"}],"version-history":[{"count":0,"href":"https:\/\/staging.varesenews.it\/swgapi\/v1\/wp\/v2\/posts\/219070\/revisions"}],"wp:attachment":[{"href":"https:\/\/staging.varesenews.it\/swgapi\/v1\/wp\/v2\/media?parent=219070"}],"wp:term":[{"taxonomy":"category","embeddable":true,"href":"https:\/\/staging.varesenews.it\/swgapi\/v1\/wp\/v2\/categories?post=219070"},{"taxonomy":"post_tag","embeddable":true,"href":"https:\/\/staging.varesenews.it\/swgapi\/v1\/wp\/v2\/tags?post=219070"}],"curies":[{"name":"wp","href":"https:\/\/api.w.org\/{rel}","templated":true}]}}