{"id":219087,"date":"2008-03-31T00:00:00","date_gmt":"2008-03-31T00:00:00","guid":{"rendered":""},"modified":"2008-03-31T00:00:00","modified_gmt":"2008-03-31T00:00:00","slug":"comunicare-o-informare-qual-e-il-confine","status":"publish","type":"post","link":"https:\/\/staging.varesenews.it\/2008\/03\/comunicare-o-informare-qual-e-il-confine\/219087\/","title":{"rendered":"Comunicare o informare, qual \u00e8 il confine?"},"content":{"rendered":"<p class=\"MsoNormal\" style=\"MARGIN: 0cm 0cm 0pt\"><span style=\"FONT-FAMILY: Arial\">La Facolt\u00e0 di Scienze di Varese dell&#8217;Universit\u00e0 degli Studi dell&#8217;Insubria, in collaborazione con Punto Einaudi &#8211; Varese e Universauser \/ Auser Varese, organizza il prossimo incontro del ciclo &quot;Incontrare i libri. Proposte per una cultura senza confini&quot;; l\u2019appuntamento \u00e8 in programma <strong>mercoled\u00ec 2 aprile<\/strong> alle 18, nell&#8217;Aula Magna della Facolt\u00e0 di Scienze in via Dunant 3, a Varese. <\/p>\n<p \/><\/span><\/p>\n<p class=\"MsoNormal\" style=\"MARGIN: 0cm 0cm 0pt\"><span style=\"FONT-FAMILY: Arial\">\u00a0<\/p>\n<p \/><\/span><\/p>\n<p class=\"MsoNormal\" style=\"MARGIN: 0cm 0cm 0pt\"><span style=\"FONT-FAMILY: Arial\">L\u2019incontro dal titolo \u201c<strong>Comunicare o Informare?<\/strong>&quot; \u00e8 dedicato alle scienze della comunicazione e prende spunto dal libro di Mario Perniola, \u201c<strong>Contro la Comunicazione<\/strong>\u201d (Einaudi, 2004). Interverranno: <strong>Paolo Bellini<\/strong>, docente di Linguaggi Politici dell\u2019Universit\u00e0 degli Studi dell\u2019Insubria;<strong> Pasquale Diaferia<\/strong>, presidente di Special Team, docente di Teorie e Tecniche della Comunicazione di Massa Universit\u00e0 degli Studi dell\u2019Insubria; <strong>Franz Foti<\/strong>, docente di Comunicazione Pubblica e Istituzionale Universit\u00e0 degli Studi dell\u2019Insubria; <strong>Michele Mancino<\/strong>, vicedirettore di VareseNews; <strong>Gianni Spart\u00e0<\/strong>, giornalista e capo redattore de La Prealpina.<\/p>\n<p \/><\/span><\/p>\n<p class=\"MsoNormal\" style=\"MARGIN: 0cm 0cm 0pt\"><span style=\"FONT-FAMILY: Arial\">\u00a0<\/p>\n<p \/><\/span><\/p>\n<p class=\"MsoNormal\" style=\"MARGIN: 0cm 0cm 0pt\"><span style=\"FONT-FAMILY: Arial\">Come di consueto, durante l&#8217;incontro viene presentato un volume recentemente pubblicato dall&#8217;editore Einaudi e inerente a una tematica di attualit\u00e0 in campo scientifico ed umanistico, al fine di offrire una panoramica non settoriale e culturalmente stimolante.<\/p>\n<p \/><\/span><\/p>\n<p class=\"MsoNormal\" style=\"MARGIN: 0cm 0cm 0pt\"><span style=\"FONT-FAMILY: Arial\">L&#8217;intento divulgativo di questi incontri \u00e8 testimoniato non solo dal linguaggio accessibile a tutti, ma anche dallo spazio riservato agli interventi del pubblico.<\/p>\n<p \/><\/span><\/p>\n<p class=\"MsoNormal\" style=\"MARGIN: 0cm 0cm 0pt\"><span style=\"FONT-FAMILY: Arial\">\u00a0<\/p>\n<p \/><\/span><\/p>\n<p class=\"MsoNormal\" style=\"MARGIN: 0cm 0cm 0pt\"><span style=\"FONT-FAMILY: Arial\">La comunicazione massmediatica, la cui influenza si estende anche alla cultura, alla politica e all&#8217;arte, sembra la bacchetta magica che trasforma l&#8217;inconcludenza, la ritrattazione e la confusione da fattori di debolezza in prove di forza. Nel suo rivolgersi direttamente al pubblico, saltando tutte le mediazioni, questo tipo di comunicazione ha un&#8217;apparenza democratica, ma \u00e8 in realt\u00e0 una forzatura che omologa ogni differenza.<\/p>\n<p \/><\/span><\/p>\n<p class=\"MsoNormal\" style=\"MARGIN: 0cm 0cm 0pt\"><span style=\"FONT-FAMILY: Arial\">La riflessione di Mario Perniola si basa su questi elementi di critica e consente quindi di avviare una discussione articolata sulle origini della comunicazione, sui suoi dispositivi, sulla sua dinamica e sulle sue deformazioni.<\/p>\n<p \/><\/span><\/p>\n<p class=\"MsoNormal\" style=\"MARGIN: 0cm 0cm 0pt\"><span style=\"FONT-FAMILY: Arial\">Il contributo dei docenti e dei professionisti del mondo della comunicazione coinvolti nel dibattito consentir\u00e0 inoltre di valutare da diversi punti di vista l\u2019alternativa proposta da Perniola e rappresentata dalla ricerca di un sentimento estetico delle cose che non sia troppo lontano dai bisogni e dalle aspettative reali degli individui, ma nemmeno vittima dell&#8217;idolatria del guadagno immediato e del successo a ogni costo.<\/p>\n<p \/><\/span><\/p>\n<p class=\"MsoNormal\" style=\"MARGIN: 0cm 0cm 0pt\"><a name=\"_PictureBullets\"><span style=\"FONT-FAMILY: Arial\"><shapetype id=\"_x0000_t75\" stroked=\"f\" filled=\"f\" path=\"m@4@5l@4@11@9@11@9@5xe\" o:preferrelative=\"t\" o:spt=\"75\" coordsize=\"21600,21600\"><stroke joinstyle=\"miter\" \/><formulas><f eqn=\"if lineDrawn pixelLineWidth 0\" \/><f eqn=\"sum @0 1 0\" \/><f eqn=\"sum 0 0 @1\" \/><f eqn=\"prod @2 1 2\" \/><f eqn=\"prod @3 21600 pixelWidth\" \/><f eqn=\"prod @3 21600 pixelHeight\" \/><f eqn=\"sum @0 0 1\" \/><f eqn=\"prod @6 1 2\" \/><f eqn=\"prod @7 21600 pixelWidth\" \/><f eqn=\"sum @8 21600 0\" \/><f eqn=\"prod @7 21600 pixelHeight\" \/><f eqn=\"sum @10 21600 0\" \/><\/formulas><path o:connecttype=\"rect\" gradientshapeok=\"t\" o:extrusionok=\"f\" \/><lock aspectratio=\"t\" v:ext=\"edit\" \/><\/shapetype><shape id=\"_x0000_i1025\" style=\"WIDTH: 11.25pt; HEIGHT: 11.25pt\" o:bullet=\"t\" type=\"#_x0000_t75\"><imagedata o:title=\"clip_image001\" src=\"file:\/\/\/C:\/DOCUME~1\/sbrana\/IMPOST~1\/Temp\/msoclip1\/01\/clip_image001.gif\" \/><\/shape><shape id=\"_x0000_i1026\" style=\"WIDTH: 9pt; HEIGHT: 9pt\" o:bullet=\"t\" type=\"#_x0000_t75\"><imagedata o:title=\"clip_image002\" src=\"file:\/\/\/C:\/DOCUME~1\/sbrana\/IMPOST~1\/Temp\/msoclip1\/01\/clip_image002.gif\" \/><\/shape><\/span><\/a><span style=\"FONT-FAMILY: Arial\"><\/p>\n<p \/><\/span><\/p>\n","protected":false},"excerpt":{"rendered":"<p>Il prossimo appuntamento con &#8220;Incontrare i libri&#8221;, \u00e8 in programma mercoled\u00ec 2 aprile alle 18, nell&#8217;Aula Magna della Facolt\u00e0 di Scienze dell&#8217;Insubria <\/p>\n","protected":false},"author":10,"featured_media":0,"comment_status":"open","ping_status":"open","sticky":false,"template":"","format":"standard","meta":{"footnotes":""},"categories":[90],"tags":[],"acf":[],"yoast_head":"<!-- This site is optimized with the Yoast SEO plugin v20.1 - https:\/\/yoast.com\/wordpress\/plugins\/seo\/ -->\n<title>Comunicare o informare, qual \u00e8 il confine?<\/title>\n<meta name=\"description\" content=\"Il prossimo appuntamento con &quot;Incontrare i libri&quot;, \u00e8 in programma mercoled\u00ec 2 aprile alle 18, nell&#039;Aula Magna della Facolt\u00e0 di Scienze dell&#039;Insubria\" \/>\n<meta name=\"robots\" content=\"noindex, follow, max-snippet:-1, max-image-preview:large, max-video-preview:-1\" \/>\n<meta property=\"og:locale\" content=\"it_IT\" \/>\n<meta property=\"og:type\" content=\"article\" \/>\n<meta property=\"og:title\" content=\"Comunicare o informare, qual \u00e8 il confine?\" \/>\n<meta property=\"og:description\" content=\"Il prossimo appuntamento con &quot;Incontrare i libri&quot;, \u00e8 in programma mercoled\u00ec 2 aprile alle 18, nell&#039;Aula Magna della Facolt\u00e0 di Scienze dell&#039;Insubria\" \/>\n<meta property=\"og:url\" content=\"https:\/\/staging.varesenews.it\/2008\/03\/comunicare-o-informare-qual-e-il-confine\/219087\/\" \/>\n<meta property=\"og:site_name\" content=\"VareseNews\" \/>\n<meta property=\"article:publisher\" content=\"https:\/\/www.facebook.com\/varesenews\" \/>\n<meta property=\"article:published_time\" content=\"2008-03-31T00:00:00+00:00\" \/>\n<meta name=\"author\" content=\"Redazione VareseNews\" \/>\n<meta name=\"twitter:card\" content=\"summary_large_image\" \/>\n<meta name=\"twitter:creator\" content=\"@varesenews\" \/>\n<meta name=\"twitter:site\" content=\"@varesenews\" \/>\n<meta name=\"twitter:label1\" content=\"Scritto da\" \/>\n\t<meta name=\"twitter:data1\" content=\"Redazione VareseNews\" \/>\n\t<meta name=\"twitter:label2\" content=\"Tempo di lettura stimato\" \/>\n\t<meta name=\"twitter:data2\" content=\"2 minuti\" \/>\n<script type=\"application\/ld+json\" class=\"yoast-schema-graph\">{\"@context\":\"https:\/\/schema.org\",\"@graph\":[{\"@type\":\"WebPage\",\"@id\":\"https:\/\/staging.varesenews.it\/2008\/03\/comunicare-o-informare-qual-e-il-confine\/219087\/\",\"url\":\"https:\/\/staging.varesenews.it\/2008\/03\/comunicare-o-informare-qual-e-il-confine\/219087\/\",\"name\":\"Comunicare o informare, qual \u00e8 il confine?\",\"isPartOf\":{\"@id\":\"https:\/\/staging.varesenews.it\/#website\"},\"datePublished\":\"2008-03-31T00:00:00+00:00\",\"dateModified\":\"2008-03-31T00:00:00+00:00\",\"author\":{\"@id\":\"https:\/\/staging.varesenews.it\/#\/schema\/person\/fb20c4da0b7b16c291707a20db73e169\"},\"description\":\"Il prossimo appuntamento con \\\"Incontrare i libri\\\", \u00e8 in programma mercoled\u00ec 2 aprile alle 18, nell'Aula Magna della Facolt\u00e0 di Scienze dell'Insubria\",\"breadcrumb\":{\"@id\":\"https:\/\/staging.varesenews.it\/2008\/03\/comunicare-o-informare-qual-e-il-confine\/219087\/#breadcrumb\"},\"inLanguage\":\"it-IT\",\"potentialAction\":[{\"@type\":\"ReadAction\",\"target\":[\"https:\/\/staging.varesenews.it\/2008\/03\/comunicare-o-informare-qual-e-il-confine\/219087\/\"]}]},{\"@type\":\"BreadcrumbList\",\"@id\":\"https:\/\/staging.varesenews.it\/2008\/03\/comunicare-o-informare-qual-e-il-confine\/219087\/#breadcrumb\",\"itemListElement\":[{\"@type\":\"ListItem\",\"position\":1,\"name\":\"Home\",\"item\":\"https:\/\/www.varesenews.it\/\"},{\"@type\":\"ListItem\",\"position\":2,\"name\":\"Comunicare o informare, qual \u00e8 il confine?\"}]},{\"@type\":\"WebSite\",\"@id\":\"https:\/\/staging.varesenews.it\/#website\",\"url\":\"https:\/\/staging.varesenews.it\/\",\"name\":\"VareseNews\",\"description\":\"\",\"potentialAction\":[{\"@type\":\"SearchAction\",\"target\":{\"@type\":\"EntryPoint\",\"urlTemplate\":\"https:\/\/staging.varesenews.it\/?s={search_term_string}\"},\"query-input\":\"required name=search_term_string\"}],\"inLanguage\":\"it-IT\"},{\"@type\":\"Person\",\"@id\":\"https:\/\/staging.varesenews.it\/#\/schema\/person\/fb20c4da0b7b16c291707a20db73e169\",\"name\":\"Redazione VareseNews\",\"image\":{\"@type\":\"ImageObject\",\"inLanguage\":\"it-IT\",\"@id\":\"https:\/\/staging.varesenews.it\/#\/schema\/person\/image\/\",\"url\":\"https:\/\/staging.varesenews.it\/wp-content\/uploads\/2020\/12\/logo_VN_colori_500.png\",\"contentUrl\":\"https:\/\/staging.varesenews.it\/wp-content\/uploads\/2020\/12\/logo_VN_colori_500.png\",\"caption\":\"Redazione VareseNews\"},\"url\":\"https:\/\/staging.varesenews.it\/persona\/redazione1\/\"}]}<\/script>\n<!-- \/ Yoast SEO plugin. -->","yoast_head_json":{"title":"Comunicare o informare, qual \u00e8 il confine?","description":"Il prossimo appuntamento con \"Incontrare i libri\", \u00e8 in programma mercoled\u00ec 2 aprile alle 18, nell'Aula Magna della Facolt\u00e0 di Scienze dell'Insubria","robots":{"index":"noindex","follow":"follow","max-snippet":"max-snippet:-1","max-image-preview":"max-image-preview:large","max-video-preview":"max-video-preview:-1"},"og_locale":"it_IT","og_type":"article","og_title":"Comunicare o informare, qual \u00e8 il confine?","og_description":"Il prossimo appuntamento con \"Incontrare i libri\", \u00e8 in programma mercoled\u00ec 2 aprile alle 18, nell'Aula Magna della Facolt\u00e0 di Scienze dell'Insubria","og_url":"https:\/\/staging.varesenews.it\/2008\/03\/comunicare-o-informare-qual-e-il-confine\/219087\/","og_site_name":"VareseNews","article_publisher":"https:\/\/www.facebook.com\/varesenews","article_published_time":"2008-03-31T00:00:00+00:00","author":"Redazione VareseNews","twitter_card":"summary_large_image","twitter_creator":"@varesenews","twitter_site":"@varesenews","twitter_misc":{"Scritto da":"Redazione VareseNews","Tempo di lettura stimato":"2 minuti"},"schema":{"@context":"https:\/\/schema.org","@graph":[{"@type":"WebPage","@id":"https:\/\/staging.varesenews.it\/2008\/03\/comunicare-o-informare-qual-e-il-confine\/219087\/","url":"https:\/\/staging.varesenews.it\/2008\/03\/comunicare-o-informare-qual-e-il-confine\/219087\/","name":"Comunicare o informare, qual \u00e8 il confine?","isPartOf":{"@id":"https:\/\/staging.varesenews.it\/#website"},"datePublished":"2008-03-31T00:00:00+00:00","dateModified":"2008-03-31T00:00:00+00:00","author":{"@id":"https:\/\/staging.varesenews.it\/#\/schema\/person\/fb20c4da0b7b16c291707a20db73e169"},"description":"Il prossimo appuntamento con \"Incontrare i libri\", \u00e8 in programma mercoled\u00ec 2 aprile alle 18, nell'Aula Magna della Facolt\u00e0 di Scienze dell'Insubria","breadcrumb":{"@id":"https:\/\/staging.varesenews.it\/2008\/03\/comunicare-o-informare-qual-e-il-confine\/219087\/#breadcrumb"},"inLanguage":"it-IT","potentialAction":[{"@type":"ReadAction","target":["https:\/\/staging.varesenews.it\/2008\/03\/comunicare-o-informare-qual-e-il-confine\/219087\/"]}]},{"@type":"BreadcrumbList","@id":"https:\/\/staging.varesenews.it\/2008\/03\/comunicare-o-informare-qual-e-il-confine\/219087\/#breadcrumb","itemListElement":[{"@type":"ListItem","position":1,"name":"Home","item":"https:\/\/www.varesenews.it\/"},{"@type":"ListItem","position":2,"name":"Comunicare o informare, qual \u00e8 il confine?"}]},{"@type":"WebSite","@id":"https:\/\/staging.varesenews.it\/#website","url":"https:\/\/staging.varesenews.it\/","name":"VareseNews","description":"","potentialAction":[{"@type":"SearchAction","target":{"@type":"EntryPoint","urlTemplate":"https:\/\/staging.varesenews.it\/?s={search_term_string}"},"query-input":"required name=search_term_string"}],"inLanguage":"it-IT"},{"@type":"Person","@id":"https:\/\/staging.varesenews.it\/#\/schema\/person\/fb20c4da0b7b16c291707a20db73e169","name":"Redazione VareseNews","image":{"@type":"ImageObject","inLanguage":"it-IT","@id":"https:\/\/staging.varesenews.it\/#\/schema\/person\/image\/","url":"https:\/\/staging.varesenews.it\/wp-content\/uploads\/2020\/12\/logo_VN_colori_500.png","contentUrl":"https:\/\/staging.varesenews.it\/wp-content\/uploads\/2020\/12\/logo_VN_colori_500.png","caption":"Redazione VareseNews"},"url":"https:\/\/staging.varesenews.it\/persona\/redazione1\/"}]}},"post_meta":{"id_old":"95073","argomento":"Varese"},"photos":[],"_links":{"self":[{"href":"https:\/\/staging.varesenews.it\/swgapi\/v1\/wp\/v2\/posts\/219087"}],"collection":[{"href":"https:\/\/staging.varesenews.it\/swgapi\/v1\/wp\/v2\/posts"}],"about":[{"href":"https:\/\/staging.varesenews.it\/swgapi\/v1\/wp\/v2\/types\/post"}],"author":[{"embeddable":true,"href":"https:\/\/staging.varesenews.it\/swgapi\/v1\/wp\/v2\/users\/10"}],"replies":[{"embeddable":true,"href":"https:\/\/staging.varesenews.it\/swgapi\/v1\/wp\/v2\/comments?post=219087"}],"version-history":[{"count":0,"href":"https:\/\/staging.varesenews.it\/swgapi\/v1\/wp\/v2\/posts\/219087\/revisions"}],"wp:attachment":[{"href":"https:\/\/staging.varesenews.it\/swgapi\/v1\/wp\/v2\/media?parent=219087"}],"wp:term":[{"taxonomy":"category","embeddable":true,"href":"https:\/\/staging.varesenews.it\/swgapi\/v1\/wp\/v2\/categories?post=219087"},{"taxonomy":"post_tag","embeddable":true,"href":"https:\/\/staging.varesenews.it\/swgapi\/v1\/wp\/v2\/tags?post=219087"}],"curies":[{"name":"wp","href":"https:\/\/api.w.org\/{rel}","templated":true}]}}