{"id":221068,"date":"2008-02-26T00:00:00","date_gmt":"2008-02-26T00:00:00","guid":{"rendered":""},"modified":"2008-02-26T00:00:00","modified_gmt":"2008-02-26T00:00:00","slug":"per-il-gallaratese-bonomo-sanremo-e-gia-finito","status":"publish","type":"post","link":"https:\/\/staging.varesenews.it\/2008\/02\/per-il-gallaratese-bonomo-sanremo-e-gia-finito\/221068\/","title":{"rendered":"Per il gallaratese Bonomo Sanremo \u00e8 gi\u00e0 finito"},"content":{"rendered":"<p><span style=\"font-family: arial,helvetica,sans-serif;\"><img decoding=\"async\" vspace=\"3\" hspace=\"3\" border=\"0\" align=\"left\" src=\"https:\/\/www3.varesenews.it\/immagini_articoli\/200801\/sanremo2008_BONOMO.jpg\" \/>Non ce l&#8217;ha fatta <span style=\"font-weight: bold;\">Andrea Bonomo<\/span>: il giovanissimo di Gallarate deve interrompere il suo sogno sanremese dopo il primo giorno. Nonostante la profondit\u00e0 del suo brano, &quot;Anna&quot;, Andrea non ha passato le prime selezioni. I giovanissimi ammessi in finale sono solo tre per turno, e questa \u00e8 stata la volta buona di Giua, Frank Head, Milagro e Valerio Sanzotta. Eliminati insieme al gallaratese Daniele Battaglia (figlio d&#8217;arte) e i Melody Fall (una band con alcuni primi successi in Giappone). Il Festival \u00e8 noto per la fortuna commerciale degli esclusi: forse l&#8217;eliminazione del nostro gallaratese \u00e8 un buon auspicio.<\/span><br style=\"font-family: arial,helvetica,sans-serif;\" \/><br style=\"font-family: arial,helvetica,sans-serif;\" \/><span style=\"font-family: arial,helvetica,sans-serif;\">La prima serata della trasmissione si \u00e8 aperta, a sorpresa, con l&#8217;omaggio di Morandi al brano &quot;Volare&quot;, che quest&#8217;anno compie 50 anni. Poi molto spazio ai conduttori, con un inedito Pippo Baudo defilato (per quanto possa essere defilato Baudo) in favore di Chiambretti, vero conduttore di polso della serata che si \u00e8 trascinata quasi faticosamente fino al primo cantante, <span style=\"font-weight: bold;\">Paolo Meneguzzi<\/span>. Meneguzzi, varesotto di adozione, ha presentato la sua &quot;Grande&quot;, un brano che ha firmato con Gatto Panceri. Melodie finalmente differenti da quelle del cantante nato a Lugano, anche se forse l&#8217;emozione dell&#8217;apertura ha giocato qualche scherzo all&#8217;interpretazione.<\/span><br style=\"font-family: arial,helvetica,sans-serif;\" \/><br style=\"font-family: arial,helvetica,sans-serif;\" \/><span style=\"font-family: arial,helvetica,sans-serif;\">Questa sera il Festival proseguir\u00e0 con dieci altri Big, nuovi giovanissimi, un&#8217;altra valletta (Bianca Guaccero cambier\u00e0 il turno con l&#8217;applaudita Andrea Osvart). Gli ospiti d&#8217;onore sono i redivivi <span style=\"font-weight: bold;\">Duran Duran<\/span>.<\/span><\/p>\n","protected":false},"excerpt":{"rendered":"<p>Il varesotto \u00e8 stato eliminato al primo turno nella categoria giovani. Ad aprire il festival un altro volto caro alla provincia: Paolo Meneguzzi<\/p>\n","protected":false},"author":10,"featured_media":0,"comment_status":"open","ping_status":"open","sticky":false,"template":"","format":"standard","meta":{"footnotes":""},"categories":[20],"tags":[],"acf":[],"yoast_head":"<!-- This site is optimized with the Yoast SEO plugin v20.1 - https:\/\/yoast.com\/wordpress\/plugins\/seo\/ -->\n<title>Per il gallaratese Bonomo Sanremo \u00e8 gi\u00e0 finito<\/title>\n<meta name=\"description\" content=\"Il varesotto \u00e8 stato eliminato al primo turno nella categoria giovani. Ad aprire il festival un altro volto caro alla provincia: Paolo Meneguzzi\" \/>\n<meta name=\"robots\" content=\"noindex, follow, max-snippet:-1, max-image-preview:large, max-video-preview:-1\" \/>\n<meta property=\"og:locale\" content=\"it_IT\" \/>\n<meta property=\"og:type\" content=\"article\" \/>\n<meta property=\"og:title\" content=\"Per il gallaratese Bonomo Sanremo \u00e8 gi\u00e0 finito\" \/>\n<meta property=\"og:description\" content=\"Il varesotto \u00e8 stato eliminato al primo turno nella categoria giovani. Ad aprire il festival un altro volto caro alla provincia: Paolo Meneguzzi\" \/>\n<meta property=\"og:url\" content=\"https:\/\/staging.varesenews.it\/2008\/02\/per-il-gallaratese-bonomo-sanremo-e-gia-finito\/221068\/\" \/>\n<meta property=\"og:site_name\" content=\"VareseNews\" \/>\n<meta property=\"article:publisher\" content=\"https:\/\/www.facebook.com\/varesenews\" \/>\n<meta property=\"article:published_time\" content=\"2008-02-26T00:00:00+00:00\" \/>\n<meta property=\"og:image\" content=\"https:\/\/www3.varesenews.it\/immagini_articoli\/200801\/sanremo2008_BONOMO.jpg\" \/>\n<meta name=\"author\" content=\"Redazione VareseNews\" \/>\n<meta name=\"twitter:card\" content=\"summary_large_image\" \/>\n<meta name=\"twitter:creator\" content=\"@varesenews\" \/>\n<meta name=\"twitter:site\" content=\"@varesenews\" \/>\n<meta name=\"twitter:label1\" content=\"Scritto da\" \/>\n\t<meta name=\"twitter:data1\" content=\"Redazione VareseNews\" \/>\n\t<meta name=\"twitter:label2\" content=\"Tempo di lettura stimato\" \/>\n\t<meta name=\"twitter:data2\" content=\"1 minuto\" \/>\n<script type=\"application\/ld+json\" class=\"yoast-schema-graph\">{\"@context\":\"https:\/\/schema.org\",\"@graph\":[{\"@type\":\"WebPage\",\"@id\":\"https:\/\/staging.varesenews.it\/2008\/02\/per-il-gallaratese-bonomo-sanremo-e-gia-finito\/221068\/\",\"url\":\"https:\/\/staging.varesenews.it\/2008\/02\/per-il-gallaratese-bonomo-sanremo-e-gia-finito\/221068\/\",\"name\":\"Per il gallaratese Bonomo Sanremo \u00e8 gi\u00e0 finito\",\"isPartOf\":{\"@id\":\"https:\/\/staging.varesenews.it\/#website\"},\"datePublished\":\"2008-02-26T00:00:00+00:00\",\"dateModified\":\"2008-02-26T00:00:00+00:00\",\"author\":{\"@id\":\"https:\/\/staging.varesenews.it\/#\/schema\/person\/fb20c4da0b7b16c291707a20db73e169\"},\"description\":\"Il varesotto \u00e8 stato eliminato al primo turno nella categoria giovani. Ad aprire il festival un altro volto caro alla provincia: Paolo Meneguzzi\",\"breadcrumb\":{\"@id\":\"https:\/\/staging.varesenews.it\/2008\/02\/per-il-gallaratese-bonomo-sanremo-e-gia-finito\/221068\/#breadcrumb\"},\"inLanguage\":\"it-IT\",\"potentialAction\":[{\"@type\":\"ReadAction\",\"target\":[\"https:\/\/staging.varesenews.it\/2008\/02\/per-il-gallaratese-bonomo-sanremo-e-gia-finito\/221068\/\"]}]},{\"@type\":\"BreadcrumbList\",\"@id\":\"https:\/\/staging.varesenews.it\/2008\/02\/per-il-gallaratese-bonomo-sanremo-e-gia-finito\/221068\/#breadcrumb\",\"itemListElement\":[{\"@type\":\"ListItem\",\"position\":1,\"name\":\"Home\",\"item\":\"https:\/\/www.varesenews.it\/\"},{\"@type\":\"ListItem\",\"position\":2,\"name\":\"Per il gallaratese Bonomo Sanremo \u00e8 gi\u00e0 finito\"}]},{\"@type\":\"WebSite\",\"@id\":\"https:\/\/staging.varesenews.it\/#website\",\"url\":\"https:\/\/staging.varesenews.it\/\",\"name\":\"VareseNews\",\"description\":\"\",\"potentialAction\":[{\"@type\":\"SearchAction\",\"target\":{\"@type\":\"EntryPoint\",\"urlTemplate\":\"https:\/\/staging.varesenews.it\/?s={search_term_string}\"},\"query-input\":\"required name=search_term_string\"}],\"inLanguage\":\"it-IT\"},{\"@type\":\"Person\",\"@id\":\"https:\/\/staging.varesenews.it\/#\/schema\/person\/fb20c4da0b7b16c291707a20db73e169\",\"name\":\"Redazione VareseNews\",\"image\":{\"@type\":\"ImageObject\",\"inLanguage\":\"it-IT\",\"@id\":\"https:\/\/staging.varesenews.it\/#\/schema\/person\/image\/\",\"url\":\"https:\/\/staging.varesenews.it\/wp-content\/uploads\/2020\/12\/logo_VN_colori_500.png\",\"contentUrl\":\"https:\/\/staging.varesenews.it\/wp-content\/uploads\/2020\/12\/logo_VN_colori_500.png\",\"caption\":\"Redazione VareseNews\"},\"url\":\"https:\/\/staging.varesenews.it\/persona\/redazione1\/\"}]}<\/script>\n<!-- \/ Yoast SEO plugin. -->","yoast_head_json":{"title":"Per il gallaratese Bonomo Sanremo \u00e8 gi\u00e0 finito","description":"Il varesotto \u00e8 stato eliminato al primo turno nella categoria giovani. Ad aprire il festival un altro volto caro alla provincia: Paolo Meneguzzi","robots":{"index":"noindex","follow":"follow","max-snippet":"max-snippet:-1","max-image-preview":"max-image-preview:large","max-video-preview":"max-video-preview:-1"},"og_locale":"it_IT","og_type":"article","og_title":"Per il gallaratese Bonomo Sanremo \u00e8 gi\u00e0 finito","og_description":"Il varesotto \u00e8 stato eliminato al primo turno nella categoria giovani. Ad aprire il festival un altro volto caro alla provincia: Paolo Meneguzzi","og_url":"https:\/\/staging.varesenews.it\/2008\/02\/per-il-gallaratese-bonomo-sanremo-e-gia-finito\/221068\/","og_site_name":"VareseNews","article_publisher":"https:\/\/www.facebook.com\/varesenews","article_published_time":"2008-02-26T00:00:00+00:00","og_image":[{"url":"https:\/\/www3.varesenews.it\/immagini_articoli\/200801\/sanremo2008_BONOMO.jpg"}],"author":"Redazione VareseNews","twitter_card":"summary_large_image","twitter_creator":"@varesenews","twitter_site":"@varesenews","twitter_misc":{"Scritto da":"Redazione VareseNews","Tempo di lettura stimato":"1 minuto"},"schema":{"@context":"https:\/\/schema.org","@graph":[{"@type":"WebPage","@id":"https:\/\/staging.varesenews.it\/2008\/02\/per-il-gallaratese-bonomo-sanremo-e-gia-finito\/221068\/","url":"https:\/\/staging.varesenews.it\/2008\/02\/per-il-gallaratese-bonomo-sanremo-e-gia-finito\/221068\/","name":"Per il gallaratese Bonomo Sanremo \u00e8 gi\u00e0 finito","isPartOf":{"@id":"https:\/\/staging.varesenews.it\/#website"},"datePublished":"2008-02-26T00:00:00+00:00","dateModified":"2008-02-26T00:00:00+00:00","author":{"@id":"https:\/\/staging.varesenews.it\/#\/schema\/person\/fb20c4da0b7b16c291707a20db73e169"},"description":"Il varesotto \u00e8 stato eliminato al primo turno nella categoria giovani. Ad aprire il festival un altro volto caro alla provincia: Paolo Meneguzzi","breadcrumb":{"@id":"https:\/\/staging.varesenews.it\/2008\/02\/per-il-gallaratese-bonomo-sanremo-e-gia-finito\/221068\/#breadcrumb"},"inLanguage":"it-IT","potentialAction":[{"@type":"ReadAction","target":["https:\/\/staging.varesenews.it\/2008\/02\/per-il-gallaratese-bonomo-sanremo-e-gia-finito\/221068\/"]}]},{"@type":"BreadcrumbList","@id":"https:\/\/staging.varesenews.it\/2008\/02\/per-il-gallaratese-bonomo-sanremo-e-gia-finito\/221068\/#breadcrumb","itemListElement":[{"@type":"ListItem","position":1,"name":"Home","item":"https:\/\/www.varesenews.it\/"},{"@type":"ListItem","position":2,"name":"Per il gallaratese Bonomo Sanremo \u00e8 gi\u00e0 finito"}]},{"@type":"WebSite","@id":"https:\/\/staging.varesenews.it\/#website","url":"https:\/\/staging.varesenews.it\/","name":"VareseNews","description":"","potentialAction":[{"@type":"SearchAction","target":{"@type":"EntryPoint","urlTemplate":"https:\/\/staging.varesenews.it\/?s={search_term_string}"},"query-input":"required name=search_term_string"}],"inLanguage":"it-IT"},{"@type":"Person","@id":"https:\/\/staging.varesenews.it\/#\/schema\/person\/fb20c4da0b7b16c291707a20db73e169","name":"Redazione VareseNews","image":{"@type":"ImageObject","inLanguage":"it-IT","@id":"https:\/\/staging.varesenews.it\/#\/schema\/person\/image\/","url":"https:\/\/staging.varesenews.it\/wp-content\/uploads\/2020\/12\/logo_VN_colori_500.png","contentUrl":"https:\/\/staging.varesenews.it\/wp-content\/uploads\/2020\/12\/logo_VN_colori_500.png","caption":"Redazione VareseNews"},"url":"https:\/\/staging.varesenews.it\/persona\/redazione1\/"}]}},"post_meta":{"id_old":"92470","argomento":"Musica","autore_old":"Simone Gambirasio"},"photos":[],"_links":{"self":[{"href":"https:\/\/staging.varesenews.it\/swgapi\/v1\/wp\/v2\/posts\/221068"}],"collection":[{"href":"https:\/\/staging.varesenews.it\/swgapi\/v1\/wp\/v2\/posts"}],"about":[{"href":"https:\/\/staging.varesenews.it\/swgapi\/v1\/wp\/v2\/types\/post"}],"author":[{"embeddable":true,"href":"https:\/\/staging.varesenews.it\/swgapi\/v1\/wp\/v2\/users\/10"}],"replies":[{"embeddable":true,"href":"https:\/\/staging.varesenews.it\/swgapi\/v1\/wp\/v2\/comments?post=221068"}],"version-history":[{"count":0,"href":"https:\/\/staging.varesenews.it\/swgapi\/v1\/wp\/v2\/posts\/221068\/revisions"}],"wp:attachment":[{"href":"https:\/\/staging.varesenews.it\/swgapi\/v1\/wp\/v2\/media?parent=221068"}],"wp:term":[{"taxonomy":"category","embeddable":true,"href":"https:\/\/staging.varesenews.it\/swgapi\/v1\/wp\/v2\/categories?post=221068"},{"taxonomy":"post_tag","embeddable":true,"href":"https:\/\/staging.varesenews.it\/swgapi\/v1\/wp\/v2\/tags?post=221068"}],"curies":[{"name":"wp","href":"https:\/\/api.w.org\/{rel}","templated":true}]}}