{"id":222417,"date":"2008-02-03T00:00:00","date_gmt":"2008-02-03T00:00:00","guid":{"rendered":""},"modified":"2008-02-03T00:00:00","modified_gmt":"2008-02-03T00:00:00","slug":"incidente-a-pianbosco-cinque-feriti","status":"publish","type":"post","link":"https:\/\/staging.varesenews.it\/2008\/02\/incidente-a-pianbosco-cinque-feriti\/222417\/","title":{"rendered":"Incidente a Pianbosco, cinque feriti"},"content":{"rendered":"<p><font face=\"arial,helvetica,sans-serif\">Incidente nel pomeriggio di oggi, domenica 3 febbraio, nella zona di <strong>Pianbosco<\/strong>. Per cause che\u00a0i carabinieri stanno cercando di\u00a0accertare due auto si sono scontrate. Nell&#8217;incidente, avvenuto intorno alle 14.30, sono rimaste <strong>ferite cinque persone<\/strong>, tre uomini e due donne: due sono state ricoverate all&#8217;ospedale di Tradate, due al Sant&#8217;Anna di Como e una all&#8217;ospedale di Varese. Le loro condizioni non sarebbero gravi. <br \/>La strada, molto trafficata a quell&#8217;ora, \u00e8 stata chiusa in entrambi i sensi ed \u00e8 stato necessario chiedere l&#8217;intervento degli uomini della Protezione Civile per gestire la viabilit\u00e0. <br \/>Per soccorrere i feriti sono intervenuti i sanitari del 118 con tre ambulanze e un&#8217;automedica,\u00a0i vigili del fuoco e gli uomini del soccorso alpino. \u00a0<\/font><\/p>\n","protected":false},"excerpt":{"rendered":"<p>Lo scontro tra le auto nel pomeriggio di domenica. Nessuno sarebbe in gravi condizioni<\/p>\n","protected":false},"author":10,"featured_media":0,"comment_status":"open","ping_status":"open","sticky":false,"template":"","format":"standard","meta":{"footnotes":""},"categories":[5],"tags":[],"acf":[],"yoast_head":"<!-- This site is optimized with the Yoast SEO plugin v20.1 - https:\/\/yoast.com\/wordpress\/plugins\/seo\/ -->\n<title>Incidente a Pianbosco, cinque feriti<\/title>\n<meta name=\"description\" content=\"Lo scontro tra le auto nel pomeriggio di domenica. Nessuno sarebbe in gravi condizioni\" \/>\n<meta name=\"robots\" content=\"noindex, follow, max-snippet:-1, max-image-preview:large, max-video-preview:-1\" \/>\n<meta property=\"og:locale\" content=\"it_IT\" \/>\n<meta property=\"og:type\" content=\"article\" \/>\n<meta property=\"og:title\" content=\"Incidente a Pianbosco, cinque feriti\" \/>\n<meta property=\"og:description\" content=\"Lo scontro tra le auto nel pomeriggio di domenica. Nessuno sarebbe in gravi condizioni\" \/>\n<meta property=\"og:url\" content=\"https:\/\/staging.varesenews.it\/2008\/02\/incidente-a-pianbosco-cinque-feriti\/222417\/\" \/>\n<meta property=\"og:site_name\" content=\"VareseNews\" \/>\n<meta property=\"article:publisher\" content=\"https:\/\/www.facebook.com\/varesenews\" \/>\n<meta property=\"article:published_time\" content=\"2008-02-03T00:00:00+00:00\" \/>\n<meta name=\"author\" content=\"Redazione VareseNews\" \/>\n<meta name=\"twitter:card\" content=\"summary_large_image\" \/>\n<meta name=\"twitter:creator\" content=\"@varesenews\" \/>\n<meta name=\"twitter:site\" content=\"@varesenews\" \/>\n<meta name=\"twitter:label1\" content=\"Scritto da\" \/>\n\t<meta name=\"twitter:data1\" content=\"Redazione VareseNews\" \/>\n\t<meta name=\"twitter:label2\" content=\"Tempo di lettura stimato\" \/>\n\t<meta name=\"twitter:data2\" content=\"1 minuto\" \/>\n<script type=\"application\/ld+json\" class=\"yoast-schema-graph\">{\"@context\":\"https:\/\/schema.org\",\"@graph\":[{\"@type\":\"WebPage\",\"@id\":\"https:\/\/staging.varesenews.it\/2008\/02\/incidente-a-pianbosco-cinque-feriti\/222417\/\",\"url\":\"https:\/\/staging.varesenews.it\/2008\/02\/incidente-a-pianbosco-cinque-feriti\/222417\/\",\"name\":\"Incidente a Pianbosco, cinque feriti\",\"isPartOf\":{\"@id\":\"https:\/\/staging.varesenews.it\/#website\"},\"datePublished\":\"2008-02-03T00:00:00+00:00\",\"dateModified\":\"2008-02-03T00:00:00+00:00\",\"author\":{\"@id\":\"https:\/\/staging.varesenews.it\/#\/schema\/person\/fb20c4da0b7b16c291707a20db73e169\"},\"description\":\"Lo scontro tra le auto nel pomeriggio di domenica. Nessuno sarebbe in gravi condizioni\",\"breadcrumb\":{\"@id\":\"https:\/\/staging.varesenews.it\/2008\/02\/incidente-a-pianbosco-cinque-feriti\/222417\/#breadcrumb\"},\"inLanguage\":\"it-IT\",\"potentialAction\":[{\"@type\":\"ReadAction\",\"target\":[\"https:\/\/staging.varesenews.it\/2008\/02\/incidente-a-pianbosco-cinque-feriti\/222417\/\"]}]},{\"@type\":\"BreadcrumbList\",\"@id\":\"https:\/\/staging.varesenews.it\/2008\/02\/incidente-a-pianbosco-cinque-feriti\/222417\/#breadcrumb\",\"itemListElement\":[{\"@type\":\"ListItem\",\"position\":1,\"name\":\"Home\",\"item\":\"https:\/\/www.varesenews.it\/\"},{\"@type\":\"ListItem\",\"position\":2,\"name\":\"Incidente a Pianbosco, cinque feriti\"}]},{\"@type\":\"WebSite\",\"@id\":\"https:\/\/staging.varesenews.it\/#website\",\"url\":\"https:\/\/staging.varesenews.it\/\",\"name\":\"VareseNews\",\"description\":\"\",\"potentialAction\":[{\"@type\":\"SearchAction\",\"target\":{\"@type\":\"EntryPoint\",\"urlTemplate\":\"https:\/\/staging.varesenews.it\/?s={search_term_string}\"},\"query-input\":\"required name=search_term_string\"}],\"inLanguage\":\"it-IT\"},{\"@type\":\"Person\",\"@id\":\"https:\/\/staging.varesenews.it\/#\/schema\/person\/fb20c4da0b7b16c291707a20db73e169\",\"name\":\"Redazione VareseNews\",\"image\":{\"@type\":\"ImageObject\",\"inLanguage\":\"it-IT\",\"@id\":\"https:\/\/staging.varesenews.it\/#\/schema\/person\/image\/\",\"url\":\"https:\/\/staging.varesenews.it\/wp-content\/uploads\/2020\/12\/logo_VN_colori_500.png\",\"contentUrl\":\"https:\/\/staging.varesenews.it\/wp-content\/uploads\/2020\/12\/logo_VN_colori_500.png\",\"caption\":\"Redazione VareseNews\"},\"url\":\"https:\/\/staging.varesenews.it\/persona\/redazione1\/\"}]}<\/script>\n<!-- \/ Yoast SEO plugin. -->","yoast_head_json":{"title":"Incidente a Pianbosco, cinque feriti","description":"Lo scontro tra le auto nel pomeriggio di domenica. Nessuno sarebbe in gravi condizioni","robots":{"index":"noindex","follow":"follow","max-snippet":"max-snippet:-1","max-image-preview":"max-image-preview:large","max-video-preview":"max-video-preview:-1"},"og_locale":"it_IT","og_type":"article","og_title":"Incidente a Pianbosco, cinque feriti","og_description":"Lo scontro tra le auto nel pomeriggio di domenica. Nessuno sarebbe in gravi condizioni","og_url":"https:\/\/staging.varesenews.it\/2008\/02\/incidente-a-pianbosco-cinque-feriti\/222417\/","og_site_name":"VareseNews","article_publisher":"https:\/\/www.facebook.com\/varesenews","article_published_time":"2008-02-03T00:00:00+00:00","author":"Redazione VareseNews","twitter_card":"summary_large_image","twitter_creator":"@varesenews","twitter_site":"@varesenews","twitter_misc":{"Scritto da":"Redazione VareseNews","Tempo di lettura stimato":"1 minuto"},"schema":{"@context":"https:\/\/schema.org","@graph":[{"@type":"WebPage","@id":"https:\/\/staging.varesenews.it\/2008\/02\/incidente-a-pianbosco-cinque-feriti\/222417\/","url":"https:\/\/staging.varesenews.it\/2008\/02\/incidente-a-pianbosco-cinque-feriti\/222417\/","name":"Incidente a Pianbosco, cinque feriti","isPartOf":{"@id":"https:\/\/staging.varesenews.it\/#website"},"datePublished":"2008-02-03T00:00:00+00:00","dateModified":"2008-02-03T00:00:00+00:00","author":{"@id":"https:\/\/staging.varesenews.it\/#\/schema\/person\/fb20c4da0b7b16c291707a20db73e169"},"description":"Lo scontro tra le auto nel pomeriggio di domenica. Nessuno sarebbe in gravi condizioni","breadcrumb":{"@id":"https:\/\/staging.varesenews.it\/2008\/02\/incidente-a-pianbosco-cinque-feriti\/222417\/#breadcrumb"},"inLanguage":"it-IT","potentialAction":[{"@type":"ReadAction","target":["https:\/\/staging.varesenews.it\/2008\/02\/incidente-a-pianbosco-cinque-feriti\/222417\/"]}]},{"@type":"BreadcrumbList","@id":"https:\/\/staging.varesenews.it\/2008\/02\/incidente-a-pianbosco-cinque-feriti\/222417\/#breadcrumb","itemListElement":[{"@type":"ListItem","position":1,"name":"Home","item":"https:\/\/www.varesenews.it\/"},{"@type":"ListItem","position":2,"name":"Incidente a Pianbosco, cinque feriti"}]},{"@type":"WebSite","@id":"https:\/\/staging.varesenews.it\/#website","url":"https:\/\/staging.varesenews.it\/","name":"VareseNews","description":"","potentialAction":[{"@type":"SearchAction","target":{"@type":"EntryPoint","urlTemplate":"https:\/\/staging.varesenews.it\/?s={search_term_string}"},"query-input":"required name=search_term_string"}],"inLanguage":"it-IT"},{"@type":"Person","@id":"https:\/\/staging.varesenews.it\/#\/schema\/person\/fb20c4da0b7b16c291707a20db73e169","name":"Redazione VareseNews","image":{"@type":"ImageObject","inLanguage":"it-IT","@id":"https:\/\/staging.varesenews.it\/#\/schema\/person\/image\/","url":"https:\/\/staging.varesenews.it\/wp-content\/uploads\/2020\/12\/logo_VN_colori_500.png","contentUrl":"https:\/\/staging.varesenews.it\/wp-content\/uploads\/2020\/12\/logo_VN_colori_500.png","caption":"Redazione VareseNews"},"url":"https:\/\/staging.varesenews.it\/persona\/redazione1\/"}]}},"post_meta":{"id_old":"90751","argomento":"Tradate"},"photos":[],"_links":{"self":[{"href":"https:\/\/staging.varesenews.it\/swgapi\/v1\/wp\/v2\/posts\/222417"}],"collection":[{"href":"https:\/\/staging.varesenews.it\/swgapi\/v1\/wp\/v2\/posts"}],"about":[{"href":"https:\/\/staging.varesenews.it\/swgapi\/v1\/wp\/v2\/types\/post"}],"author":[{"embeddable":true,"href":"https:\/\/staging.varesenews.it\/swgapi\/v1\/wp\/v2\/users\/10"}],"replies":[{"embeddable":true,"href":"https:\/\/staging.varesenews.it\/swgapi\/v1\/wp\/v2\/comments?post=222417"}],"version-history":[{"count":0,"href":"https:\/\/staging.varesenews.it\/swgapi\/v1\/wp\/v2\/posts\/222417\/revisions"}],"wp:attachment":[{"href":"https:\/\/staging.varesenews.it\/swgapi\/v1\/wp\/v2\/media?parent=222417"}],"wp:term":[{"taxonomy":"category","embeddable":true,"href":"https:\/\/staging.varesenews.it\/swgapi\/v1\/wp\/v2\/categories?post=222417"},{"taxonomy":"post_tag","embeddable":true,"href":"https:\/\/staging.varesenews.it\/swgapi\/v1\/wp\/v2\/tags?post=222417"}],"curies":[{"name":"wp","href":"https:\/\/api.w.org\/{rel}","templated":true}]}}