{"id":222446,"date":"2008-02-02T00:00:00","date_gmt":"2008-02-02T00:00:00","guid":{"rendered":""},"modified":"2008-02-02T00:00:00","modified_gmt":"2008-02-02T00:00:00","slug":"borghezio-apre-la-campagna-elettorale-della-lega","status":"publish","type":"post","link":"https:\/\/staging.varesenews.it\/2008\/02\/borghezio-apre-la-campagna-elettorale-della-lega\/222446\/","title":{"rendered":"Borghezio apre la campagna elettorale della Lega"},"content":{"rendered":"<p><span style=\"font-family: arial,helvetica,sans-serif;\">Mario Borghezio tornato ieri venerd\u00ec 1 febbraio in terra varesina per presentare la nuova rivista &quot;Europa dei popoli&quot;, ovvero l&#8217;idea di Europa della Lega Nord. Scenario di questa nuova visita, dopo quella a Luino contro la macellazione islamica, \u00e8 il ristorante Smeraldo di Dumenza, salotto preferito di Piero Chiara. Davanti a tutto lo stato maggiore varesino della Lega capitanato dal segretario Fabio Rizzi,\u00a0 oltre ad alcuni esponenti\u00a0 di Forza Italia\u00a0 del Luinese come il coordinatore cittadino Giuseppe Taldone e Maria Sole De Medio, l&#8217;eurodeputato ha tenuto banco durante la cena offerta dal partito del Carroccio. \u00abSono venuto a dare la carica ai miei &#8211; ha detto Borghezio in un breve faccia a faccia con i giornalisti &#8211; ormai siamo in campagna elettorale e la gente ci incita a prepararci. Condivido la scelta fatta dal mio partito di non parlare con Marini e di andare gi\u00e0 oltre. Vogliamo il voto subito\u00bb. <\/p>\n<p>Della legge elettorale che Calderoli stesso ha definito una porcata, dopo averla scritta e fatta approvare, non vuole sentir parlare perch\u00e8 \u00abtanto vinceremo con ampio margine, non si riproporr\u00e0 una situazione come in questa legislatura. &#8211; dice &#8211; La gente non vuole sentir parlare di legge elettorale quando \u00e8 sommersa dalle tasse e non riesce pi\u00f9 a tirare a fine mese. Questo governo non \u00e8 caduto per colpa della legge elettorale ma per colpa della guerra intercampana scatenata dai rifiuti e da Mastella\u00bb. Poi c&#8217;\u00e8 Malpensa nei pensieri suoi come di tutta la Lega:\u00abQuello che stanno facendo all&#8217;hub pi\u00f9 importante d&#8217;Italia \u00e8 la prova dell&#8217;incapacit\u00e0 di risolvere i problemi di questa maggioranza\u00bb Questa la visione di Borghezio che anticipa nel Luinese la campagna elettorale della Lega, anzi, la apre ufficialmente. <\/span><\/p>\n<div style=\"text-align: left;\">&nbsp;<\/div>\n","protected":false},"excerpt":{"rendered":"<p>L&#8217;eurodeputato ha fatto tappa al ristorante di Piero Chiara per una cena dal sapore elettorale<\/p>\n","protected":false},"author":10,"featured_media":0,"comment_status":"open","ping_status":"open","sticky":false,"template":"","format":"standard","meta":{"footnotes":""},"categories":[2],"tags":[],"acf":[],"yoast_head":"<!-- This site is optimized with the Yoast SEO plugin v20.1 - https:\/\/yoast.com\/wordpress\/plugins\/seo\/ -->\n<title>Borghezio apre la campagna elettorale della Lega<\/title>\n<meta name=\"description\" content=\"L&#039;eurodeputato ha fatto tappa al ristorante di Piero Chiara per una cena dal sapore elettorale\" \/>\n<meta name=\"robots\" content=\"noindex, follow, max-snippet:-1, max-image-preview:large, max-video-preview:-1\" \/>\n<meta property=\"og:locale\" content=\"it_IT\" \/>\n<meta property=\"og:type\" content=\"article\" \/>\n<meta property=\"og:title\" content=\"Borghezio apre la campagna elettorale della Lega\" \/>\n<meta property=\"og:description\" content=\"L&#039;eurodeputato ha fatto tappa al ristorante di Piero Chiara per una cena dal sapore elettorale\" \/>\n<meta property=\"og:url\" content=\"https:\/\/staging.varesenews.it\/2008\/02\/borghezio-apre-la-campagna-elettorale-della-lega\/222446\/\" \/>\n<meta property=\"og:site_name\" content=\"VareseNews\" \/>\n<meta property=\"article:publisher\" content=\"https:\/\/www.facebook.com\/varesenews\" \/>\n<meta property=\"article:published_time\" content=\"2008-02-02T00:00:00+00:00\" \/>\n<meta name=\"author\" content=\"Redazione VareseNews\" \/>\n<meta name=\"twitter:card\" content=\"summary_large_image\" \/>\n<meta name=\"twitter:creator\" content=\"@varesenews\" \/>\n<meta name=\"twitter:site\" content=\"@varesenews\" \/>\n<meta name=\"twitter:label1\" content=\"Scritto da\" \/>\n\t<meta name=\"twitter:data1\" content=\"Redazione VareseNews\" \/>\n\t<meta name=\"twitter:label2\" content=\"Tempo di lettura stimato\" \/>\n\t<meta name=\"twitter:data2\" content=\"1 minuto\" \/>\n<script type=\"application\/ld+json\" class=\"yoast-schema-graph\">{\"@context\":\"https:\/\/schema.org\",\"@graph\":[{\"@type\":\"WebPage\",\"@id\":\"https:\/\/staging.varesenews.it\/2008\/02\/borghezio-apre-la-campagna-elettorale-della-lega\/222446\/\",\"url\":\"https:\/\/staging.varesenews.it\/2008\/02\/borghezio-apre-la-campagna-elettorale-della-lega\/222446\/\",\"name\":\"Borghezio apre la campagna elettorale della Lega\",\"isPartOf\":{\"@id\":\"https:\/\/staging.varesenews.it\/#website\"},\"datePublished\":\"2008-02-02T00:00:00+00:00\",\"dateModified\":\"2008-02-02T00:00:00+00:00\",\"author\":{\"@id\":\"https:\/\/staging.varesenews.it\/#\/schema\/person\/fb20c4da0b7b16c291707a20db73e169\"},\"description\":\"L'eurodeputato ha fatto tappa al ristorante di Piero Chiara per una cena dal sapore elettorale\",\"breadcrumb\":{\"@id\":\"https:\/\/staging.varesenews.it\/2008\/02\/borghezio-apre-la-campagna-elettorale-della-lega\/222446\/#breadcrumb\"},\"inLanguage\":\"it-IT\",\"potentialAction\":[{\"@type\":\"ReadAction\",\"target\":[\"https:\/\/staging.varesenews.it\/2008\/02\/borghezio-apre-la-campagna-elettorale-della-lega\/222446\/\"]}]},{\"@type\":\"BreadcrumbList\",\"@id\":\"https:\/\/staging.varesenews.it\/2008\/02\/borghezio-apre-la-campagna-elettorale-della-lega\/222446\/#breadcrumb\",\"itemListElement\":[{\"@type\":\"ListItem\",\"position\":1,\"name\":\"Home\",\"item\":\"https:\/\/www.varesenews.it\/\"},{\"@type\":\"ListItem\",\"position\":2,\"name\":\"Borghezio apre la campagna elettorale della Lega\"}]},{\"@type\":\"WebSite\",\"@id\":\"https:\/\/staging.varesenews.it\/#website\",\"url\":\"https:\/\/staging.varesenews.it\/\",\"name\":\"VareseNews\",\"description\":\"\",\"potentialAction\":[{\"@type\":\"SearchAction\",\"target\":{\"@type\":\"EntryPoint\",\"urlTemplate\":\"https:\/\/staging.varesenews.it\/?s={search_term_string}\"},\"query-input\":\"required name=search_term_string\"}],\"inLanguage\":\"it-IT\"},{\"@type\":\"Person\",\"@id\":\"https:\/\/staging.varesenews.it\/#\/schema\/person\/fb20c4da0b7b16c291707a20db73e169\",\"name\":\"Redazione VareseNews\",\"image\":{\"@type\":\"ImageObject\",\"inLanguage\":\"it-IT\",\"@id\":\"https:\/\/staging.varesenews.it\/#\/schema\/person\/image\/\",\"url\":\"https:\/\/staging.varesenews.it\/wp-content\/uploads\/2020\/12\/logo_VN_colori_500.png\",\"contentUrl\":\"https:\/\/staging.varesenews.it\/wp-content\/uploads\/2020\/12\/logo_VN_colori_500.png\",\"caption\":\"Redazione VareseNews\"},\"url\":\"https:\/\/staging.varesenews.it\/persona\/redazione1\/\"}]}<\/script>\n<!-- \/ Yoast SEO plugin. -->","yoast_head_json":{"title":"Borghezio apre la campagna elettorale della Lega","description":"L'eurodeputato ha fatto tappa al ristorante di Piero Chiara per una cena dal sapore elettorale","robots":{"index":"noindex","follow":"follow","max-snippet":"max-snippet:-1","max-image-preview":"max-image-preview:large","max-video-preview":"max-video-preview:-1"},"og_locale":"it_IT","og_type":"article","og_title":"Borghezio apre la campagna elettorale della Lega","og_description":"L'eurodeputato ha fatto tappa al ristorante di Piero Chiara per una cena dal sapore elettorale","og_url":"https:\/\/staging.varesenews.it\/2008\/02\/borghezio-apre-la-campagna-elettorale-della-lega\/222446\/","og_site_name":"VareseNews","article_publisher":"https:\/\/www.facebook.com\/varesenews","article_published_time":"2008-02-02T00:00:00+00:00","author":"Redazione VareseNews","twitter_card":"summary_large_image","twitter_creator":"@varesenews","twitter_site":"@varesenews","twitter_misc":{"Scritto da":"Redazione VareseNews","Tempo di lettura stimato":"1 minuto"},"schema":{"@context":"https:\/\/schema.org","@graph":[{"@type":"WebPage","@id":"https:\/\/staging.varesenews.it\/2008\/02\/borghezio-apre-la-campagna-elettorale-della-lega\/222446\/","url":"https:\/\/staging.varesenews.it\/2008\/02\/borghezio-apre-la-campagna-elettorale-della-lega\/222446\/","name":"Borghezio apre la campagna elettorale della Lega","isPartOf":{"@id":"https:\/\/staging.varesenews.it\/#website"},"datePublished":"2008-02-02T00:00:00+00:00","dateModified":"2008-02-02T00:00:00+00:00","author":{"@id":"https:\/\/staging.varesenews.it\/#\/schema\/person\/fb20c4da0b7b16c291707a20db73e169"},"description":"L'eurodeputato ha fatto tappa al ristorante di Piero Chiara per una cena dal sapore elettorale","breadcrumb":{"@id":"https:\/\/staging.varesenews.it\/2008\/02\/borghezio-apre-la-campagna-elettorale-della-lega\/222446\/#breadcrumb"},"inLanguage":"it-IT","potentialAction":[{"@type":"ReadAction","target":["https:\/\/staging.varesenews.it\/2008\/02\/borghezio-apre-la-campagna-elettorale-della-lega\/222446\/"]}]},{"@type":"BreadcrumbList","@id":"https:\/\/staging.varesenews.it\/2008\/02\/borghezio-apre-la-campagna-elettorale-della-lega\/222446\/#breadcrumb","itemListElement":[{"@type":"ListItem","position":1,"name":"Home","item":"https:\/\/www.varesenews.it\/"},{"@type":"ListItem","position":2,"name":"Borghezio apre la campagna elettorale della Lega"}]},{"@type":"WebSite","@id":"https:\/\/staging.varesenews.it\/#website","url":"https:\/\/staging.varesenews.it\/","name":"VareseNews","description":"","potentialAction":[{"@type":"SearchAction","target":{"@type":"EntryPoint","urlTemplate":"https:\/\/staging.varesenews.it\/?s={search_term_string}"},"query-input":"required name=search_term_string"}],"inLanguage":"it-IT"},{"@type":"Person","@id":"https:\/\/staging.varesenews.it\/#\/schema\/person\/fb20c4da0b7b16c291707a20db73e169","name":"Redazione VareseNews","image":{"@type":"ImageObject","inLanguage":"it-IT","@id":"https:\/\/staging.varesenews.it\/#\/schema\/person\/image\/","url":"https:\/\/staging.varesenews.it\/wp-content\/uploads\/2020\/12\/logo_VN_colori_500.png","contentUrl":"https:\/\/staging.varesenews.it\/wp-content\/uploads\/2020\/12\/logo_VN_colori_500.png","caption":"Redazione VareseNews"},"url":"https:\/\/staging.varesenews.it\/persona\/redazione1\/"}]}},"post_meta":{"id_old":"90718","argomento":"Dumenza","autore_old":"o.m."},"photos":[],"_links":{"self":[{"href":"https:\/\/staging.varesenews.it\/swgapi\/v1\/wp\/v2\/posts\/222446"}],"collection":[{"href":"https:\/\/staging.varesenews.it\/swgapi\/v1\/wp\/v2\/posts"}],"about":[{"href":"https:\/\/staging.varesenews.it\/swgapi\/v1\/wp\/v2\/types\/post"}],"author":[{"embeddable":true,"href":"https:\/\/staging.varesenews.it\/swgapi\/v1\/wp\/v2\/users\/10"}],"replies":[{"embeddable":true,"href":"https:\/\/staging.varesenews.it\/swgapi\/v1\/wp\/v2\/comments?post=222446"}],"version-history":[{"count":0,"href":"https:\/\/staging.varesenews.it\/swgapi\/v1\/wp\/v2\/posts\/222446\/revisions"}],"wp:attachment":[{"href":"https:\/\/staging.varesenews.it\/swgapi\/v1\/wp\/v2\/media?parent=222446"}],"wp:term":[{"taxonomy":"category","embeddable":true,"href":"https:\/\/staging.varesenews.it\/swgapi\/v1\/wp\/v2\/categories?post=222446"},{"taxonomy":"post_tag","embeddable":true,"href":"https:\/\/staging.varesenews.it\/swgapi\/v1\/wp\/v2\/tags?post=222446"}],"curies":[{"name":"wp","href":"https:\/\/api.w.org\/{rel}","templated":true}]}}